{"id":257474,"date":"2024-10-30T06:12:43","date_gmt":"2024-10-30T10:12:43","guid":{"rendered":"https:\/\/www.eldiario.net\/portal\/?p=257474"},"modified":"2024-10-30T06:12:43","modified_gmt":"2024-10-30T10:12:43","slug":"presentan-lista-referencial-de-horneaje-para-festividad","status":"publish","type":"post","link":"https:\/\/www.eldiario.net\/portal\/2024\/10\/30\/presentan-lista-referencial-de-horneaje-para-festividad\/","title":{"rendered":"Presentan lista referencial de horneaje para festividad"},"content":{"rendered":"<p>La Alcald\u00eda de La Paz en coordinaci\u00f3n con la Federaci\u00f3n de Panificadores de La Paz y Provincias present\u00f3 la lista oficial de precios del horneaje de masitas para la festividad de Todos Santos. Se acord\u00f3 que el quintal de harina es de Bs 220, en tanto que la lata de pan tiene un costo de Bs 8.<br \/>\nLa presidenta de la Federaci\u00f3n de Panificadores de La Paz y Provincias, Mar\u00eda Isabel Limachi, detall\u00f3 que el costo de horneaje por una libra de bizcochuelo es Bs 60; adem\u00e1s la lata de galletas, pan, maicillos, suspiros y otras masitas es Bs 8 y de salte\u00f1as y humintas Bs 10.<br \/>\nResalt\u00f3 que esta lista de precios se acord\u00f3 entre la Federaci\u00f3n de Panificadores y la Unidad de Derechos de Defensa del Consumidor.<br \/>\nEntretanto, la secretaria Municipal de Desarrollo Econ\u00f3mico, Sandra Solis, enfatiz\u00f3 que iniciaron controles a los hornos para que expongan esta lista de precios y as\u00ed no haya otros cobros.<br \/>\nFERIA<br \/>\nLa tradicional feria de las masitas de Todos Santos, con la tem\u00e1tica \u201clas voces de la naturaleza\u201d, se inaugur\u00f3 este martes en la plaza Alonso de Mendoza y se desarrollar\u00e1 hasta el pr\u00f3ximo 2 de noviembre.<br \/>\nLa presidenta de la Asociaci\u00f3n Nicol\u00e1s de Tolentino, Lourdes V\u00e1squez, apunt\u00f3 que este a\u00f1o la feria celebra su 24\u00b0 aniversario y que las caseras ofrecen variedad de galletas en sabores como almendra, chocolate, frutilla, nuez, coco, chispas de chocolate y aros de canela; adem\u00e1s de empanadas, canelones, panecillos, bizcochuelos, tant\u2019a wawas, coronas, escaleras y caballos, entre otra variedad de masas.<br \/>\n\u201cEstamos aqu\u00ed desde las siete de la ma\u00f1ana hasta las 10 u 11 de la noche, dependiendo de lo que pida la gente. Los precios se mantienen igual que el a\u00f1o pasado, a pesar de que los insumos han subido. Queremos que todos puedan disfrutar de nuestros productos sin que eso sea una carga\u201d, sostuvo la dirigente.<\/p>\n","protected":false},"excerpt":{"rendered":"<p>La Alcald\u00eda de La Paz en coordinaci\u00f3n con la Federaci\u00f3n de Panificadores de La Paz y Provincias present\u00f3 la lista oficial de precios del horneaje de masitas para la festividad de Todos Santos. Se acord\u00f3 que el quintal de harina es de Bs 220, en tanto que la lata de pan tiene un costo de [&hellip;]<\/p>\n","protected":false},"author":1,"featured_media":257475,"comment_status":"closed","ping_status":"open","sticky":false,"template":"","format":"standard","meta":{"_acf_changed":false,"footnotes":""},"categories":[12],"tags":[],"class_list":["post-257474","post","type-post","status-publish","format-standard","has-post-thumbnail","category-nacional"],"acf":{"antetitulo":""},"yoast_head":"<!-- This site is optimized with the Yoast SEO plugin v28.4 - https:\/\/yoast.com\/product\/yoast-seo-wordpress\/ -->\n<title>Presentan lista referencial de horneaje para festividad - El Diario - Bolivia<\/title>\n<meta name=\"robots\" content=\"index, follow, max-snippet:-1, max-image-preview:large, max-video-preview:-1\" \/>\n<link rel=\"canonical\" href=\"https:\/\/www.eldiario.net\/portal\/2024\/10\/30\/presentan-lista-referencial-de-horneaje-para-festividad\/\" \/>\n<meta property=\"og:locale\" content=\"es_ES\" \/>\n<meta property=\"og:type\" content=\"article\" \/>\n<meta property=\"og:title\" content=\"Presentan lista referencial de horneaje para festividad - El Diario - Bolivia\" \/>\n<meta property=\"og:description\" content=\"La Alcald\u00eda de La Paz en coordinaci\u00f3n con la Federaci\u00f3n de Panificadores de La Paz y Provincias present\u00f3 la lista oficial de precios del horneaje de masitas para la festividad de Todos Santos. Se acord\u00f3 que el quintal de harina es de Bs 220, en tanto que la lata de pan tiene un costo de [&hellip;]\" \/>\n<meta property=\"og:url\" content=\"https:\/\/www.eldiario.net\/portal\/2024\/10\/30\/presentan-lista-referencial-de-horneaje-para-festividad\/\" \/>\n<meta property=\"og:site_name\" content=\"El Diario - Bolivia\" \/>\n<meta property=\"article:publisher\" content=\"https:\/\/www.facebook.com\/eldiario.bolivia\/\" \/>\n<meta property=\"article:published_time\" content=\"2024-10-30T10:12:43+00:00\" \/>\n<meta property=\"og:image\" content=\"https:\/\/www.eldiario.net\/portal\/wp-content\/uploads\/2024\/10\/F-2-horneaje.jpg\" \/>\n\t<meta property=\"og:image:width\" content=\"1280\" \/>\n\t<meta property=\"og:image:height\" content=\"853\" \/>\n\t<meta property=\"og:image:type\" content=\"image\/jpeg\" \/>\n<meta name=\"author\" content=\"Jeanette\" \/>\n<meta name=\"twitter:card\" content=\"summary_large_image\" \/>\n<meta name=\"twitter:creator\" content=\"@eldiario_net\" \/>\n<meta name=\"twitter:site\" content=\"@eldiario_net\" \/>\n<meta name=\"twitter:label1\" content=\"Escrito por\" \/>\n\t<meta name=\"twitter:data1\" content=\"Jeanette\" \/>\n\t<meta name=\"twitter:label2\" content=\"Tiempo de lectura\" \/>\n\t<meta name=\"twitter:data2\" content=\"2 minutos\" \/>\n<script type=\"application\/ld+json\" class=\"yoast-schema-graph\">{\"@context\":\"https:\\\/\\\/schema.org\",\"@graph\":[{\"@type\":\"Article\",\"@id\":\"https:\\\/\\\/www.eldiario.net\\\/portal\\\/2024\\\/10\\\/30\\\/presentan-lista-referencial-de-horneaje-para-festividad\\\/#article\",\"isPartOf\":{\"@id\":\"https:\\\/\\\/www.eldiario.net\\\/portal\\\/2024\\\/10\\\/30\\\/presentan-lista-referencial-de-horneaje-para-festividad\\\/\"},\"author\":{\"name\":\"Jeanette\",\"@id\":\"https:\\\/\\\/www.eldiario.net\\\/portal\\\/#\\\/schema\\\/person\\\/f46445640444750d7d753ccd04ae01b7\"},\"headline\":\"Presentan lista referencial de horneaje para festividad\",\"datePublished\":\"2024-10-30T10:12:43+00:00\",\"mainEntityOfPage\":{\"@id\":\"https:\\\/\\\/www.eldiario.net\\\/portal\\\/2024\\\/10\\\/30\\\/presentan-lista-referencial-de-horneaje-para-festividad\\\/\"},\"wordCount\":329,\"publisher\":{\"@id\":\"https:\\\/\\\/www.eldiario.net\\\/portal\\\/#organization\"},\"image\":{\"@id\":\"https:\\\/\\\/www.eldiario.net\\\/portal\\\/2024\\\/10\\\/30\\\/presentan-lista-referencial-de-horneaje-para-festividad\\\/#primaryimage\"},\"thumbnailUrl\":\"https:\\\/\\\/www.eldiario.net\\\/portal\\\/wp-content\\\/uploads\\\/2024\\\/10\\\/F-2-horneaje.jpg\",\"articleSection\":[\"Nacional\"],\"inLanguage\":\"es\"},{\"@type\":\"WebPage\",\"@id\":\"https:\\\/\\\/www.eldiario.net\\\/portal\\\/2024\\\/10\\\/30\\\/presentan-lista-referencial-de-horneaje-para-festividad\\\/\",\"url\":\"https:\\\/\\\/www.eldiario.net\\\/portal\\\/2024\\\/10\\\/30\\\/presentan-lista-referencial-de-horneaje-para-festividad\\\/\",\"name\":\"Presentan lista referencial de horneaje para festividad - El Diario - Bolivia\",\"isPartOf\":{\"@id\":\"https:\\\/\\\/www.eldiario.net\\\/portal\\\/#website\"},\"primaryImageOfPage\":{\"@id\":\"https:\\\/\\\/www.eldiario.net\\\/portal\\\/2024\\\/10\\\/30\\\/presentan-lista-referencial-de-horneaje-para-festividad\\\/#primaryimage\"},\"image\":{\"@id\":\"https:\\\/\\\/www.eldiario.net\\\/portal\\\/2024\\\/10\\\/30\\\/presentan-lista-referencial-de-horneaje-para-festividad\\\/#primaryimage\"},\"thumbnailUrl\":\"https:\\\/\\\/www.eldiario.net\\\/portal\\\/wp-content\\\/uploads\\\/2024\\\/10\\\/F-2-horneaje.jpg\",\"datePublished\":\"2024-10-30T10:12:43+00:00\",\"breadcrumb\":{\"@id\":\"https:\\\/\\\/www.eldiario.net\\\/portal\\\/2024\\\/10\\\/30\\\/presentan-lista-referencial-de-horneaje-para-festividad\\\/#breadcrumb\"},\"inLanguage\":\"es\",\"potentialAction\":[{\"@type\":\"ReadAction\",\"target\":[\"https:\\\/\\\/www.eldiario.net\\\/portal\\\/2024\\\/10\\\/30\\\/presentan-lista-referencial-de-horneaje-para-festividad\\\/\"]}]},{\"@type\":\"ImageObject\",\"inLanguage\":\"es\",\"@id\":\"https:\\\/\\\/www.eldiario.net\\\/portal\\\/2024\\\/10\\\/30\\\/presentan-lista-referencial-de-horneaje-para-festividad\\\/#primaryimage\",\"url\":\"https:\\\/\\\/www.eldiario.net\\\/portal\\\/wp-content\\\/uploads\\\/2024\\\/10\\\/F-2-horneaje.jpg\",\"contentUrl\":\"https:\\\/\\\/www.eldiario.net\\\/portal\\\/wp-content\\\/uploads\\\/2024\\\/10\\\/F-2-horneaje.jpg\",\"width\":1280,\"height\":853,\"caption\":\"Panificadores muestran la lista.\"},{\"@type\":\"BreadcrumbList\",\"@id\":\"https:\\\/\\\/www.eldiario.net\\\/portal\\\/2024\\\/10\\\/30\\\/presentan-lista-referencial-de-horneaje-para-festividad\\\/#breadcrumb\",\"itemListElement\":[{\"@type\":\"ListItem\",\"position\":1,\"name\":\"Portada\",\"item\":\"https:\\\/\\\/www.eldiario.net\\\/portal\\\/\"},{\"@type\":\"ListItem\",\"position\":2,\"name\":\"Presentan lista referencial de horneaje para festividad\"}]},{\"@type\":\"WebSite\",\"@id\":\"https:\\\/\\\/www.eldiario.net\\\/portal\\\/#website\",\"url\":\"https:\\\/\\\/www.eldiario.net\\\/portal\\\/\",\"name\":\"El Diario - Decano de la prensa nacional\",\"description\":\"El Diario - Decano de la prensa nacional\",\"publisher\":{\"@id\":\"https:\\\/\\\/www.eldiario.net\\\/portal\\\/#organization\"},\"potentialAction\":[{\"@type\":\"SearchAction\",\"target\":{\"@type\":\"EntryPoint\",\"urlTemplate\":\"https:\\\/\\\/www.eldiario.net\\\/portal\\\/?s={search_term_string}\"},\"query-input\":{\"@type\":\"PropertyValueSpecification\",\"valueRequired\":true,\"valueName\":\"search_term_string\"}}],\"inLanguage\":\"es\"},{\"@type\":\"Organization\",\"@id\":\"https:\\\/\\\/www.eldiario.net\\\/portal\\\/#organization\",\"name\":\"El Diario - Decano de la prensa nacional\",\"url\":\"https:\\\/\\\/www.eldiario.net\\\/portal\\\/\",\"logo\":{\"@type\":\"ImageObject\",\"inLanguage\":\"es\",\"@id\":\"https:\\\/\\\/www.eldiario.net\\\/portal\\\/#\\\/schema\\\/logo\\\/image\\\/\",\"url\":\"https:\\\/\\\/www.eldiario.net\\\/portal\\\/wp-content\\\/uploads\\\/2023\\\/07\\\/logo_ED.jpg\",\"contentUrl\":\"https:\\\/\\\/www.eldiario.net\\\/portal\\\/wp-content\\\/uploads\\\/2023\\\/07\\\/logo_ED.jpg\",\"width\":272,\"height\":52,\"caption\":\"El Diario - Decano de la prensa nacional\"},\"image\":{\"@id\":\"https:\\\/\\\/www.eldiario.net\\\/portal\\\/#\\\/schema\\\/logo\\\/image\\\/\"},\"sameAs\":[\"https:\\\/\\\/www.facebook.com\\\/eldiario.bolivia\\\/\",\"https:\\\/\\\/x.com\\\/eldiario_net\"]},{\"@type\":\"Person\",\"@id\":\"https:\\\/\\\/www.eldiario.net\\\/portal\\\/#\\\/schema\\\/person\\\/f46445640444750d7d753ccd04ae01b7\",\"name\":\"Jeanette\",\"image\":{\"@type\":\"ImageObject\",\"inLanguage\":\"es\",\"@id\":\"https:\\\/\\\/secure.gravatar.com\\\/avatar\\\/3ea2118a5f7dad2b7138b1187a6b7ee55f160b9968b66013c3a3ef39dd7e5798?s=96&d=mm&r=g\",\"url\":\"https:\\\/\\\/secure.gravatar.com\\\/avatar\\\/3ea2118a5f7dad2b7138b1187a6b7ee55f160b9968b66013c3a3ef39dd7e5798?s=96&d=mm&r=g\",\"contentUrl\":\"https:\\\/\\\/secure.gravatar.com\\\/avatar\\\/3ea2118a5f7dad2b7138b1187a6b7ee55f160b9968b66013c3a3ef39dd7e5798?s=96&d=mm&r=g\",\"caption\":\"Jeanette\"},\"sameAs\":[\"https:\\\/\\\/www.eldiario.net\\\/portal\"],\"url\":\"https:\\\/\\\/www.eldiario.net\\\/portal\\\/author\\\/jeanette\\\/\"}]}<\/script>\n<!-- \/ Yoast SEO plugin. -->","yoast_head_json":{"title":"Presentan lista referencial de horneaje para festividad - El Diario - Bolivia","robots":{"index":"index","follow":"follow","max-snippet":"max-snippet:-1","max-image-preview":"max-image-preview:large","max-video-preview":"max-video-preview:-1"},"canonical":"https:\/\/www.eldiario.net\/portal\/2024\/10\/30\/presentan-lista-referencial-de-horneaje-para-festividad\/","og_locale":"es_ES","og_type":"article","og_title":"Presentan lista referencial de horneaje para festividad - El Diario - Bolivia","og_description":"La Alcald\u00eda de La Paz en coordinaci\u00f3n con la Federaci\u00f3n de Panificadores de La Paz y Provincias present\u00f3 la lista oficial de precios del horneaje de masitas para la festividad de Todos Santos. Se acord\u00f3 que el quintal de harina es de Bs 220, en tanto que la lata de pan tiene un costo de [&hellip;]","og_url":"https:\/\/www.eldiario.net\/portal\/2024\/10\/30\/presentan-lista-referencial-de-horneaje-para-festividad\/","og_site_name":"El Diario - Bolivia","article_publisher":"https:\/\/www.facebook.com\/eldiario.bolivia\/","article_published_time":"2024-10-30T10:12:43+00:00","og_image":[{"width":1280,"height":853,"url":"https:\/\/www.eldiario.net\/portal\/wp-content\/uploads\/2024\/10\/F-2-horneaje.jpg","type":"image\/jpeg"}],"author":"Jeanette","twitter_card":"summary_large_image","twitter_creator":"@eldiario_net","twitter_site":"@eldiario_net","twitter_misc":{"Escrito por":"Jeanette","Tiempo de lectura":"2 minutos"},"schema":{"@context":"https:\/\/schema.org","@graph":[{"@type":"Article","@id":"https:\/\/www.eldiario.net\/portal\/2024\/10\/30\/presentan-lista-referencial-de-horneaje-para-festividad\/#article","isPartOf":{"@id":"https:\/\/www.eldiario.net\/portal\/2024\/10\/30\/presentan-lista-referencial-de-horneaje-para-festividad\/"},"author":{"name":"Jeanette","@id":"https:\/\/www.eldiario.net\/portal\/#\/schema\/person\/f46445640444750d7d753ccd04ae01b7"},"headline":"Presentan lista referencial de horneaje para festividad","datePublished":"2024-10-30T10:12:43+00:00","mainEntityOfPage":{"@id":"https:\/\/www.eldiario.net\/portal\/2024\/10\/30\/presentan-lista-referencial-de-horneaje-para-festividad\/"},"wordCount":329,"publisher":{"@id":"https:\/\/www.eldiario.net\/portal\/#organization"},"image":{"@id":"https:\/\/www.eldiario.net\/portal\/2024\/10\/30\/presentan-lista-referencial-de-horneaje-para-festividad\/#primaryimage"},"thumbnailUrl":"https:\/\/www.eldiario.net\/portal\/wp-content\/uploads\/2024\/10\/F-2-horneaje.jpg","articleSection":["Nacional"],"inLanguage":"es"},{"@type":"WebPage","@id":"https:\/\/www.eldiario.net\/portal\/2024\/10\/30\/presentan-lista-referencial-de-horneaje-para-festividad\/","url":"https:\/\/www.eldiario.net\/portal\/2024\/10\/30\/presentan-lista-referencial-de-horneaje-para-festividad\/","name":"Presentan lista referencial de horneaje para festividad - El Diario - Bolivia","isPartOf":{"@id":"https:\/\/www.eldiario.net\/portal\/#website"},"primaryImageOfPage":{"@id":"https:\/\/www.eldiario.net\/portal\/2024\/10\/30\/presentan-lista-referencial-de-horneaje-para-festividad\/#primaryimage"},"image":{"@id":"https:\/\/www.eldiario.net\/portal\/2024\/10\/30\/presentan-lista-referencial-de-horneaje-para-festividad\/#primaryimage"},"thumbnailUrl":"https:\/\/www.eldiario.net\/portal\/wp-content\/uploads\/2024\/10\/F-2-horneaje.jpg","datePublished":"2024-10-30T10:12:43+00:00","breadcrumb":{"@id":"https:\/\/www.eldiario.net\/portal\/2024\/10\/30\/presentan-lista-referencial-de-horneaje-para-festividad\/#breadcrumb"},"inLanguage":"es","potentialAction":[{"@type":"ReadAction","target":["https:\/\/www.eldiario.net\/portal\/2024\/10\/30\/presentan-lista-referencial-de-horneaje-para-festividad\/"]}]},{"@type":"ImageObject","inLanguage":"es","@id":"https:\/\/www.eldiario.net\/portal\/2024\/10\/30\/presentan-lista-referencial-de-horneaje-para-festividad\/#primaryimage","url":"https:\/\/www.eldiario.net\/portal\/wp-content\/uploads\/2024\/10\/F-2-horneaje.jpg","contentUrl":"https:\/\/www.eldiario.net\/portal\/wp-content\/uploads\/2024\/10\/F-2-horneaje.jpg","width":1280,"height":853,"caption":"Panificadores muestran la lista."},{"@type":"BreadcrumbList","@id":"https:\/\/www.eldiario.net\/portal\/2024\/10\/30\/presentan-lista-referencial-de-horneaje-para-festividad\/#breadcrumb","itemListElement":[{"@type":"ListItem","position":1,"name":"Portada","item":"https:\/\/www.eldiario.net\/portal\/"},{"@type":"ListItem","position":2,"name":"Presentan lista referencial de horneaje para festividad"}]},{"@type":"WebSite","@id":"https:\/\/www.eldiario.net\/portal\/#website","url":"https:\/\/www.eldiario.net\/portal\/","name":"El Diario - Decano de la prensa nacional","description":"El Diario - Decano de la prensa nacional","publisher":{"@id":"https:\/\/www.eldiario.net\/portal\/#organization"},"potentialAction":[{"@type":"SearchAction","target":{"@type":"EntryPoint","urlTemplate":"https:\/\/www.eldiario.net\/portal\/?s={search_term_string}"},"query-input":{"@type":"PropertyValueSpecification","valueRequired":true,"valueName":"search_term_string"}}],"inLanguage":"es"},{"@type":"Organization","@id":"https:\/\/www.eldiario.net\/portal\/#organization","name":"El Diario - Decano de la prensa nacional","url":"https:\/\/www.eldiario.net\/portal\/","logo":{"@type":"ImageObject","inLanguage":"es","@id":"https:\/\/www.eldiario.net\/portal\/#\/schema\/logo\/image\/","url":"https:\/\/www.eldiario.net\/portal\/wp-content\/uploads\/2023\/07\/logo_ED.jpg","contentUrl":"https:\/\/www.eldiario.net\/portal\/wp-content\/uploads\/2023\/07\/logo_ED.jpg","width":272,"height":52,"caption":"El Diario - Decano de la prensa nacional"},"image":{"@id":"https:\/\/www.eldiario.net\/portal\/#\/schema\/logo\/image\/"},"sameAs":["https:\/\/www.facebook.com\/eldiario.bolivia\/","https:\/\/x.com\/eldiario_net"]},{"@type":"Person","@id":"https:\/\/www.eldiario.net\/portal\/#\/schema\/person\/f46445640444750d7d753ccd04ae01b7","name":"Jeanette","image":{"@type":"ImageObject","inLanguage":"es","@id":"https:\/\/secure.gravatar.com\/avatar\/3ea2118a5f7dad2b7138b1187a6b7ee55f160b9968b66013c3a3ef39dd7e5798?s=96&d=mm&r=g","url":"https:\/\/secure.gravatar.com\/avatar\/3ea2118a5f7dad2b7138b1187a6b7ee55f160b9968b66013c3a3ef39dd7e5798?s=96&d=mm&r=g","contentUrl":"https:\/\/secure.gravatar.com\/avatar\/3ea2118a5f7dad2b7138b1187a6b7ee55f160b9968b66013c3a3ef39dd7e5798?s=96&d=mm&r=g","caption":"Jeanette"},"sameAs":["https:\/\/www.eldiario.net\/portal"],"url":"https:\/\/www.eldiario.net\/portal\/author\/jeanette\/"}]}},"_links":{"self":[{"href":"https:\/\/www.eldiario.net\/portal\/wp-json\/wp\/v2\/posts\/257474","targetHints":{"allow":["GET"]}}],"collection":[{"href":"https:\/\/www.eldiario.net\/portal\/wp-json\/wp\/v2\/posts"}],"about":[{"href":"https:\/\/www.eldiario.net\/portal\/wp-json\/wp\/v2\/types\/post"}],"author":[{"embeddable":true,"href":"https:\/\/www.eldiario.net\/portal\/wp-json\/wp\/v2\/users\/1"}],"replies":[{"embeddable":true,"href":"https:\/\/www.eldiario.net\/portal\/wp-json\/wp\/v2\/comments?post=257474"}],"version-history":[{"count":1,"href":"https:\/\/www.eldiario.net\/portal\/wp-json\/wp\/v2\/posts\/257474\/revisions"}],"predecessor-version":[{"id":257476,"href":"https:\/\/www.eldiario.net\/portal\/wp-json\/wp\/v2\/posts\/257474\/revisions\/257476"}],"wp:featuredmedia":[{"embeddable":true,"href":"https:\/\/www.eldiario.net\/portal\/wp-json\/wp\/v2\/media\/257475"}],"wp:attachment":[{"href":"https:\/\/www.eldiario.net\/portal\/wp-json\/wp\/v2\/media?parent=257474"}],"wp:term":[{"taxonomy":"category","embeddable":true,"href":"https:\/\/www.eldiario.net\/portal\/wp-json\/wp\/v2\/categories?post=257474"},{"taxonomy":"post_tag","embeddable":true,"href":"https:\/\/www.eldiario.net\/portal\/wp-json\/wp\/v2\/tags?post=257474"}],"curies":[{"name":"wp","href":"https:\/\/api.w.org\/{rel}","templated":true}]}}