{"id":257471,"date":"2024-10-30T06:11:42","date_gmt":"2024-10-30T10:11:42","guid":{"rendered":"https:\/\/www.eldiario.net\/portal\/?p=257471"},"modified":"2024-10-30T06:11:42","modified_gmt":"2024-10-30T10:11:42","slug":"corea-del-sur-denuncia-cooperacion-militar-ilegal-entre-pyongyang-y-moscu","status":"publish","type":"post","link":"https:\/\/www.eldiario.net\/portal\/2024\/10\/30\/corea-del-sur-denuncia-cooperacion-militar-ilegal-entre-pyongyang-y-moscu\/","title":{"rendered":"Corea del Sur denuncia cooperaci\u00f3n militar ilegal entre Pyongyang y Mosc\u00fa"},"content":{"rendered":"<p>El presidente surcoreano, Yoon Suk-yeol, denunci\u00f3 ayer la \u201ccooperaci\u00f3n militar ilegal\u201d entre Pyongyang y Mosc\u00fa despu\u00e9s de conocerse en los \u00faltimos d\u00edas que Corea del Norte despleg\u00f3 tropas en Rusia, hecho que calific\u00f3 de \u201camenaza importante\u201d para la seguridad del pa\u00eds que encabeza y para el resto del mundo.<br \/>\n\u201cEsta cooperaci\u00f3n militar ilegal entre Rusia y Corea del Norte es una amenaza importante para la seguridad de la comunidad internacional y tambi\u00e9n podr\u00eda suponer un grave riesgo para nuestra seguridad nacional\u201d, afirm\u00f3 Yoon durante una reuni\u00f3n del Gabinete.<br \/>\nSus declaraciones llegan un d\u00eda despu\u00e9s de que la ministra de Asuntos Exteriores de Corea del Norte, Choe Son-hui, partiera rumbo a Rusia para una visita oficial, seg\u00fan informaci\u00f3n publicada ayer por la agencia de noticias estatal norcoreana KCNA, que no ofreci\u00f3 detalles sobre el motivo del viaje, aunque se cree que podr\u00eda servir de antesala de una eventual visita del l\u00edder norcoreano, Kim Jong-un.<br \/>\n\u201cDebemos evaluar a fondo todas las posibilidades y preparar contramedidas. Insto a todos a que participen en la gesti\u00f3n de riesgos con un mayor sentido de vigilancia\u201d, asever\u00f3 Yoon en relaci\u00f3n con el despliegue en Rusia de tropas norcoreanas.<br \/>\n\u201cASOCIACI\u00d3N<br \/>\nESTRAT\u00c9GICA INTEGRAL\u201d<br \/>\nEl secretario general de la OTAN, Mark Rutte, recibi\u00f3 una sesi\u00f3n informativa de una delegaci\u00f3n surcoreana el lunes y confirm\u00f3 que los soldados norcoreanos hab\u00edan llegado a la regi\u00f3n rusa de Kursk, cerca de la frontera con Ucrania.<br \/>\nEl mismo d\u00eda, Yoon advirti\u00f3 a la presidenta de la Comisi\u00f3n Europea, Ursula von der Leyen, en una llamada telef\u00f3nica, que las tropas podr\u00edan trasladarse al frente de guerra antes de lo esperado.<br \/>\nEl presidente ruso, Vladimir Putin, no neg\u00f3 ni confirm\u00f3 el despliegue, pero se\u00f1al\u00f3 que su Gobierno se toma en serio el tratado de \u201casociaci\u00f3n estrat\u00e9gica integral\u201d con Pyongyang, firmado en junio y ratificado por los legisladores rusos la semana pasada, que incluye disposiciones de defensa mutua. (Dw)<\/p>\n","protected":false},"excerpt":{"rendered":"<p>El presidente surcoreano, Yoon Suk-yeol, denunci\u00f3 ayer la \u201ccooperaci\u00f3n militar ilegal\u201d entre Pyongyang y Mosc\u00fa despu\u00e9s de conocerse en los \u00faltimos d\u00edas que Corea del Norte despleg\u00f3 tropas en Rusia, hecho que calific\u00f3 de \u201camenaza importante\u201d para la seguridad del pa\u00eds que encabeza y para el resto del mundo. \u201cEsta cooperaci\u00f3n militar ilegal entre Rusia [&hellip;]<\/p>\n","protected":false},"author":1,"featured_media":257472,"comment_status":"closed","ping_status":"open","sticky":false,"template":"","format":"standard","meta":{"_acf_changed":false,"footnotes":""},"categories":[3],"tags":[],"class_list":["post-257471","post","type-post","status-publish","format-standard","has-post-thumbnail","category-internacional"],"acf":{"antetitulo":"En guerra de Ucrania"},"yoast_head":"<!-- This site is optimized with the Yoast SEO plugin v28.4 - https:\/\/yoast.com\/product\/yoast-seo-wordpress\/ -->\n<title>Corea del Sur denuncia cooperaci\u00f3n militar ilegal entre Pyongyang y Mosc\u00fa - El Diario - Bolivia<\/title>\n<meta name=\"robots\" content=\"index, follow, max-snippet:-1, max-image-preview:large, max-video-preview:-1\" \/>\n<link rel=\"canonical\" href=\"https:\/\/www.eldiario.net\/portal\/2024\/10\/30\/corea-del-sur-denuncia-cooperacion-militar-ilegal-entre-pyongyang-y-moscu\/\" \/>\n<meta property=\"og:locale\" content=\"es_ES\" \/>\n<meta property=\"og:type\" content=\"article\" \/>\n<meta property=\"og:title\" content=\"Corea del Sur denuncia cooperaci\u00f3n militar ilegal entre Pyongyang y Mosc\u00fa - El Diario - Bolivia\" \/>\n<meta property=\"og:description\" content=\"El presidente surcoreano, Yoon Suk-yeol, denunci\u00f3 ayer la \u201ccooperaci\u00f3n militar ilegal\u201d entre Pyongyang y Mosc\u00fa despu\u00e9s de conocerse en los \u00faltimos d\u00edas que Corea del Norte despleg\u00f3 tropas en Rusia, hecho que calific\u00f3 de \u201camenaza importante\u201d para la seguridad del pa\u00eds que encabeza y para el resto del mundo. \u201cEsta cooperaci\u00f3n militar ilegal entre Rusia [&hellip;]\" \/>\n<meta property=\"og:url\" content=\"https:\/\/www.eldiario.net\/portal\/2024\/10\/30\/corea-del-sur-denuncia-cooperacion-militar-ilegal-entre-pyongyang-y-moscu\/\" \/>\n<meta property=\"og:site_name\" content=\"El Diario - Bolivia\" \/>\n<meta property=\"article:publisher\" content=\"https:\/\/www.facebook.com\/eldiario.bolivia\/\" \/>\n<meta property=\"article:published_time\" content=\"2024-10-30T10:11:42+00:00\" \/>\n<meta property=\"og:image\" content=\"https:\/\/www.eldiario.net\/portal\/wp-content\/uploads\/2024\/10\/MOSCU-NTR-Zacatecas.jpeg\" \/>\n\t<meta property=\"og:image:width\" content=\"768\" \/>\n\t<meta property=\"og:image:height\" content=\"432\" \/>\n\t<meta property=\"og:image:type\" content=\"image\/jpeg\" \/>\n<meta name=\"author\" content=\"Jeanette\" \/>\n<meta name=\"twitter:card\" content=\"summary_large_image\" \/>\n<meta name=\"twitter:creator\" content=\"@eldiario_net\" \/>\n<meta name=\"twitter:site\" content=\"@eldiario_net\" \/>\n<meta name=\"twitter:label1\" content=\"Escrito por\" \/>\n\t<meta name=\"twitter:data1\" content=\"Jeanette\" \/>\n\t<meta name=\"twitter:label2\" content=\"Tiempo de lectura\" \/>\n\t<meta name=\"twitter:data2\" content=\"2 minutos\" \/>\n<script type=\"application\/ld+json\" class=\"yoast-schema-graph\">{\"@context\":\"https:\\\/\\\/schema.org\",\"@graph\":[{\"@type\":\"Article\",\"@id\":\"https:\\\/\\\/www.eldiario.net\\\/portal\\\/2024\\\/10\\\/30\\\/corea-del-sur-denuncia-cooperacion-militar-ilegal-entre-pyongyang-y-moscu\\\/#article\",\"isPartOf\":{\"@id\":\"https:\\\/\\\/www.eldiario.net\\\/portal\\\/2024\\\/10\\\/30\\\/corea-del-sur-denuncia-cooperacion-militar-ilegal-entre-pyongyang-y-moscu\\\/\"},\"author\":{\"name\":\"Jeanette\",\"@id\":\"https:\\\/\\\/www.eldiario.net\\\/portal\\\/#\\\/schema\\\/person\\\/f46445640444750d7d753ccd04ae01b7\"},\"headline\":\"Corea del Sur denuncia cooperaci\u00f3n militar ilegal entre Pyongyang y Mosc\u00fa\",\"datePublished\":\"2024-10-30T10:11:42+00:00\",\"mainEntityOfPage\":{\"@id\":\"https:\\\/\\\/www.eldiario.net\\\/portal\\\/2024\\\/10\\\/30\\\/corea-del-sur-denuncia-cooperacion-militar-ilegal-entre-pyongyang-y-moscu\\\/\"},\"wordCount\":354,\"publisher\":{\"@id\":\"https:\\\/\\\/www.eldiario.net\\\/portal\\\/#organization\"},\"image\":{\"@id\":\"https:\\\/\\\/www.eldiario.net\\\/portal\\\/2024\\\/10\\\/30\\\/corea-del-sur-denuncia-cooperacion-militar-ilegal-entre-pyongyang-y-moscu\\\/#primaryimage\"},\"thumbnailUrl\":\"https:\\\/\\\/www.eldiario.net\\\/portal\\\/wp-content\\\/uploads\\\/2024\\\/10\\\/MOSCU-NTR-Zacatecas.jpeg\",\"articleSection\":[\"Internacional\"],\"inLanguage\":\"es\"},{\"@type\":\"WebPage\",\"@id\":\"https:\\\/\\\/www.eldiario.net\\\/portal\\\/2024\\\/10\\\/30\\\/corea-del-sur-denuncia-cooperacion-militar-ilegal-entre-pyongyang-y-moscu\\\/\",\"url\":\"https:\\\/\\\/www.eldiario.net\\\/portal\\\/2024\\\/10\\\/30\\\/corea-del-sur-denuncia-cooperacion-militar-ilegal-entre-pyongyang-y-moscu\\\/\",\"name\":\"Corea del Sur denuncia cooperaci\u00f3n militar ilegal entre Pyongyang y Mosc\u00fa - El Diario - Bolivia\",\"isPartOf\":{\"@id\":\"https:\\\/\\\/www.eldiario.net\\\/portal\\\/#website\"},\"primaryImageOfPage\":{\"@id\":\"https:\\\/\\\/www.eldiario.net\\\/portal\\\/2024\\\/10\\\/30\\\/corea-del-sur-denuncia-cooperacion-militar-ilegal-entre-pyongyang-y-moscu\\\/#primaryimage\"},\"image\":{\"@id\":\"https:\\\/\\\/www.eldiario.net\\\/portal\\\/2024\\\/10\\\/30\\\/corea-del-sur-denuncia-cooperacion-militar-ilegal-entre-pyongyang-y-moscu\\\/#primaryimage\"},\"thumbnailUrl\":\"https:\\\/\\\/www.eldiario.net\\\/portal\\\/wp-content\\\/uploads\\\/2024\\\/10\\\/MOSCU-NTR-Zacatecas.jpeg\",\"datePublished\":\"2024-10-30T10:11:42+00:00\",\"breadcrumb\":{\"@id\":\"https:\\\/\\\/www.eldiario.net\\\/portal\\\/2024\\\/10\\\/30\\\/corea-del-sur-denuncia-cooperacion-militar-ilegal-entre-pyongyang-y-moscu\\\/#breadcrumb\"},\"inLanguage\":\"es\",\"potentialAction\":[{\"@type\":\"ReadAction\",\"target\":[\"https:\\\/\\\/www.eldiario.net\\\/portal\\\/2024\\\/10\\\/30\\\/corea-del-sur-denuncia-cooperacion-militar-ilegal-entre-pyongyang-y-moscu\\\/\"]}]},{\"@type\":\"ImageObject\",\"inLanguage\":\"es\",\"@id\":\"https:\\\/\\\/www.eldiario.net\\\/portal\\\/2024\\\/10\\\/30\\\/corea-del-sur-denuncia-cooperacion-militar-ilegal-entre-pyongyang-y-moscu\\\/#primaryimage\",\"url\":\"https:\\\/\\\/www.eldiario.net\\\/portal\\\/wp-content\\\/uploads\\\/2024\\\/10\\\/MOSCU-NTR-Zacatecas.jpeg\",\"contentUrl\":\"https:\\\/\\\/www.eldiario.net\\\/portal\\\/wp-content\\\/uploads\\\/2024\\\/10\\\/MOSCU-NTR-Zacatecas.jpeg\",\"width\":768,\"height\":432},{\"@type\":\"BreadcrumbList\",\"@id\":\"https:\\\/\\\/www.eldiario.net\\\/portal\\\/2024\\\/10\\\/30\\\/corea-del-sur-denuncia-cooperacion-militar-ilegal-entre-pyongyang-y-moscu\\\/#breadcrumb\",\"itemListElement\":[{\"@type\":\"ListItem\",\"position\":1,\"name\":\"Portada\",\"item\":\"https:\\\/\\\/www.eldiario.net\\\/portal\\\/\"},{\"@type\":\"ListItem\",\"position\":2,\"name\":\"Corea del Sur denuncia cooperaci\u00f3n militar ilegal entre Pyongyang y Mosc\u00fa\"}]},{\"@type\":\"WebSite\",\"@id\":\"https:\\\/\\\/www.eldiario.net\\\/portal\\\/#website\",\"url\":\"https:\\\/\\\/www.eldiario.net\\\/portal\\\/\",\"name\":\"El Diario - Decano de la prensa nacional\",\"description\":\"El Diario - Decano de la prensa nacional\",\"publisher\":{\"@id\":\"https:\\\/\\\/www.eldiario.net\\\/portal\\\/#organization\"},\"potentialAction\":[{\"@type\":\"SearchAction\",\"target\":{\"@type\":\"EntryPoint\",\"urlTemplate\":\"https:\\\/\\\/www.eldiario.net\\\/portal\\\/?s={search_term_string}\"},\"query-input\":{\"@type\":\"PropertyValueSpecification\",\"valueRequired\":true,\"valueName\":\"search_term_string\"}}],\"inLanguage\":\"es\"},{\"@type\":\"Organization\",\"@id\":\"https:\\\/\\\/www.eldiario.net\\\/portal\\\/#organization\",\"name\":\"El Diario - Decano de la prensa nacional\",\"url\":\"https:\\\/\\\/www.eldiario.net\\\/portal\\\/\",\"logo\":{\"@type\":\"ImageObject\",\"inLanguage\":\"es\",\"@id\":\"https:\\\/\\\/www.eldiario.net\\\/portal\\\/#\\\/schema\\\/logo\\\/image\\\/\",\"url\":\"https:\\\/\\\/www.eldiario.net\\\/portal\\\/wp-content\\\/uploads\\\/2023\\\/07\\\/logo_ED.jpg\",\"contentUrl\":\"https:\\\/\\\/www.eldiario.net\\\/portal\\\/wp-content\\\/uploads\\\/2023\\\/07\\\/logo_ED.jpg\",\"width\":272,\"height\":52,\"caption\":\"El Diario - Decano de la prensa nacional\"},\"image\":{\"@id\":\"https:\\\/\\\/www.eldiario.net\\\/portal\\\/#\\\/schema\\\/logo\\\/image\\\/\"},\"sameAs\":[\"https:\\\/\\\/www.facebook.com\\\/eldiario.bolivia\\\/\",\"https:\\\/\\\/x.com\\\/eldiario_net\"]},{\"@type\":\"Person\",\"@id\":\"https:\\\/\\\/www.eldiario.net\\\/portal\\\/#\\\/schema\\\/person\\\/f46445640444750d7d753ccd04ae01b7\",\"name\":\"Jeanette\",\"image\":{\"@type\":\"ImageObject\",\"inLanguage\":\"es\",\"@id\":\"https:\\\/\\\/secure.gravatar.com\\\/avatar\\\/3ea2118a5f7dad2b7138b1187a6b7ee55f160b9968b66013c3a3ef39dd7e5798?s=96&d=mm&r=g\",\"url\":\"https:\\\/\\\/secure.gravatar.com\\\/avatar\\\/3ea2118a5f7dad2b7138b1187a6b7ee55f160b9968b66013c3a3ef39dd7e5798?s=96&d=mm&r=g\",\"contentUrl\":\"https:\\\/\\\/secure.gravatar.com\\\/avatar\\\/3ea2118a5f7dad2b7138b1187a6b7ee55f160b9968b66013c3a3ef39dd7e5798?s=96&d=mm&r=g\",\"caption\":\"Jeanette\"},\"sameAs\":[\"https:\\\/\\\/www.eldiario.net\\\/portal\"],\"url\":\"https:\\\/\\\/www.eldiario.net\\\/portal\\\/author\\\/jeanette\\\/\"}]}<\/script>\n<!-- \/ Yoast SEO plugin. -->","yoast_head_json":{"title":"Corea del Sur denuncia cooperaci\u00f3n militar ilegal entre Pyongyang y Mosc\u00fa - El Diario - Bolivia","robots":{"index":"index","follow":"follow","max-snippet":"max-snippet:-1","max-image-preview":"max-image-preview:large","max-video-preview":"max-video-preview:-1"},"canonical":"https:\/\/www.eldiario.net\/portal\/2024\/10\/30\/corea-del-sur-denuncia-cooperacion-militar-ilegal-entre-pyongyang-y-moscu\/","og_locale":"es_ES","og_type":"article","og_title":"Corea del Sur denuncia cooperaci\u00f3n militar ilegal entre Pyongyang y Mosc\u00fa - El Diario - Bolivia","og_description":"El presidente surcoreano, Yoon Suk-yeol, denunci\u00f3 ayer la \u201ccooperaci\u00f3n militar ilegal\u201d entre Pyongyang y Mosc\u00fa despu\u00e9s de conocerse en los \u00faltimos d\u00edas que Corea del Norte despleg\u00f3 tropas en Rusia, hecho que calific\u00f3 de \u201camenaza importante\u201d para la seguridad del pa\u00eds que encabeza y para el resto del mundo. \u201cEsta cooperaci\u00f3n militar ilegal entre Rusia [&hellip;]","og_url":"https:\/\/www.eldiario.net\/portal\/2024\/10\/30\/corea-del-sur-denuncia-cooperacion-militar-ilegal-entre-pyongyang-y-moscu\/","og_site_name":"El Diario - Bolivia","article_publisher":"https:\/\/www.facebook.com\/eldiario.bolivia\/","article_published_time":"2024-10-30T10:11:42+00:00","og_image":[{"width":768,"height":432,"url":"https:\/\/www.eldiario.net\/portal\/wp-content\/uploads\/2024\/10\/MOSCU-NTR-Zacatecas.jpeg","type":"image\/jpeg"}],"author":"Jeanette","twitter_card":"summary_large_image","twitter_creator":"@eldiario_net","twitter_site":"@eldiario_net","twitter_misc":{"Escrito por":"Jeanette","Tiempo de lectura":"2 minutos"},"schema":{"@context":"https:\/\/schema.org","@graph":[{"@type":"Article","@id":"https:\/\/www.eldiario.net\/portal\/2024\/10\/30\/corea-del-sur-denuncia-cooperacion-militar-ilegal-entre-pyongyang-y-moscu\/#article","isPartOf":{"@id":"https:\/\/www.eldiario.net\/portal\/2024\/10\/30\/corea-del-sur-denuncia-cooperacion-militar-ilegal-entre-pyongyang-y-moscu\/"},"author":{"name":"Jeanette","@id":"https:\/\/www.eldiario.net\/portal\/#\/schema\/person\/f46445640444750d7d753ccd04ae01b7"},"headline":"Corea del Sur denuncia cooperaci\u00f3n militar ilegal entre Pyongyang y Mosc\u00fa","datePublished":"2024-10-30T10:11:42+00:00","mainEntityOfPage":{"@id":"https:\/\/www.eldiario.net\/portal\/2024\/10\/30\/corea-del-sur-denuncia-cooperacion-militar-ilegal-entre-pyongyang-y-moscu\/"},"wordCount":354,"publisher":{"@id":"https:\/\/www.eldiario.net\/portal\/#organization"},"image":{"@id":"https:\/\/www.eldiario.net\/portal\/2024\/10\/30\/corea-del-sur-denuncia-cooperacion-militar-ilegal-entre-pyongyang-y-moscu\/#primaryimage"},"thumbnailUrl":"https:\/\/www.eldiario.net\/portal\/wp-content\/uploads\/2024\/10\/MOSCU-NTR-Zacatecas.jpeg","articleSection":["Internacional"],"inLanguage":"es"},{"@type":"WebPage","@id":"https:\/\/www.eldiario.net\/portal\/2024\/10\/30\/corea-del-sur-denuncia-cooperacion-militar-ilegal-entre-pyongyang-y-moscu\/","url":"https:\/\/www.eldiario.net\/portal\/2024\/10\/30\/corea-del-sur-denuncia-cooperacion-militar-ilegal-entre-pyongyang-y-moscu\/","name":"Corea del Sur denuncia cooperaci\u00f3n militar ilegal entre Pyongyang y Mosc\u00fa - El Diario - Bolivia","isPartOf":{"@id":"https:\/\/www.eldiario.net\/portal\/#website"},"primaryImageOfPage":{"@id":"https:\/\/www.eldiario.net\/portal\/2024\/10\/30\/corea-del-sur-denuncia-cooperacion-militar-ilegal-entre-pyongyang-y-moscu\/#primaryimage"},"image":{"@id":"https:\/\/www.eldiario.net\/portal\/2024\/10\/30\/corea-del-sur-denuncia-cooperacion-militar-ilegal-entre-pyongyang-y-moscu\/#primaryimage"},"thumbnailUrl":"https:\/\/www.eldiario.net\/portal\/wp-content\/uploads\/2024\/10\/MOSCU-NTR-Zacatecas.jpeg","datePublished":"2024-10-30T10:11:42+00:00","breadcrumb":{"@id":"https:\/\/www.eldiario.net\/portal\/2024\/10\/30\/corea-del-sur-denuncia-cooperacion-militar-ilegal-entre-pyongyang-y-moscu\/#breadcrumb"},"inLanguage":"es","potentialAction":[{"@type":"ReadAction","target":["https:\/\/www.eldiario.net\/portal\/2024\/10\/30\/corea-del-sur-denuncia-cooperacion-militar-ilegal-entre-pyongyang-y-moscu\/"]}]},{"@type":"ImageObject","inLanguage":"es","@id":"https:\/\/www.eldiario.net\/portal\/2024\/10\/30\/corea-del-sur-denuncia-cooperacion-militar-ilegal-entre-pyongyang-y-moscu\/#primaryimage","url":"https:\/\/www.eldiario.net\/portal\/wp-content\/uploads\/2024\/10\/MOSCU-NTR-Zacatecas.jpeg","contentUrl":"https:\/\/www.eldiario.net\/portal\/wp-content\/uploads\/2024\/10\/MOSCU-NTR-Zacatecas.jpeg","width":768,"height":432},{"@type":"BreadcrumbList","@id":"https:\/\/www.eldiario.net\/portal\/2024\/10\/30\/corea-del-sur-denuncia-cooperacion-militar-ilegal-entre-pyongyang-y-moscu\/#breadcrumb","itemListElement":[{"@type":"ListItem","position":1,"name":"Portada","item":"https:\/\/www.eldiario.net\/portal\/"},{"@type":"ListItem","position":2,"name":"Corea del Sur denuncia cooperaci\u00f3n militar ilegal entre Pyongyang y Mosc\u00fa"}]},{"@type":"WebSite","@id":"https:\/\/www.eldiario.net\/portal\/#website","url":"https:\/\/www.eldiario.net\/portal\/","name":"El Diario - Decano de la prensa nacional","description":"El Diario - Decano de la prensa nacional","publisher":{"@id":"https:\/\/www.eldiario.net\/portal\/#organization"},"potentialAction":[{"@type":"SearchAction","target":{"@type":"EntryPoint","urlTemplate":"https:\/\/www.eldiario.net\/portal\/?s={search_term_string}"},"query-input":{"@type":"PropertyValueSpecification","valueRequired":true,"valueName":"search_term_string"}}],"inLanguage":"es"},{"@type":"Organization","@id":"https:\/\/www.eldiario.net\/portal\/#organization","name":"El Diario - Decano de la prensa nacional","url":"https:\/\/www.eldiario.net\/portal\/","logo":{"@type":"ImageObject","inLanguage":"es","@id":"https:\/\/www.eldiario.net\/portal\/#\/schema\/logo\/image\/","url":"https:\/\/www.eldiario.net\/portal\/wp-content\/uploads\/2023\/07\/logo_ED.jpg","contentUrl":"https:\/\/www.eldiario.net\/portal\/wp-content\/uploads\/2023\/07\/logo_ED.jpg","width":272,"height":52,"caption":"El Diario - Decano de la prensa nacional"},"image":{"@id":"https:\/\/www.eldiario.net\/portal\/#\/schema\/logo\/image\/"},"sameAs":["https:\/\/www.facebook.com\/eldiario.bolivia\/","https:\/\/x.com\/eldiario_net"]},{"@type":"Person","@id":"https:\/\/www.eldiario.net\/portal\/#\/schema\/person\/f46445640444750d7d753ccd04ae01b7","name":"Jeanette","image":{"@type":"ImageObject","inLanguage":"es","@id":"https:\/\/secure.gravatar.com\/avatar\/3ea2118a5f7dad2b7138b1187a6b7ee55f160b9968b66013c3a3ef39dd7e5798?s=96&d=mm&r=g","url":"https:\/\/secure.gravatar.com\/avatar\/3ea2118a5f7dad2b7138b1187a6b7ee55f160b9968b66013c3a3ef39dd7e5798?s=96&d=mm&r=g","contentUrl":"https:\/\/secure.gravatar.com\/avatar\/3ea2118a5f7dad2b7138b1187a6b7ee55f160b9968b66013c3a3ef39dd7e5798?s=96&d=mm&r=g","caption":"Jeanette"},"sameAs":["https:\/\/www.eldiario.net\/portal"],"url":"https:\/\/www.eldiario.net\/portal\/author\/jeanette\/"}]}},"_links":{"self":[{"href":"https:\/\/www.eldiario.net\/portal\/wp-json\/wp\/v2\/posts\/257471","targetHints":{"allow":["GET"]}}],"collection":[{"href":"https:\/\/www.eldiario.net\/portal\/wp-json\/wp\/v2\/posts"}],"about":[{"href":"https:\/\/www.eldiario.net\/portal\/wp-json\/wp\/v2\/types\/post"}],"author":[{"embeddable":true,"href":"https:\/\/www.eldiario.net\/portal\/wp-json\/wp\/v2\/users\/1"}],"replies":[{"embeddable":true,"href":"https:\/\/www.eldiario.net\/portal\/wp-json\/wp\/v2\/comments?post=257471"}],"version-history":[{"count":1,"href":"https:\/\/www.eldiario.net\/portal\/wp-json\/wp\/v2\/posts\/257471\/revisions"}],"predecessor-version":[{"id":257473,"href":"https:\/\/www.eldiario.net\/portal\/wp-json\/wp\/v2\/posts\/257471\/revisions\/257473"}],"wp:featuredmedia":[{"embeddable":true,"href":"https:\/\/www.eldiario.net\/portal\/wp-json\/wp\/v2\/media\/257472"}],"wp:attachment":[{"href":"https:\/\/www.eldiario.net\/portal\/wp-json\/wp\/v2\/media?parent=257471"}],"wp:term":[{"taxonomy":"category","embeddable":true,"href":"https:\/\/www.eldiario.net\/portal\/wp-json\/wp\/v2\/categories?post=257471"},{"taxonomy":"post_tag","embeddable":true,"href":"https:\/\/www.eldiario.net\/portal\/wp-json\/wp\/v2\/tags?post=257471"}],"curies":[{"name":"wp","href":"https:\/\/api.w.org\/{rel}","templated":true}]}}