{"id":25747,"date":"2021-08-26T03:59:46","date_gmt":"2021-08-26T07:59:46","guid":{"rendered":"https:\/\/www.eldiario.net\/portal\/?p=25747"},"modified":"2021-08-26T03:59:46","modified_gmt":"2021-08-26T07:59:46","slug":"inicia-trabajo-de-comisiones-para-preservar-el-cerro-rico-de-potosi","status":"publish","type":"post","link":"https:\/\/www.eldiario.net\/portal\/2021\/08\/26\/inicia-trabajo-de-comisiones-para-preservar-el-cerro-rico-de-potosi\/","title":{"rendered":"Inicia trabajo de comisiones para preservar el Cerro Rico de Potos\u00ed"},"content":{"rendered":"<p>En el trabajo en comisiones para preservar el Cerro Rico de Potos\u00ed, que dio inicio en las \u00faltimas horas, la Universidad Aut\u00f3noma Tom\u00e1s Fr\u00edas (UATF) propuso un estudio de mec\u00e1nica de rocas y un relleno con pasta para frenar el alto deterioro del yacimiento minero que ostenta el t\u00edtulo de patrimonio de la humanidad.<\/p>\n<p>El gerente la Corporaci\u00f3n Minera de Bolivia (Comibol), Edgar Quintanilla, inform\u00f3 que luego de un trabajo de reconocimiento del problema, la comisi\u00f3n que debe definir nuevas \u00e1reas de trabajo para las cooperativas mineras en el Cerro Rico de Potos\u00ed, resolvi\u00f3 un cuarto intermedio de dos semanas para ver los temas de yacimientos y el aspecto social.<\/p>\n<p>Se\u00f1al\u00f3 que en la \u00faltima jornada se procedi\u00f3 a la conformaci\u00f3n de dos mesas de trabajo que comenzaron su labor con tareas espec\u00edficas, con miras a la preservaci\u00f3n del Cerro Rico de Potos\u00ed, que la anterior semana registr\u00f3 un nuevo desplome en su c\u00faspide.<\/p>\n<p>Entretanto el presidente del Comit\u00e9 C\u00edvico Potosinista (Comcipo), Juan Carlos Manuel, inform\u00f3 que uno de los temas en los que todos est\u00e1n de acuerdo es la necesidad de realizar un estudio integral del yacimiento.<\/p>\n<p>\u201cSe habla de un estudio externo con drones, un trabajo de mec\u00e1nica de rocas, una tomograf\u00eda integral y otros para conocer exactamente el estado de la monta\u00f1a\u201d, dijo.<\/p>\n<p>Se tema que el cerro est\u00e9 como un panal de abeja, con huecos por todo lado, por lo cual se tiene que definir el estado real de ese sitio que no solo es yacimiento sino tambi\u00e9n patrimonio de la humanidad.<\/p>\n","protected":false},"excerpt":{"rendered":"<p>En el trabajo en comisiones para preservar el Cerro Rico de Potos\u00ed, que dio inicio en las \u00faltimas horas, la Universidad Aut\u00f3noma Tom\u00e1s Fr\u00edas (UATF) propuso un estudio de mec\u00e1nica de rocas y un relleno con pasta para frenar el alto deterioro del yacimiento minero que ostenta el t\u00edtulo de patrimonio de la humanidad. El [&hellip;]<\/p>\n","protected":false},"author":1,"featured_media":25748,"comment_status":"closed","ping_status":"closed","sticky":false,"template":"","format":"standard","meta":{"_acf_changed":false,"footnotes":""},"categories":[12],"tags":[],"class_list":["post-25747","post","type-post","status-publish","format-standard","has-post-thumbnail","category-nacional"],"acf":{"antetitulo":""},"yoast_head":"<!-- This site is optimized with the Yoast SEO plugin v28.4 - https:\/\/yoast.com\/product\/yoast-seo-wordpress\/ -->\n<title>Inicia trabajo de comisiones para preservar el Cerro Rico de Potos\u00ed - El Diario - Bolivia<\/title>\n<meta name=\"robots\" content=\"index, follow, max-snippet:-1, max-image-preview:large, max-video-preview:-1\" \/>\n<link rel=\"canonical\" href=\"https:\/\/www.eldiario.net\/portal\/2021\/08\/26\/inicia-trabajo-de-comisiones-para-preservar-el-cerro-rico-de-potosi\/\" \/>\n<meta property=\"og:locale\" content=\"es_ES\" \/>\n<meta property=\"og:type\" content=\"article\" \/>\n<meta property=\"og:title\" content=\"Inicia trabajo de comisiones para preservar el Cerro Rico de Potos\u00ed - El Diario - Bolivia\" \/>\n<meta property=\"og:description\" content=\"En el trabajo en comisiones para preservar el Cerro Rico de Potos\u00ed, que dio inicio en las \u00faltimas horas, la Universidad Aut\u00f3noma Tom\u00e1s Fr\u00edas (UATF) propuso un estudio de mec\u00e1nica de rocas y un relleno con pasta para frenar el alto deterioro del yacimiento minero que ostenta el t\u00edtulo de patrimonio de la humanidad. El [&hellip;]\" \/>\n<meta property=\"og:url\" content=\"https:\/\/www.eldiario.net\/portal\/2021\/08\/26\/inicia-trabajo-de-comisiones-para-preservar-el-cerro-rico-de-potosi\/\" \/>\n<meta property=\"og:site_name\" content=\"El Diario - Bolivia\" \/>\n<meta property=\"article:publisher\" content=\"https:\/\/www.facebook.com\/eldiario.bolivia\/\" \/>\n<meta property=\"article:published_time\" content=\"2021-08-26T07:59:46+00:00\" \/>\n<meta name=\"author\" content=\"Jeanette\" \/>\n<meta name=\"twitter:card\" content=\"summary_large_image\" \/>\n<meta name=\"twitter:creator\" content=\"@eldiario_net\" \/>\n<meta name=\"twitter:site\" content=\"@eldiario_net\" \/>\n<meta name=\"twitter:label1\" content=\"Escrito por\" \/>\n\t<meta name=\"twitter:data1\" content=\"Jeanette\" \/>\n\t<meta name=\"twitter:label2\" content=\"Tiempo de lectura\" \/>\n\t<meta name=\"twitter:data2\" content=\"2 minutos\" \/>\n<script type=\"application\/ld+json\" class=\"yoast-schema-graph\">{\"@context\":\"https:\\\/\\\/schema.org\",\"@graph\":[{\"@type\":\"Article\",\"@id\":\"https:\\\/\\\/www.eldiario.net\\\/portal\\\/2021\\\/08\\\/26\\\/inicia-trabajo-de-comisiones-para-preservar-el-cerro-rico-de-potosi\\\/#article\",\"isPartOf\":{\"@id\":\"https:\\\/\\\/www.eldiario.net\\\/portal\\\/2021\\\/08\\\/26\\\/inicia-trabajo-de-comisiones-para-preservar-el-cerro-rico-de-potosi\\\/\"},\"author\":{\"name\":\"Jeanette\",\"@id\":\"https:\\\/\\\/www.eldiario.net\\\/portal\\\/#\\\/schema\\\/person\\\/f46445640444750d7d753ccd04ae01b7\"},\"headline\":\"Inicia trabajo de comisiones para preservar el Cerro Rico de Potos\u00ed\",\"datePublished\":\"2021-08-26T07:59:46+00:00\",\"mainEntityOfPage\":{\"@id\":\"https:\\\/\\\/www.eldiario.net\\\/portal\\\/2021\\\/08\\\/26\\\/inicia-trabajo-de-comisiones-para-preservar-el-cerro-rico-de-potosi\\\/\"},\"wordCount\":285,\"publisher\":{\"@id\":\"https:\\\/\\\/www.eldiario.net\\\/portal\\\/#organization\"},\"image\":{\"@id\":\"https:\\\/\\\/www.eldiario.net\\\/portal\\\/2021\\\/08\\\/26\\\/inicia-trabajo-de-comisiones-para-preservar-el-cerro-rico-de-potosi\\\/#primaryimage\"},\"thumbnailUrl\":\"\",\"articleSection\":[\"Nacional\"],\"inLanguage\":\"es\"},{\"@type\":\"WebPage\",\"@id\":\"https:\\\/\\\/www.eldiario.net\\\/portal\\\/2021\\\/08\\\/26\\\/inicia-trabajo-de-comisiones-para-preservar-el-cerro-rico-de-potosi\\\/\",\"url\":\"https:\\\/\\\/www.eldiario.net\\\/portal\\\/2021\\\/08\\\/26\\\/inicia-trabajo-de-comisiones-para-preservar-el-cerro-rico-de-potosi\\\/\",\"name\":\"Inicia trabajo de comisiones para preservar el Cerro Rico de Potos\u00ed - El Diario - Bolivia\",\"isPartOf\":{\"@id\":\"https:\\\/\\\/www.eldiario.net\\\/portal\\\/#website\"},\"primaryImageOfPage\":{\"@id\":\"https:\\\/\\\/www.eldiario.net\\\/portal\\\/2021\\\/08\\\/26\\\/inicia-trabajo-de-comisiones-para-preservar-el-cerro-rico-de-potosi\\\/#primaryimage\"},\"image\":{\"@id\":\"https:\\\/\\\/www.eldiario.net\\\/portal\\\/2021\\\/08\\\/26\\\/inicia-trabajo-de-comisiones-para-preservar-el-cerro-rico-de-potosi\\\/#primaryimage\"},\"thumbnailUrl\":\"\",\"datePublished\":\"2021-08-26T07:59:46+00:00\",\"breadcrumb\":{\"@id\":\"https:\\\/\\\/www.eldiario.net\\\/portal\\\/2021\\\/08\\\/26\\\/inicia-trabajo-de-comisiones-para-preservar-el-cerro-rico-de-potosi\\\/#breadcrumb\"},\"inLanguage\":\"es\",\"potentialAction\":[{\"@type\":\"ReadAction\",\"target\":[\"https:\\\/\\\/www.eldiario.net\\\/portal\\\/2021\\\/08\\\/26\\\/inicia-trabajo-de-comisiones-para-preservar-el-cerro-rico-de-potosi\\\/\"]}]},{\"@type\":\"ImageObject\",\"inLanguage\":\"es\",\"@id\":\"https:\\\/\\\/www.eldiario.net\\\/portal\\\/2021\\\/08\\\/26\\\/inicia-trabajo-de-comisiones-para-preservar-el-cerro-rico-de-potosi\\\/#primaryimage\",\"url\":\"\",\"contentUrl\":\"\"},{\"@type\":\"BreadcrumbList\",\"@id\":\"https:\\\/\\\/www.eldiario.net\\\/portal\\\/2021\\\/08\\\/26\\\/inicia-trabajo-de-comisiones-para-preservar-el-cerro-rico-de-potosi\\\/#breadcrumb\",\"itemListElement\":[{\"@type\":\"ListItem\",\"position\":1,\"name\":\"Portada\",\"item\":\"https:\\\/\\\/www.eldiario.net\\\/portal\\\/\"},{\"@type\":\"ListItem\",\"position\":2,\"name\":\"Inicia trabajo de comisiones para preservar el Cerro Rico de Potos\u00ed\"}]},{\"@type\":\"WebSite\",\"@id\":\"https:\\\/\\\/www.eldiario.net\\\/portal\\\/#website\",\"url\":\"https:\\\/\\\/www.eldiario.net\\\/portal\\\/\",\"name\":\"El Diario - Decano de la prensa nacional\",\"description\":\"El Diario - Decano de la prensa nacional\",\"publisher\":{\"@id\":\"https:\\\/\\\/www.eldiario.net\\\/portal\\\/#organization\"},\"potentialAction\":[{\"@type\":\"SearchAction\",\"target\":{\"@type\":\"EntryPoint\",\"urlTemplate\":\"https:\\\/\\\/www.eldiario.net\\\/portal\\\/?s={search_term_string}\"},\"query-input\":{\"@type\":\"PropertyValueSpecification\",\"valueRequired\":true,\"valueName\":\"search_term_string\"}}],\"inLanguage\":\"es\"},{\"@type\":\"Organization\",\"@id\":\"https:\\\/\\\/www.eldiario.net\\\/portal\\\/#organization\",\"name\":\"El Diario - Decano de la prensa nacional\",\"url\":\"https:\\\/\\\/www.eldiario.net\\\/portal\\\/\",\"logo\":{\"@type\":\"ImageObject\",\"inLanguage\":\"es\",\"@id\":\"https:\\\/\\\/www.eldiario.net\\\/portal\\\/#\\\/schema\\\/logo\\\/image\\\/\",\"url\":\"https:\\\/\\\/www.eldiario.net\\\/portal\\\/wp-content\\\/uploads\\\/2023\\\/07\\\/logo_ED.jpg\",\"contentUrl\":\"https:\\\/\\\/www.eldiario.net\\\/portal\\\/wp-content\\\/uploads\\\/2023\\\/07\\\/logo_ED.jpg\",\"width\":272,\"height\":52,\"caption\":\"El Diario - Decano de la prensa nacional\"},\"image\":{\"@id\":\"https:\\\/\\\/www.eldiario.net\\\/portal\\\/#\\\/schema\\\/logo\\\/image\\\/\"},\"sameAs\":[\"https:\\\/\\\/www.facebook.com\\\/eldiario.bolivia\\\/\",\"https:\\\/\\\/x.com\\\/eldiario_net\"]},{\"@type\":\"Person\",\"@id\":\"https:\\\/\\\/www.eldiario.net\\\/portal\\\/#\\\/schema\\\/person\\\/f46445640444750d7d753ccd04ae01b7\",\"name\":\"Jeanette\",\"image\":{\"@type\":\"ImageObject\",\"inLanguage\":\"es\",\"@id\":\"https:\\\/\\\/secure.gravatar.com\\\/avatar\\\/3ea2118a5f7dad2b7138b1187a6b7ee55f160b9968b66013c3a3ef39dd7e5798?s=96&d=mm&r=g\",\"url\":\"https:\\\/\\\/secure.gravatar.com\\\/avatar\\\/3ea2118a5f7dad2b7138b1187a6b7ee55f160b9968b66013c3a3ef39dd7e5798?s=96&d=mm&r=g\",\"contentUrl\":\"https:\\\/\\\/secure.gravatar.com\\\/avatar\\\/3ea2118a5f7dad2b7138b1187a6b7ee55f160b9968b66013c3a3ef39dd7e5798?s=96&d=mm&r=g\",\"caption\":\"Jeanette\"},\"sameAs\":[\"https:\\\/\\\/www.eldiario.net\\\/portal\"],\"url\":\"https:\\\/\\\/www.eldiario.net\\\/portal\\\/author\\\/jeanette\\\/\"}]}<\/script>\n<!-- \/ Yoast SEO plugin. -->","yoast_head_json":{"title":"Inicia trabajo de comisiones para preservar el Cerro Rico de Potos\u00ed - El Diario - Bolivia","robots":{"index":"index","follow":"follow","max-snippet":"max-snippet:-1","max-image-preview":"max-image-preview:large","max-video-preview":"max-video-preview:-1"},"canonical":"https:\/\/www.eldiario.net\/portal\/2021\/08\/26\/inicia-trabajo-de-comisiones-para-preservar-el-cerro-rico-de-potosi\/","og_locale":"es_ES","og_type":"article","og_title":"Inicia trabajo de comisiones para preservar el Cerro Rico de Potos\u00ed - El Diario - Bolivia","og_description":"En el trabajo en comisiones para preservar el Cerro Rico de Potos\u00ed, que dio inicio en las \u00faltimas horas, la Universidad Aut\u00f3noma Tom\u00e1s Fr\u00edas (UATF) propuso un estudio de mec\u00e1nica de rocas y un relleno con pasta para frenar el alto deterioro del yacimiento minero que ostenta el t\u00edtulo de patrimonio de la humanidad. El [&hellip;]","og_url":"https:\/\/www.eldiario.net\/portal\/2021\/08\/26\/inicia-trabajo-de-comisiones-para-preservar-el-cerro-rico-de-potosi\/","og_site_name":"El Diario - Bolivia","article_publisher":"https:\/\/www.facebook.com\/eldiario.bolivia\/","article_published_time":"2021-08-26T07:59:46+00:00","author":"Jeanette","twitter_card":"summary_large_image","twitter_creator":"@eldiario_net","twitter_site":"@eldiario_net","twitter_misc":{"Escrito por":"Jeanette","Tiempo de lectura":"2 minutos"},"schema":{"@context":"https:\/\/schema.org","@graph":[{"@type":"Article","@id":"https:\/\/www.eldiario.net\/portal\/2021\/08\/26\/inicia-trabajo-de-comisiones-para-preservar-el-cerro-rico-de-potosi\/#article","isPartOf":{"@id":"https:\/\/www.eldiario.net\/portal\/2021\/08\/26\/inicia-trabajo-de-comisiones-para-preservar-el-cerro-rico-de-potosi\/"},"author":{"name":"Jeanette","@id":"https:\/\/www.eldiario.net\/portal\/#\/schema\/person\/f46445640444750d7d753ccd04ae01b7"},"headline":"Inicia trabajo de comisiones para preservar el Cerro Rico de Potos\u00ed","datePublished":"2021-08-26T07:59:46+00:00","mainEntityOfPage":{"@id":"https:\/\/www.eldiario.net\/portal\/2021\/08\/26\/inicia-trabajo-de-comisiones-para-preservar-el-cerro-rico-de-potosi\/"},"wordCount":285,"publisher":{"@id":"https:\/\/www.eldiario.net\/portal\/#organization"},"image":{"@id":"https:\/\/www.eldiario.net\/portal\/2021\/08\/26\/inicia-trabajo-de-comisiones-para-preservar-el-cerro-rico-de-potosi\/#primaryimage"},"thumbnailUrl":"","articleSection":["Nacional"],"inLanguage":"es"},{"@type":"WebPage","@id":"https:\/\/www.eldiario.net\/portal\/2021\/08\/26\/inicia-trabajo-de-comisiones-para-preservar-el-cerro-rico-de-potosi\/","url":"https:\/\/www.eldiario.net\/portal\/2021\/08\/26\/inicia-trabajo-de-comisiones-para-preservar-el-cerro-rico-de-potosi\/","name":"Inicia trabajo de comisiones para preservar el Cerro Rico de Potos\u00ed - El Diario - Bolivia","isPartOf":{"@id":"https:\/\/www.eldiario.net\/portal\/#website"},"primaryImageOfPage":{"@id":"https:\/\/www.eldiario.net\/portal\/2021\/08\/26\/inicia-trabajo-de-comisiones-para-preservar-el-cerro-rico-de-potosi\/#primaryimage"},"image":{"@id":"https:\/\/www.eldiario.net\/portal\/2021\/08\/26\/inicia-trabajo-de-comisiones-para-preservar-el-cerro-rico-de-potosi\/#primaryimage"},"thumbnailUrl":"","datePublished":"2021-08-26T07:59:46+00:00","breadcrumb":{"@id":"https:\/\/www.eldiario.net\/portal\/2021\/08\/26\/inicia-trabajo-de-comisiones-para-preservar-el-cerro-rico-de-potosi\/#breadcrumb"},"inLanguage":"es","potentialAction":[{"@type":"ReadAction","target":["https:\/\/www.eldiario.net\/portal\/2021\/08\/26\/inicia-trabajo-de-comisiones-para-preservar-el-cerro-rico-de-potosi\/"]}]},{"@type":"ImageObject","inLanguage":"es","@id":"https:\/\/www.eldiario.net\/portal\/2021\/08\/26\/inicia-trabajo-de-comisiones-para-preservar-el-cerro-rico-de-potosi\/#primaryimage","url":"","contentUrl":""},{"@type":"BreadcrumbList","@id":"https:\/\/www.eldiario.net\/portal\/2021\/08\/26\/inicia-trabajo-de-comisiones-para-preservar-el-cerro-rico-de-potosi\/#breadcrumb","itemListElement":[{"@type":"ListItem","position":1,"name":"Portada","item":"https:\/\/www.eldiario.net\/portal\/"},{"@type":"ListItem","position":2,"name":"Inicia trabajo de comisiones para preservar el Cerro Rico de Potos\u00ed"}]},{"@type":"WebSite","@id":"https:\/\/www.eldiario.net\/portal\/#website","url":"https:\/\/www.eldiario.net\/portal\/","name":"El Diario - Decano de la prensa nacional","description":"El Diario - Decano de la prensa nacional","publisher":{"@id":"https:\/\/www.eldiario.net\/portal\/#organization"},"potentialAction":[{"@type":"SearchAction","target":{"@type":"EntryPoint","urlTemplate":"https:\/\/www.eldiario.net\/portal\/?s={search_term_string}"},"query-input":{"@type":"PropertyValueSpecification","valueRequired":true,"valueName":"search_term_string"}}],"inLanguage":"es"},{"@type":"Organization","@id":"https:\/\/www.eldiario.net\/portal\/#organization","name":"El Diario - Decano de la prensa nacional","url":"https:\/\/www.eldiario.net\/portal\/","logo":{"@type":"ImageObject","inLanguage":"es","@id":"https:\/\/www.eldiario.net\/portal\/#\/schema\/logo\/image\/","url":"https:\/\/www.eldiario.net\/portal\/wp-content\/uploads\/2023\/07\/logo_ED.jpg","contentUrl":"https:\/\/www.eldiario.net\/portal\/wp-content\/uploads\/2023\/07\/logo_ED.jpg","width":272,"height":52,"caption":"El Diario - Decano de la prensa nacional"},"image":{"@id":"https:\/\/www.eldiario.net\/portal\/#\/schema\/logo\/image\/"},"sameAs":["https:\/\/www.facebook.com\/eldiario.bolivia\/","https:\/\/x.com\/eldiario_net"]},{"@type":"Person","@id":"https:\/\/www.eldiario.net\/portal\/#\/schema\/person\/f46445640444750d7d753ccd04ae01b7","name":"Jeanette","image":{"@type":"ImageObject","inLanguage":"es","@id":"https:\/\/secure.gravatar.com\/avatar\/3ea2118a5f7dad2b7138b1187a6b7ee55f160b9968b66013c3a3ef39dd7e5798?s=96&d=mm&r=g","url":"https:\/\/secure.gravatar.com\/avatar\/3ea2118a5f7dad2b7138b1187a6b7ee55f160b9968b66013c3a3ef39dd7e5798?s=96&d=mm&r=g","contentUrl":"https:\/\/secure.gravatar.com\/avatar\/3ea2118a5f7dad2b7138b1187a6b7ee55f160b9968b66013c3a3ef39dd7e5798?s=96&d=mm&r=g","caption":"Jeanette"},"sameAs":["https:\/\/www.eldiario.net\/portal"],"url":"https:\/\/www.eldiario.net\/portal\/author\/jeanette\/"}]}},"_links":{"self":[{"href":"https:\/\/www.eldiario.net\/portal\/wp-json\/wp\/v2\/posts\/25747","targetHints":{"allow":["GET"]}}],"collection":[{"href":"https:\/\/www.eldiario.net\/portal\/wp-json\/wp\/v2\/posts"}],"about":[{"href":"https:\/\/www.eldiario.net\/portal\/wp-json\/wp\/v2\/types\/post"}],"author":[{"embeddable":true,"href":"https:\/\/www.eldiario.net\/portal\/wp-json\/wp\/v2\/users\/1"}],"replies":[{"embeddable":true,"href":"https:\/\/www.eldiario.net\/portal\/wp-json\/wp\/v2\/comments?post=25747"}],"version-history":[{"count":0,"href":"https:\/\/www.eldiario.net\/portal\/wp-json\/wp\/v2\/posts\/25747\/revisions"}],"wp:attachment":[{"href":"https:\/\/www.eldiario.net\/portal\/wp-json\/wp\/v2\/media?parent=25747"}],"wp:term":[{"taxonomy":"category","embeddable":true,"href":"https:\/\/www.eldiario.net\/portal\/wp-json\/wp\/v2\/categories?post=25747"},{"taxonomy":"post_tag","embeddable":true,"href":"https:\/\/www.eldiario.net\/portal\/wp-json\/wp\/v2\/tags?post=25747"}],"curies":[{"name":"wp","href":"https:\/\/api.w.org\/{rel}","templated":true}]}}