{"id":257465,"date":"2024-10-30T06:10:25","date_gmt":"2024-10-30T10:10:25","guid":{"rendered":"https:\/\/www.eldiario.net\/portal\/?p=257465"},"modified":"2024-10-30T06:10:25","modified_gmt":"2024-10-30T10:10:25","slug":"gobierno-de-espana-nombra-a-nuevo-embajador-en-argentina","status":"publish","type":"post","link":"https:\/\/www.eldiario.net\/portal\/2024\/10\/30\/gobierno-de-espana-nombra-a-nuevo-embajador-en-argentina\/","title":{"rendered":"Gobierno de Espa\u00f1a nombra a nuevo embajador en Argentina"},"content":{"rendered":"<p class=\"v1MsoNormal\">El Consejo de Ministros aprob\u00f3 ayer el nombramiento del diplom\u00e1tico, Joaqu\u00edn Mar\u00eda de Ar\u00edstegui, como nuevo embajador en Buenos Aires, dando por terminada as\u00ed la crisis diplom\u00e1tica con el Gobierno de Javier Milei, cinco meses despu\u00e9s de la retirada de la anterior embajadora, informaron fuentes del Ministerio de Asuntos Exteriores.<\/p>\n<p class=\"v1MsoNormal\">Los dos gobiernos emitieron un comunicado conjunto en el que reivindican que Espa\u00f1a y Argentina son \u00abpueblos hermanos, unidos por profundos lazos humanos y sociales\u00bb y sostienen que la relaci\u00f3n entre los ejecutivos \u00abdebe estar a la altura de la intensidad de los v\u00ednculos que unen a nuestros pueblos y sociedades\u00bb.<\/p>\n<p class=\"v1MsoNormal\">As\u00ed las cosas, se comprometen a fortalecer la relaci\u00f3n \u00abpara que alcance el m\u00e1ximo nivel de confianza y respeto mutuo en t\u00e9rminos pol\u00edticos e institucionales que nuestros pueblos merecen\u00bb.<\/p>\n<p class=\"v1MsoNormal\">El Gobierno de Espa\u00f1a procedi\u00f3 a retirar a su embajadora en Buenos Aires, Mar\u00eda Jes\u00fas Alonso, el pasado 21 de mayo despu\u00e9s de que no llegaran las disculpas que ped\u00eda al presidente de Argentina tras haber calificado de \u00abcorrupta\u00bb a Bego\u00f1a G\u00f3mez, la esposa del presidente de Gobierno, durante un acto organizado por Vox en Madrid dos d\u00edas antes.<\/p>\n<p class=\"v1MsoNormal\">La reacci\u00f3n inicial fue llamar a consultas a la embajadora el 19 de mayo, al d\u00eda siguiente se convoc\u00f3 al embajador argentino en Madrid y, por \u00faltimo, tras constatar que Milei no solo no reculaba sino que abundaba en sus cr\u00edticas hacia S\u00e1nchez, se retir\u00f3 a la embajadora, quien posteriormente fue cesada formalmente. (EP)<\/p>\n<p class=\"v1MsoNormal\">\n","protected":false},"excerpt":{"rendered":"<p>El Consejo de Ministros aprob\u00f3 ayer el nombramiento del diplom\u00e1tico, Joaqu\u00edn Mar\u00eda de Ar\u00edstegui, como nuevo embajador en Buenos Aires, dando por terminada as\u00ed la crisis diplom\u00e1tica con el Gobierno de Javier Milei, cinco meses despu\u00e9s de la retirada de la anterior embajadora, informaron fuentes del Ministerio de Asuntos Exteriores. Los dos gobiernos emitieron un [&hellip;]<\/p>\n","protected":false},"author":1,"featured_media":257466,"comment_status":"closed","ping_status":"open","sticky":false,"template":"","format":"standard","meta":{"_acf_changed":false,"footnotes":""},"categories":[3],"tags":[],"class_list":["post-257465","post","type-post","status-publish","format-standard","has-post-thumbnail","category-internacional"],"acf":{"antetitulo":""},"yoast_head":"<!-- This site is optimized with the Yoast SEO plugin v28.4 - https:\/\/yoast.com\/product\/yoast-seo-wordpress\/ -->\n<title>Gobierno de Espa\u00f1a nombra a nuevo embajador en Argentina - El Diario - Bolivia<\/title>\n<meta name=\"robots\" content=\"index, follow, max-snippet:-1, max-image-preview:large, max-video-preview:-1\" \/>\n<link rel=\"canonical\" href=\"https:\/\/www.eldiario.net\/portal\/2024\/10\/30\/gobierno-de-espana-nombra-a-nuevo-embajador-en-argentina\/\" \/>\n<meta property=\"og:locale\" content=\"es_ES\" \/>\n<meta property=\"og:type\" content=\"article\" \/>\n<meta property=\"og:title\" content=\"Gobierno de Espa\u00f1a nombra a nuevo embajador en Argentina - El Diario - Bolivia\" \/>\n<meta property=\"og:description\" content=\"El Consejo de Ministros aprob\u00f3 ayer el nombramiento del diplom\u00e1tico, Joaqu\u00edn Mar\u00eda de Ar\u00edstegui, como nuevo embajador en Buenos Aires, dando por terminada as\u00ed la crisis diplom\u00e1tica con el Gobierno de Javier Milei, cinco meses despu\u00e9s de la retirada de la anterior embajadora, informaron fuentes del Ministerio de Asuntos Exteriores. Los dos gobiernos emitieron un [&hellip;]\" \/>\n<meta property=\"og:url\" content=\"https:\/\/www.eldiario.net\/portal\/2024\/10\/30\/gobierno-de-espana-nombra-a-nuevo-embajador-en-argentina\/\" \/>\n<meta property=\"og:site_name\" content=\"El Diario - Bolivia\" \/>\n<meta property=\"article:publisher\" content=\"https:\/\/www.facebook.com\/eldiario.bolivia\/\" \/>\n<meta property=\"article:published_time\" content=\"2024-10-30T10:10:25+00:00\" \/>\n<meta property=\"og:image\" content=\"https:\/\/www.eldiario.net\/portal\/wp-content\/uploads\/2024\/10\/ESPANA-20Minutos.jpg\" \/>\n\t<meta property=\"og:image:width\" content=\"990\" \/>\n\t<meta property=\"og:image:height\" content=\"556\" \/>\n\t<meta property=\"og:image:type\" content=\"image\/jpeg\" \/>\n<meta name=\"author\" content=\"Jeanette\" \/>\n<meta name=\"twitter:card\" content=\"summary_large_image\" \/>\n<meta name=\"twitter:creator\" content=\"@eldiario_net\" \/>\n<meta name=\"twitter:site\" content=\"@eldiario_net\" \/>\n<meta name=\"twitter:label1\" content=\"Escrito por\" \/>\n\t<meta name=\"twitter:data1\" content=\"Jeanette\" \/>\n\t<meta name=\"twitter:label2\" content=\"Tiempo de lectura\" \/>\n\t<meta name=\"twitter:data2\" content=\"2 minutos\" \/>\n<script type=\"application\/ld+json\" class=\"yoast-schema-graph\">{\"@context\":\"https:\\\/\\\/schema.org\",\"@graph\":[{\"@type\":\"Article\",\"@id\":\"https:\\\/\\\/www.eldiario.net\\\/portal\\\/2024\\\/10\\\/30\\\/gobierno-de-espana-nombra-a-nuevo-embajador-en-argentina\\\/#article\",\"isPartOf\":{\"@id\":\"https:\\\/\\\/www.eldiario.net\\\/portal\\\/2024\\\/10\\\/30\\\/gobierno-de-espana-nombra-a-nuevo-embajador-en-argentina\\\/\"},\"author\":{\"name\":\"Jeanette\",\"@id\":\"https:\\\/\\\/www.eldiario.net\\\/portal\\\/#\\\/schema\\\/person\\\/f46445640444750d7d753ccd04ae01b7\"},\"headline\":\"Gobierno de Espa\u00f1a nombra a nuevo embajador en Argentina\",\"datePublished\":\"2024-10-30T10:10:25+00:00\",\"mainEntityOfPage\":{\"@id\":\"https:\\\/\\\/www.eldiario.net\\\/portal\\\/2024\\\/10\\\/30\\\/gobierno-de-espana-nombra-a-nuevo-embajador-en-argentina\\\/\"},\"wordCount\":276,\"publisher\":{\"@id\":\"https:\\\/\\\/www.eldiario.net\\\/portal\\\/#organization\"},\"image\":{\"@id\":\"https:\\\/\\\/www.eldiario.net\\\/portal\\\/2024\\\/10\\\/30\\\/gobierno-de-espana-nombra-a-nuevo-embajador-en-argentina\\\/#primaryimage\"},\"thumbnailUrl\":\"https:\\\/\\\/www.eldiario.net\\\/portal\\\/wp-content\\\/uploads\\\/2024\\\/10\\\/ESPANA-20Minutos.jpg\",\"articleSection\":[\"Internacional\"],\"inLanguage\":\"es\"},{\"@type\":\"WebPage\",\"@id\":\"https:\\\/\\\/www.eldiario.net\\\/portal\\\/2024\\\/10\\\/30\\\/gobierno-de-espana-nombra-a-nuevo-embajador-en-argentina\\\/\",\"url\":\"https:\\\/\\\/www.eldiario.net\\\/portal\\\/2024\\\/10\\\/30\\\/gobierno-de-espana-nombra-a-nuevo-embajador-en-argentina\\\/\",\"name\":\"Gobierno de Espa\u00f1a nombra a nuevo embajador en Argentina - El Diario - Bolivia\",\"isPartOf\":{\"@id\":\"https:\\\/\\\/www.eldiario.net\\\/portal\\\/#website\"},\"primaryImageOfPage\":{\"@id\":\"https:\\\/\\\/www.eldiario.net\\\/portal\\\/2024\\\/10\\\/30\\\/gobierno-de-espana-nombra-a-nuevo-embajador-en-argentina\\\/#primaryimage\"},\"image\":{\"@id\":\"https:\\\/\\\/www.eldiario.net\\\/portal\\\/2024\\\/10\\\/30\\\/gobierno-de-espana-nombra-a-nuevo-embajador-en-argentina\\\/#primaryimage\"},\"thumbnailUrl\":\"https:\\\/\\\/www.eldiario.net\\\/portal\\\/wp-content\\\/uploads\\\/2024\\\/10\\\/ESPANA-20Minutos.jpg\",\"datePublished\":\"2024-10-30T10:10:25+00:00\",\"breadcrumb\":{\"@id\":\"https:\\\/\\\/www.eldiario.net\\\/portal\\\/2024\\\/10\\\/30\\\/gobierno-de-espana-nombra-a-nuevo-embajador-en-argentina\\\/#breadcrumb\"},\"inLanguage\":\"es\",\"potentialAction\":[{\"@type\":\"ReadAction\",\"target\":[\"https:\\\/\\\/www.eldiario.net\\\/portal\\\/2024\\\/10\\\/30\\\/gobierno-de-espana-nombra-a-nuevo-embajador-en-argentina\\\/\"]}]},{\"@type\":\"ImageObject\",\"inLanguage\":\"es\",\"@id\":\"https:\\\/\\\/www.eldiario.net\\\/portal\\\/2024\\\/10\\\/30\\\/gobierno-de-espana-nombra-a-nuevo-embajador-en-argentina\\\/#primaryimage\",\"url\":\"https:\\\/\\\/www.eldiario.net\\\/portal\\\/wp-content\\\/uploads\\\/2024\\\/10\\\/ESPANA-20Minutos.jpg\",\"contentUrl\":\"https:\\\/\\\/www.eldiario.net\\\/portal\\\/wp-content\\\/uploads\\\/2024\\\/10\\\/ESPANA-20Minutos.jpg\",\"width\":990,\"height\":556,\"caption\":\"El nuevo Embajador de Espa\u00f1a en Buenos Aires, Joaqu\u00edn Mar\u00eda de Ar\u00edstegui. CREDITO: 20Minutos\"},{\"@type\":\"BreadcrumbList\",\"@id\":\"https:\\\/\\\/www.eldiario.net\\\/portal\\\/2024\\\/10\\\/30\\\/gobierno-de-espana-nombra-a-nuevo-embajador-en-argentina\\\/#breadcrumb\",\"itemListElement\":[{\"@type\":\"ListItem\",\"position\":1,\"name\":\"Portada\",\"item\":\"https:\\\/\\\/www.eldiario.net\\\/portal\\\/\"},{\"@type\":\"ListItem\",\"position\":2,\"name\":\"Gobierno de Espa\u00f1a nombra a nuevo embajador en Argentina\"}]},{\"@type\":\"WebSite\",\"@id\":\"https:\\\/\\\/www.eldiario.net\\\/portal\\\/#website\",\"url\":\"https:\\\/\\\/www.eldiario.net\\\/portal\\\/\",\"name\":\"El Diario - Decano de la prensa nacional\",\"description\":\"El Diario - Decano de la prensa nacional\",\"publisher\":{\"@id\":\"https:\\\/\\\/www.eldiario.net\\\/portal\\\/#organization\"},\"potentialAction\":[{\"@type\":\"SearchAction\",\"target\":{\"@type\":\"EntryPoint\",\"urlTemplate\":\"https:\\\/\\\/www.eldiario.net\\\/portal\\\/?s={search_term_string}\"},\"query-input\":{\"@type\":\"PropertyValueSpecification\",\"valueRequired\":true,\"valueName\":\"search_term_string\"}}],\"inLanguage\":\"es\"},{\"@type\":\"Organization\",\"@id\":\"https:\\\/\\\/www.eldiario.net\\\/portal\\\/#organization\",\"name\":\"El Diario - Decano de la prensa nacional\",\"url\":\"https:\\\/\\\/www.eldiario.net\\\/portal\\\/\",\"logo\":{\"@type\":\"ImageObject\",\"inLanguage\":\"es\",\"@id\":\"https:\\\/\\\/www.eldiario.net\\\/portal\\\/#\\\/schema\\\/logo\\\/image\\\/\",\"url\":\"https:\\\/\\\/www.eldiario.net\\\/portal\\\/wp-content\\\/uploads\\\/2023\\\/07\\\/logo_ED.jpg\",\"contentUrl\":\"https:\\\/\\\/www.eldiario.net\\\/portal\\\/wp-content\\\/uploads\\\/2023\\\/07\\\/logo_ED.jpg\",\"width\":272,\"height\":52,\"caption\":\"El Diario - Decano de la prensa nacional\"},\"image\":{\"@id\":\"https:\\\/\\\/www.eldiario.net\\\/portal\\\/#\\\/schema\\\/logo\\\/image\\\/\"},\"sameAs\":[\"https:\\\/\\\/www.facebook.com\\\/eldiario.bolivia\\\/\",\"https:\\\/\\\/x.com\\\/eldiario_net\"]},{\"@type\":\"Person\",\"@id\":\"https:\\\/\\\/www.eldiario.net\\\/portal\\\/#\\\/schema\\\/person\\\/f46445640444750d7d753ccd04ae01b7\",\"name\":\"Jeanette\",\"image\":{\"@type\":\"ImageObject\",\"inLanguage\":\"es\",\"@id\":\"https:\\\/\\\/secure.gravatar.com\\\/avatar\\\/3ea2118a5f7dad2b7138b1187a6b7ee55f160b9968b66013c3a3ef39dd7e5798?s=96&d=mm&r=g\",\"url\":\"https:\\\/\\\/secure.gravatar.com\\\/avatar\\\/3ea2118a5f7dad2b7138b1187a6b7ee55f160b9968b66013c3a3ef39dd7e5798?s=96&d=mm&r=g\",\"contentUrl\":\"https:\\\/\\\/secure.gravatar.com\\\/avatar\\\/3ea2118a5f7dad2b7138b1187a6b7ee55f160b9968b66013c3a3ef39dd7e5798?s=96&d=mm&r=g\",\"caption\":\"Jeanette\"},\"sameAs\":[\"https:\\\/\\\/www.eldiario.net\\\/portal\"],\"url\":\"https:\\\/\\\/www.eldiario.net\\\/portal\\\/author\\\/jeanette\\\/\"}]}<\/script>\n<!-- \/ Yoast SEO plugin. -->","yoast_head_json":{"title":"Gobierno de Espa\u00f1a nombra a nuevo embajador en Argentina - El Diario - Bolivia","robots":{"index":"index","follow":"follow","max-snippet":"max-snippet:-1","max-image-preview":"max-image-preview:large","max-video-preview":"max-video-preview:-1"},"canonical":"https:\/\/www.eldiario.net\/portal\/2024\/10\/30\/gobierno-de-espana-nombra-a-nuevo-embajador-en-argentina\/","og_locale":"es_ES","og_type":"article","og_title":"Gobierno de Espa\u00f1a nombra a nuevo embajador en Argentina - El Diario - Bolivia","og_description":"El Consejo de Ministros aprob\u00f3 ayer el nombramiento del diplom\u00e1tico, Joaqu\u00edn Mar\u00eda de Ar\u00edstegui, como nuevo embajador en Buenos Aires, dando por terminada as\u00ed la crisis diplom\u00e1tica con el Gobierno de Javier Milei, cinco meses despu\u00e9s de la retirada de la anterior embajadora, informaron fuentes del Ministerio de Asuntos Exteriores. Los dos gobiernos emitieron un [&hellip;]","og_url":"https:\/\/www.eldiario.net\/portal\/2024\/10\/30\/gobierno-de-espana-nombra-a-nuevo-embajador-en-argentina\/","og_site_name":"El Diario - Bolivia","article_publisher":"https:\/\/www.facebook.com\/eldiario.bolivia\/","article_published_time":"2024-10-30T10:10:25+00:00","og_image":[{"width":990,"height":556,"url":"https:\/\/www.eldiario.net\/portal\/wp-content\/uploads\/2024\/10\/ESPANA-20Minutos.jpg","type":"image\/jpeg"}],"author":"Jeanette","twitter_card":"summary_large_image","twitter_creator":"@eldiario_net","twitter_site":"@eldiario_net","twitter_misc":{"Escrito por":"Jeanette","Tiempo de lectura":"2 minutos"},"schema":{"@context":"https:\/\/schema.org","@graph":[{"@type":"Article","@id":"https:\/\/www.eldiario.net\/portal\/2024\/10\/30\/gobierno-de-espana-nombra-a-nuevo-embajador-en-argentina\/#article","isPartOf":{"@id":"https:\/\/www.eldiario.net\/portal\/2024\/10\/30\/gobierno-de-espana-nombra-a-nuevo-embajador-en-argentina\/"},"author":{"name":"Jeanette","@id":"https:\/\/www.eldiario.net\/portal\/#\/schema\/person\/f46445640444750d7d753ccd04ae01b7"},"headline":"Gobierno de Espa\u00f1a nombra a nuevo embajador en Argentina","datePublished":"2024-10-30T10:10:25+00:00","mainEntityOfPage":{"@id":"https:\/\/www.eldiario.net\/portal\/2024\/10\/30\/gobierno-de-espana-nombra-a-nuevo-embajador-en-argentina\/"},"wordCount":276,"publisher":{"@id":"https:\/\/www.eldiario.net\/portal\/#organization"},"image":{"@id":"https:\/\/www.eldiario.net\/portal\/2024\/10\/30\/gobierno-de-espana-nombra-a-nuevo-embajador-en-argentina\/#primaryimage"},"thumbnailUrl":"https:\/\/www.eldiario.net\/portal\/wp-content\/uploads\/2024\/10\/ESPANA-20Minutos.jpg","articleSection":["Internacional"],"inLanguage":"es"},{"@type":"WebPage","@id":"https:\/\/www.eldiario.net\/portal\/2024\/10\/30\/gobierno-de-espana-nombra-a-nuevo-embajador-en-argentina\/","url":"https:\/\/www.eldiario.net\/portal\/2024\/10\/30\/gobierno-de-espana-nombra-a-nuevo-embajador-en-argentina\/","name":"Gobierno de Espa\u00f1a nombra a nuevo embajador en Argentina - El Diario - Bolivia","isPartOf":{"@id":"https:\/\/www.eldiario.net\/portal\/#website"},"primaryImageOfPage":{"@id":"https:\/\/www.eldiario.net\/portal\/2024\/10\/30\/gobierno-de-espana-nombra-a-nuevo-embajador-en-argentina\/#primaryimage"},"image":{"@id":"https:\/\/www.eldiario.net\/portal\/2024\/10\/30\/gobierno-de-espana-nombra-a-nuevo-embajador-en-argentina\/#primaryimage"},"thumbnailUrl":"https:\/\/www.eldiario.net\/portal\/wp-content\/uploads\/2024\/10\/ESPANA-20Minutos.jpg","datePublished":"2024-10-30T10:10:25+00:00","breadcrumb":{"@id":"https:\/\/www.eldiario.net\/portal\/2024\/10\/30\/gobierno-de-espana-nombra-a-nuevo-embajador-en-argentina\/#breadcrumb"},"inLanguage":"es","potentialAction":[{"@type":"ReadAction","target":["https:\/\/www.eldiario.net\/portal\/2024\/10\/30\/gobierno-de-espana-nombra-a-nuevo-embajador-en-argentina\/"]}]},{"@type":"ImageObject","inLanguage":"es","@id":"https:\/\/www.eldiario.net\/portal\/2024\/10\/30\/gobierno-de-espana-nombra-a-nuevo-embajador-en-argentina\/#primaryimage","url":"https:\/\/www.eldiario.net\/portal\/wp-content\/uploads\/2024\/10\/ESPANA-20Minutos.jpg","contentUrl":"https:\/\/www.eldiario.net\/portal\/wp-content\/uploads\/2024\/10\/ESPANA-20Minutos.jpg","width":990,"height":556,"caption":"El nuevo Embajador de Espa\u00f1a en Buenos Aires, Joaqu\u00edn Mar\u00eda de Ar\u00edstegui. CREDITO: 20Minutos"},{"@type":"BreadcrumbList","@id":"https:\/\/www.eldiario.net\/portal\/2024\/10\/30\/gobierno-de-espana-nombra-a-nuevo-embajador-en-argentina\/#breadcrumb","itemListElement":[{"@type":"ListItem","position":1,"name":"Portada","item":"https:\/\/www.eldiario.net\/portal\/"},{"@type":"ListItem","position":2,"name":"Gobierno de Espa\u00f1a nombra a nuevo embajador en Argentina"}]},{"@type":"WebSite","@id":"https:\/\/www.eldiario.net\/portal\/#website","url":"https:\/\/www.eldiario.net\/portal\/","name":"El Diario - Decano de la prensa nacional","description":"El Diario - Decano de la prensa nacional","publisher":{"@id":"https:\/\/www.eldiario.net\/portal\/#organization"},"potentialAction":[{"@type":"SearchAction","target":{"@type":"EntryPoint","urlTemplate":"https:\/\/www.eldiario.net\/portal\/?s={search_term_string}"},"query-input":{"@type":"PropertyValueSpecification","valueRequired":true,"valueName":"search_term_string"}}],"inLanguage":"es"},{"@type":"Organization","@id":"https:\/\/www.eldiario.net\/portal\/#organization","name":"El Diario - Decano de la prensa nacional","url":"https:\/\/www.eldiario.net\/portal\/","logo":{"@type":"ImageObject","inLanguage":"es","@id":"https:\/\/www.eldiario.net\/portal\/#\/schema\/logo\/image\/","url":"https:\/\/www.eldiario.net\/portal\/wp-content\/uploads\/2023\/07\/logo_ED.jpg","contentUrl":"https:\/\/www.eldiario.net\/portal\/wp-content\/uploads\/2023\/07\/logo_ED.jpg","width":272,"height":52,"caption":"El Diario - Decano de la prensa nacional"},"image":{"@id":"https:\/\/www.eldiario.net\/portal\/#\/schema\/logo\/image\/"},"sameAs":["https:\/\/www.facebook.com\/eldiario.bolivia\/","https:\/\/x.com\/eldiario_net"]},{"@type":"Person","@id":"https:\/\/www.eldiario.net\/portal\/#\/schema\/person\/f46445640444750d7d753ccd04ae01b7","name":"Jeanette","image":{"@type":"ImageObject","inLanguage":"es","@id":"https:\/\/secure.gravatar.com\/avatar\/3ea2118a5f7dad2b7138b1187a6b7ee55f160b9968b66013c3a3ef39dd7e5798?s=96&d=mm&r=g","url":"https:\/\/secure.gravatar.com\/avatar\/3ea2118a5f7dad2b7138b1187a6b7ee55f160b9968b66013c3a3ef39dd7e5798?s=96&d=mm&r=g","contentUrl":"https:\/\/secure.gravatar.com\/avatar\/3ea2118a5f7dad2b7138b1187a6b7ee55f160b9968b66013c3a3ef39dd7e5798?s=96&d=mm&r=g","caption":"Jeanette"},"sameAs":["https:\/\/www.eldiario.net\/portal"],"url":"https:\/\/www.eldiario.net\/portal\/author\/jeanette\/"}]}},"_links":{"self":[{"href":"https:\/\/www.eldiario.net\/portal\/wp-json\/wp\/v2\/posts\/257465","targetHints":{"allow":["GET"]}}],"collection":[{"href":"https:\/\/www.eldiario.net\/portal\/wp-json\/wp\/v2\/posts"}],"about":[{"href":"https:\/\/www.eldiario.net\/portal\/wp-json\/wp\/v2\/types\/post"}],"author":[{"embeddable":true,"href":"https:\/\/www.eldiario.net\/portal\/wp-json\/wp\/v2\/users\/1"}],"replies":[{"embeddable":true,"href":"https:\/\/www.eldiario.net\/portal\/wp-json\/wp\/v2\/comments?post=257465"}],"version-history":[{"count":1,"href":"https:\/\/www.eldiario.net\/portal\/wp-json\/wp\/v2\/posts\/257465\/revisions"}],"predecessor-version":[{"id":257467,"href":"https:\/\/www.eldiario.net\/portal\/wp-json\/wp\/v2\/posts\/257465\/revisions\/257467"}],"wp:featuredmedia":[{"embeddable":true,"href":"https:\/\/www.eldiario.net\/portal\/wp-json\/wp\/v2\/media\/257466"}],"wp:attachment":[{"href":"https:\/\/www.eldiario.net\/portal\/wp-json\/wp\/v2\/media?parent=257465"}],"wp:term":[{"taxonomy":"category","embeddable":true,"href":"https:\/\/www.eldiario.net\/portal\/wp-json\/wp\/v2\/categories?post=257465"},{"taxonomy":"post_tag","embeddable":true,"href":"https:\/\/www.eldiario.net\/portal\/wp-json\/wp\/v2\/tags?post=257465"}],"curies":[{"name":"wp","href":"https:\/\/api.w.org\/{rel}","templated":true}]}}