{"id":257462,"date":"2024-10-30T06:09:52","date_gmt":"2024-10-30T10:09:52","guid":{"rendered":"https:\/\/www.eldiario.net\/portal\/?p=257462"},"modified":"2024-10-30T06:09:52","modified_gmt":"2024-10-30T10:09:52","slug":"alemania-retira-a-su-embajador-tras-ejecucion-de-ciudadano-germano-irani","status":"publish","type":"post","link":"https:\/\/www.eldiario.net\/portal\/2024\/10\/30\/alemania-retira-a-su-embajador-tras-ejecucion-de-ciudadano-germano-irani\/","title":{"rendered":"Alemania retira a su embajador tras  ejecuci\u00f3n de ciudadano germano-iran\u00ed"},"content":{"rendered":"<p class=\"v1MsoNormal\">Alemania retir\u00f3 a su embajador en Ir\u00e1n por la ejecuci\u00f3n del ciudadano germano-iran\u00ed, Jamshid Sharmahd y convoc\u00f3 al encargado de negocios iran\u00ed para expresar la protesta de Berl\u00edn, seg\u00fan inform\u00f3 ayer el Ministerio de Asuntos Exteriores alem\u00e1n.<\/p>\n<p class=\"v1MsoNormal\">\u00abEnviamos nuestra m\u00e1s en\u00e9rgica protesta contra las acciones del r\u00e9gimen iran\u00ed y nos reservamos el derecho a tomar nuevas medidas\u00bb, se\u00f1al\u00f3 el Ministerio de Asuntos Exteriores en una publicaci\u00f3n de X.<\/p>\n<p class=\"v1MsoNormal\">El embajador de Alemania en Teher\u00e1n protest\u00f3 en los t\u00e9rminos m\u00e1s en\u00e9rgicos posibles contra el asesinato de Sharmahd, se\u00f1al\u00f3 el mensaje, y a\u00f1adi\u00f3 que la ministra alemana de Asuntos Exteriores, Annalena Baerbock, hab\u00eda llamado al embajador a consultas en Berl\u00edn.<\/p>\n<p class=\"v1MsoNormal\">La ministra sostuvo que fue \u00absecuestrado en Dub\u00e1i y trasladado a la fuerza a Ir\u00e1n, donde permaneci\u00f3 encarcelado durante a\u00f1os sin que se celebrara un juicio justo en su contra hasta que fue asesinado\u00bb.<\/p>\n<p class=\"v1MsoNormal\">\u00abLo peor que podr\u00eda pasar sucedi\u00f3, y quiero ofrecer a su familia mi m\u00e1s profundo pesar por esta p\u00e9rdida tan terrible\u00bb, manifest\u00f3 antes de recordar que la Embajada de Alemania en Teher\u00e1n estuvo trabajando a diario en este caso. \u00abEnviamos a un alto cargo del Ministerio a Teher\u00e1n en varias ocasiones por este asunto. Hemos dejado siempre bien claro que la ejecuci\u00f3n acarrear\u00eda graves consecuencias\u00bb, afirm\u00f3 en un comunicado.<\/p>\n<p class=\"v1MsoNormal\">Los medios de comunicaci\u00f3n estatales iran\u00edes se\u00f1alaron que Sharmahd hab\u00eda sido ejecutado tras ser declarado culpable de llevar a cabo ataques \u00abterroristas\u00bb.<\/p>\n<p class=\"v1MsoNormal\">El ministro iran\u00ed de Asuntos Exteriores, Ab\u00e1s Araqchi, se\u00f1al\u00f3 el martes en X que \u00abning\u00fan terrorista goza de impunidad en Ir\u00e1n. Aunque tenga el apoyo de Alemania\u00bb.<\/p>\n<p class=\"v1MsoNormal\">\u00abEl ciudadano iran\u00ed, Jamshid Sharmahd, dirigi\u00f3 abiertamente y sin pudor un ataque terrorista contra una mezquita en el que murieron 14 personas inocentes\u00bb, asever\u00f3 Araqchi en su publicaci\u00f3n.<\/p>\n<p class=\"v1MsoNormal\">Seg\u00fan los iran\u00edes Sharmahd era el l\u00edder del grupo Tondar, considerado una organizaci\u00f3n terrorista en el pa\u00eds y al que el Gobierno acusa de estar detr\u00e1s de varios atentados que habr\u00edan sido ordenados desde el exterior.<\/p>\n<p class=\"v1MsoNormal\">El grupo, con sede en Estados Unidos, busca restaurar la monarqu\u00eda derrocada en la Revoluci\u00f3n Isl\u00e1mica de 1979. Las autoridades iran\u00edes le achacan la autor\u00eda de una veintena de ataques, de los cuales cinco habr\u00edan tenido \u00e9xito.<\/p>\n<p class=\"v1MsoNormal\">Entre los atentados que se supone que llev\u00f3 a cabo se encuentra el ataque con bomba en la mezquita Seyed al-Shohada de Shiraz de 2008, en el que murieron 14 personas y 300 resultaron heridas.<\/p>\n<p class=\"v1MsoNormal\">Sharmahd, que tambi\u00e9n era residente en Estados Unidos, fue condenado a muerte en 2023 acusado de \u00absembrar la corrupci\u00f3n en la Tierra\u00bb, un delito capital seg\u00fan las leyes isl\u00e1micas de Ir\u00e1n.<\/p>\n<p class=\"v1MsoNormal\">Su hija, Gazelle Sharmahd, tambi\u00e9n en X, exigi\u00f3 pruebas de su ejecuci\u00f3n y reclam\u00f3 el regreso inmediato de su padre.<\/p>\n<p class=\"v1MsoNormal\">La Rep\u00fablica Isl\u00e1mica de Ir\u00e1n fue acusada de usar a presos con doble nacionalidad o extranjeros como medida de presi\u00f3n o para intercambio de prisioneros con otros pa\u00edses, una pr\u00e1ctica que fue denominada como la \u00abdiplomacia de los rehenes\u00bb por organizaciones de derechos humanos.(Infobae)<\/p>\n","protected":false},"excerpt":{"rendered":"<p>Alemania retir\u00f3 a su embajador en Ir\u00e1n por la ejecuci\u00f3n del ciudadano germano-iran\u00ed, Jamshid Sharmahd y convoc\u00f3 al encargado de negocios iran\u00ed para expresar la protesta de Berl\u00edn, seg\u00fan inform\u00f3 ayer el Ministerio de Asuntos Exteriores alem\u00e1n. \u00abEnviamos nuestra m\u00e1s en\u00e9rgica protesta contra las acciones del r\u00e9gimen iran\u00ed y nos reservamos el derecho a tomar [&hellip;]<\/p>\n","protected":false},"author":1,"featured_media":257463,"comment_status":"closed","ping_status":"open","sticky":false,"template":"","format":"standard","meta":{"_acf_changed":false,"footnotes":""},"categories":[3],"tags":[],"class_list":["post-257462","post","type-post","status-publish","format-standard","has-post-thumbnail","category-internacional"],"acf":{"antetitulo":"Ir\u00e1n"},"yoast_head":"<!-- This site is optimized with the Yoast SEO plugin v28.4 - https:\/\/yoast.com\/product\/yoast-seo-wordpress\/ -->\n<title>Alemania retira a su embajador tras ejecuci\u00f3n de ciudadano germano-iran\u00ed - El Diario - Bolivia<\/title>\n<meta name=\"robots\" content=\"index, follow, max-snippet:-1, max-image-preview:large, max-video-preview:-1\" \/>\n<link rel=\"canonical\" href=\"https:\/\/www.eldiario.net\/portal\/2024\/10\/30\/alemania-retira-a-su-embajador-tras-ejecucion-de-ciudadano-germano-irani\/\" \/>\n<meta property=\"og:locale\" content=\"es_ES\" \/>\n<meta property=\"og:type\" content=\"article\" \/>\n<meta property=\"og:title\" content=\"Alemania retira a su embajador tras ejecuci\u00f3n de ciudadano germano-iran\u00ed - El Diario - Bolivia\" \/>\n<meta property=\"og:description\" content=\"Alemania retir\u00f3 a su embajador en Ir\u00e1n por la ejecuci\u00f3n del ciudadano germano-iran\u00ed, Jamshid Sharmahd y convoc\u00f3 al encargado de negocios iran\u00ed para expresar la protesta de Berl\u00edn, seg\u00fan inform\u00f3 ayer el Ministerio de Asuntos Exteriores alem\u00e1n. \u00abEnviamos nuestra m\u00e1s en\u00e9rgica protesta contra las acciones del r\u00e9gimen iran\u00ed y nos reservamos el derecho a tomar [&hellip;]\" \/>\n<meta property=\"og:url\" content=\"https:\/\/www.eldiario.net\/portal\/2024\/10\/30\/alemania-retira-a-su-embajador-tras-ejecucion-de-ciudadano-germano-irani\/\" \/>\n<meta property=\"og:site_name\" content=\"El Diario - Bolivia\" \/>\n<meta property=\"article:publisher\" content=\"https:\/\/www.facebook.com\/eldiario.bolivia\/\" \/>\n<meta property=\"article:published_time\" content=\"2024-10-30T10:09:52+00:00\" \/>\n<meta property=\"og:image\" content=\"https:\/\/www.eldiario.net\/portal\/wp-content\/uploads\/2024\/10\/IRAN-AP.jpg\" \/>\n\t<meta property=\"og:image:width\" content=\"1200\" \/>\n\t<meta property=\"og:image:height\" content=\"630\" \/>\n\t<meta property=\"og:image:type\" content=\"image\/jpeg\" \/>\n<meta name=\"author\" content=\"Jeanette\" \/>\n<meta name=\"twitter:card\" content=\"summary_large_image\" \/>\n<meta name=\"twitter:creator\" content=\"@eldiario_net\" \/>\n<meta name=\"twitter:site\" content=\"@eldiario_net\" \/>\n<meta name=\"twitter:label1\" content=\"Escrito por\" \/>\n\t<meta name=\"twitter:data1\" content=\"Jeanette\" \/>\n\t<meta name=\"twitter:label2\" content=\"Tiempo de lectura\" \/>\n\t<meta name=\"twitter:data2\" content=\"3 minutos\" \/>\n<script type=\"application\/ld+json\" class=\"yoast-schema-graph\">{\"@context\":\"https:\\\/\\\/schema.org\",\"@graph\":[{\"@type\":\"Article\",\"@id\":\"https:\\\/\\\/www.eldiario.net\\\/portal\\\/2024\\\/10\\\/30\\\/alemania-retira-a-su-embajador-tras-ejecucion-de-ciudadano-germano-irani\\\/#article\",\"isPartOf\":{\"@id\":\"https:\\\/\\\/www.eldiario.net\\\/portal\\\/2024\\\/10\\\/30\\\/alemania-retira-a-su-embajador-tras-ejecucion-de-ciudadano-germano-irani\\\/\"},\"author\":{\"name\":\"Jeanette\",\"@id\":\"https:\\\/\\\/www.eldiario.net\\\/portal\\\/#\\\/schema\\\/person\\\/f46445640444750d7d753ccd04ae01b7\"},\"headline\":\"Alemania retira a su embajador tras ejecuci\u00f3n de ciudadano germano-iran\u00ed\",\"datePublished\":\"2024-10-30T10:09:52+00:00\",\"mainEntityOfPage\":{\"@id\":\"https:\\\/\\\/www.eldiario.net\\\/portal\\\/2024\\\/10\\\/30\\\/alemania-retira-a-su-embajador-tras-ejecucion-de-ciudadano-germano-irani\\\/\"},\"wordCount\":560,\"publisher\":{\"@id\":\"https:\\\/\\\/www.eldiario.net\\\/portal\\\/#organization\"},\"image\":{\"@id\":\"https:\\\/\\\/www.eldiario.net\\\/portal\\\/2024\\\/10\\\/30\\\/alemania-retira-a-su-embajador-tras-ejecucion-de-ciudadano-germano-irani\\\/#primaryimage\"},\"thumbnailUrl\":\"https:\\\/\\\/www.eldiario.net\\\/portal\\\/wp-content\\\/uploads\\\/2024\\\/10\\\/IRAN-AP.jpg\",\"articleSection\":[\"Internacional\"],\"inLanguage\":\"es\"},{\"@type\":\"WebPage\",\"@id\":\"https:\\\/\\\/www.eldiario.net\\\/portal\\\/2024\\\/10\\\/30\\\/alemania-retira-a-su-embajador-tras-ejecucion-de-ciudadano-germano-irani\\\/\",\"url\":\"https:\\\/\\\/www.eldiario.net\\\/portal\\\/2024\\\/10\\\/30\\\/alemania-retira-a-su-embajador-tras-ejecucion-de-ciudadano-germano-irani\\\/\",\"name\":\"Alemania retira a su embajador tras ejecuci\u00f3n de ciudadano germano-iran\u00ed - El Diario - Bolivia\",\"isPartOf\":{\"@id\":\"https:\\\/\\\/www.eldiario.net\\\/portal\\\/#website\"},\"primaryImageOfPage\":{\"@id\":\"https:\\\/\\\/www.eldiario.net\\\/portal\\\/2024\\\/10\\\/30\\\/alemania-retira-a-su-embajador-tras-ejecucion-de-ciudadano-germano-irani\\\/#primaryimage\"},\"image\":{\"@id\":\"https:\\\/\\\/www.eldiario.net\\\/portal\\\/2024\\\/10\\\/30\\\/alemania-retira-a-su-embajador-tras-ejecucion-de-ciudadano-germano-irani\\\/#primaryimage\"},\"thumbnailUrl\":\"https:\\\/\\\/www.eldiario.net\\\/portal\\\/wp-content\\\/uploads\\\/2024\\\/10\\\/IRAN-AP.jpg\",\"datePublished\":\"2024-10-30T10:09:52+00:00\",\"breadcrumb\":{\"@id\":\"https:\\\/\\\/www.eldiario.net\\\/portal\\\/2024\\\/10\\\/30\\\/alemania-retira-a-su-embajador-tras-ejecucion-de-ciudadano-germano-irani\\\/#breadcrumb\"},\"inLanguage\":\"es\",\"potentialAction\":[{\"@type\":\"ReadAction\",\"target\":[\"https:\\\/\\\/www.eldiario.net\\\/portal\\\/2024\\\/10\\\/30\\\/alemania-retira-a-su-embajador-tras-ejecucion-de-ciudadano-germano-irani\\\/\"]}]},{\"@type\":\"ImageObject\",\"inLanguage\":\"es\",\"@id\":\"https:\\\/\\\/www.eldiario.net\\\/portal\\\/2024\\\/10\\\/30\\\/alemania-retira-a-su-embajador-tras-ejecucion-de-ciudadano-germano-irani\\\/#primaryimage\",\"url\":\"https:\\\/\\\/www.eldiario.net\\\/portal\\\/wp-content\\\/uploads\\\/2024\\\/10\\\/IRAN-AP.jpg\",\"contentUrl\":\"https:\\\/\\\/www.eldiario.net\\\/portal\\\/wp-content\\\/uploads\\\/2024\\\/10\\\/IRAN-AP.jpg\",\"width\":1200,\"height\":630,\"caption\":\"Personas participan en un acto de recuerdo al germano-iran\u00ed, Jamshid Sharmahd, durante una protesta tras su ejecuci\u00f3n en Ir\u00e1n. CREDITO: AP\"},{\"@type\":\"BreadcrumbList\",\"@id\":\"https:\\\/\\\/www.eldiario.net\\\/portal\\\/2024\\\/10\\\/30\\\/alemania-retira-a-su-embajador-tras-ejecucion-de-ciudadano-germano-irani\\\/#breadcrumb\",\"itemListElement\":[{\"@type\":\"ListItem\",\"position\":1,\"name\":\"Portada\",\"item\":\"https:\\\/\\\/www.eldiario.net\\\/portal\\\/\"},{\"@type\":\"ListItem\",\"position\":2,\"name\":\"Alemania retira a su embajador tras ejecuci\u00f3n de ciudadano germano-iran\u00ed\"}]},{\"@type\":\"WebSite\",\"@id\":\"https:\\\/\\\/www.eldiario.net\\\/portal\\\/#website\",\"url\":\"https:\\\/\\\/www.eldiario.net\\\/portal\\\/\",\"name\":\"El Diario - Decano de la prensa nacional\",\"description\":\"El Diario - Decano de la prensa nacional\",\"publisher\":{\"@id\":\"https:\\\/\\\/www.eldiario.net\\\/portal\\\/#organization\"},\"potentialAction\":[{\"@type\":\"SearchAction\",\"target\":{\"@type\":\"EntryPoint\",\"urlTemplate\":\"https:\\\/\\\/www.eldiario.net\\\/portal\\\/?s={search_term_string}\"},\"query-input\":{\"@type\":\"PropertyValueSpecification\",\"valueRequired\":true,\"valueName\":\"search_term_string\"}}],\"inLanguage\":\"es\"},{\"@type\":\"Organization\",\"@id\":\"https:\\\/\\\/www.eldiario.net\\\/portal\\\/#organization\",\"name\":\"El Diario - Decano de la prensa nacional\",\"url\":\"https:\\\/\\\/www.eldiario.net\\\/portal\\\/\",\"logo\":{\"@type\":\"ImageObject\",\"inLanguage\":\"es\",\"@id\":\"https:\\\/\\\/www.eldiario.net\\\/portal\\\/#\\\/schema\\\/logo\\\/image\\\/\",\"url\":\"https:\\\/\\\/www.eldiario.net\\\/portal\\\/wp-content\\\/uploads\\\/2023\\\/07\\\/logo_ED.jpg\",\"contentUrl\":\"https:\\\/\\\/www.eldiario.net\\\/portal\\\/wp-content\\\/uploads\\\/2023\\\/07\\\/logo_ED.jpg\",\"width\":272,\"height\":52,\"caption\":\"El Diario - Decano de la prensa nacional\"},\"image\":{\"@id\":\"https:\\\/\\\/www.eldiario.net\\\/portal\\\/#\\\/schema\\\/logo\\\/image\\\/\"},\"sameAs\":[\"https:\\\/\\\/www.facebook.com\\\/eldiario.bolivia\\\/\",\"https:\\\/\\\/x.com\\\/eldiario_net\"]},{\"@type\":\"Person\",\"@id\":\"https:\\\/\\\/www.eldiario.net\\\/portal\\\/#\\\/schema\\\/person\\\/f46445640444750d7d753ccd04ae01b7\",\"name\":\"Jeanette\",\"image\":{\"@type\":\"ImageObject\",\"inLanguage\":\"es\",\"@id\":\"https:\\\/\\\/secure.gravatar.com\\\/avatar\\\/3ea2118a5f7dad2b7138b1187a6b7ee55f160b9968b66013c3a3ef39dd7e5798?s=96&d=mm&r=g\",\"url\":\"https:\\\/\\\/secure.gravatar.com\\\/avatar\\\/3ea2118a5f7dad2b7138b1187a6b7ee55f160b9968b66013c3a3ef39dd7e5798?s=96&d=mm&r=g\",\"contentUrl\":\"https:\\\/\\\/secure.gravatar.com\\\/avatar\\\/3ea2118a5f7dad2b7138b1187a6b7ee55f160b9968b66013c3a3ef39dd7e5798?s=96&d=mm&r=g\",\"caption\":\"Jeanette\"},\"sameAs\":[\"https:\\\/\\\/www.eldiario.net\\\/portal\"],\"url\":\"https:\\\/\\\/www.eldiario.net\\\/portal\\\/author\\\/jeanette\\\/\"}]}<\/script>\n<!-- \/ Yoast SEO plugin. -->","yoast_head_json":{"title":"Alemania retira a su embajador tras ejecuci\u00f3n de ciudadano germano-iran\u00ed - El Diario - Bolivia","robots":{"index":"index","follow":"follow","max-snippet":"max-snippet:-1","max-image-preview":"max-image-preview:large","max-video-preview":"max-video-preview:-1"},"canonical":"https:\/\/www.eldiario.net\/portal\/2024\/10\/30\/alemania-retira-a-su-embajador-tras-ejecucion-de-ciudadano-germano-irani\/","og_locale":"es_ES","og_type":"article","og_title":"Alemania retira a su embajador tras ejecuci\u00f3n de ciudadano germano-iran\u00ed - El Diario - Bolivia","og_description":"Alemania retir\u00f3 a su embajador en Ir\u00e1n por la ejecuci\u00f3n del ciudadano germano-iran\u00ed, Jamshid Sharmahd y convoc\u00f3 al encargado de negocios iran\u00ed para expresar la protesta de Berl\u00edn, seg\u00fan inform\u00f3 ayer el Ministerio de Asuntos Exteriores alem\u00e1n. \u00abEnviamos nuestra m\u00e1s en\u00e9rgica protesta contra las acciones del r\u00e9gimen iran\u00ed y nos reservamos el derecho a tomar [&hellip;]","og_url":"https:\/\/www.eldiario.net\/portal\/2024\/10\/30\/alemania-retira-a-su-embajador-tras-ejecucion-de-ciudadano-germano-irani\/","og_site_name":"El Diario - Bolivia","article_publisher":"https:\/\/www.facebook.com\/eldiario.bolivia\/","article_published_time":"2024-10-30T10:09:52+00:00","og_image":[{"width":1200,"height":630,"url":"https:\/\/www.eldiario.net\/portal\/wp-content\/uploads\/2024\/10\/IRAN-AP.jpg","type":"image\/jpeg"}],"author":"Jeanette","twitter_card":"summary_large_image","twitter_creator":"@eldiario_net","twitter_site":"@eldiario_net","twitter_misc":{"Escrito por":"Jeanette","Tiempo de lectura":"3 minutos"},"schema":{"@context":"https:\/\/schema.org","@graph":[{"@type":"Article","@id":"https:\/\/www.eldiario.net\/portal\/2024\/10\/30\/alemania-retira-a-su-embajador-tras-ejecucion-de-ciudadano-germano-irani\/#article","isPartOf":{"@id":"https:\/\/www.eldiario.net\/portal\/2024\/10\/30\/alemania-retira-a-su-embajador-tras-ejecucion-de-ciudadano-germano-irani\/"},"author":{"name":"Jeanette","@id":"https:\/\/www.eldiario.net\/portal\/#\/schema\/person\/f46445640444750d7d753ccd04ae01b7"},"headline":"Alemania retira a su embajador tras ejecuci\u00f3n de ciudadano germano-iran\u00ed","datePublished":"2024-10-30T10:09:52+00:00","mainEntityOfPage":{"@id":"https:\/\/www.eldiario.net\/portal\/2024\/10\/30\/alemania-retira-a-su-embajador-tras-ejecucion-de-ciudadano-germano-irani\/"},"wordCount":560,"publisher":{"@id":"https:\/\/www.eldiario.net\/portal\/#organization"},"image":{"@id":"https:\/\/www.eldiario.net\/portal\/2024\/10\/30\/alemania-retira-a-su-embajador-tras-ejecucion-de-ciudadano-germano-irani\/#primaryimage"},"thumbnailUrl":"https:\/\/www.eldiario.net\/portal\/wp-content\/uploads\/2024\/10\/IRAN-AP.jpg","articleSection":["Internacional"],"inLanguage":"es"},{"@type":"WebPage","@id":"https:\/\/www.eldiario.net\/portal\/2024\/10\/30\/alemania-retira-a-su-embajador-tras-ejecucion-de-ciudadano-germano-irani\/","url":"https:\/\/www.eldiario.net\/portal\/2024\/10\/30\/alemania-retira-a-su-embajador-tras-ejecucion-de-ciudadano-germano-irani\/","name":"Alemania retira a su embajador tras ejecuci\u00f3n de ciudadano germano-iran\u00ed - El Diario - Bolivia","isPartOf":{"@id":"https:\/\/www.eldiario.net\/portal\/#website"},"primaryImageOfPage":{"@id":"https:\/\/www.eldiario.net\/portal\/2024\/10\/30\/alemania-retira-a-su-embajador-tras-ejecucion-de-ciudadano-germano-irani\/#primaryimage"},"image":{"@id":"https:\/\/www.eldiario.net\/portal\/2024\/10\/30\/alemania-retira-a-su-embajador-tras-ejecucion-de-ciudadano-germano-irani\/#primaryimage"},"thumbnailUrl":"https:\/\/www.eldiario.net\/portal\/wp-content\/uploads\/2024\/10\/IRAN-AP.jpg","datePublished":"2024-10-30T10:09:52+00:00","breadcrumb":{"@id":"https:\/\/www.eldiario.net\/portal\/2024\/10\/30\/alemania-retira-a-su-embajador-tras-ejecucion-de-ciudadano-germano-irani\/#breadcrumb"},"inLanguage":"es","potentialAction":[{"@type":"ReadAction","target":["https:\/\/www.eldiario.net\/portal\/2024\/10\/30\/alemania-retira-a-su-embajador-tras-ejecucion-de-ciudadano-germano-irani\/"]}]},{"@type":"ImageObject","inLanguage":"es","@id":"https:\/\/www.eldiario.net\/portal\/2024\/10\/30\/alemania-retira-a-su-embajador-tras-ejecucion-de-ciudadano-germano-irani\/#primaryimage","url":"https:\/\/www.eldiario.net\/portal\/wp-content\/uploads\/2024\/10\/IRAN-AP.jpg","contentUrl":"https:\/\/www.eldiario.net\/portal\/wp-content\/uploads\/2024\/10\/IRAN-AP.jpg","width":1200,"height":630,"caption":"Personas participan en un acto de recuerdo al germano-iran\u00ed, Jamshid Sharmahd, durante una protesta tras su ejecuci\u00f3n en Ir\u00e1n. CREDITO: AP"},{"@type":"BreadcrumbList","@id":"https:\/\/www.eldiario.net\/portal\/2024\/10\/30\/alemania-retira-a-su-embajador-tras-ejecucion-de-ciudadano-germano-irani\/#breadcrumb","itemListElement":[{"@type":"ListItem","position":1,"name":"Portada","item":"https:\/\/www.eldiario.net\/portal\/"},{"@type":"ListItem","position":2,"name":"Alemania retira a su embajador tras ejecuci\u00f3n de ciudadano germano-iran\u00ed"}]},{"@type":"WebSite","@id":"https:\/\/www.eldiario.net\/portal\/#website","url":"https:\/\/www.eldiario.net\/portal\/","name":"El Diario - Decano de la prensa nacional","description":"El Diario - Decano de la prensa nacional","publisher":{"@id":"https:\/\/www.eldiario.net\/portal\/#organization"},"potentialAction":[{"@type":"SearchAction","target":{"@type":"EntryPoint","urlTemplate":"https:\/\/www.eldiario.net\/portal\/?s={search_term_string}"},"query-input":{"@type":"PropertyValueSpecification","valueRequired":true,"valueName":"search_term_string"}}],"inLanguage":"es"},{"@type":"Organization","@id":"https:\/\/www.eldiario.net\/portal\/#organization","name":"El Diario - Decano de la prensa nacional","url":"https:\/\/www.eldiario.net\/portal\/","logo":{"@type":"ImageObject","inLanguage":"es","@id":"https:\/\/www.eldiario.net\/portal\/#\/schema\/logo\/image\/","url":"https:\/\/www.eldiario.net\/portal\/wp-content\/uploads\/2023\/07\/logo_ED.jpg","contentUrl":"https:\/\/www.eldiario.net\/portal\/wp-content\/uploads\/2023\/07\/logo_ED.jpg","width":272,"height":52,"caption":"El Diario - Decano de la prensa nacional"},"image":{"@id":"https:\/\/www.eldiario.net\/portal\/#\/schema\/logo\/image\/"},"sameAs":["https:\/\/www.facebook.com\/eldiario.bolivia\/","https:\/\/x.com\/eldiario_net"]},{"@type":"Person","@id":"https:\/\/www.eldiario.net\/portal\/#\/schema\/person\/f46445640444750d7d753ccd04ae01b7","name":"Jeanette","image":{"@type":"ImageObject","inLanguage":"es","@id":"https:\/\/secure.gravatar.com\/avatar\/3ea2118a5f7dad2b7138b1187a6b7ee55f160b9968b66013c3a3ef39dd7e5798?s=96&d=mm&r=g","url":"https:\/\/secure.gravatar.com\/avatar\/3ea2118a5f7dad2b7138b1187a6b7ee55f160b9968b66013c3a3ef39dd7e5798?s=96&d=mm&r=g","contentUrl":"https:\/\/secure.gravatar.com\/avatar\/3ea2118a5f7dad2b7138b1187a6b7ee55f160b9968b66013c3a3ef39dd7e5798?s=96&d=mm&r=g","caption":"Jeanette"},"sameAs":["https:\/\/www.eldiario.net\/portal"],"url":"https:\/\/www.eldiario.net\/portal\/author\/jeanette\/"}]}},"_links":{"self":[{"href":"https:\/\/www.eldiario.net\/portal\/wp-json\/wp\/v2\/posts\/257462","targetHints":{"allow":["GET"]}}],"collection":[{"href":"https:\/\/www.eldiario.net\/portal\/wp-json\/wp\/v2\/posts"}],"about":[{"href":"https:\/\/www.eldiario.net\/portal\/wp-json\/wp\/v2\/types\/post"}],"author":[{"embeddable":true,"href":"https:\/\/www.eldiario.net\/portal\/wp-json\/wp\/v2\/users\/1"}],"replies":[{"embeddable":true,"href":"https:\/\/www.eldiario.net\/portal\/wp-json\/wp\/v2\/comments?post=257462"}],"version-history":[{"count":1,"href":"https:\/\/www.eldiario.net\/portal\/wp-json\/wp\/v2\/posts\/257462\/revisions"}],"predecessor-version":[{"id":257464,"href":"https:\/\/www.eldiario.net\/portal\/wp-json\/wp\/v2\/posts\/257462\/revisions\/257464"}],"wp:featuredmedia":[{"embeddable":true,"href":"https:\/\/www.eldiario.net\/portal\/wp-json\/wp\/v2\/media\/257463"}],"wp:attachment":[{"href":"https:\/\/www.eldiario.net\/portal\/wp-json\/wp\/v2\/media?parent=257462"}],"wp:term":[{"taxonomy":"category","embeddable":true,"href":"https:\/\/www.eldiario.net\/portal\/wp-json\/wp\/v2\/categories?post=257462"},{"taxonomy":"post_tag","embeddable":true,"href":"https:\/\/www.eldiario.net\/portal\/wp-json\/wp\/v2\/tags?post=257462"}],"curies":[{"name":"wp","href":"https:\/\/api.w.org\/{rel}","templated":true}]}}