{"id":257459,"date":"2024-10-30T06:09:04","date_gmt":"2024-10-30T10:09:04","guid":{"rendered":"https:\/\/www.eldiario.net\/portal\/?p=257459"},"modified":"2024-10-30T06:09:04","modified_gmt":"2024-10-30T10:09:04","slug":"piden-a-israel-reconsidere-prohibicion-de-actividad-humanitaria-de-la-unrwa","status":"publish","type":"post","link":"https:\/\/www.eldiario.net\/portal\/2024\/10\/30\/piden-a-israel-reconsidere-prohibicion-de-actividad-humanitaria-de-la-unrwa\/","title":{"rendered":"Piden a Israel reconsidere prohibici\u00f3n  de actividad humanitaria de la Unrwa"},"content":{"rendered":"<p class=\"v1MsoNormal\">La Uni\u00f3n Europea reclam\u00f3 ayer a Israel que d\u00e9 marcha atr\u00e1s tras adoptar una ley que proh\u00edbe la actividad en el pa\u00eds y en los territorios palestinos a la Agencia de Naciones Unidas para los Refugiados de Palestina en Oriente Pr\u00f3ximo (Unrwa).<\/p>\n<p class=\"v1MsoNormal\">\u00abUrgimos a las autoridades a reconsiderar la decisi\u00f3n y prevenir la destrucci\u00f3n de los servicios de la Unrwa que dan ayuda vital y aseguran el acceso humanitario de la Unrwa a los refugiados palestinos\u00bb, asegur\u00f3 la portavoz de Exteriores de la Uni\u00f3n Europea, Nabila Massrali, en una rueda de prensa desde la capital comunitaria.<\/p>\n<p class=\"v1MsoNormal\">En este sentido, se\u00f1al\u00f3 que la UE sigue comprometida con la agencia de la ONU y su misi\u00f3n en la regi\u00f3n de Oriente Pr\u00f3ximo, reiterando que \u00abno hay alternativa\u00bb al trabajo que hace.<\/p>\n<p class=\"v1MsoNormal\">\u00abEs un pilar de estabilidad regional y el \u00fanico que puede proveer de suministros b\u00e1sicos\u00bb, sostuvo Massrali para recalcar que \u00abjuega un papel fundamental\u00bb para avanzar en la soluci\u00f3n de dos Estados.<\/p>\n<p class=\"v1MsoNormal\">En un comunicado previo a que la normativa fuera aprobada por la Kn\u00e9set, el Alto Representante de la UE para Pol\u00edtica Exterior, Josep Borrell, alert\u00f3 de que la ley est\u00e1 \u00aben total contradicci\u00f3n con el derecho internacional y el principio humanitario fundamental de humanidad\u00bb, apunt\u00f3 que \u00abs\u00f3lo exacerbar\u00e1 una crisis humanitaria ya de por s\u00ed grave\u00bb.<\/p>\n<p class=\"v1MsoNormal\">As\u00ed advirti\u00f3 de que estas leyes \u00abtendr\u00e1n consecuencias de gran alcance\u00bb e \u00abimposibilitar\u00e1\u00bb las operaciones vitales de la Unrwa en Gaza. Un total de 92 de los 120 diputados del Parlamento unicameral israel\u00ed apoyaron la iniciativa, mientras que diez votaron en contra.<\/p>\n<p class=\"v1MsoNormal\">A favor de la propuesta votaron tambi\u00e9n partidos de la oposici\u00f3n como Yesh Atid, el Partido Unidad Nacional o Yisrael Beiteinu. La reacci\u00f3n del comisionado general de la Unrwa, Philippe Lazzarini, fue se\u00f1alar que el paso supone un \u00abprecedente peligroso\u00bb y que \u00absolo profundiza el sufrimiento de los palestinos\u00bb.(EP)<\/p>\n","protected":false},"excerpt":{"rendered":"<p>La Uni\u00f3n Europea reclam\u00f3 ayer a Israel que d\u00e9 marcha atr\u00e1s tras adoptar una ley que proh\u00edbe la actividad en el pa\u00eds y en los territorios palestinos a la Agencia de Naciones Unidas para los Refugiados de Palestina en Oriente Pr\u00f3ximo (Unrwa). \u00abUrgimos a las autoridades a reconsiderar la decisi\u00f3n y prevenir la destrucci\u00f3n de [&hellip;]<\/p>\n","protected":false},"author":1,"featured_media":257460,"comment_status":"closed","ping_status":"open","sticky":false,"template":"","format":"standard","meta":{"_acf_changed":false,"footnotes":""},"categories":[3],"tags":[],"class_list":["post-257459","post","type-post","status-publish","format-standard","has-post-thumbnail","category-internacional"],"acf":{"antetitulo":"Uni\u00f3n Europea"},"yoast_head":"<!-- This site is optimized with the Yoast SEO plugin v28.4 - https:\/\/yoast.com\/product\/yoast-seo-wordpress\/ -->\n<title>Piden a Israel reconsidere prohibici\u00f3n de actividad humanitaria de la Unrwa - El Diario - Bolivia<\/title>\n<meta name=\"robots\" content=\"index, follow, max-snippet:-1, max-image-preview:large, max-video-preview:-1\" \/>\n<link rel=\"canonical\" href=\"https:\/\/www.eldiario.net\/portal\/2024\/10\/30\/piden-a-israel-reconsidere-prohibicion-de-actividad-humanitaria-de-la-unrwa\/\" \/>\n<meta property=\"og:locale\" content=\"es_ES\" \/>\n<meta property=\"og:type\" content=\"article\" \/>\n<meta property=\"og:title\" content=\"Piden a Israel reconsidere prohibici\u00f3n de actividad humanitaria de la Unrwa - El Diario - Bolivia\" \/>\n<meta property=\"og:description\" content=\"La Uni\u00f3n Europea reclam\u00f3 ayer a Israel que d\u00e9 marcha atr\u00e1s tras adoptar una ley que proh\u00edbe la actividad en el pa\u00eds y en los territorios palestinos a la Agencia de Naciones Unidas para los Refugiados de Palestina en Oriente Pr\u00f3ximo (Unrwa). \u00abUrgimos a las autoridades a reconsiderar la decisi\u00f3n y prevenir la destrucci\u00f3n de [&hellip;]\" \/>\n<meta property=\"og:url\" content=\"https:\/\/www.eldiario.net\/portal\/2024\/10\/30\/piden-a-israel-reconsidere-prohibicion-de-actividad-humanitaria-de-la-unrwa\/\" \/>\n<meta property=\"og:site_name\" content=\"El Diario - Bolivia\" \/>\n<meta property=\"article:publisher\" content=\"https:\/\/www.facebook.com\/eldiario.bolivia\/\" \/>\n<meta property=\"article:published_time\" content=\"2024-10-30T10:09:04+00:00\" \/>\n<meta property=\"og:image\" content=\"https:\/\/www.eldiario.net\/portal\/wp-content\/uploads\/2024\/10\/ISRAEL-Getty-Images.jpg\" \/>\n\t<meta property=\"og:image:width\" content=\"1200\" \/>\n\t<meta property=\"og:image:height\" content=\"525\" \/>\n\t<meta property=\"og:image:type\" content=\"image\/jpeg\" \/>\n<meta name=\"author\" content=\"Jeanette\" \/>\n<meta name=\"twitter:card\" content=\"summary_large_image\" \/>\n<meta name=\"twitter:creator\" content=\"@eldiario_net\" \/>\n<meta name=\"twitter:site\" content=\"@eldiario_net\" \/>\n<meta name=\"twitter:label1\" content=\"Escrito por\" \/>\n\t<meta name=\"twitter:data1\" content=\"Jeanette\" \/>\n\t<meta name=\"twitter:label2\" content=\"Tiempo de lectura\" \/>\n\t<meta name=\"twitter:data2\" content=\"2 minutos\" \/>\n<script type=\"application\/ld+json\" class=\"yoast-schema-graph\">{\"@context\":\"https:\\\/\\\/schema.org\",\"@graph\":[{\"@type\":\"Article\",\"@id\":\"https:\\\/\\\/www.eldiario.net\\\/portal\\\/2024\\\/10\\\/30\\\/piden-a-israel-reconsidere-prohibicion-de-actividad-humanitaria-de-la-unrwa\\\/#article\",\"isPartOf\":{\"@id\":\"https:\\\/\\\/www.eldiario.net\\\/portal\\\/2024\\\/10\\\/30\\\/piden-a-israel-reconsidere-prohibicion-de-actividad-humanitaria-de-la-unrwa\\\/\"},\"author\":{\"name\":\"Jeanette\",\"@id\":\"https:\\\/\\\/www.eldiario.net\\\/portal\\\/#\\\/schema\\\/person\\\/f46445640444750d7d753ccd04ae01b7\"},\"headline\":\"Piden a Israel reconsidere prohibici\u00f3n de actividad humanitaria de la Unrwa\",\"datePublished\":\"2024-10-30T10:09:04+00:00\",\"mainEntityOfPage\":{\"@id\":\"https:\\\/\\\/www.eldiario.net\\\/portal\\\/2024\\\/10\\\/30\\\/piden-a-israel-reconsidere-prohibicion-de-actividad-humanitaria-de-la-unrwa\\\/\"},\"wordCount\":342,\"publisher\":{\"@id\":\"https:\\\/\\\/www.eldiario.net\\\/portal\\\/#organization\"},\"image\":{\"@id\":\"https:\\\/\\\/www.eldiario.net\\\/portal\\\/2024\\\/10\\\/30\\\/piden-a-israel-reconsidere-prohibicion-de-actividad-humanitaria-de-la-unrwa\\\/#primaryimage\"},\"thumbnailUrl\":\"https:\\\/\\\/www.eldiario.net\\\/portal\\\/wp-content\\\/uploads\\\/2024\\\/10\\\/ISRAEL-Getty-Images.jpg\",\"articleSection\":[\"Internacional\"],\"inLanguage\":\"es\"},{\"@type\":\"WebPage\",\"@id\":\"https:\\\/\\\/www.eldiario.net\\\/portal\\\/2024\\\/10\\\/30\\\/piden-a-israel-reconsidere-prohibicion-de-actividad-humanitaria-de-la-unrwa\\\/\",\"url\":\"https:\\\/\\\/www.eldiario.net\\\/portal\\\/2024\\\/10\\\/30\\\/piden-a-israel-reconsidere-prohibicion-de-actividad-humanitaria-de-la-unrwa\\\/\",\"name\":\"Piden a Israel reconsidere prohibici\u00f3n de actividad humanitaria de la Unrwa - El Diario - Bolivia\",\"isPartOf\":{\"@id\":\"https:\\\/\\\/www.eldiario.net\\\/portal\\\/#website\"},\"primaryImageOfPage\":{\"@id\":\"https:\\\/\\\/www.eldiario.net\\\/portal\\\/2024\\\/10\\\/30\\\/piden-a-israel-reconsidere-prohibicion-de-actividad-humanitaria-de-la-unrwa\\\/#primaryimage\"},\"image\":{\"@id\":\"https:\\\/\\\/www.eldiario.net\\\/portal\\\/2024\\\/10\\\/30\\\/piden-a-israel-reconsidere-prohibicion-de-actividad-humanitaria-de-la-unrwa\\\/#primaryimage\"},\"thumbnailUrl\":\"https:\\\/\\\/www.eldiario.net\\\/portal\\\/wp-content\\\/uploads\\\/2024\\\/10\\\/ISRAEL-Getty-Images.jpg\",\"datePublished\":\"2024-10-30T10:09:04+00:00\",\"breadcrumb\":{\"@id\":\"https:\\\/\\\/www.eldiario.net\\\/portal\\\/2024\\\/10\\\/30\\\/piden-a-israel-reconsidere-prohibicion-de-actividad-humanitaria-de-la-unrwa\\\/#breadcrumb\"},\"inLanguage\":\"es\",\"potentialAction\":[{\"@type\":\"ReadAction\",\"target\":[\"https:\\\/\\\/www.eldiario.net\\\/portal\\\/2024\\\/10\\\/30\\\/piden-a-israel-reconsidere-prohibicion-de-actividad-humanitaria-de-la-unrwa\\\/\"]}]},{\"@type\":\"ImageObject\",\"inLanguage\":\"es\",\"@id\":\"https:\\\/\\\/www.eldiario.net\\\/portal\\\/2024\\\/10\\\/30\\\/piden-a-israel-reconsidere-prohibicion-de-actividad-humanitaria-de-la-unrwa\\\/#primaryimage\",\"url\":\"https:\\\/\\\/www.eldiario.net\\\/portal\\\/wp-content\\\/uploads\\\/2024\\\/10\\\/ISRAEL-Getty-Images.jpg\",\"contentUrl\":\"https:\\\/\\\/www.eldiario.net\\\/portal\\\/wp-content\\\/uploads\\\/2024\\\/10\\\/ISRAEL-Getty-Images.jpg\",\"width\":1200,\"height\":525,\"caption\":\"Imagen referencial. CREDITO: Getty Images\"},{\"@type\":\"BreadcrumbList\",\"@id\":\"https:\\\/\\\/www.eldiario.net\\\/portal\\\/2024\\\/10\\\/30\\\/piden-a-israel-reconsidere-prohibicion-de-actividad-humanitaria-de-la-unrwa\\\/#breadcrumb\",\"itemListElement\":[{\"@type\":\"ListItem\",\"position\":1,\"name\":\"Portada\",\"item\":\"https:\\\/\\\/www.eldiario.net\\\/portal\\\/\"},{\"@type\":\"ListItem\",\"position\":2,\"name\":\"Piden a Israel reconsidere prohibici\u00f3n de actividad humanitaria de la Unrwa\"}]},{\"@type\":\"WebSite\",\"@id\":\"https:\\\/\\\/www.eldiario.net\\\/portal\\\/#website\",\"url\":\"https:\\\/\\\/www.eldiario.net\\\/portal\\\/\",\"name\":\"El Diario - Decano de la prensa nacional\",\"description\":\"El Diario - Decano de la prensa nacional\",\"publisher\":{\"@id\":\"https:\\\/\\\/www.eldiario.net\\\/portal\\\/#organization\"},\"potentialAction\":[{\"@type\":\"SearchAction\",\"target\":{\"@type\":\"EntryPoint\",\"urlTemplate\":\"https:\\\/\\\/www.eldiario.net\\\/portal\\\/?s={search_term_string}\"},\"query-input\":{\"@type\":\"PropertyValueSpecification\",\"valueRequired\":true,\"valueName\":\"search_term_string\"}}],\"inLanguage\":\"es\"},{\"@type\":\"Organization\",\"@id\":\"https:\\\/\\\/www.eldiario.net\\\/portal\\\/#organization\",\"name\":\"El Diario - Decano de la prensa nacional\",\"url\":\"https:\\\/\\\/www.eldiario.net\\\/portal\\\/\",\"logo\":{\"@type\":\"ImageObject\",\"inLanguage\":\"es\",\"@id\":\"https:\\\/\\\/www.eldiario.net\\\/portal\\\/#\\\/schema\\\/logo\\\/image\\\/\",\"url\":\"https:\\\/\\\/www.eldiario.net\\\/portal\\\/wp-content\\\/uploads\\\/2023\\\/07\\\/logo_ED.jpg\",\"contentUrl\":\"https:\\\/\\\/www.eldiario.net\\\/portal\\\/wp-content\\\/uploads\\\/2023\\\/07\\\/logo_ED.jpg\",\"width\":272,\"height\":52,\"caption\":\"El Diario - Decano de la prensa nacional\"},\"image\":{\"@id\":\"https:\\\/\\\/www.eldiario.net\\\/portal\\\/#\\\/schema\\\/logo\\\/image\\\/\"},\"sameAs\":[\"https:\\\/\\\/www.facebook.com\\\/eldiario.bolivia\\\/\",\"https:\\\/\\\/x.com\\\/eldiario_net\"]},{\"@type\":\"Person\",\"@id\":\"https:\\\/\\\/www.eldiario.net\\\/portal\\\/#\\\/schema\\\/person\\\/f46445640444750d7d753ccd04ae01b7\",\"name\":\"Jeanette\",\"image\":{\"@type\":\"ImageObject\",\"inLanguage\":\"es\",\"@id\":\"https:\\\/\\\/secure.gravatar.com\\\/avatar\\\/3ea2118a5f7dad2b7138b1187a6b7ee55f160b9968b66013c3a3ef39dd7e5798?s=96&d=mm&r=g\",\"url\":\"https:\\\/\\\/secure.gravatar.com\\\/avatar\\\/3ea2118a5f7dad2b7138b1187a6b7ee55f160b9968b66013c3a3ef39dd7e5798?s=96&d=mm&r=g\",\"contentUrl\":\"https:\\\/\\\/secure.gravatar.com\\\/avatar\\\/3ea2118a5f7dad2b7138b1187a6b7ee55f160b9968b66013c3a3ef39dd7e5798?s=96&d=mm&r=g\",\"caption\":\"Jeanette\"},\"sameAs\":[\"https:\\\/\\\/www.eldiario.net\\\/portal\"],\"url\":\"https:\\\/\\\/www.eldiario.net\\\/portal\\\/author\\\/jeanette\\\/\"}]}<\/script>\n<!-- \/ Yoast SEO plugin. -->","yoast_head_json":{"title":"Piden a Israel reconsidere prohibici\u00f3n de actividad humanitaria de la Unrwa - El Diario - Bolivia","robots":{"index":"index","follow":"follow","max-snippet":"max-snippet:-1","max-image-preview":"max-image-preview:large","max-video-preview":"max-video-preview:-1"},"canonical":"https:\/\/www.eldiario.net\/portal\/2024\/10\/30\/piden-a-israel-reconsidere-prohibicion-de-actividad-humanitaria-de-la-unrwa\/","og_locale":"es_ES","og_type":"article","og_title":"Piden a Israel reconsidere prohibici\u00f3n de actividad humanitaria de la Unrwa - El Diario - Bolivia","og_description":"La Uni\u00f3n Europea reclam\u00f3 ayer a Israel que d\u00e9 marcha atr\u00e1s tras adoptar una ley que proh\u00edbe la actividad en el pa\u00eds y en los territorios palestinos a la Agencia de Naciones Unidas para los Refugiados de Palestina en Oriente Pr\u00f3ximo (Unrwa). \u00abUrgimos a las autoridades a reconsiderar la decisi\u00f3n y prevenir la destrucci\u00f3n de [&hellip;]","og_url":"https:\/\/www.eldiario.net\/portal\/2024\/10\/30\/piden-a-israel-reconsidere-prohibicion-de-actividad-humanitaria-de-la-unrwa\/","og_site_name":"El Diario - Bolivia","article_publisher":"https:\/\/www.facebook.com\/eldiario.bolivia\/","article_published_time":"2024-10-30T10:09:04+00:00","og_image":[{"width":1200,"height":525,"url":"https:\/\/www.eldiario.net\/portal\/wp-content\/uploads\/2024\/10\/ISRAEL-Getty-Images.jpg","type":"image\/jpeg"}],"author":"Jeanette","twitter_card":"summary_large_image","twitter_creator":"@eldiario_net","twitter_site":"@eldiario_net","twitter_misc":{"Escrito por":"Jeanette","Tiempo de lectura":"2 minutos"},"schema":{"@context":"https:\/\/schema.org","@graph":[{"@type":"Article","@id":"https:\/\/www.eldiario.net\/portal\/2024\/10\/30\/piden-a-israel-reconsidere-prohibicion-de-actividad-humanitaria-de-la-unrwa\/#article","isPartOf":{"@id":"https:\/\/www.eldiario.net\/portal\/2024\/10\/30\/piden-a-israel-reconsidere-prohibicion-de-actividad-humanitaria-de-la-unrwa\/"},"author":{"name":"Jeanette","@id":"https:\/\/www.eldiario.net\/portal\/#\/schema\/person\/f46445640444750d7d753ccd04ae01b7"},"headline":"Piden a Israel reconsidere prohibici\u00f3n de actividad humanitaria de la Unrwa","datePublished":"2024-10-30T10:09:04+00:00","mainEntityOfPage":{"@id":"https:\/\/www.eldiario.net\/portal\/2024\/10\/30\/piden-a-israel-reconsidere-prohibicion-de-actividad-humanitaria-de-la-unrwa\/"},"wordCount":342,"publisher":{"@id":"https:\/\/www.eldiario.net\/portal\/#organization"},"image":{"@id":"https:\/\/www.eldiario.net\/portal\/2024\/10\/30\/piden-a-israel-reconsidere-prohibicion-de-actividad-humanitaria-de-la-unrwa\/#primaryimage"},"thumbnailUrl":"https:\/\/www.eldiario.net\/portal\/wp-content\/uploads\/2024\/10\/ISRAEL-Getty-Images.jpg","articleSection":["Internacional"],"inLanguage":"es"},{"@type":"WebPage","@id":"https:\/\/www.eldiario.net\/portal\/2024\/10\/30\/piden-a-israel-reconsidere-prohibicion-de-actividad-humanitaria-de-la-unrwa\/","url":"https:\/\/www.eldiario.net\/portal\/2024\/10\/30\/piden-a-israel-reconsidere-prohibicion-de-actividad-humanitaria-de-la-unrwa\/","name":"Piden a Israel reconsidere prohibici\u00f3n de actividad humanitaria de la Unrwa - El Diario - Bolivia","isPartOf":{"@id":"https:\/\/www.eldiario.net\/portal\/#website"},"primaryImageOfPage":{"@id":"https:\/\/www.eldiario.net\/portal\/2024\/10\/30\/piden-a-israel-reconsidere-prohibicion-de-actividad-humanitaria-de-la-unrwa\/#primaryimage"},"image":{"@id":"https:\/\/www.eldiario.net\/portal\/2024\/10\/30\/piden-a-israel-reconsidere-prohibicion-de-actividad-humanitaria-de-la-unrwa\/#primaryimage"},"thumbnailUrl":"https:\/\/www.eldiario.net\/portal\/wp-content\/uploads\/2024\/10\/ISRAEL-Getty-Images.jpg","datePublished":"2024-10-30T10:09:04+00:00","breadcrumb":{"@id":"https:\/\/www.eldiario.net\/portal\/2024\/10\/30\/piden-a-israel-reconsidere-prohibicion-de-actividad-humanitaria-de-la-unrwa\/#breadcrumb"},"inLanguage":"es","potentialAction":[{"@type":"ReadAction","target":["https:\/\/www.eldiario.net\/portal\/2024\/10\/30\/piden-a-israel-reconsidere-prohibicion-de-actividad-humanitaria-de-la-unrwa\/"]}]},{"@type":"ImageObject","inLanguage":"es","@id":"https:\/\/www.eldiario.net\/portal\/2024\/10\/30\/piden-a-israel-reconsidere-prohibicion-de-actividad-humanitaria-de-la-unrwa\/#primaryimage","url":"https:\/\/www.eldiario.net\/portal\/wp-content\/uploads\/2024\/10\/ISRAEL-Getty-Images.jpg","contentUrl":"https:\/\/www.eldiario.net\/portal\/wp-content\/uploads\/2024\/10\/ISRAEL-Getty-Images.jpg","width":1200,"height":525,"caption":"Imagen referencial. CREDITO: Getty Images"},{"@type":"BreadcrumbList","@id":"https:\/\/www.eldiario.net\/portal\/2024\/10\/30\/piden-a-israel-reconsidere-prohibicion-de-actividad-humanitaria-de-la-unrwa\/#breadcrumb","itemListElement":[{"@type":"ListItem","position":1,"name":"Portada","item":"https:\/\/www.eldiario.net\/portal\/"},{"@type":"ListItem","position":2,"name":"Piden a Israel reconsidere prohibici\u00f3n de actividad humanitaria de la Unrwa"}]},{"@type":"WebSite","@id":"https:\/\/www.eldiario.net\/portal\/#website","url":"https:\/\/www.eldiario.net\/portal\/","name":"El Diario - Decano de la prensa nacional","description":"El Diario - Decano de la prensa nacional","publisher":{"@id":"https:\/\/www.eldiario.net\/portal\/#organization"},"potentialAction":[{"@type":"SearchAction","target":{"@type":"EntryPoint","urlTemplate":"https:\/\/www.eldiario.net\/portal\/?s={search_term_string}"},"query-input":{"@type":"PropertyValueSpecification","valueRequired":true,"valueName":"search_term_string"}}],"inLanguage":"es"},{"@type":"Organization","@id":"https:\/\/www.eldiario.net\/portal\/#organization","name":"El Diario - Decano de la prensa nacional","url":"https:\/\/www.eldiario.net\/portal\/","logo":{"@type":"ImageObject","inLanguage":"es","@id":"https:\/\/www.eldiario.net\/portal\/#\/schema\/logo\/image\/","url":"https:\/\/www.eldiario.net\/portal\/wp-content\/uploads\/2023\/07\/logo_ED.jpg","contentUrl":"https:\/\/www.eldiario.net\/portal\/wp-content\/uploads\/2023\/07\/logo_ED.jpg","width":272,"height":52,"caption":"El Diario - Decano de la prensa nacional"},"image":{"@id":"https:\/\/www.eldiario.net\/portal\/#\/schema\/logo\/image\/"},"sameAs":["https:\/\/www.facebook.com\/eldiario.bolivia\/","https:\/\/x.com\/eldiario_net"]},{"@type":"Person","@id":"https:\/\/www.eldiario.net\/portal\/#\/schema\/person\/f46445640444750d7d753ccd04ae01b7","name":"Jeanette","image":{"@type":"ImageObject","inLanguage":"es","@id":"https:\/\/secure.gravatar.com\/avatar\/3ea2118a5f7dad2b7138b1187a6b7ee55f160b9968b66013c3a3ef39dd7e5798?s=96&d=mm&r=g","url":"https:\/\/secure.gravatar.com\/avatar\/3ea2118a5f7dad2b7138b1187a6b7ee55f160b9968b66013c3a3ef39dd7e5798?s=96&d=mm&r=g","contentUrl":"https:\/\/secure.gravatar.com\/avatar\/3ea2118a5f7dad2b7138b1187a6b7ee55f160b9968b66013c3a3ef39dd7e5798?s=96&d=mm&r=g","caption":"Jeanette"},"sameAs":["https:\/\/www.eldiario.net\/portal"],"url":"https:\/\/www.eldiario.net\/portal\/author\/jeanette\/"}]}},"_links":{"self":[{"href":"https:\/\/www.eldiario.net\/portal\/wp-json\/wp\/v2\/posts\/257459","targetHints":{"allow":["GET"]}}],"collection":[{"href":"https:\/\/www.eldiario.net\/portal\/wp-json\/wp\/v2\/posts"}],"about":[{"href":"https:\/\/www.eldiario.net\/portal\/wp-json\/wp\/v2\/types\/post"}],"author":[{"embeddable":true,"href":"https:\/\/www.eldiario.net\/portal\/wp-json\/wp\/v2\/users\/1"}],"replies":[{"embeddable":true,"href":"https:\/\/www.eldiario.net\/portal\/wp-json\/wp\/v2\/comments?post=257459"}],"version-history":[{"count":1,"href":"https:\/\/www.eldiario.net\/portal\/wp-json\/wp\/v2\/posts\/257459\/revisions"}],"predecessor-version":[{"id":257461,"href":"https:\/\/www.eldiario.net\/portal\/wp-json\/wp\/v2\/posts\/257459\/revisions\/257461"}],"wp:featuredmedia":[{"embeddable":true,"href":"https:\/\/www.eldiario.net\/portal\/wp-json\/wp\/v2\/media\/257460"}],"wp:attachment":[{"href":"https:\/\/www.eldiario.net\/portal\/wp-json\/wp\/v2\/media?parent=257459"}],"wp:term":[{"taxonomy":"category","embeddable":true,"href":"https:\/\/www.eldiario.net\/portal\/wp-json\/wp\/v2\/categories?post=257459"},{"taxonomy":"post_tag","embeddable":true,"href":"https:\/\/www.eldiario.net\/portal\/wp-json\/wp\/v2\/tags?post=257459"}],"curies":[{"name":"wp","href":"https:\/\/api.w.org\/{rel}","templated":true}]}}