{"id":257456,"date":"2024-10-30T06:08:29","date_gmt":"2024-10-30T10:08:29","guid":{"rendered":"https:\/\/www.eldiario.net\/portal\/?p=257456"},"modified":"2024-10-30T06:08:29","modified_gmt":"2024-10-30T10:08:29","slug":"ucrania-preve-movilizar-a-160-00-militares-adicionales","status":"publish","type":"post","link":"https:\/\/www.eldiario.net\/portal\/2024\/10\/30\/ucrania-preve-movilizar-a-160-00-militares-adicionales\/","title":{"rendered":"Ucrania prev\u00e9 movilizar a  160.00 militares adicionales"},"content":{"rendered":"<p class=\"v1MsoNormal\">Ucrania tiene previsto movilizar a 160.000 reclutas adicionales para sus Fuerzas Armadas, afirm\u00f3 ayer el secretario del gubernamental Consejo de Defensa y Seguridad Nacional, Oleksandr Litvinenko, durante una sesi\u00f3n de la Rada Suprema o Parlamento en Kiev. La decisi\u00f3n se toma en momentos en que los invasores rusos incrementan la presi\u00f3n en el este.<\/p>\n<p class=\"v1MsoNormal\">\u00abPrevemos movilizar a m\u00e1s de 160.000 personas\u00bb, lo que permitir\u00e1 reponer las filas del ej\u00e9rcito en un 85 por ciento, indic\u00f3 Litvinenko, seg\u00fan un video de su discurso divulgado por un legislador. Desde el inicio de la invasi\u00f3n rusa a gran escala, en febrero de 2022, \u00abse ha alistado a un total de 1,5 millones de ciudadanos\u00bb, precis\u00f3 Litvinenko en su reuni\u00f3n con los congresistas, que se realiz\u00f3 a puerta cerrada.<\/p>\n<p class=\"v1MsoNormal\">La nueva oleada de movilizaciones se organizar\u00e1 durante los pr\u00f3ximos tres meses, un per\u00edodo durante el cual Ucrania acaba de prorrogar la ley marcial impuesta al comienzo de la guerra de agresi\u00f3n lanzada por Vladimir Putin, precis\u00f3 a la agencia AFP una fuente del sector de seguridad. La movilizaci\u00f3n es un tema pol\u00e9mico, considerado injusto por muchos ucranianos, y dio lugar a varios esc\u00e1ndalos de corrupci\u00f3n.<\/p>\n<p class=\"v1MsoNormal\">\n<p class=\"v1MsoNormal\">SESIONES NO SON P\u00daBLICAS<\/p>\n<p class=\"v1MsoNormal\">Las autoridades ucranianas no suelen dar precisiones sobre los efectivos de las Fuerzas Armadas ni sobre sus planes de movilizaci\u00f3n y muy raramente informan de bajas en sus filas. El presidente ucraniano, Volodimir Zelenski, inform\u00f3 a fines de febrero que 31.000 militares hab\u00edan perdido la vida en el conflicto. Esa cifra no incluye el n\u00famero de desaparecidos, que se estima en decenas de miles.<\/p>\n<p class=\"v1MsoNormal\">Las sesiones de la Rada no son p\u00fablicas, pero las declaraciones de Litvinenko figuran en un video publicado por el diputado Sergui Goncharenko, del partido opositor Solidaridad Europea. El Consejo de Defensa y Seguridad Nacional es un \u00f3rgano gubernamental supeditado al presidente, y del que forman parte ministros, el comandante en jefe de las Fuerzas Armadas y los directores de los servicios de seguridad, entre otros.(Dw)<\/p>\n<p class=\"v1MsoNormal\">\n","protected":false},"excerpt":{"rendered":"<p>Ucrania tiene previsto movilizar a 160.000 reclutas adicionales para sus Fuerzas Armadas, afirm\u00f3 ayer el secretario del gubernamental Consejo de Defensa y Seguridad Nacional, Oleksandr Litvinenko, durante una sesi\u00f3n de la Rada Suprema o Parlamento en Kiev. La decisi\u00f3n se toma en momentos en que los invasores rusos incrementan la presi\u00f3n en el este. \u00abPrevemos [&hellip;]<\/p>\n","protected":false},"author":1,"featured_media":257457,"comment_status":"closed","ping_status":"open","sticky":false,"template":"","format":"standard","meta":{"_acf_changed":false,"footnotes":""},"categories":[3],"tags":[],"class_list":["post-257456","post","type-post","status-publish","format-standard","has-post-thumbnail","category-internacional"],"acf":{"antetitulo":""},"yoast_head":"<!-- This site is optimized with the Yoast SEO plugin v28.4 - https:\/\/yoast.com\/product\/yoast-seo-wordpress\/ -->\n<title>Ucrania prev\u00e9 movilizar a 160.00 militares adicionales - El Diario - Bolivia<\/title>\n<meta name=\"robots\" content=\"index, follow, max-snippet:-1, max-image-preview:large, max-video-preview:-1\" \/>\n<link rel=\"canonical\" href=\"https:\/\/www.eldiario.net\/portal\/2024\/10\/30\/ucrania-preve-movilizar-a-160-00-militares-adicionales\/\" \/>\n<meta property=\"og:locale\" content=\"es_ES\" \/>\n<meta property=\"og:type\" content=\"article\" \/>\n<meta property=\"og:title\" content=\"Ucrania prev\u00e9 movilizar a 160.00 militares adicionales - El Diario - Bolivia\" \/>\n<meta property=\"og:description\" content=\"Ucrania tiene previsto movilizar a 160.000 reclutas adicionales para sus Fuerzas Armadas, afirm\u00f3 ayer el secretario del gubernamental Consejo de Defensa y Seguridad Nacional, Oleksandr Litvinenko, durante una sesi\u00f3n de la Rada Suprema o Parlamento en Kiev. La decisi\u00f3n se toma en momentos en que los invasores rusos incrementan la presi\u00f3n en el este. \u00abPrevemos [&hellip;]\" \/>\n<meta property=\"og:url\" content=\"https:\/\/www.eldiario.net\/portal\/2024\/10\/30\/ucrania-preve-movilizar-a-160-00-militares-adicionales\/\" \/>\n<meta property=\"og:site_name\" content=\"El Diario - Bolivia\" \/>\n<meta property=\"article:publisher\" content=\"https:\/\/www.facebook.com\/eldiario.bolivia\/\" \/>\n<meta property=\"article:published_time\" content=\"2024-10-30T10:08:29+00:00\" \/>\n<meta property=\"og:image\" content=\"https:\/\/www.eldiario.net\/portal\/wp-content\/uploads\/2024\/10\/MILITARES-Picture-Alliance.jpg\" \/>\n\t<meta property=\"og:image:width\" content=\"1200\" \/>\n\t<meta property=\"og:image:height\" content=\"525\" \/>\n\t<meta property=\"og:image:type\" content=\"image\/jpeg\" \/>\n<meta name=\"author\" content=\"Jeanette\" \/>\n<meta name=\"twitter:card\" content=\"summary_large_image\" \/>\n<meta name=\"twitter:creator\" content=\"@eldiario_net\" \/>\n<meta name=\"twitter:site\" content=\"@eldiario_net\" \/>\n<meta name=\"twitter:label1\" content=\"Escrito por\" \/>\n\t<meta name=\"twitter:data1\" content=\"Jeanette\" \/>\n\t<meta name=\"twitter:label2\" content=\"Tiempo de lectura\" \/>\n\t<meta name=\"twitter:data2\" content=\"2 minutos\" \/>\n<script type=\"application\/ld+json\" class=\"yoast-schema-graph\">{\"@context\":\"https:\\\/\\\/schema.org\",\"@graph\":[{\"@type\":\"Article\",\"@id\":\"https:\\\/\\\/www.eldiario.net\\\/portal\\\/2024\\\/10\\\/30\\\/ucrania-preve-movilizar-a-160-00-militares-adicionales\\\/#article\",\"isPartOf\":{\"@id\":\"https:\\\/\\\/www.eldiario.net\\\/portal\\\/2024\\\/10\\\/30\\\/ucrania-preve-movilizar-a-160-00-militares-adicionales\\\/\"},\"author\":{\"name\":\"Jeanette\",\"@id\":\"https:\\\/\\\/www.eldiario.net\\\/portal\\\/#\\\/schema\\\/person\\\/f46445640444750d7d753ccd04ae01b7\"},\"headline\":\"Ucrania prev\u00e9 movilizar a 160.00 militares adicionales\",\"datePublished\":\"2024-10-30T10:08:29+00:00\",\"mainEntityOfPage\":{\"@id\":\"https:\\\/\\\/www.eldiario.net\\\/portal\\\/2024\\\/10\\\/30\\\/ucrania-preve-movilizar-a-160-00-militares-adicionales\\\/\"},\"wordCount\":346,\"publisher\":{\"@id\":\"https:\\\/\\\/www.eldiario.net\\\/portal\\\/#organization\"},\"image\":{\"@id\":\"https:\\\/\\\/www.eldiario.net\\\/portal\\\/2024\\\/10\\\/30\\\/ucrania-preve-movilizar-a-160-00-militares-adicionales\\\/#primaryimage\"},\"thumbnailUrl\":\"https:\\\/\\\/www.eldiario.net\\\/portal\\\/wp-content\\\/uploads\\\/2024\\\/10\\\/MILITARES-Picture-Alliance.jpg\",\"articleSection\":[\"Internacional\"],\"inLanguage\":\"es\"},{\"@type\":\"WebPage\",\"@id\":\"https:\\\/\\\/www.eldiario.net\\\/portal\\\/2024\\\/10\\\/30\\\/ucrania-preve-movilizar-a-160-00-militares-adicionales\\\/\",\"url\":\"https:\\\/\\\/www.eldiario.net\\\/portal\\\/2024\\\/10\\\/30\\\/ucrania-preve-movilizar-a-160-00-militares-adicionales\\\/\",\"name\":\"Ucrania prev\u00e9 movilizar a 160.00 militares adicionales - El Diario - Bolivia\",\"isPartOf\":{\"@id\":\"https:\\\/\\\/www.eldiario.net\\\/portal\\\/#website\"},\"primaryImageOfPage\":{\"@id\":\"https:\\\/\\\/www.eldiario.net\\\/portal\\\/2024\\\/10\\\/30\\\/ucrania-preve-movilizar-a-160-00-militares-adicionales\\\/#primaryimage\"},\"image\":{\"@id\":\"https:\\\/\\\/www.eldiario.net\\\/portal\\\/2024\\\/10\\\/30\\\/ucrania-preve-movilizar-a-160-00-militares-adicionales\\\/#primaryimage\"},\"thumbnailUrl\":\"https:\\\/\\\/www.eldiario.net\\\/portal\\\/wp-content\\\/uploads\\\/2024\\\/10\\\/MILITARES-Picture-Alliance.jpg\",\"datePublished\":\"2024-10-30T10:08:29+00:00\",\"breadcrumb\":{\"@id\":\"https:\\\/\\\/www.eldiario.net\\\/portal\\\/2024\\\/10\\\/30\\\/ucrania-preve-movilizar-a-160-00-militares-adicionales\\\/#breadcrumb\"},\"inLanguage\":\"es\",\"potentialAction\":[{\"@type\":\"ReadAction\",\"target\":[\"https:\\\/\\\/www.eldiario.net\\\/portal\\\/2024\\\/10\\\/30\\\/ucrania-preve-movilizar-a-160-00-militares-adicionales\\\/\"]}]},{\"@type\":\"ImageObject\",\"inLanguage\":\"es\",\"@id\":\"https:\\\/\\\/www.eldiario.net\\\/portal\\\/2024\\\/10\\\/30\\\/ucrania-preve-movilizar-a-160-00-militares-adicionales\\\/#primaryimage\",\"url\":\"https:\\\/\\\/www.eldiario.net\\\/portal\\\/wp-content\\\/uploads\\\/2024\\\/10\\\/MILITARES-Picture-Alliance.jpg\",\"contentUrl\":\"https:\\\/\\\/www.eldiario.net\\\/portal\\\/wp-content\\\/uploads\\\/2024\\\/10\\\/MILITARES-Picture-Alliance.jpg\",\"width\":1200,\"height\":525,\"caption\":\"Soldados ucranianos en el frente de J\u00e1rkiv. CREDITO: Picture Alliance\"},{\"@type\":\"BreadcrumbList\",\"@id\":\"https:\\\/\\\/www.eldiario.net\\\/portal\\\/2024\\\/10\\\/30\\\/ucrania-preve-movilizar-a-160-00-militares-adicionales\\\/#breadcrumb\",\"itemListElement\":[{\"@type\":\"ListItem\",\"position\":1,\"name\":\"Portada\",\"item\":\"https:\\\/\\\/www.eldiario.net\\\/portal\\\/\"},{\"@type\":\"ListItem\",\"position\":2,\"name\":\"Ucrania prev\u00e9 movilizar a 160.00 militares adicionales\"}]},{\"@type\":\"WebSite\",\"@id\":\"https:\\\/\\\/www.eldiario.net\\\/portal\\\/#website\",\"url\":\"https:\\\/\\\/www.eldiario.net\\\/portal\\\/\",\"name\":\"El Diario - Decano de la prensa nacional\",\"description\":\"El Diario - Decano de la prensa nacional\",\"publisher\":{\"@id\":\"https:\\\/\\\/www.eldiario.net\\\/portal\\\/#organization\"},\"potentialAction\":[{\"@type\":\"SearchAction\",\"target\":{\"@type\":\"EntryPoint\",\"urlTemplate\":\"https:\\\/\\\/www.eldiario.net\\\/portal\\\/?s={search_term_string}\"},\"query-input\":{\"@type\":\"PropertyValueSpecification\",\"valueRequired\":true,\"valueName\":\"search_term_string\"}}],\"inLanguage\":\"es\"},{\"@type\":\"Organization\",\"@id\":\"https:\\\/\\\/www.eldiario.net\\\/portal\\\/#organization\",\"name\":\"El Diario - Decano de la prensa nacional\",\"url\":\"https:\\\/\\\/www.eldiario.net\\\/portal\\\/\",\"logo\":{\"@type\":\"ImageObject\",\"inLanguage\":\"es\",\"@id\":\"https:\\\/\\\/www.eldiario.net\\\/portal\\\/#\\\/schema\\\/logo\\\/image\\\/\",\"url\":\"https:\\\/\\\/www.eldiario.net\\\/portal\\\/wp-content\\\/uploads\\\/2023\\\/07\\\/logo_ED.jpg\",\"contentUrl\":\"https:\\\/\\\/www.eldiario.net\\\/portal\\\/wp-content\\\/uploads\\\/2023\\\/07\\\/logo_ED.jpg\",\"width\":272,\"height\":52,\"caption\":\"El Diario - Decano de la prensa nacional\"},\"image\":{\"@id\":\"https:\\\/\\\/www.eldiario.net\\\/portal\\\/#\\\/schema\\\/logo\\\/image\\\/\"},\"sameAs\":[\"https:\\\/\\\/www.facebook.com\\\/eldiario.bolivia\\\/\",\"https:\\\/\\\/x.com\\\/eldiario_net\"]},{\"@type\":\"Person\",\"@id\":\"https:\\\/\\\/www.eldiario.net\\\/portal\\\/#\\\/schema\\\/person\\\/f46445640444750d7d753ccd04ae01b7\",\"name\":\"Jeanette\",\"image\":{\"@type\":\"ImageObject\",\"inLanguage\":\"es\",\"@id\":\"https:\\\/\\\/secure.gravatar.com\\\/avatar\\\/3ea2118a5f7dad2b7138b1187a6b7ee55f160b9968b66013c3a3ef39dd7e5798?s=96&d=mm&r=g\",\"url\":\"https:\\\/\\\/secure.gravatar.com\\\/avatar\\\/3ea2118a5f7dad2b7138b1187a6b7ee55f160b9968b66013c3a3ef39dd7e5798?s=96&d=mm&r=g\",\"contentUrl\":\"https:\\\/\\\/secure.gravatar.com\\\/avatar\\\/3ea2118a5f7dad2b7138b1187a6b7ee55f160b9968b66013c3a3ef39dd7e5798?s=96&d=mm&r=g\",\"caption\":\"Jeanette\"},\"sameAs\":[\"https:\\\/\\\/www.eldiario.net\\\/portal\"],\"url\":\"https:\\\/\\\/www.eldiario.net\\\/portal\\\/author\\\/jeanette\\\/\"}]}<\/script>\n<!-- \/ Yoast SEO plugin. -->","yoast_head_json":{"title":"Ucrania prev\u00e9 movilizar a 160.00 militares adicionales - El Diario - Bolivia","robots":{"index":"index","follow":"follow","max-snippet":"max-snippet:-1","max-image-preview":"max-image-preview:large","max-video-preview":"max-video-preview:-1"},"canonical":"https:\/\/www.eldiario.net\/portal\/2024\/10\/30\/ucrania-preve-movilizar-a-160-00-militares-adicionales\/","og_locale":"es_ES","og_type":"article","og_title":"Ucrania prev\u00e9 movilizar a 160.00 militares adicionales - El Diario - Bolivia","og_description":"Ucrania tiene previsto movilizar a 160.000 reclutas adicionales para sus Fuerzas Armadas, afirm\u00f3 ayer el secretario del gubernamental Consejo de Defensa y Seguridad Nacional, Oleksandr Litvinenko, durante una sesi\u00f3n de la Rada Suprema o Parlamento en Kiev. La decisi\u00f3n se toma en momentos en que los invasores rusos incrementan la presi\u00f3n en el este. \u00abPrevemos [&hellip;]","og_url":"https:\/\/www.eldiario.net\/portal\/2024\/10\/30\/ucrania-preve-movilizar-a-160-00-militares-adicionales\/","og_site_name":"El Diario - Bolivia","article_publisher":"https:\/\/www.facebook.com\/eldiario.bolivia\/","article_published_time":"2024-10-30T10:08:29+00:00","og_image":[{"width":1200,"height":525,"url":"https:\/\/www.eldiario.net\/portal\/wp-content\/uploads\/2024\/10\/MILITARES-Picture-Alliance.jpg","type":"image\/jpeg"}],"author":"Jeanette","twitter_card":"summary_large_image","twitter_creator":"@eldiario_net","twitter_site":"@eldiario_net","twitter_misc":{"Escrito por":"Jeanette","Tiempo de lectura":"2 minutos"},"schema":{"@context":"https:\/\/schema.org","@graph":[{"@type":"Article","@id":"https:\/\/www.eldiario.net\/portal\/2024\/10\/30\/ucrania-preve-movilizar-a-160-00-militares-adicionales\/#article","isPartOf":{"@id":"https:\/\/www.eldiario.net\/portal\/2024\/10\/30\/ucrania-preve-movilizar-a-160-00-militares-adicionales\/"},"author":{"name":"Jeanette","@id":"https:\/\/www.eldiario.net\/portal\/#\/schema\/person\/f46445640444750d7d753ccd04ae01b7"},"headline":"Ucrania prev\u00e9 movilizar a 160.00 militares adicionales","datePublished":"2024-10-30T10:08:29+00:00","mainEntityOfPage":{"@id":"https:\/\/www.eldiario.net\/portal\/2024\/10\/30\/ucrania-preve-movilizar-a-160-00-militares-adicionales\/"},"wordCount":346,"publisher":{"@id":"https:\/\/www.eldiario.net\/portal\/#organization"},"image":{"@id":"https:\/\/www.eldiario.net\/portal\/2024\/10\/30\/ucrania-preve-movilizar-a-160-00-militares-adicionales\/#primaryimage"},"thumbnailUrl":"https:\/\/www.eldiario.net\/portal\/wp-content\/uploads\/2024\/10\/MILITARES-Picture-Alliance.jpg","articleSection":["Internacional"],"inLanguage":"es"},{"@type":"WebPage","@id":"https:\/\/www.eldiario.net\/portal\/2024\/10\/30\/ucrania-preve-movilizar-a-160-00-militares-adicionales\/","url":"https:\/\/www.eldiario.net\/portal\/2024\/10\/30\/ucrania-preve-movilizar-a-160-00-militares-adicionales\/","name":"Ucrania prev\u00e9 movilizar a 160.00 militares adicionales - El Diario - Bolivia","isPartOf":{"@id":"https:\/\/www.eldiario.net\/portal\/#website"},"primaryImageOfPage":{"@id":"https:\/\/www.eldiario.net\/portal\/2024\/10\/30\/ucrania-preve-movilizar-a-160-00-militares-adicionales\/#primaryimage"},"image":{"@id":"https:\/\/www.eldiario.net\/portal\/2024\/10\/30\/ucrania-preve-movilizar-a-160-00-militares-adicionales\/#primaryimage"},"thumbnailUrl":"https:\/\/www.eldiario.net\/portal\/wp-content\/uploads\/2024\/10\/MILITARES-Picture-Alliance.jpg","datePublished":"2024-10-30T10:08:29+00:00","breadcrumb":{"@id":"https:\/\/www.eldiario.net\/portal\/2024\/10\/30\/ucrania-preve-movilizar-a-160-00-militares-adicionales\/#breadcrumb"},"inLanguage":"es","potentialAction":[{"@type":"ReadAction","target":["https:\/\/www.eldiario.net\/portal\/2024\/10\/30\/ucrania-preve-movilizar-a-160-00-militares-adicionales\/"]}]},{"@type":"ImageObject","inLanguage":"es","@id":"https:\/\/www.eldiario.net\/portal\/2024\/10\/30\/ucrania-preve-movilizar-a-160-00-militares-adicionales\/#primaryimage","url":"https:\/\/www.eldiario.net\/portal\/wp-content\/uploads\/2024\/10\/MILITARES-Picture-Alliance.jpg","contentUrl":"https:\/\/www.eldiario.net\/portal\/wp-content\/uploads\/2024\/10\/MILITARES-Picture-Alliance.jpg","width":1200,"height":525,"caption":"Soldados ucranianos en el frente de J\u00e1rkiv. CREDITO: Picture Alliance"},{"@type":"BreadcrumbList","@id":"https:\/\/www.eldiario.net\/portal\/2024\/10\/30\/ucrania-preve-movilizar-a-160-00-militares-adicionales\/#breadcrumb","itemListElement":[{"@type":"ListItem","position":1,"name":"Portada","item":"https:\/\/www.eldiario.net\/portal\/"},{"@type":"ListItem","position":2,"name":"Ucrania prev\u00e9 movilizar a 160.00 militares adicionales"}]},{"@type":"WebSite","@id":"https:\/\/www.eldiario.net\/portal\/#website","url":"https:\/\/www.eldiario.net\/portal\/","name":"El Diario - Decano de la prensa nacional","description":"El Diario - Decano de la prensa nacional","publisher":{"@id":"https:\/\/www.eldiario.net\/portal\/#organization"},"potentialAction":[{"@type":"SearchAction","target":{"@type":"EntryPoint","urlTemplate":"https:\/\/www.eldiario.net\/portal\/?s={search_term_string}"},"query-input":{"@type":"PropertyValueSpecification","valueRequired":true,"valueName":"search_term_string"}}],"inLanguage":"es"},{"@type":"Organization","@id":"https:\/\/www.eldiario.net\/portal\/#organization","name":"El Diario - Decano de la prensa nacional","url":"https:\/\/www.eldiario.net\/portal\/","logo":{"@type":"ImageObject","inLanguage":"es","@id":"https:\/\/www.eldiario.net\/portal\/#\/schema\/logo\/image\/","url":"https:\/\/www.eldiario.net\/portal\/wp-content\/uploads\/2023\/07\/logo_ED.jpg","contentUrl":"https:\/\/www.eldiario.net\/portal\/wp-content\/uploads\/2023\/07\/logo_ED.jpg","width":272,"height":52,"caption":"El Diario - Decano de la prensa nacional"},"image":{"@id":"https:\/\/www.eldiario.net\/portal\/#\/schema\/logo\/image\/"},"sameAs":["https:\/\/www.facebook.com\/eldiario.bolivia\/","https:\/\/x.com\/eldiario_net"]},{"@type":"Person","@id":"https:\/\/www.eldiario.net\/portal\/#\/schema\/person\/f46445640444750d7d753ccd04ae01b7","name":"Jeanette","image":{"@type":"ImageObject","inLanguage":"es","@id":"https:\/\/secure.gravatar.com\/avatar\/3ea2118a5f7dad2b7138b1187a6b7ee55f160b9968b66013c3a3ef39dd7e5798?s=96&d=mm&r=g","url":"https:\/\/secure.gravatar.com\/avatar\/3ea2118a5f7dad2b7138b1187a6b7ee55f160b9968b66013c3a3ef39dd7e5798?s=96&d=mm&r=g","contentUrl":"https:\/\/secure.gravatar.com\/avatar\/3ea2118a5f7dad2b7138b1187a6b7ee55f160b9968b66013c3a3ef39dd7e5798?s=96&d=mm&r=g","caption":"Jeanette"},"sameAs":["https:\/\/www.eldiario.net\/portal"],"url":"https:\/\/www.eldiario.net\/portal\/author\/jeanette\/"}]}},"_links":{"self":[{"href":"https:\/\/www.eldiario.net\/portal\/wp-json\/wp\/v2\/posts\/257456","targetHints":{"allow":["GET"]}}],"collection":[{"href":"https:\/\/www.eldiario.net\/portal\/wp-json\/wp\/v2\/posts"}],"about":[{"href":"https:\/\/www.eldiario.net\/portal\/wp-json\/wp\/v2\/types\/post"}],"author":[{"embeddable":true,"href":"https:\/\/www.eldiario.net\/portal\/wp-json\/wp\/v2\/users\/1"}],"replies":[{"embeddable":true,"href":"https:\/\/www.eldiario.net\/portal\/wp-json\/wp\/v2\/comments?post=257456"}],"version-history":[{"count":1,"href":"https:\/\/www.eldiario.net\/portal\/wp-json\/wp\/v2\/posts\/257456\/revisions"}],"predecessor-version":[{"id":257458,"href":"https:\/\/www.eldiario.net\/portal\/wp-json\/wp\/v2\/posts\/257456\/revisions\/257458"}],"wp:featuredmedia":[{"embeddable":true,"href":"https:\/\/www.eldiario.net\/portal\/wp-json\/wp\/v2\/media\/257457"}],"wp:attachment":[{"href":"https:\/\/www.eldiario.net\/portal\/wp-json\/wp\/v2\/media?parent=257456"}],"wp:term":[{"taxonomy":"category","embeddable":true,"href":"https:\/\/www.eldiario.net\/portal\/wp-json\/wp\/v2\/categories?post=257456"},{"taxonomy":"post_tag","embeddable":true,"href":"https:\/\/www.eldiario.net\/portal\/wp-json\/wp\/v2\/tags?post=257456"}],"curies":[{"name":"wp","href":"https:\/\/api.w.org\/{rel}","templated":true}]}}