{"id":257448,"date":"2024-10-30T06:07:14","date_gmt":"2024-10-30T10:07:14","guid":{"rendered":"https:\/\/www.eldiario.net\/portal\/?p=257448"},"modified":"2024-10-30T06:07:14","modified_gmt":"2024-10-30T10:07:14","slug":"juez-peinado-imputa-a-esposa-de-presidente-de-espana-por-2-delitos","status":"publish","type":"post","link":"https:\/\/www.eldiario.net\/portal\/2024\/10\/30\/juez-peinado-imputa-a-esposa-de-presidente-de-espana-por-2-delitos\/","title":{"rendered":"Juez Peinado imputa a esposa de  Presidente de Espa\u00f1a por 2 delitos"},"content":{"rendered":"<p class=\"v1MsoNormal\">El juez Juan Carlos Peinado imput\u00f3 nuevos delitos a Bego\u00f1a G\u00f3mez, esposa del presidente del Gobierno, por apropiaci\u00f3n indebida e intrusismo profesional en la c\u00e1tedra que codirig\u00eda en la Complutense en la Universidad Complutense de Madrid y la cit\u00f3 para que comparezca el pr\u00f3ximo 18 de noviembre, a las 13.30 horas. Se suman as\u00ed a los que ya tiene por tr\u00e1fico de influencias y corrupci\u00f3n en los negocios.<\/p>\n<p class=\"v1MsoNormal\">Peinado dict\u00f3 un auto en el que ampl\u00eda la investigaci\u00f3n a, Bego\u00f1a G\u00f3mez, al admitir a tr\u00e1mite una querella de la organizaci\u00f3n ultracat\u00f3lica Hazte O\u00edr, que en un principio recay\u00f3 en otro juzgado, el 48. Sin embargo, rechaz\u00f3 investigar si G\u00f3mez incurri\u00f3 en administraci\u00f3n desleal y malversaci\u00f3n, como tambi\u00e9n sosten\u00eda Hazte O\u00edr.<\/p>\n<p class=\"v1MsoNormal\">El instructor explic\u00f3 que la querella de Hazte O\u00edr se refer\u00eda a hechos supuestamente llevados a cabo por Bego\u00f1a G\u00f3mez \u00abque podr\u00edan ser considerados como delictivos, siempre, seg\u00fan percepci\u00f3n de dicho querellante, y en concreto, de los delitos de, administraci\u00f3n desleal, apropiaci\u00f3n indebida, malversaci\u00f3n de caudales p\u00fablicos, y de intrusismo profesional\u00bb.<\/p>\n<p class=\"v1MsoNormal\">Tras analizar la querella, Peinado concluye que puede investigar a la esposa del presidente del Gobierno por presuntos delitos de apropiaci\u00f3n indebida toda vez que, durante su etapa como codirectora de la c\u00e1tedra de Transformaci\u00f3n Social Competitiva, \u00abhabr\u00eda inscrito a su favor\u00bb la marca TSC Transformaci\u00f3n Social Competitiva y, posteriormente, el software de la c\u00e1tedra que hab\u00eda sido financiado por empresas, pero \u00absiempre para la UCM\u00bb.<\/p>\n<p class=\"v1MsoNormal\">\n<p class=\"v1MsoNormal\">DELITO DE INTRUSISMO<\/p>\n<p class=\"v1MsoNormal\">Adem\u00e1s, el instructor ve pertinente investigarla por un presunto delito de intrusismo porque habr\u00eda elaborado los pliegos de prescripciones t\u00e9cnicas para la contrataci\u00f3n, por parte del Rectorado de la Complutense, del servicio de asistencia y asesor\u00eda t\u00e9cnica y tecnol\u00f3gica para la creaci\u00f3n de una plataforma de gesti\u00f3n y medici\u00f3n de impacto para la peque\u00f1a y mediana empresa en dicha universidad.<\/p>\n<p class=\"v1MsoNormal\">El titular del juzgado subraya que G\u00f3mez \u00abno acredit\u00f3 disponer de conocimientos ni facultades para estar cualificada t\u00e9cnicamente\u00bb para elaborar los mencionados pliegos.<\/p>\n<p class=\"v1MsoNormal\">As\u00ed las cosas, el juez considera que lo \u00abprocedente\u00bb es \u00abadmitir la querella\u00bb presentada por Hazte O\u00edr, pero solo por los delitos de apropiaci\u00f3n indebida e intrusismo. Con todo, acumula esta diligencia con las que ya dirige en su juzgado contra G\u00f3mez por \u00abdelitos conexos\u00bb, como tr\u00e1fico de influencias y corrupci\u00f3n en los negocios.<\/p>\n<p class=\"v1MsoNormal\">\n<p class=\"v1MsoNormal\">Descarta desleal y la malversaci\u00f3n<\/p>\n<p class=\"v1MsoNormal\">En este sentido, el juez entiende que \u00abno se puede deducir\u00bb que G\u00f3mez tuviera \u00abla encomienda de administrar o gestionar bienes\u00bb de la Complutense, por lo que descarta investigar a la esposa del presidente del Gobierno por el delito de administraci\u00f3n desleal. Tambi\u00e9n descarta investigarla por malversaci\u00f3n de caudales p\u00fablicos al entender que no ten\u00eda condici\u00f3n de autoridad o funcionario.<\/p>\n<p class=\"v1MsoNormal\">Seg\u00fan consta en la resoluci\u00f3n, la decisi\u00f3n de Peinado se puede recurrir en un plazo de tres d\u00edas ante el propio juzgado o en cinco d\u00edas ante la Audiencia Provincial de Madrid.<\/p>\n<p class=\"v1MsoNormal\">El juez dio este paso despu\u00e9s de que hace unas semanas se diera a conocer que la Audiencia Provincial de Madrid hab\u00eda concluido que \u00e9l, como instructor del denominado \u00abcaso Bego\u00f1a G\u00f3mez\u00bb, es el competente para investigar la querella relativa al \u00absoftware2 en el marco de dicho procedimiento, donde ya investiga presuntos delitos de tr\u00e1fico de influencias y corrupci\u00f3n en los negocios.<\/p>\n<p class=\"v1MsoNormal\">\n<p class=\"v1MsoNormal\">MALVERSACI\u00d3N Y CORRUPCI\u00d3N<\/p>\n<p class=\"v1MsoNormal\">Fue el pasado junio cuando el Juzgado de Instrucci\u00f3n N\u00famero 48 de Madrid dict\u00f3 un auto en el que enviaba la querella de Hazte O\u00edr al Juzgado de Instrucci\u00f3n N\u00famero 41 de Madrid. La Fiscal\u00eda se opuso a que el asunto quedara en manos del juez Peinado, pero el juez Juan Ram\u00f3n Reig insisti\u00f3 en su postura y confirm\u00f3 su decisi\u00f3n de inhibirse.<\/p>\n<p class=\"v1MsoNormal\">Disconforme con la resoluci\u00f3n, el Ministerio P\u00fablico elev\u00f3 el asunto ante la Audiencia Provincial, que finalmente desestim\u00f3 su recurso de apelaci\u00f3n. En un auto, los magistrados fijaron que Peinado es el competente para investigar si la esposa del presidente del Gobierno se apropi\u00f3 de forma indebida de un \u00absoftware\u00bb de la Complutense.<\/p>\n<p class=\"v1MsoNormal\">La Secci\u00f3n Tercera explic\u00f3 que en el juzgado de Peinado \u00abse practicaron diligencias destinadas a investigar los hechos relativos al M\u00e1ster en Transformaci\u00f3n Social Competitiva, vinculado a la UCM, del que era codirectora Bego\u00f1a G\u00f3mez\u00bb. Los magistrados entendieron que hab\u00eda \u00abconexidad\u00bb, dado que fue precisamente para ese m\u00e1ster para el que se hab\u00eda desarrollado gratuitamente el \u00absoftware\u00bb.<\/p>\n<p class=\"v1MsoNormal\">\n<p class=\"v1MsoNormal\">NUEVOS DELITOS<\/p>\n<p class=\"v1MsoNormal\">El presidente Pedro S\u00e1nchez rest\u00f3 trascendencia a la decisi\u00f3n del juez y consider\u00f3 que \u00abel tiempo pondr\u00e1 las cosas en su sitio\u00bb. \u00abAbsoluta tranquilidad, porque donde no hay nada, pues nada se puede sacar\u00bb, expres\u00f3 a los periodistas desde la India, donde se reuni\u00f3 con el primer ministro Narendra Modi.<\/p>\n<p class=\"v1MsoNormal\">Preguntado sobre si considera que el juez est\u00e1 prevaricando, S\u00e1nchez eludi\u00f3 responder y reiter\u00f3 que todas las denuncias contra Bego\u00f1a G\u00f3mez parten de organizaciones que califica como \u00abultraderechistas\u00bb y esta es \u00abotra m\u00e1s\u00bb.<\/p>\n<p class=\"v1MsoNormal\">Asimismo, afirm\u00f3 que tiene confianza en la Justicia y en el Estado de derecho. \u00abHay que recordar que todas las querellas que se presentaron contra mi mujer parten de las mismas organizaciones ultraderechistas, esta es otra m\u00e1s, por tanto, mismo recorrido\u00bb, se\u00f1al\u00f3.<\/p>\n<p class=\"v1MsoNormal\">Por su parte, el ministro de Justicia, F\u00e9lix Bola\u00f1os, recalc\u00f3 que cuando concluya la instrucci\u00f3n se comprobar\u00e1 que \u00abno hay nada de nada\u00bb. En la rueda de prensa posterior al Consejo de Ministros, se\u00f1al\u00f3 que, pese a no conocer el auto sobre esta investigaci\u00f3n que se prolonga durante m\u00e1s de seis meses, no hay ning\u00fan informe, testimonio u opini\u00f3n del Ministerio Fiscal que lo apoye: \u00abNo hay absolutamente nada\u00bb. (RTve)<\/p>\n<p class=\"v1MsoNormal\">\n","protected":false},"excerpt":{"rendered":"<p>El juez Juan Carlos Peinado imput\u00f3 nuevos delitos a Bego\u00f1a G\u00f3mez, esposa del presidente del Gobierno, por apropiaci\u00f3n indebida e intrusismo profesional en la c\u00e1tedra que codirig\u00eda en la Complutense en la Universidad Complutense de Madrid y la cit\u00f3 para que comparezca el pr\u00f3ximo 18 de noviembre, a las 13.30 horas. Se suman as\u00ed a [&hellip;]<\/p>\n","protected":false},"author":1,"featured_media":257449,"comment_status":"closed","ping_status":"open","sticky":false,"template":"","format":"standard","meta":{"_acf_changed":false,"footnotes":""},"categories":[3],"tags":[],"class_list":["post-257448","post","type-post","status-publish","format-standard","has-post-thumbnail","category-internacional"],"acf":{"antetitulo":"Se suman delitos en su contra"},"yoast_head":"<!-- This site is optimized with the Yoast SEO plugin v28.4 - https:\/\/yoast.com\/product\/yoast-seo-wordpress\/ -->\n<title>Juez Peinado imputa a esposa de Presidente de Espa\u00f1a por 2 delitos - El Diario - Bolivia<\/title>\n<meta name=\"robots\" content=\"index, follow, max-snippet:-1, max-image-preview:large, max-video-preview:-1\" \/>\n<link rel=\"canonical\" href=\"https:\/\/www.eldiario.net\/portal\/2024\/10\/30\/juez-peinado-imputa-a-esposa-de-presidente-de-espana-por-2-delitos\/\" \/>\n<meta property=\"og:locale\" content=\"es_ES\" \/>\n<meta property=\"og:type\" content=\"article\" \/>\n<meta property=\"og:title\" content=\"Juez Peinado imputa a esposa de Presidente de Espa\u00f1a por 2 delitos - El Diario - Bolivia\" \/>\n<meta property=\"og:description\" content=\"El juez Juan Carlos Peinado imput\u00f3 nuevos delitos a Bego\u00f1a G\u00f3mez, esposa del presidente del Gobierno, por apropiaci\u00f3n indebida e intrusismo profesional en la c\u00e1tedra que codirig\u00eda en la Complutense en la Universidad Complutense de Madrid y la cit\u00f3 para que comparezca el pr\u00f3ximo 18 de noviembre, a las 13.30 horas. Se suman as\u00ed a [&hellip;]\" \/>\n<meta property=\"og:url\" content=\"https:\/\/www.eldiario.net\/portal\/2024\/10\/30\/juez-peinado-imputa-a-esposa-de-presidente-de-espana-por-2-delitos\/\" \/>\n<meta property=\"og:site_name\" content=\"El Diario - Bolivia\" \/>\n<meta property=\"article:publisher\" content=\"https:\/\/www.facebook.com\/eldiario.bolivia\/\" \/>\n<meta property=\"article:published_time\" content=\"2024-10-30T10:07:14+00:00\" \/>\n<meta property=\"og:image\" content=\"https:\/\/www.eldiario.net\/portal\/wp-content\/uploads\/2024\/10\/PEINADO-El-Cronista.jpg\" \/>\n\t<meta property=\"og:image:width\" content=\"728\" \/>\n\t<meta property=\"og:image:height\" content=\"480\" \/>\n\t<meta property=\"og:image:type\" content=\"image\/jpeg\" \/>\n<meta name=\"author\" content=\"Jeanette\" \/>\n<meta name=\"twitter:card\" content=\"summary_large_image\" \/>\n<meta name=\"twitter:creator\" content=\"@eldiario_net\" \/>\n<meta name=\"twitter:site\" content=\"@eldiario_net\" \/>\n<meta name=\"twitter:label1\" content=\"Escrito por\" \/>\n\t<meta name=\"twitter:data1\" content=\"Jeanette\" \/>\n\t<meta name=\"twitter:label2\" content=\"Tiempo de lectura\" \/>\n\t<meta name=\"twitter:data2\" content=\"5 minutos\" \/>\n<script type=\"application\/ld+json\" class=\"yoast-schema-graph\">{\"@context\":\"https:\\\/\\\/schema.org\",\"@graph\":[{\"@type\":\"Article\",\"@id\":\"https:\\\/\\\/www.eldiario.net\\\/portal\\\/2024\\\/10\\\/30\\\/juez-peinado-imputa-a-esposa-de-presidente-de-espana-por-2-delitos\\\/#article\",\"isPartOf\":{\"@id\":\"https:\\\/\\\/www.eldiario.net\\\/portal\\\/2024\\\/10\\\/30\\\/juez-peinado-imputa-a-esposa-de-presidente-de-espana-por-2-delitos\\\/\"},\"author\":{\"name\":\"Jeanette\",\"@id\":\"https:\\\/\\\/www.eldiario.net\\\/portal\\\/#\\\/schema\\\/person\\\/f46445640444750d7d753ccd04ae01b7\"},\"headline\":\"Juez Peinado imputa a esposa de Presidente de Espa\u00f1a por 2 delitos\",\"datePublished\":\"2024-10-30T10:07:14+00:00\",\"mainEntityOfPage\":{\"@id\":\"https:\\\/\\\/www.eldiario.net\\\/portal\\\/2024\\\/10\\\/30\\\/juez-peinado-imputa-a-esposa-de-presidente-de-espana-por-2-delitos\\\/\"},\"wordCount\":1029,\"publisher\":{\"@id\":\"https:\\\/\\\/www.eldiario.net\\\/portal\\\/#organization\"},\"image\":{\"@id\":\"https:\\\/\\\/www.eldiario.net\\\/portal\\\/2024\\\/10\\\/30\\\/juez-peinado-imputa-a-esposa-de-presidente-de-espana-por-2-delitos\\\/#primaryimage\"},\"thumbnailUrl\":\"https:\\\/\\\/www.eldiario.net\\\/portal\\\/wp-content\\\/uploads\\\/2024\\\/10\\\/PEINADO-El-Cronista.jpg\",\"articleSection\":[\"Internacional\"],\"inLanguage\":\"es\"},{\"@type\":\"WebPage\",\"@id\":\"https:\\\/\\\/www.eldiario.net\\\/portal\\\/2024\\\/10\\\/30\\\/juez-peinado-imputa-a-esposa-de-presidente-de-espana-por-2-delitos\\\/\",\"url\":\"https:\\\/\\\/www.eldiario.net\\\/portal\\\/2024\\\/10\\\/30\\\/juez-peinado-imputa-a-esposa-de-presidente-de-espana-por-2-delitos\\\/\",\"name\":\"Juez Peinado imputa a esposa de Presidente de Espa\u00f1a por 2 delitos - El Diario - Bolivia\",\"isPartOf\":{\"@id\":\"https:\\\/\\\/www.eldiario.net\\\/portal\\\/#website\"},\"primaryImageOfPage\":{\"@id\":\"https:\\\/\\\/www.eldiario.net\\\/portal\\\/2024\\\/10\\\/30\\\/juez-peinado-imputa-a-esposa-de-presidente-de-espana-por-2-delitos\\\/#primaryimage\"},\"image\":{\"@id\":\"https:\\\/\\\/www.eldiario.net\\\/portal\\\/2024\\\/10\\\/30\\\/juez-peinado-imputa-a-esposa-de-presidente-de-espana-por-2-delitos\\\/#primaryimage\"},\"thumbnailUrl\":\"https:\\\/\\\/www.eldiario.net\\\/portal\\\/wp-content\\\/uploads\\\/2024\\\/10\\\/PEINADO-El-Cronista.jpg\",\"datePublished\":\"2024-10-30T10:07:14+00:00\",\"breadcrumb\":{\"@id\":\"https:\\\/\\\/www.eldiario.net\\\/portal\\\/2024\\\/10\\\/30\\\/juez-peinado-imputa-a-esposa-de-presidente-de-espana-por-2-delitos\\\/#breadcrumb\"},\"inLanguage\":\"es\",\"potentialAction\":[{\"@type\":\"ReadAction\",\"target\":[\"https:\\\/\\\/www.eldiario.net\\\/portal\\\/2024\\\/10\\\/30\\\/juez-peinado-imputa-a-esposa-de-presidente-de-espana-por-2-delitos\\\/\"]}]},{\"@type\":\"ImageObject\",\"inLanguage\":\"es\",\"@id\":\"https:\\\/\\\/www.eldiario.net\\\/portal\\\/2024\\\/10\\\/30\\\/juez-peinado-imputa-a-esposa-de-presidente-de-espana-por-2-delitos\\\/#primaryimage\",\"url\":\"https:\\\/\\\/www.eldiario.net\\\/portal\\\/wp-content\\\/uploads\\\/2024\\\/10\\\/PEINADO-El-Cronista.jpg\",\"contentUrl\":\"https:\\\/\\\/www.eldiario.net\\\/portal\\\/wp-content\\\/uploads\\\/2024\\\/10\\\/PEINADO-El-Cronista.jpg\",\"width\":728,\"height\":480,\"caption\":\"La esposa del Presidente de Espa\u00f1a, Bego\u00f1a G\u00f3mez. CREDITO: El Cronista\"},{\"@type\":\"BreadcrumbList\",\"@id\":\"https:\\\/\\\/www.eldiario.net\\\/portal\\\/2024\\\/10\\\/30\\\/juez-peinado-imputa-a-esposa-de-presidente-de-espana-por-2-delitos\\\/#breadcrumb\",\"itemListElement\":[{\"@type\":\"ListItem\",\"position\":1,\"name\":\"Portada\",\"item\":\"https:\\\/\\\/www.eldiario.net\\\/portal\\\/\"},{\"@type\":\"ListItem\",\"position\":2,\"name\":\"Juez Peinado imputa a esposa de Presidente de Espa\u00f1a por 2 delitos\"}]},{\"@type\":\"WebSite\",\"@id\":\"https:\\\/\\\/www.eldiario.net\\\/portal\\\/#website\",\"url\":\"https:\\\/\\\/www.eldiario.net\\\/portal\\\/\",\"name\":\"El Diario - Decano de la prensa nacional\",\"description\":\"El Diario - Decano de la prensa nacional\",\"publisher\":{\"@id\":\"https:\\\/\\\/www.eldiario.net\\\/portal\\\/#organization\"},\"potentialAction\":[{\"@type\":\"SearchAction\",\"target\":{\"@type\":\"EntryPoint\",\"urlTemplate\":\"https:\\\/\\\/www.eldiario.net\\\/portal\\\/?s={search_term_string}\"},\"query-input\":{\"@type\":\"PropertyValueSpecification\",\"valueRequired\":true,\"valueName\":\"search_term_string\"}}],\"inLanguage\":\"es\"},{\"@type\":\"Organization\",\"@id\":\"https:\\\/\\\/www.eldiario.net\\\/portal\\\/#organization\",\"name\":\"El Diario - Decano de la prensa nacional\",\"url\":\"https:\\\/\\\/www.eldiario.net\\\/portal\\\/\",\"logo\":{\"@type\":\"ImageObject\",\"inLanguage\":\"es\",\"@id\":\"https:\\\/\\\/www.eldiario.net\\\/portal\\\/#\\\/schema\\\/logo\\\/image\\\/\",\"url\":\"https:\\\/\\\/www.eldiario.net\\\/portal\\\/wp-content\\\/uploads\\\/2023\\\/07\\\/logo_ED.jpg\",\"contentUrl\":\"https:\\\/\\\/www.eldiario.net\\\/portal\\\/wp-content\\\/uploads\\\/2023\\\/07\\\/logo_ED.jpg\",\"width\":272,\"height\":52,\"caption\":\"El Diario - Decano de la prensa nacional\"},\"image\":{\"@id\":\"https:\\\/\\\/www.eldiario.net\\\/portal\\\/#\\\/schema\\\/logo\\\/image\\\/\"},\"sameAs\":[\"https:\\\/\\\/www.facebook.com\\\/eldiario.bolivia\\\/\",\"https:\\\/\\\/x.com\\\/eldiario_net\"]},{\"@type\":\"Person\",\"@id\":\"https:\\\/\\\/www.eldiario.net\\\/portal\\\/#\\\/schema\\\/person\\\/f46445640444750d7d753ccd04ae01b7\",\"name\":\"Jeanette\",\"image\":{\"@type\":\"ImageObject\",\"inLanguage\":\"es\",\"@id\":\"https:\\\/\\\/secure.gravatar.com\\\/avatar\\\/3ea2118a5f7dad2b7138b1187a6b7ee55f160b9968b66013c3a3ef39dd7e5798?s=96&d=mm&r=g\",\"url\":\"https:\\\/\\\/secure.gravatar.com\\\/avatar\\\/3ea2118a5f7dad2b7138b1187a6b7ee55f160b9968b66013c3a3ef39dd7e5798?s=96&d=mm&r=g\",\"contentUrl\":\"https:\\\/\\\/secure.gravatar.com\\\/avatar\\\/3ea2118a5f7dad2b7138b1187a6b7ee55f160b9968b66013c3a3ef39dd7e5798?s=96&d=mm&r=g\",\"caption\":\"Jeanette\"},\"sameAs\":[\"https:\\\/\\\/www.eldiario.net\\\/portal\"],\"url\":\"https:\\\/\\\/www.eldiario.net\\\/portal\\\/author\\\/jeanette\\\/\"}]}<\/script>\n<!-- \/ Yoast SEO plugin. -->","yoast_head_json":{"title":"Juez Peinado imputa a esposa de Presidente de Espa\u00f1a por 2 delitos - El Diario - Bolivia","robots":{"index":"index","follow":"follow","max-snippet":"max-snippet:-1","max-image-preview":"max-image-preview:large","max-video-preview":"max-video-preview:-1"},"canonical":"https:\/\/www.eldiario.net\/portal\/2024\/10\/30\/juez-peinado-imputa-a-esposa-de-presidente-de-espana-por-2-delitos\/","og_locale":"es_ES","og_type":"article","og_title":"Juez Peinado imputa a esposa de Presidente de Espa\u00f1a por 2 delitos - El Diario - Bolivia","og_description":"El juez Juan Carlos Peinado imput\u00f3 nuevos delitos a Bego\u00f1a G\u00f3mez, esposa del presidente del Gobierno, por apropiaci\u00f3n indebida e intrusismo profesional en la c\u00e1tedra que codirig\u00eda en la Complutense en la Universidad Complutense de Madrid y la cit\u00f3 para que comparezca el pr\u00f3ximo 18 de noviembre, a las 13.30 horas. Se suman as\u00ed a [&hellip;]","og_url":"https:\/\/www.eldiario.net\/portal\/2024\/10\/30\/juez-peinado-imputa-a-esposa-de-presidente-de-espana-por-2-delitos\/","og_site_name":"El Diario - Bolivia","article_publisher":"https:\/\/www.facebook.com\/eldiario.bolivia\/","article_published_time":"2024-10-30T10:07:14+00:00","og_image":[{"width":728,"height":480,"url":"https:\/\/www.eldiario.net\/portal\/wp-content\/uploads\/2024\/10\/PEINADO-El-Cronista.jpg","type":"image\/jpeg"}],"author":"Jeanette","twitter_card":"summary_large_image","twitter_creator":"@eldiario_net","twitter_site":"@eldiario_net","twitter_misc":{"Escrito por":"Jeanette","Tiempo de lectura":"5 minutos"},"schema":{"@context":"https:\/\/schema.org","@graph":[{"@type":"Article","@id":"https:\/\/www.eldiario.net\/portal\/2024\/10\/30\/juez-peinado-imputa-a-esposa-de-presidente-de-espana-por-2-delitos\/#article","isPartOf":{"@id":"https:\/\/www.eldiario.net\/portal\/2024\/10\/30\/juez-peinado-imputa-a-esposa-de-presidente-de-espana-por-2-delitos\/"},"author":{"name":"Jeanette","@id":"https:\/\/www.eldiario.net\/portal\/#\/schema\/person\/f46445640444750d7d753ccd04ae01b7"},"headline":"Juez Peinado imputa a esposa de Presidente de Espa\u00f1a por 2 delitos","datePublished":"2024-10-30T10:07:14+00:00","mainEntityOfPage":{"@id":"https:\/\/www.eldiario.net\/portal\/2024\/10\/30\/juez-peinado-imputa-a-esposa-de-presidente-de-espana-por-2-delitos\/"},"wordCount":1029,"publisher":{"@id":"https:\/\/www.eldiario.net\/portal\/#organization"},"image":{"@id":"https:\/\/www.eldiario.net\/portal\/2024\/10\/30\/juez-peinado-imputa-a-esposa-de-presidente-de-espana-por-2-delitos\/#primaryimage"},"thumbnailUrl":"https:\/\/www.eldiario.net\/portal\/wp-content\/uploads\/2024\/10\/PEINADO-El-Cronista.jpg","articleSection":["Internacional"],"inLanguage":"es"},{"@type":"WebPage","@id":"https:\/\/www.eldiario.net\/portal\/2024\/10\/30\/juez-peinado-imputa-a-esposa-de-presidente-de-espana-por-2-delitos\/","url":"https:\/\/www.eldiario.net\/portal\/2024\/10\/30\/juez-peinado-imputa-a-esposa-de-presidente-de-espana-por-2-delitos\/","name":"Juez Peinado imputa a esposa de Presidente de Espa\u00f1a por 2 delitos - El Diario - Bolivia","isPartOf":{"@id":"https:\/\/www.eldiario.net\/portal\/#website"},"primaryImageOfPage":{"@id":"https:\/\/www.eldiario.net\/portal\/2024\/10\/30\/juez-peinado-imputa-a-esposa-de-presidente-de-espana-por-2-delitos\/#primaryimage"},"image":{"@id":"https:\/\/www.eldiario.net\/portal\/2024\/10\/30\/juez-peinado-imputa-a-esposa-de-presidente-de-espana-por-2-delitos\/#primaryimage"},"thumbnailUrl":"https:\/\/www.eldiario.net\/portal\/wp-content\/uploads\/2024\/10\/PEINADO-El-Cronista.jpg","datePublished":"2024-10-30T10:07:14+00:00","breadcrumb":{"@id":"https:\/\/www.eldiario.net\/portal\/2024\/10\/30\/juez-peinado-imputa-a-esposa-de-presidente-de-espana-por-2-delitos\/#breadcrumb"},"inLanguage":"es","potentialAction":[{"@type":"ReadAction","target":["https:\/\/www.eldiario.net\/portal\/2024\/10\/30\/juez-peinado-imputa-a-esposa-de-presidente-de-espana-por-2-delitos\/"]}]},{"@type":"ImageObject","inLanguage":"es","@id":"https:\/\/www.eldiario.net\/portal\/2024\/10\/30\/juez-peinado-imputa-a-esposa-de-presidente-de-espana-por-2-delitos\/#primaryimage","url":"https:\/\/www.eldiario.net\/portal\/wp-content\/uploads\/2024\/10\/PEINADO-El-Cronista.jpg","contentUrl":"https:\/\/www.eldiario.net\/portal\/wp-content\/uploads\/2024\/10\/PEINADO-El-Cronista.jpg","width":728,"height":480,"caption":"La esposa del Presidente de Espa\u00f1a, Bego\u00f1a G\u00f3mez. CREDITO: El Cronista"},{"@type":"BreadcrumbList","@id":"https:\/\/www.eldiario.net\/portal\/2024\/10\/30\/juez-peinado-imputa-a-esposa-de-presidente-de-espana-por-2-delitos\/#breadcrumb","itemListElement":[{"@type":"ListItem","position":1,"name":"Portada","item":"https:\/\/www.eldiario.net\/portal\/"},{"@type":"ListItem","position":2,"name":"Juez Peinado imputa a esposa de Presidente de Espa\u00f1a por 2 delitos"}]},{"@type":"WebSite","@id":"https:\/\/www.eldiario.net\/portal\/#website","url":"https:\/\/www.eldiario.net\/portal\/","name":"El Diario - Decano de la prensa nacional","description":"El Diario - Decano de la prensa nacional","publisher":{"@id":"https:\/\/www.eldiario.net\/portal\/#organization"},"potentialAction":[{"@type":"SearchAction","target":{"@type":"EntryPoint","urlTemplate":"https:\/\/www.eldiario.net\/portal\/?s={search_term_string}"},"query-input":{"@type":"PropertyValueSpecification","valueRequired":true,"valueName":"search_term_string"}}],"inLanguage":"es"},{"@type":"Organization","@id":"https:\/\/www.eldiario.net\/portal\/#organization","name":"El Diario - Decano de la prensa nacional","url":"https:\/\/www.eldiario.net\/portal\/","logo":{"@type":"ImageObject","inLanguage":"es","@id":"https:\/\/www.eldiario.net\/portal\/#\/schema\/logo\/image\/","url":"https:\/\/www.eldiario.net\/portal\/wp-content\/uploads\/2023\/07\/logo_ED.jpg","contentUrl":"https:\/\/www.eldiario.net\/portal\/wp-content\/uploads\/2023\/07\/logo_ED.jpg","width":272,"height":52,"caption":"El Diario - Decano de la prensa nacional"},"image":{"@id":"https:\/\/www.eldiario.net\/portal\/#\/schema\/logo\/image\/"},"sameAs":["https:\/\/www.facebook.com\/eldiario.bolivia\/","https:\/\/x.com\/eldiario_net"]},{"@type":"Person","@id":"https:\/\/www.eldiario.net\/portal\/#\/schema\/person\/f46445640444750d7d753ccd04ae01b7","name":"Jeanette","image":{"@type":"ImageObject","inLanguage":"es","@id":"https:\/\/secure.gravatar.com\/avatar\/3ea2118a5f7dad2b7138b1187a6b7ee55f160b9968b66013c3a3ef39dd7e5798?s=96&d=mm&r=g","url":"https:\/\/secure.gravatar.com\/avatar\/3ea2118a5f7dad2b7138b1187a6b7ee55f160b9968b66013c3a3ef39dd7e5798?s=96&d=mm&r=g","contentUrl":"https:\/\/secure.gravatar.com\/avatar\/3ea2118a5f7dad2b7138b1187a6b7ee55f160b9968b66013c3a3ef39dd7e5798?s=96&d=mm&r=g","caption":"Jeanette"},"sameAs":["https:\/\/www.eldiario.net\/portal"],"url":"https:\/\/www.eldiario.net\/portal\/author\/jeanette\/"}]}},"_links":{"self":[{"href":"https:\/\/www.eldiario.net\/portal\/wp-json\/wp\/v2\/posts\/257448","targetHints":{"allow":["GET"]}}],"collection":[{"href":"https:\/\/www.eldiario.net\/portal\/wp-json\/wp\/v2\/posts"}],"about":[{"href":"https:\/\/www.eldiario.net\/portal\/wp-json\/wp\/v2\/types\/post"}],"author":[{"embeddable":true,"href":"https:\/\/www.eldiario.net\/portal\/wp-json\/wp\/v2\/users\/1"}],"replies":[{"embeddable":true,"href":"https:\/\/www.eldiario.net\/portal\/wp-json\/wp\/v2\/comments?post=257448"}],"version-history":[{"count":1,"href":"https:\/\/www.eldiario.net\/portal\/wp-json\/wp\/v2\/posts\/257448\/revisions"}],"predecessor-version":[{"id":257450,"href":"https:\/\/www.eldiario.net\/portal\/wp-json\/wp\/v2\/posts\/257448\/revisions\/257450"}],"wp:featuredmedia":[{"embeddable":true,"href":"https:\/\/www.eldiario.net\/portal\/wp-json\/wp\/v2\/media\/257449"}],"wp:attachment":[{"href":"https:\/\/www.eldiario.net\/portal\/wp-json\/wp\/v2\/media?parent=257448"}],"wp:term":[{"taxonomy":"category","embeddable":true,"href":"https:\/\/www.eldiario.net\/portal\/wp-json\/wp\/v2\/categories?post=257448"},{"taxonomy":"post_tag","embeddable":true,"href":"https:\/\/www.eldiario.net\/portal\/wp-json\/wp\/v2\/tags?post=257448"}],"curies":[{"name":"wp","href":"https:\/\/api.w.org\/{rel}","templated":true}]}}