{"id":257445,"date":"2024-10-30T06:06:15","date_gmt":"2024-10-30T10:06:15","guid":{"rendered":"https:\/\/www.eldiario.net\/portal\/?p=257445"},"modified":"2024-10-30T06:06:15","modified_gmt":"2024-10-30T10:06:15","slug":"ataques-rusos-deja-4-fallecidos-en-ucrania","status":"publish","type":"post","link":"https:\/\/www.eldiario.net\/portal\/2024\/10\/30\/ataques-rusos-deja-4-fallecidos-en-ucrania\/","title":{"rendered":"Ataques rusos deja 4  fallecidos en Ucrania"},"content":{"rendered":"<p class=\"v1MsoNormal\">Ataques rusos contra un barrio residencial de la ciudad ucraniana de J\u00e1rkov dejaron ayer cerca de cuatro muertos, inform\u00f3 el alcalde local, Igor Terejov.<\/p>\n<p class=\"v1MsoNormal\">\u00abA las 02H51 (00H51 GMT), J\u00e1rkov enfrent\u00f3 un bombardeo a\u00e9reo\u00bb, escribi\u00f3 Terejov en la red social Telegram.<\/p>\n<p class=\"v1MsoNormal\">El alcalde inform\u00f3 inicialmente de tres fallecidos, pero luego agreg\u00f3 que \u00abel cuerpo de una cuarta persona se hab\u00eda encontrado bajo los escombros\u00bb.<\/p>\n<p class=\"v1MsoNormal\">Debido al ataque, realizado \u00abprobablemente mediante una bomba a\u00e9rea\u00bb, \u00abdos casas fueron destruidas y otras 20 sufrieron da\u00f1os de distinto grado\u00bb, se\u00f1al\u00f3.<\/p>\n<p class=\"v1MsoNormal\">La v\u00edspera, el gobernador regional de J\u00e1rkov, Oleg Sinegubov, afirm\u00f3 que un bombardeo ruso da\u00f1\u00f3 una torre modernista de la era sovi\u00e9tica, considerada un s\u00edmbolo de la arquitectura constructivista en la ciudad nororiental.<\/p>\n<p class=\"v1MsoNormal\">\u00abCon el ataque, que inicialmente creemos fue realizado con bombas guiadas, los ocupantes (rusos) golpearon un s\u00edmbolo de la ciudad que todos los habitantes conocen\u00bb, denunci\u00f3 el funcionario, quien conden\u00f3 el \u00abterrorismo ruso\u00bb.<\/p>\n<p class=\"v1MsoNormal\">\u00abEs un monumento de relevancia nacional, un edificio del estilo constructivista\u00bb, agreg\u00f3.<\/p>\n<p class=\"v1MsoNormal\">El ataque dej\u00f3 al menos seis heridos y da\u00f1\u00f3 la sede de una instituci\u00f3n m\u00e9dica, asegur\u00f3 Sinegubov.<\/p>\n<p class=\"v1MsoNormal\">J\u00e1rkov es la principal ciudad de la regi\u00f3n nororiental del mismo nombre. Se ubica a menos de 30 kil\u00f3metros de la frontera de Rusia y es blanco frecuente de bombardeos. (Dw)<\/p>\n","protected":false},"excerpt":{"rendered":"<p>Ataques rusos contra un barrio residencial de la ciudad ucraniana de J\u00e1rkov dejaron ayer cerca de cuatro muertos, inform\u00f3 el alcalde local, Igor Terejov. \u00abA las 02H51 (00H51 GMT), J\u00e1rkov enfrent\u00f3 un bombardeo a\u00e9reo\u00bb, escribi\u00f3 Terejov en la red social Telegram. El alcalde inform\u00f3 inicialmente de tres fallecidos, pero luego agreg\u00f3 que \u00abel cuerpo de [&hellip;]<\/p>\n","protected":false},"author":1,"featured_media":257446,"comment_status":"closed","ping_status":"open","sticky":false,"template":"","format":"standard","meta":{"_acf_changed":false,"footnotes":""},"categories":[3],"tags":[],"class_list":["post-257445","post","type-post","status-publish","format-standard","has-post-thumbnail","category-internacional"],"acf":{"antetitulo":""},"yoast_head":"<!-- This site is optimized with the Yoast SEO plugin v28.4 - https:\/\/yoast.com\/product\/yoast-seo-wordpress\/ -->\n<title>Ataques rusos deja 4 fallecidos en Ucrania - El Diario - Bolivia<\/title>\n<meta name=\"robots\" content=\"index, follow, max-snippet:-1, max-image-preview:large, max-video-preview:-1\" \/>\n<link rel=\"canonical\" href=\"https:\/\/www.eldiario.net\/portal\/2024\/10\/30\/ataques-rusos-deja-4-fallecidos-en-ucrania\/\" \/>\n<meta property=\"og:locale\" content=\"es_ES\" \/>\n<meta property=\"og:type\" content=\"article\" \/>\n<meta property=\"og:title\" content=\"Ataques rusos deja 4 fallecidos en Ucrania - El Diario - Bolivia\" \/>\n<meta property=\"og:description\" content=\"Ataques rusos contra un barrio residencial de la ciudad ucraniana de J\u00e1rkov dejaron ayer cerca de cuatro muertos, inform\u00f3 el alcalde local, Igor Terejov. \u00abA las 02H51 (00H51 GMT), J\u00e1rkov enfrent\u00f3 un bombardeo a\u00e9reo\u00bb, escribi\u00f3 Terejov en la red social Telegram. El alcalde inform\u00f3 inicialmente de tres fallecidos, pero luego agreg\u00f3 que \u00abel cuerpo de [&hellip;]\" \/>\n<meta property=\"og:url\" content=\"https:\/\/www.eldiario.net\/portal\/2024\/10\/30\/ataques-rusos-deja-4-fallecidos-en-ucrania\/\" \/>\n<meta property=\"og:site_name\" content=\"El Diario - Bolivia\" \/>\n<meta property=\"article:publisher\" content=\"https:\/\/www.facebook.com\/eldiario.bolivia\/\" \/>\n<meta property=\"article:published_time\" content=\"2024-10-30T10:06:15+00:00\" \/>\n<meta property=\"og:image\" content=\"https:\/\/www.eldiario.net\/portal\/wp-content\/uploads\/2024\/10\/Ucrania-Picture-Alliance-1.jpg\" \/>\n\t<meta property=\"og:image:width\" content=\"1200\" \/>\n\t<meta property=\"og:image:height\" content=\"525\" \/>\n\t<meta property=\"og:image:type\" content=\"image\/jpeg\" \/>\n<meta name=\"author\" content=\"Jeanette\" \/>\n<meta name=\"twitter:card\" content=\"summary_large_image\" \/>\n<meta name=\"twitter:creator\" content=\"@eldiario_net\" \/>\n<meta name=\"twitter:site\" content=\"@eldiario_net\" \/>\n<meta name=\"twitter:label1\" content=\"Escrito por\" \/>\n\t<meta name=\"twitter:data1\" content=\"Jeanette\" \/>\n\t<meta name=\"twitter:label2\" content=\"Tiempo de lectura\" \/>\n\t<meta name=\"twitter:data2\" content=\"2 minutos\" \/>\n<script type=\"application\/ld+json\" class=\"yoast-schema-graph\">{\"@context\":\"https:\\\/\\\/schema.org\",\"@graph\":[{\"@type\":\"Article\",\"@id\":\"https:\\\/\\\/www.eldiario.net\\\/portal\\\/2024\\\/10\\\/30\\\/ataques-rusos-deja-4-fallecidos-en-ucrania\\\/#article\",\"isPartOf\":{\"@id\":\"https:\\\/\\\/www.eldiario.net\\\/portal\\\/2024\\\/10\\\/30\\\/ataques-rusos-deja-4-fallecidos-en-ucrania\\\/\"},\"author\":{\"name\":\"Jeanette\",\"@id\":\"https:\\\/\\\/www.eldiario.net\\\/portal\\\/#\\\/schema\\\/person\\\/f46445640444750d7d753ccd04ae01b7\"},\"headline\":\"Ataques rusos deja 4 fallecidos en Ucrania\",\"datePublished\":\"2024-10-30T10:06:15+00:00\",\"mainEntityOfPage\":{\"@id\":\"https:\\\/\\\/www.eldiario.net\\\/portal\\\/2024\\\/10\\\/30\\\/ataques-rusos-deja-4-fallecidos-en-ucrania\\\/\"},\"wordCount\":233,\"publisher\":{\"@id\":\"https:\\\/\\\/www.eldiario.net\\\/portal\\\/#organization\"},\"image\":{\"@id\":\"https:\\\/\\\/www.eldiario.net\\\/portal\\\/2024\\\/10\\\/30\\\/ataques-rusos-deja-4-fallecidos-en-ucrania\\\/#primaryimage\"},\"thumbnailUrl\":\"https:\\\/\\\/www.eldiario.net\\\/portal\\\/wp-content\\\/uploads\\\/2024\\\/10\\\/Ucrania-Picture-Alliance-1.jpg\",\"articleSection\":[\"Internacional\"],\"inLanguage\":\"es\"},{\"@type\":\"WebPage\",\"@id\":\"https:\\\/\\\/www.eldiario.net\\\/portal\\\/2024\\\/10\\\/30\\\/ataques-rusos-deja-4-fallecidos-en-ucrania\\\/\",\"url\":\"https:\\\/\\\/www.eldiario.net\\\/portal\\\/2024\\\/10\\\/30\\\/ataques-rusos-deja-4-fallecidos-en-ucrania\\\/\",\"name\":\"Ataques rusos deja 4 fallecidos en Ucrania - El Diario - Bolivia\",\"isPartOf\":{\"@id\":\"https:\\\/\\\/www.eldiario.net\\\/portal\\\/#website\"},\"primaryImageOfPage\":{\"@id\":\"https:\\\/\\\/www.eldiario.net\\\/portal\\\/2024\\\/10\\\/30\\\/ataques-rusos-deja-4-fallecidos-en-ucrania\\\/#primaryimage\"},\"image\":{\"@id\":\"https:\\\/\\\/www.eldiario.net\\\/portal\\\/2024\\\/10\\\/30\\\/ataques-rusos-deja-4-fallecidos-en-ucrania\\\/#primaryimage\"},\"thumbnailUrl\":\"https:\\\/\\\/www.eldiario.net\\\/portal\\\/wp-content\\\/uploads\\\/2024\\\/10\\\/Ucrania-Picture-Alliance-1.jpg\",\"datePublished\":\"2024-10-30T10:06:15+00:00\",\"breadcrumb\":{\"@id\":\"https:\\\/\\\/www.eldiario.net\\\/portal\\\/2024\\\/10\\\/30\\\/ataques-rusos-deja-4-fallecidos-en-ucrania\\\/#breadcrumb\"},\"inLanguage\":\"es\",\"potentialAction\":[{\"@type\":\"ReadAction\",\"target\":[\"https:\\\/\\\/www.eldiario.net\\\/portal\\\/2024\\\/10\\\/30\\\/ataques-rusos-deja-4-fallecidos-en-ucrania\\\/\"]}]},{\"@type\":\"ImageObject\",\"inLanguage\":\"es\",\"@id\":\"https:\\\/\\\/www.eldiario.net\\\/portal\\\/2024\\\/10\\\/30\\\/ataques-rusos-deja-4-fallecidos-en-ucrania\\\/#primaryimage\",\"url\":\"https:\\\/\\\/www.eldiario.net\\\/portal\\\/wp-content\\\/uploads\\\/2024\\\/10\\\/Ucrania-Picture-Alliance-1.jpg\",\"contentUrl\":\"https:\\\/\\\/www.eldiario.net\\\/portal\\\/wp-content\\\/uploads\\\/2024\\\/10\\\/Ucrania-Picture-Alliance-1.jpg\",\"width\":1200,\"height\":525,\"caption\":\"Cerca de dos casas fueron destruidas y otras 20 resultaron da\u00f1adas. CREDITO: AP (archivo)\"},{\"@type\":\"BreadcrumbList\",\"@id\":\"https:\\\/\\\/www.eldiario.net\\\/portal\\\/2024\\\/10\\\/30\\\/ataques-rusos-deja-4-fallecidos-en-ucrania\\\/#breadcrumb\",\"itemListElement\":[{\"@type\":\"ListItem\",\"position\":1,\"name\":\"Portada\",\"item\":\"https:\\\/\\\/www.eldiario.net\\\/portal\\\/\"},{\"@type\":\"ListItem\",\"position\":2,\"name\":\"Ataques rusos deja 4 fallecidos en Ucrania\"}]},{\"@type\":\"WebSite\",\"@id\":\"https:\\\/\\\/www.eldiario.net\\\/portal\\\/#website\",\"url\":\"https:\\\/\\\/www.eldiario.net\\\/portal\\\/\",\"name\":\"El Diario - Decano de la prensa nacional\",\"description\":\"El Diario - Decano de la prensa nacional\",\"publisher\":{\"@id\":\"https:\\\/\\\/www.eldiario.net\\\/portal\\\/#organization\"},\"potentialAction\":[{\"@type\":\"SearchAction\",\"target\":{\"@type\":\"EntryPoint\",\"urlTemplate\":\"https:\\\/\\\/www.eldiario.net\\\/portal\\\/?s={search_term_string}\"},\"query-input\":{\"@type\":\"PropertyValueSpecification\",\"valueRequired\":true,\"valueName\":\"search_term_string\"}}],\"inLanguage\":\"es\"},{\"@type\":\"Organization\",\"@id\":\"https:\\\/\\\/www.eldiario.net\\\/portal\\\/#organization\",\"name\":\"El Diario - Decano de la prensa nacional\",\"url\":\"https:\\\/\\\/www.eldiario.net\\\/portal\\\/\",\"logo\":{\"@type\":\"ImageObject\",\"inLanguage\":\"es\",\"@id\":\"https:\\\/\\\/www.eldiario.net\\\/portal\\\/#\\\/schema\\\/logo\\\/image\\\/\",\"url\":\"https:\\\/\\\/www.eldiario.net\\\/portal\\\/wp-content\\\/uploads\\\/2023\\\/07\\\/logo_ED.jpg\",\"contentUrl\":\"https:\\\/\\\/www.eldiario.net\\\/portal\\\/wp-content\\\/uploads\\\/2023\\\/07\\\/logo_ED.jpg\",\"width\":272,\"height\":52,\"caption\":\"El Diario - Decano de la prensa nacional\"},\"image\":{\"@id\":\"https:\\\/\\\/www.eldiario.net\\\/portal\\\/#\\\/schema\\\/logo\\\/image\\\/\"},\"sameAs\":[\"https:\\\/\\\/www.facebook.com\\\/eldiario.bolivia\\\/\",\"https:\\\/\\\/x.com\\\/eldiario_net\"]},{\"@type\":\"Person\",\"@id\":\"https:\\\/\\\/www.eldiario.net\\\/portal\\\/#\\\/schema\\\/person\\\/f46445640444750d7d753ccd04ae01b7\",\"name\":\"Jeanette\",\"image\":{\"@type\":\"ImageObject\",\"inLanguage\":\"es\",\"@id\":\"https:\\\/\\\/secure.gravatar.com\\\/avatar\\\/3ea2118a5f7dad2b7138b1187a6b7ee55f160b9968b66013c3a3ef39dd7e5798?s=96&d=mm&r=g\",\"url\":\"https:\\\/\\\/secure.gravatar.com\\\/avatar\\\/3ea2118a5f7dad2b7138b1187a6b7ee55f160b9968b66013c3a3ef39dd7e5798?s=96&d=mm&r=g\",\"contentUrl\":\"https:\\\/\\\/secure.gravatar.com\\\/avatar\\\/3ea2118a5f7dad2b7138b1187a6b7ee55f160b9968b66013c3a3ef39dd7e5798?s=96&d=mm&r=g\",\"caption\":\"Jeanette\"},\"sameAs\":[\"https:\\\/\\\/www.eldiario.net\\\/portal\"],\"url\":\"https:\\\/\\\/www.eldiario.net\\\/portal\\\/author\\\/jeanette\\\/\"}]}<\/script>\n<!-- \/ Yoast SEO plugin. -->","yoast_head_json":{"title":"Ataques rusos deja 4 fallecidos en Ucrania - El Diario - Bolivia","robots":{"index":"index","follow":"follow","max-snippet":"max-snippet:-1","max-image-preview":"max-image-preview:large","max-video-preview":"max-video-preview:-1"},"canonical":"https:\/\/www.eldiario.net\/portal\/2024\/10\/30\/ataques-rusos-deja-4-fallecidos-en-ucrania\/","og_locale":"es_ES","og_type":"article","og_title":"Ataques rusos deja 4 fallecidos en Ucrania - El Diario - Bolivia","og_description":"Ataques rusos contra un barrio residencial de la ciudad ucraniana de J\u00e1rkov dejaron ayer cerca de cuatro muertos, inform\u00f3 el alcalde local, Igor Terejov. \u00abA las 02H51 (00H51 GMT), J\u00e1rkov enfrent\u00f3 un bombardeo a\u00e9reo\u00bb, escribi\u00f3 Terejov en la red social Telegram. El alcalde inform\u00f3 inicialmente de tres fallecidos, pero luego agreg\u00f3 que \u00abel cuerpo de [&hellip;]","og_url":"https:\/\/www.eldiario.net\/portal\/2024\/10\/30\/ataques-rusos-deja-4-fallecidos-en-ucrania\/","og_site_name":"El Diario - Bolivia","article_publisher":"https:\/\/www.facebook.com\/eldiario.bolivia\/","article_published_time":"2024-10-30T10:06:15+00:00","og_image":[{"width":1200,"height":525,"url":"https:\/\/www.eldiario.net\/portal\/wp-content\/uploads\/2024\/10\/Ucrania-Picture-Alliance-1.jpg","type":"image\/jpeg"}],"author":"Jeanette","twitter_card":"summary_large_image","twitter_creator":"@eldiario_net","twitter_site":"@eldiario_net","twitter_misc":{"Escrito por":"Jeanette","Tiempo de lectura":"2 minutos"},"schema":{"@context":"https:\/\/schema.org","@graph":[{"@type":"Article","@id":"https:\/\/www.eldiario.net\/portal\/2024\/10\/30\/ataques-rusos-deja-4-fallecidos-en-ucrania\/#article","isPartOf":{"@id":"https:\/\/www.eldiario.net\/portal\/2024\/10\/30\/ataques-rusos-deja-4-fallecidos-en-ucrania\/"},"author":{"name":"Jeanette","@id":"https:\/\/www.eldiario.net\/portal\/#\/schema\/person\/f46445640444750d7d753ccd04ae01b7"},"headline":"Ataques rusos deja 4 fallecidos en Ucrania","datePublished":"2024-10-30T10:06:15+00:00","mainEntityOfPage":{"@id":"https:\/\/www.eldiario.net\/portal\/2024\/10\/30\/ataques-rusos-deja-4-fallecidos-en-ucrania\/"},"wordCount":233,"publisher":{"@id":"https:\/\/www.eldiario.net\/portal\/#organization"},"image":{"@id":"https:\/\/www.eldiario.net\/portal\/2024\/10\/30\/ataques-rusos-deja-4-fallecidos-en-ucrania\/#primaryimage"},"thumbnailUrl":"https:\/\/www.eldiario.net\/portal\/wp-content\/uploads\/2024\/10\/Ucrania-Picture-Alliance-1.jpg","articleSection":["Internacional"],"inLanguage":"es"},{"@type":"WebPage","@id":"https:\/\/www.eldiario.net\/portal\/2024\/10\/30\/ataques-rusos-deja-4-fallecidos-en-ucrania\/","url":"https:\/\/www.eldiario.net\/portal\/2024\/10\/30\/ataques-rusos-deja-4-fallecidos-en-ucrania\/","name":"Ataques rusos deja 4 fallecidos en Ucrania - El Diario - Bolivia","isPartOf":{"@id":"https:\/\/www.eldiario.net\/portal\/#website"},"primaryImageOfPage":{"@id":"https:\/\/www.eldiario.net\/portal\/2024\/10\/30\/ataques-rusos-deja-4-fallecidos-en-ucrania\/#primaryimage"},"image":{"@id":"https:\/\/www.eldiario.net\/portal\/2024\/10\/30\/ataques-rusos-deja-4-fallecidos-en-ucrania\/#primaryimage"},"thumbnailUrl":"https:\/\/www.eldiario.net\/portal\/wp-content\/uploads\/2024\/10\/Ucrania-Picture-Alliance-1.jpg","datePublished":"2024-10-30T10:06:15+00:00","breadcrumb":{"@id":"https:\/\/www.eldiario.net\/portal\/2024\/10\/30\/ataques-rusos-deja-4-fallecidos-en-ucrania\/#breadcrumb"},"inLanguage":"es","potentialAction":[{"@type":"ReadAction","target":["https:\/\/www.eldiario.net\/portal\/2024\/10\/30\/ataques-rusos-deja-4-fallecidos-en-ucrania\/"]}]},{"@type":"ImageObject","inLanguage":"es","@id":"https:\/\/www.eldiario.net\/portal\/2024\/10\/30\/ataques-rusos-deja-4-fallecidos-en-ucrania\/#primaryimage","url":"https:\/\/www.eldiario.net\/portal\/wp-content\/uploads\/2024\/10\/Ucrania-Picture-Alliance-1.jpg","contentUrl":"https:\/\/www.eldiario.net\/portal\/wp-content\/uploads\/2024\/10\/Ucrania-Picture-Alliance-1.jpg","width":1200,"height":525,"caption":"Cerca de dos casas fueron destruidas y otras 20 resultaron da\u00f1adas. CREDITO: AP (archivo)"},{"@type":"BreadcrumbList","@id":"https:\/\/www.eldiario.net\/portal\/2024\/10\/30\/ataques-rusos-deja-4-fallecidos-en-ucrania\/#breadcrumb","itemListElement":[{"@type":"ListItem","position":1,"name":"Portada","item":"https:\/\/www.eldiario.net\/portal\/"},{"@type":"ListItem","position":2,"name":"Ataques rusos deja 4 fallecidos en Ucrania"}]},{"@type":"WebSite","@id":"https:\/\/www.eldiario.net\/portal\/#website","url":"https:\/\/www.eldiario.net\/portal\/","name":"El Diario - Decano de la prensa nacional","description":"El Diario - Decano de la prensa nacional","publisher":{"@id":"https:\/\/www.eldiario.net\/portal\/#organization"},"potentialAction":[{"@type":"SearchAction","target":{"@type":"EntryPoint","urlTemplate":"https:\/\/www.eldiario.net\/portal\/?s={search_term_string}"},"query-input":{"@type":"PropertyValueSpecification","valueRequired":true,"valueName":"search_term_string"}}],"inLanguage":"es"},{"@type":"Organization","@id":"https:\/\/www.eldiario.net\/portal\/#organization","name":"El Diario - Decano de la prensa nacional","url":"https:\/\/www.eldiario.net\/portal\/","logo":{"@type":"ImageObject","inLanguage":"es","@id":"https:\/\/www.eldiario.net\/portal\/#\/schema\/logo\/image\/","url":"https:\/\/www.eldiario.net\/portal\/wp-content\/uploads\/2023\/07\/logo_ED.jpg","contentUrl":"https:\/\/www.eldiario.net\/portal\/wp-content\/uploads\/2023\/07\/logo_ED.jpg","width":272,"height":52,"caption":"El Diario - Decano de la prensa nacional"},"image":{"@id":"https:\/\/www.eldiario.net\/portal\/#\/schema\/logo\/image\/"},"sameAs":["https:\/\/www.facebook.com\/eldiario.bolivia\/","https:\/\/x.com\/eldiario_net"]},{"@type":"Person","@id":"https:\/\/www.eldiario.net\/portal\/#\/schema\/person\/f46445640444750d7d753ccd04ae01b7","name":"Jeanette","image":{"@type":"ImageObject","inLanguage":"es","@id":"https:\/\/secure.gravatar.com\/avatar\/3ea2118a5f7dad2b7138b1187a6b7ee55f160b9968b66013c3a3ef39dd7e5798?s=96&d=mm&r=g","url":"https:\/\/secure.gravatar.com\/avatar\/3ea2118a5f7dad2b7138b1187a6b7ee55f160b9968b66013c3a3ef39dd7e5798?s=96&d=mm&r=g","contentUrl":"https:\/\/secure.gravatar.com\/avatar\/3ea2118a5f7dad2b7138b1187a6b7ee55f160b9968b66013c3a3ef39dd7e5798?s=96&d=mm&r=g","caption":"Jeanette"},"sameAs":["https:\/\/www.eldiario.net\/portal"],"url":"https:\/\/www.eldiario.net\/portal\/author\/jeanette\/"}]}},"_links":{"self":[{"href":"https:\/\/www.eldiario.net\/portal\/wp-json\/wp\/v2\/posts\/257445","targetHints":{"allow":["GET"]}}],"collection":[{"href":"https:\/\/www.eldiario.net\/portal\/wp-json\/wp\/v2\/posts"}],"about":[{"href":"https:\/\/www.eldiario.net\/portal\/wp-json\/wp\/v2\/types\/post"}],"author":[{"embeddable":true,"href":"https:\/\/www.eldiario.net\/portal\/wp-json\/wp\/v2\/users\/1"}],"replies":[{"embeddable":true,"href":"https:\/\/www.eldiario.net\/portal\/wp-json\/wp\/v2\/comments?post=257445"}],"version-history":[{"count":1,"href":"https:\/\/www.eldiario.net\/portal\/wp-json\/wp\/v2\/posts\/257445\/revisions"}],"predecessor-version":[{"id":257447,"href":"https:\/\/www.eldiario.net\/portal\/wp-json\/wp\/v2\/posts\/257445\/revisions\/257447"}],"wp:featuredmedia":[{"embeddable":true,"href":"https:\/\/www.eldiario.net\/portal\/wp-json\/wp\/v2\/media\/257446"}],"wp:attachment":[{"href":"https:\/\/www.eldiario.net\/portal\/wp-json\/wp\/v2\/media?parent=257445"}],"wp:term":[{"taxonomy":"category","embeddable":true,"href":"https:\/\/www.eldiario.net\/portal\/wp-json\/wp\/v2\/categories?post=257445"},{"taxonomy":"post_tag","embeddable":true,"href":"https:\/\/www.eldiario.net\/portal\/wp-json\/wp\/v2\/tags?post=257445"}],"curies":[{"name":"wp","href":"https:\/\/api.w.org\/{rel}","templated":true}]}}