{"id":257442,"date":"2024-10-30T06:05:38","date_gmt":"2024-10-30T10:05:38","guid":{"rendered":"https:\/\/www.eldiario.net\/portal\/?p=257442"},"modified":"2024-10-30T06:05:38","modified_gmt":"2024-10-30T10:05:38","slug":"unicef-alerta-que-prohibir-actividades-de-la-unrwa-condena-a-ninos-a-morir","status":"publish","type":"post","link":"https:\/\/www.eldiario.net\/portal\/2024\/10\/30\/unicef-alerta-que-prohibir-actividades-de-la-unrwa-condena-a-ninos-a-morir\/","title":{"rendered":"Unicef alerta que prohibir actividades  de la Unrwa condena a ni\u00f1os a morir"},"content":{"rendered":"<p class=\"v1MsoNormal\">El Fondo de Naciones Unidas para la Infancia (Unicef) alert\u00f3 ayer de que la decisi\u00f3n de Israel de prohibir las actividades de la Agencia de Naciones Unidas para los Refugiados de Palestina en Oriente Pr\u00f3ximo (Unrwa) podr\u00eda provocar \u00abel colapso del sistema humanitario en Gaza\u00bb, por lo que lament\u00f3 que \u00abse hall\u00f3 una nueva forma de matar ni\u00f1os\u00bb palestinos en la Franja.<\/p>\n<p class=\"v1MsoNormal\">\u00abSi la Unrwa no puede operar, es probable que veamos el colapso del sistema humanitario en Gaza\u00bb, se\u00f1al\u00f3 el portavoz de Unicef, James Elder. \u00abUnicef ser\u00eda incapaz desde un punto de vista efectivo de distribuir suministros vitales\u00bb, se\u00f1al\u00f3, antes de enumerar entre ellos vacunas, ropa de invierno, kits de higiene, suministros sanitarios y agua, entre otros materiales y bienes.<\/p>\n<p class=\"v1MsoNormal\">\u00abSabemos que estamos de nuevo golpeando la puerta de la hambruna\u00bb, sostuvo Elder, quien insisti\u00f3 en que la decisi\u00f3n del Parlamento israel\u00ed para prohibir las actividades de la Unrwa \u00absignifica que se hall\u00f3 una nueva forma de matar ni\u00f1os\u00bb, despu\u00e9s de que el comisionado general de la agencia, Philippe Lazzarini, advirtiera de que la medida supone un \u00abprecedente peligroso\u00bb y que \u00absolo profundiza el sufrimiento de los palestinos\u00bb.<\/p>\n<p class=\"v1MsoNormal\">El proyecto de ley impedir\u00eda efectivamente que la organizaci\u00f3n opere en territorio israel\u00ed y los territorios palestinos al revocar un texto de 1967 que sirvi\u00f3 de base para sus actividades. Israel acus\u00f3 el pasado marzo a \u00abun n\u00famero significativo\u00bb de trabajadores de la Unrwa de \u00abser miembros de organizaciones terroristas\u00bb, lo que llev\u00f3 a 16 pa\u00edses a suspender o congelar los fondos, privando de golpe a este organismo de 450 millones de d\u00f3lares y poniendo en duda la continuidad de sus operaciones.<\/p>\n<p class=\"v1MsoNormal\">Sin embargo, a mediados de abril, la investigaci\u00f3n externa encabezada por la exministra de Exteriores francesa, Catherine Colonna, descart\u00f3 que las autoridades israel\u00edes proporcionaran pruebas que acreditasen los presuntos v\u00ednculos terroristas atribuidos a varios de los empleados de la Unrwa.(EP)<\/p>\n","protected":false},"excerpt":{"rendered":"<p>El Fondo de Naciones Unidas para la Infancia (Unicef) alert\u00f3 ayer de que la decisi\u00f3n de Israel de prohibir las actividades de la Agencia de Naciones Unidas para los Refugiados de Palestina en Oriente Pr\u00f3ximo (Unrwa) podr\u00eda provocar \u00abel colapso del sistema humanitario en Gaza\u00bb, por lo que lament\u00f3 que \u00abse hall\u00f3 una nueva forma [&hellip;]<\/p>\n","protected":false},"author":1,"featured_media":257443,"comment_status":"closed","ping_status":"open","sticky":false,"template":"","format":"standard","meta":{"_acf_changed":false,"footnotes":""},"categories":[3],"tags":[],"class_list":["post-257442","post","type-post","status-publish","format-standard","has-post-thumbnail","category-internacional"],"acf":{"antetitulo":"Franja de Gaza"},"yoast_head":"<!-- This site is optimized with the Yoast SEO plugin v28.4 - https:\/\/yoast.com\/product\/yoast-seo-wordpress\/ -->\n<title>Unicef alerta que prohibir actividades de la Unrwa condena a ni\u00f1os a morir - El Diario - Bolivia<\/title>\n<meta name=\"robots\" content=\"index, follow, max-snippet:-1, max-image-preview:large, max-video-preview:-1\" \/>\n<link rel=\"canonical\" href=\"https:\/\/www.eldiario.net\/portal\/2024\/10\/30\/unicef-alerta-que-prohibir-actividades-de-la-unrwa-condena-a-ninos-a-morir\/\" \/>\n<meta property=\"og:locale\" content=\"es_ES\" \/>\n<meta property=\"og:type\" content=\"article\" \/>\n<meta property=\"og:title\" content=\"Unicef alerta que prohibir actividades de la Unrwa condena a ni\u00f1os a morir - El Diario - Bolivia\" \/>\n<meta property=\"og:description\" content=\"El Fondo de Naciones Unidas para la Infancia (Unicef) alert\u00f3 ayer de que la decisi\u00f3n de Israel de prohibir las actividades de la Agencia de Naciones Unidas para los Refugiados de Palestina en Oriente Pr\u00f3ximo (Unrwa) podr\u00eda provocar \u00abel colapso del sistema humanitario en Gaza\u00bb, por lo que lament\u00f3 que \u00abse hall\u00f3 una nueva forma [&hellip;]\" \/>\n<meta property=\"og:url\" content=\"https:\/\/www.eldiario.net\/portal\/2024\/10\/30\/unicef-alerta-que-prohibir-actividades-de-la-unrwa-condena-a-ninos-a-morir\/\" \/>\n<meta property=\"og:site_name\" content=\"El Diario - Bolivia\" \/>\n<meta property=\"article:publisher\" content=\"https:\/\/www.facebook.com\/eldiario.bolivia\/\" \/>\n<meta property=\"article:published_time\" content=\"2024-10-30T10:05:38+00:00\" \/>\n<meta property=\"og:image\" content=\"https:\/\/www.eldiario.net\/portal\/wp-content\/uploads\/2024\/10\/UNICEF-EP.jpg\" \/>\n\t<meta property=\"og:image:width\" content=\"1000\" \/>\n\t<meta property=\"og:image:height\" content=\"567\" \/>\n\t<meta property=\"og:image:type\" content=\"image\/jpeg\" \/>\n<meta name=\"author\" content=\"Jeanette\" \/>\n<meta name=\"twitter:card\" content=\"summary_large_image\" \/>\n<meta name=\"twitter:creator\" content=\"@eldiario_net\" \/>\n<meta name=\"twitter:site\" content=\"@eldiario_net\" \/>\n<meta name=\"twitter:label1\" content=\"Escrito por\" \/>\n\t<meta name=\"twitter:data1\" content=\"Jeanette\" \/>\n\t<meta name=\"twitter:label2\" content=\"Tiempo de lectura\" \/>\n\t<meta name=\"twitter:data2\" content=\"2 minutos\" \/>\n<script type=\"application\/ld+json\" class=\"yoast-schema-graph\">{\"@context\":\"https:\\\/\\\/schema.org\",\"@graph\":[{\"@type\":\"Article\",\"@id\":\"https:\\\/\\\/www.eldiario.net\\\/portal\\\/2024\\\/10\\\/30\\\/unicef-alerta-que-prohibir-actividades-de-la-unrwa-condena-a-ninos-a-morir\\\/#article\",\"isPartOf\":{\"@id\":\"https:\\\/\\\/www.eldiario.net\\\/portal\\\/2024\\\/10\\\/30\\\/unicef-alerta-que-prohibir-actividades-de-la-unrwa-condena-a-ninos-a-morir\\\/\"},\"author\":{\"name\":\"Jeanette\",\"@id\":\"https:\\\/\\\/www.eldiario.net\\\/portal\\\/#\\\/schema\\\/person\\\/f46445640444750d7d753ccd04ae01b7\"},\"headline\":\"Unicef alerta que prohibir actividades de la Unrwa condena a ni\u00f1os a morir\",\"datePublished\":\"2024-10-30T10:05:38+00:00\",\"mainEntityOfPage\":{\"@id\":\"https:\\\/\\\/www.eldiario.net\\\/portal\\\/2024\\\/10\\\/30\\\/unicef-alerta-que-prohibir-actividades-de-la-unrwa-condena-a-ninos-a-morir\\\/\"},\"wordCount\":341,\"publisher\":{\"@id\":\"https:\\\/\\\/www.eldiario.net\\\/portal\\\/#organization\"},\"image\":{\"@id\":\"https:\\\/\\\/www.eldiario.net\\\/portal\\\/2024\\\/10\\\/30\\\/unicef-alerta-que-prohibir-actividades-de-la-unrwa-condena-a-ninos-a-morir\\\/#primaryimage\"},\"thumbnailUrl\":\"https:\\\/\\\/www.eldiario.net\\\/portal\\\/wp-content\\\/uploads\\\/2024\\\/10\\\/UNICEF-EP.jpg\",\"articleSection\":[\"Internacional\"],\"inLanguage\":\"es\"},{\"@type\":\"WebPage\",\"@id\":\"https:\\\/\\\/www.eldiario.net\\\/portal\\\/2024\\\/10\\\/30\\\/unicef-alerta-que-prohibir-actividades-de-la-unrwa-condena-a-ninos-a-morir\\\/\",\"url\":\"https:\\\/\\\/www.eldiario.net\\\/portal\\\/2024\\\/10\\\/30\\\/unicef-alerta-que-prohibir-actividades-de-la-unrwa-condena-a-ninos-a-morir\\\/\",\"name\":\"Unicef alerta que prohibir actividades de la Unrwa condena a ni\u00f1os a morir - El Diario - Bolivia\",\"isPartOf\":{\"@id\":\"https:\\\/\\\/www.eldiario.net\\\/portal\\\/#website\"},\"primaryImageOfPage\":{\"@id\":\"https:\\\/\\\/www.eldiario.net\\\/portal\\\/2024\\\/10\\\/30\\\/unicef-alerta-que-prohibir-actividades-de-la-unrwa-condena-a-ninos-a-morir\\\/#primaryimage\"},\"image\":{\"@id\":\"https:\\\/\\\/www.eldiario.net\\\/portal\\\/2024\\\/10\\\/30\\\/unicef-alerta-que-prohibir-actividades-de-la-unrwa-condena-a-ninos-a-morir\\\/#primaryimage\"},\"thumbnailUrl\":\"https:\\\/\\\/www.eldiario.net\\\/portal\\\/wp-content\\\/uploads\\\/2024\\\/10\\\/UNICEF-EP.jpg\",\"datePublished\":\"2024-10-30T10:05:38+00:00\",\"breadcrumb\":{\"@id\":\"https:\\\/\\\/www.eldiario.net\\\/portal\\\/2024\\\/10\\\/30\\\/unicef-alerta-que-prohibir-actividades-de-la-unrwa-condena-a-ninos-a-morir\\\/#breadcrumb\"},\"inLanguage\":\"es\",\"potentialAction\":[{\"@type\":\"ReadAction\",\"target\":[\"https:\\\/\\\/www.eldiario.net\\\/portal\\\/2024\\\/10\\\/30\\\/unicef-alerta-que-prohibir-actividades-de-la-unrwa-condena-a-ninos-a-morir\\\/\"]}]},{\"@type\":\"ImageObject\",\"inLanguage\":\"es\",\"@id\":\"https:\\\/\\\/www.eldiario.net\\\/portal\\\/2024\\\/10\\\/30\\\/unicef-alerta-que-prohibir-actividades-de-la-unrwa-condena-a-ninos-a-morir\\\/#primaryimage\",\"url\":\"https:\\\/\\\/www.eldiario.net\\\/portal\\\/wp-content\\\/uploads\\\/2024\\\/10\\\/UNICEF-EP.jpg\",\"contentUrl\":\"https:\\\/\\\/www.eldiario.net\\\/portal\\\/wp-content\\\/uploads\\\/2024\\\/10\\\/UNICEF-EP.jpg\",\"width\":1000,\"height\":567,\"caption\":\"Ni\u00f1os palestinos ante edificios destruidos por ataques israel\u00edes en el centro de Gaza CREDITO: Europa Press\"},{\"@type\":\"BreadcrumbList\",\"@id\":\"https:\\\/\\\/www.eldiario.net\\\/portal\\\/2024\\\/10\\\/30\\\/unicef-alerta-que-prohibir-actividades-de-la-unrwa-condena-a-ninos-a-morir\\\/#breadcrumb\",\"itemListElement\":[{\"@type\":\"ListItem\",\"position\":1,\"name\":\"Portada\",\"item\":\"https:\\\/\\\/www.eldiario.net\\\/portal\\\/\"},{\"@type\":\"ListItem\",\"position\":2,\"name\":\"Unicef alerta que prohibir actividades de la Unrwa condena a ni\u00f1os a morir\"}]},{\"@type\":\"WebSite\",\"@id\":\"https:\\\/\\\/www.eldiario.net\\\/portal\\\/#website\",\"url\":\"https:\\\/\\\/www.eldiario.net\\\/portal\\\/\",\"name\":\"El Diario - Decano de la prensa nacional\",\"description\":\"El Diario - Decano de la prensa nacional\",\"publisher\":{\"@id\":\"https:\\\/\\\/www.eldiario.net\\\/portal\\\/#organization\"},\"potentialAction\":[{\"@type\":\"SearchAction\",\"target\":{\"@type\":\"EntryPoint\",\"urlTemplate\":\"https:\\\/\\\/www.eldiario.net\\\/portal\\\/?s={search_term_string}\"},\"query-input\":{\"@type\":\"PropertyValueSpecification\",\"valueRequired\":true,\"valueName\":\"search_term_string\"}}],\"inLanguage\":\"es\"},{\"@type\":\"Organization\",\"@id\":\"https:\\\/\\\/www.eldiario.net\\\/portal\\\/#organization\",\"name\":\"El Diario - Decano de la prensa nacional\",\"url\":\"https:\\\/\\\/www.eldiario.net\\\/portal\\\/\",\"logo\":{\"@type\":\"ImageObject\",\"inLanguage\":\"es\",\"@id\":\"https:\\\/\\\/www.eldiario.net\\\/portal\\\/#\\\/schema\\\/logo\\\/image\\\/\",\"url\":\"https:\\\/\\\/www.eldiario.net\\\/portal\\\/wp-content\\\/uploads\\\/2023\\\/07\\\/logo_ED.jpg\",\"contentUrl\":\"https:\\\/\\\/www.eldiario.net\\\/portal\\\/wp-content\\\/uploads\\\/2023\\\/07\\\/logo_ED.jpg\",\"width\":272,\"height\":52,\"caption\":\"El Diario - Decano de la prensa nacional\"},\"image\":{\"@id\":\"https:\\\/\\\/www.eldiario.net\\\/portal\\\/#\\\/schema\\\/logo\\\/image\\\/\"},\"sameAs\":[\"https:\\\/\\\/www.facebook.com\\\/eldiario.bolivia\\\/\",\"https:\\\/\\\/x.com\\\/eldiario_net\"]},{\"@type\":\"Person\",\"@id\":\"https:\\\/\\\/www.eldiario.net\\\/portal\\\/#\\\/schema\\\/person\\\/f46445640444750d7d753ccd04ae01b7\",\"name\":\"Jeanette\",\"image\":{\"@type\":\"ImageObject\",\"inLanguage\":\"es\",\"@id\":\"https:\\\/\\\/secure.gravatar.com\\\/avatar\\\/3ea2118a5f7dad2b7138b1187a6b7ee55f160b9968b66013c3a3ef39dd7e5798?s=96&d=mm&r=g\",\"url\":\"https:\\\/\\\/secure.gravatar.com\\\/avatar\\\/3ea2118a5f7dad2b7138b1187a6b7ee55f160b9968b66013c3a3ef39dd7e5798?s=96&d=mm&r=g\",\"contentUrl\":\"https:\\\/\\\/secure.gravatar.com\\\/avatar\\\/3ea2118a5f7dad2b7138b1187a6b7ee55f160b9968b66013c3a3ef39dd7e5798?s=96&d=mm&r=g\",\"caption\":\"Jeanette\"},\"sameAs\":[\"https:\\\/\\\/www.eldiario.net\\\/portal\"],\"url\":\"https:\\\/\\\/www.eldiario.net\\\/portal\\\/author\\\/jeanette\\\/\"}]}<\/script>\n<!-- \/ Yoast SEO plugin. -->","yoast_head_json":{"title":"Unicef alerta que prohibir actividades de la Unrwa condena a ni\u00f1os a morir - El Diario - Bolivia","robots":{"index":"index","follow":"follow","max-snippet":"max-snippet:-1","max-image-preview":"max-image-preview:large","max-video-preview":"max-video-preview:-1"},"canonical":"https:\/\/www.eldiario.net\/portal\/2024\/10\/30\/unicef-alerta-que-prohibir-actividades-de-la-unrwa-condena-a-ninos-a-morir\/","og_locale":"es_ES","og_type":"article","og_title":"Unicef alerta que prohibir actividades de la Unrwa condena a ni\u00f1os a morir - El Diario - Bolivia","og_description":"El Fondo de Naciones Unidas para la Infancia (Unicef) alert\u00f3 ayer de que la decisi\u00f3n de Israel de prohibir las actividades de la Agencia de Naciones Unidas para los Refugiados de Palestina en Oriente Pr\u00f3ximo (Unrwa) podr\u00eda provocar \u00abel colapso del sistema humanitario en Gaza\u00bb, por lo que lament\u00f3 que \u00abse hall\u00f3 una nueva forma [&hellip;]","og_url":"https:\/\/www.eldiario.net\/portal\/2024\/10\/30\/unicef-alerta-que-prohibir-actividades-de-la-unrwa-condena-a-ninos-a-morir\/","og_site_name":"El Diario - Bolivia","article_publisher":"https:\/\/www.facebook.com\/eldiario.bolivia\/","article_published_time":"2024-10-30T10:05:38+00:00","og_image":[{"width":1000,"height":567,"url":"https:\/\/www.eldiario.net\/portal\/wp-content\/uploads\/2024\/10\/UNICEF-EP.jpg","type":"image\/jpeg"}],"author":"Jeanette","twitter_card":"summary_large_image","twitter_creator":"@eldiario_net","twitter_site":"@eldiario_net","twitter_misc":{"Escrito por":"Jeanette","Tiempo de lectura":"2 minutos"},"schema":{"@context":"https:\/\/schema.org","@graph":[{"@type":"Article","@id":"https:\/\/www.eldiario.net\/portal\/2024\/10\/30\/unicef-alerta-que-prohibir-actividades-de-la-unrwa-condena-a-ninos-a-morir\/#article","isPartOf":{"@id":"https:\/\/www.eldiario.net\/portal\/2024\/10\/30\/unicef-alerta-que-prohibir-actividades-de-la-unrwa-condena-a-ninos-a-morir\/"},"author":{"name":"Jeanette","@id":"https:\/\/www.eldiario.net\/portal\/#\/schema\/person\/f46445640444750d7d753ccd04ae01b7"},"headline":"Unicef alerta que prohibir actividades de la Unrwa condena a ni\u00f1os a morir","datePublished":"2024-10-30T10:05:38+00:00","mainEntityOfPage":{"@id":"https:\/\/www.eldiario.net\/portal\/2024\/10\/30\/unicef-alerta-que-prohibir-actividades-de-la-unrwa-condena-a-ninos-a-morir\/"},"wordCount":341,"publisher":{"@id":"https:\/\/www.eldiario.net\/portal\/#organization"},"image":{"@id":"https:\/\/www.eldiario.net\/portal\/2024\/10\/30\/unicef-alerta-que-prohibir-actividades-de-la-unrwa-condena-a-ninos-a-morir\/#primaryimage"},"thumbnailUrl":"https:\/\/www.eldiario.net\/portal\/wp-content\/uploads\/2024\/10\/UNICEF-EP.jpg","articleSection":["Internacional"],"inLanguage":"es"},{"@type":"WebPage","@id":"https:\/\/www.eldiario.net\/portal\/2024\/10\/30\/unicef-alerta-que-prohibir-actividades-de-la-unrwa-condena-a-ninos-a-morir\/","url":"https:\/\/www.eldiario.net\/portal\/2024\/10\/30\/unicef-alerta-que-prohibir-actividades-de-la-unrwa-condena-a-ninos-a-morir\/","name":"Unicef alerta que prohibir actividades de la Unrwa condena a ni\u00f1os a morir - El Diario - Bolivia","isPartOf":{"@id":"https:\/\/www.eldiario.net\/portal\/#website"},"primaryImageOfPage":{"@id":"https:\/\/www.eldiario.net\/portal\/2024\/10\/30\/unicef-alerta-que-prohibir-actividades-de-la-unrwa-condena-a-ninos-a-morir\/#primaryimage"},"image":{"@id":"https:\/\/www.eldiario.net\/portal\/2024\/10\/30\/unicef-alerta-que-prohibir-actividades-de-la-unrwa-condena-a-ninos-a-morir\/#primaryimage"},"thumbnailUrl":"https:\/\/www.eldiario.net\/portal\/wp-content\/uploads\/2024\/10\/UNICEF-EP.jpg","datePublished":"2024-10-30T10:05:38+00:00","breadcrumb":{"@id":"https:\/\/www.eldiario.net\/portal\/2024\/10\/30\/unicef-alerta-que-prohibir-actividades-de-la-unrwa-condena-a-ninos-a-morir\/#breadcrumb"},"inLanguage":"es","potentialAction":[{"@type":"ReadAction","target":["https:\/\/www.eldiario.net\/portal\/2024\/10\/30\/unicef-alerta-que-prohibir-actividades-de-la-unrwa-condena-a-ninos-a-morir\/"]}]},{"@type":"ImageObject","inLanguage":"es","@id":"https:\/\/www.eldiario.net\/portal\/2024\/10\/30\/unicef-alerta-que-prohibir-actividades-de-la-unrwa-condena-a-ninos-a-morir\/#primaryimage","url":"https:\/\/www.eldiario.net\/portal\/wp-content\/uploads\/2024\/10\/UNICEF-EP.jpg","contentUrl":"https:\/\/www.eldiario.net\/portal\/wp-content\/uploads\/2024\/10\/UNICEF-EP.jpg","width":1000,"height":567,"caption":"Ni\u00f1os palestinos ante edificios destruidos por ataques israel\u00edes en el centro de Gaza CREDITO: Europa Press"},{"@type":"BreadcrumbList","@id":"https:\/\/www.eldiario.net\/portal\/2024\/10\/30\/unicef-alerta-que-prohibir-actividades-de-la-unrwa-condena-a-ninos-a-morir\/#breadcrumb","itemListElement":[{"@type":"ListItem","position":1,"name":"Portada","item":"https:\/\/www.eldiario.net\/portal\/"},{"@type":"ListItem","position":2,"name":"Unicef alerta que prohibir actividades de la Unrwa condena a ni\u00f1os a morir"}]},{"@type":"WebSite","@id":"https:\/\/www.eldiario.net\/portal\/#website","url":"https:\/\/www.eldiario.net\/portal\/","name":"El Diario - Decano de la prensa nacional","description":"El Diario - Decano de la prensa nacional","publisher":{"@id":"https:\/\/www.eldiario.net\/portal\/#organization"},"potentialAction":[{"@type":"SearchAction","target":{"@type":"EntryPoint","urlTemplate":"https:\/\/www.eldiario.net\/portal\/?s={search_term_string}"},"query-input":{"@type":"PropertyValueSpecification","valueRequired":true,"valueName":"search_term_string"}}],"inLanguage":"es"},{"@type":"Organization","@id":"https:\/\/www.eldiario.net\/portal\/#organization","name":"El Diario - Decano de la prensa nacional","url":"https:\/\/www.eldiario.net\/portal\/","logo":{"@type":"ImageObject","inLanguage":"es","@id":"https:\/\/www.eldiario.net\/portal\/#\/schema\/logo\/image\/","url":"https:\/\/www.eldiario.net\/portal\/wp-content\/uploads\/2023\/07\/logo_ED.jpg","contentUrl":"https:\/\/www.eldiario.net\/portal\/wp-content\/uploads\/2023\/07\/logo_ED.jpg","width":272,"height":52,"caption":"El Diario - Decano de la prensa nacional"},"image":{"@id":"https:\/\/www.eldiario.net\/portal\/#\/schema\/logo\/image\/"},"sameAs":["https:\/\/www.facebook.com\/eldiario.bolivia\/","https:\/\/x.com\/eldiario_net"]},{"@type":"Person","@id":"https:\/\/www.eldiario.net\/portal\/#\/schema\/person\/f46445640444750d7d753ccd04ae01b7","name":"Jeanette","image":{"@type":"ImageObject","inLanguage":"es","@id":"https:\/\/secure.gravatar.com\/avatar\/3ea2118a5f7dad2b7138b1187a6b7ee55f160b9968b66013c3a3ef39dd7e5798?s=96&d=mm&r=g","url":"https:\/\/secure.gravatar.com\/avatar\/3ea2118a5f7dad2b7138b1187a6b7ee55f160b9968b66013c3a3ef39dd7e5798?s=96&d=mm&r=g","contentUrl":"https:\/\/secure.gravatar.com\/avatar\/3ea2118a5f7dad2b7138b1187a6b7ee55f160b9968b66013c3a3ef39dd7e5798?s=96&d=mm&r=g","caption":"Jeanette"},"sameAs":["https:\/\/www.eldiario.net\/portal"],"url":"https:\/\/www.eldiario.net\/portal\/author\/jeanette\/"}]}},"_links":{"self":[{"href":"https:\/\/www.eldiario.net\/portal\/wp-json\/wp\/v2\/posts\/257442","targetHints":{"allow":["GET"]}}],"collection":[{"href":"https:\/\/www.eldiario.net\/portal\/wp-json\/wp\/v2\/posts"}],"about":[{"href":"https:\/\/www.eldiario.net\/portal\/wp-json\/wp\/v2\/types\/post"}],"author":[{"embeddable":true,"href":"https:\/\/www.eldiario.net\/portal\/wp-json\/wp\/v2\/users\/1"}],"replies":[{"embeddable":true,"href":"https:\/\/www.eldiario.net\/portal\/wp-json\/wp\/v2\/comments?post=257442"}],"version-history":[{"count":1,"href":"https:\/\/www.eldiario.net\/portal\/wp-json\/wp\/v2\/posts\/257442\/revisions"}],"predecessor-version":[{"id":257444,"href":"https:\/\/www.eldiario.net\/portal\/wp-json\/wp\/v2\/posts\/257442\/revisions\/257444"}],"wp:featuredmedia":[{"embeddable":true,"href":"https:\/\/www.eldiario.net\/portal\/wp-json\/wp\/v2\/media\/257443"}],"wp:attachment":[{"href":"https:\/\/www.eldiario.net\/portal\/wp-json\/wp\/v2\/media?parent=257442"}],"wp:term":[{"taxonomy":"category","embeddable":true,"href":"https:\/\/www.eldiario.net\/portal\/wp-json\/wp\/v2\/categories?post=257442"},{"taxonomy":"post_tag","embeddable":true,"href":"https:\/\/www.eldiario.net\/portal\/wp-json\/wp\/v2\/tags?post=257442"}],"curies":[{"name":"wp","href":"https:\/\/api.w.org\/{rel}","templated":true}]}}