{"id":25744,"date":"2021-08-26T03:58:48","date_gmt":"2021-08-26T07:58:48","guid":{"rendered":"https:\/\/www.eldiario.net\/portal\/?p=25744"},"modified":"2021-08-26T03:58:48","modified_gmt":"2021-08-26T07:58:48","slug":"alcalde-de-cochabamba-insiste-que-linea-amarilla-es-inviable","status":"publish","type":"post","link":"https:\/\/www.eldiario.net\/portal\/2021\/08\/26\/alcalde-de-cochabamba-insiste-que-linea-amarilla-es-inviable\/","title":{"rendered":"Alcalde de Cochabamba insiste que l\u00ednea amarilla es inviable"},"content":{"rendered":"<p>Ante el cuestionamiento del ministro de Obras P\u00fablicas, Edgar Monta\u00f1o, al alcalde Manfred Reyes Villa por \u201cponer en duda\u201d la construcci\u00f3n de la l\u00ednea amarilla del Tren Metropolitano en Cochabamba; el burgomaestre ratific\u00f3 su posici\u00f3n al se\u00f1alar que la l\u00ednea amarilla es inviable y pidi\u00f3 una reuni\u00f3n con las autoridades nacionales para acordar y planificar el proyecto.<\/p>\n<p>\u201cYo quiero decirle frente a todo el pueblo: \u00bfc\u00f3mo un alcalde no va a querer un transporte masivo o moderno?, pero lo queremos bien planificado, no queremos oposici\u00f3n del pueblo. Me dicen que hay ocho opciones y yo s\u00f3lo he recibido una\u201d, afirm\u00f3 Reyes Villa.<\/p>\n<p>El Alcalde de Cochabamba explic\u00f3 que despu\u00e9s de un recorrido por el trazo de la l\u00ednea amarillo vio que iba a ser necesario destruir la ciudad y pasos a desnivel, por lo que pidi\u00f3 al Gobierno invertir m\u00e1s dinero para evitar esto.<\/p>\n<p>\u201cLo que tenemos que hacer es elegir: o queremos transporte masivo o queremos un tren tur\u00edstico. Ahora si es un tren tur\u00edstico va a ser un trazo por las marginales, pero yo creo que lo que queremos es un transporte masivo y no s\u00f3lo de turismo\u201d, concluy\u00f3 Reyes Villa. Agreg\u00f3 que esta semana se sentar\u00e1n con el Gobierno para \u00abtener una l\u00ednea bien planificada\u00bb.<\/p>\n<p>Una de las empresas de la Asociaci\u00f3n Accidental Tunari, que construye el Tren Metropolitano de Cochabamba, garantiz\u00f3 la conclusi\u00f3n del 100% del proyecto que encara el Estado, inform\u00f3 el ministro de Obras P\u00fablicas, Servicios y Vivienda, \u00c9dgar Monta\u00f1o.<\/p>\n<p>Monta\u00f1o indic\u00f3 que se reuni\u00f3 v\u00eda Zoom con ejecutivos de la empresa Molinari, que pretende realizar las primeras pruebas el 14 de septiembre. \u201cEl se\u00f1or Molinari, propietario del 50 por ciento de la Asociaci\u00f3n Accidental Tunari, se ha comprometido a terminar las obras al 100 por ciento y que para el 14 de septiembre tengamos las pruebas en las l\u00edneas Roja y Verde\u00bb, dijo el ministro.<\/p>\n","protected":false},"excerpt":{"rendered":"<p>Ante el cuestionamiento del ministro de Obras P\u00fablicas, Edgar Monta\u00f1o, al alcalde Manfred Reyes Villa por \u201cponer en duda\u201d la construcci\u00f3n de la l\u00ednea amarilla del Tren Metropolitano en Cochabamba; el burgomaestre ratific\u00f3 su posici\u00f3n al se\u00f1alar que la l\u00ednea amarilla es inviable y pidi\u00f3 una reuni\u00f3n con las autoridades nacionales para acordar y planificar [&hellip;]<\/p>\n","protected":false},"author":1,"featured_media":25745,"comment_status":"closed","ping_status":"closed","sticky":false,"template":"","format":"standard","meta":{"_acf_changed":false,"footnotes":""},"categories":[12],"tags":[],"class_list":["post-25744","post","type-post","status-publish","format-standard","has-post-thumbnail","category-nacional"],"acf":{"antetitulo":""},"yoast_head":"<!-- This site is optimized with the Yoast SEO plugin v28.4 - https:\/\/yoast.com\/product\/yoast-seo-wordpress\/ -->\n<title>Alcalde de Cochabamba insiste que l\u00ednea amarilla es inviable - El Diario - Bolivia<\/title>\n<meta name=\"robots\" content=\"index, follow, max-snippet:-1, max-image-preview:large, max-video-preview:-1\" \/>\n<link rel=\"canonical\" href=\"https:\/\/www.eldiario.net\/portal\/2021\/08\/26\/alcalde-de-cochabamba-insiste-que-linea-amarilla-es-inviable\/\" \/>\n<meta property=\"og:locale\" content=\"es_ES\" \/>\n<meta property=\"og:type\" content=\"article\" \/>\n<meta property=\"og:title\" content=\"Alcalde de Cochabamba insiste que l\u00ednea amarilla es inviable - El Diario - Bolivia\" \/>\n<meta property=\"og:description\" content=\"Ante el cuestionamiento del ministro de Obras P\u00fablicas, Edgar Monta\u00f1o, al alcalde Manfred Reyes Villa por \u201cponer en duda\u201d la construcci\u00f3n de la l\u00ednea amarilla del Tren Metropolitano en Cochabamba; el burgomaestre ratific\u00f3 su posici\u00f3n al se\u00f1alar que la l\u00ednea amarilla es inviable y pidi\u00f3 una reuni\u00f3n con las autoridades nacionales para acordar y planificar [&hellip;]\" \/>\n<meta property=\"og:url\" content=\"https:\/\/www.eldiario.net\/portal\/2021\/08\/26\/alcalde-de-cochabamba-insiste-que-linea-amarilla-es-inviable\/\" \/>\n<meta property=\"og:site_name\" content=\"El Diario - Bolivia\" \/>\n<meta property=\"article:publisher\" content=\"https:\/\/www.facebook.com\/eldiario.bolivia\/\" \/>\n<meta property=\"article:published_time\" content=\"2021-08-26T07:58:48+00:00\" \/>\n<meta property=\"og:image\" content=\"https:\/\/www.eldiario.net\/portal\/wp-content\/uploads\/2021\/08\/NACI-3-Alcalde-de-Cochabamba-insiste.jpg\" \/>\n\t<meta property=\"og:image:width\" content=\"1140\" \/>\n\t<meta property=\"og:image:height\" content=\"520\" \/>\n\t<meta property=\"og:image:type\" content=\"image\/jpeg\" \/>\n<meta name=\"author\" content=\"Jeanette\" \/>\n<meta name=\"twitter:card\" content=\"summary_large_image\" \/>\n<meta name=\"twitter:creator\" content=\"@eldiario_net\" \/>\n<meta name=\"twitter:site\" content=\"@eldiario_net\" \/>\n<meta name=\"twitter:label1\" content=\"Escrito por\" \/>\n\t<meta name=\"twitter:data1\" content=\"Jeanette\" \/>\n\t<meta name=\"twitter:label2\" content=\"Tiempo de lectura\" \/>\n\t<meta name=\"twitter:data2\" content=\"2 minutos\" \/>\n<script type=\"application\/ld+json\" class=\"yoast-schema-graph\">{\"@context\":\"https:\\\/\\\/schema.org\",\"@graph\":[{\"@type\":\"Article\",\"@id\":\"https:\\\/\\\/www.eldiario.net\\\/portal\\\/2021\\\/08\\\/26\\\/alcalde-de-cochabamba-insiste-que-linea-amarilla-es-inviable\\\/#article\",\"isPartOf\":{\"@id\":\"https:\\\/\\\/www.eldiario.net\\\/portal\\\/2021\\\/08\\\/26\\\/alcalde-de-cochabamba-insiste-que-linea-amarilla-es-inviable\\\/\"},\"author\":{\"name\":\"Jeanette\",\"@id\":\"https:\\\/\\\/www.eldiario.net\\\/portal\\\/#\\\/schema\\\/person\\\/f46445640444750d7d753ccd04ae01b7\"},\"headline\":\"Alcalde de Cochabamba insiste que l\u00ednea amarilla es inviable\",\"datePublished\":\"2021-08-26T07:58:48+00:00\",\"mainEntityOfPage\":{\"@id\":\"https:\\\/\\\/www.eldiario.net\\\/portal\\\/2021\\\/08\\\/26\\\/alcalde-de-cochabamba-insiste-que-linea-amarilla-es-inviable\\\/\"},\"wordCount\":345,\"publisher\":{\"@id\":\"https:\\\/\\\/www.eldiario.net\\\/portal\\\/#organization\"},\"image\":{\"@id\":\"https:\\\/\\\/www.eldiario.net\\\/portal\\\/2021\\\/08\\\/26\\\/alcalde-de-cochabamba-insiste-que-linea-amarilla-es-inviable\\\/#primaryimage\"},\"thumbnailUrl\":\"https:\\\/\\\/www.eldiario.net\\\/portal\\\/wp-content\\\/uploads\\\/2021\\\/08\\\/NACI-3-Alcalde-de-Cochabamba-insiste.jpg\",\"articleSection\":[\"Nacional\"],\"inLanguage\":\"es\"},{\"@type\":\"WebPage\",\"@id\":\"https:\\\/\\\/www.eldiario.net\\\/portal\\\/2021\\\/08\\\/26\\\/alcalde-de-cochabamba-insiste-que-linea-amarilla-es-inviable\\\/\",\"url\":\"https:\\\/\\\/www.eldiario.net\\\/portal\\\/2021\\\/08\\\/26\\\/alcalde-de-cochabamba-insiste-que-linea-amarilla-es-inviable\\\/\",\"name\":\"Alcalde de Cochabamba insiste que l\u00ednea amarilla es inviable - El Diario - Bolivia\",\"isPartOf\":{\"@id\":\"https:\\\/\\\/www.eldiario.net\\\/portal\\\/#website\"},\"primaryImageOfPage\":{\"@id\":\"https:\\\/\\\/www.eldiario.net\\\/portal\\\/2021\\\/08\\\/26\\\/alcalde-de-cochabamba-insiste-que-linea-amarilla-es-inviable\\\/#primaryimage\"},\"image\":{\"@id\":\"https:\\\/\\\/www.eldiario.net\\\/portal\\\/2021\\\/08\\\/26\\\/alcalde-de-cochabamba-insiste-que-linea-amarilla-es-inviable\\\/#primaryimage\"},\"thumbnailUrl\":\"https:\\\/\\\/www.eldiario.net\\\/portal\\\/wp-content\\\/uploads\\\/2021\\\/08\\\/NACI-3-Alcalde-de-Cochabamba-insiste.jpg\",\"datePublished\":\"2021-08-26T07:58:48+00:00\",\"breadcrumb\":{\"@id\":\"https:\\\/\\\/www.eldiario.net\\\/portal\\\/2021\\\/08\\\/26\\\/alcalde-de-cochabamba-insiste-que-linea-amarilla-es-inviable\\\/#breadcrumb\"},\"inLanguage\":\"es\",\"potentialAction\":[{\"@type\":\"ReadAction\",\"target\":[\"https:\\\/\\\/www.eldiario.net\\\/portal\\\/2021\\\/08\\\/26\\\/alcalde-de-cochabamba-insiste-que-linea-amarilla-es-inviable\\\/\"]}]},{\"@type\":\"ImageObject\",\"inLanguage\":\"es\",\"@id\":\"https:\\\/\\\/www.eldiario.net\\\/portal\\\/2021\\\/08\\\/26\\\/alcalde-de-cochabamba-insiste-que-linea-amarilla-es-inviable\\\/#primaryimage\",\"url\":\"https:\\\/\\\/www.eldiario.net\\\/portal\\\/wp-content\\\/uploads\\\/2021\\\/08\\\/NACI-3-Alcalde-de-Cochabamba-insiste.jpg\",\"contentUrl\":\"https:\\\/\\\/www.eldiario.net\\\/portal\\\/wp-content\\\/uploads\\\/2021\\\/08\\\/NACI-3-Alcalde-de-Cochabamba-insiste.jpg\",\"width\":1140,\"height\":520,\"caption\":\"Las pruebas al tres metropolitano se realizar\u00e1n en septiembre.(FOTO RR.SS.)\"},{\"@type\":\"BreadcrumbList\",\"@id\":\"https:\\\/\\\/www.eldiario.net\\\/portal\\\/2021\\\/08\\\/26\\\/alcalde-de-cochabamba-insiste-que-linea-amarilla-es-inviable\\\/#breadcrumb\",\"itemListElement\":[{\"@type\":\"ListItem\",\"position\":1,\"name\":\"Portada\",\"item\":\"https:\\\/\\\/www.eldiario.net\\\/portal\\\/\"},{\"@type\":\"ListItem\",\"position\":2,\"name\":\"Alcalde de Cochabamba insiste que l\u00ednea amarilla es inviable\"}]},{\"@type\":\"WebSite\",\"@id\":\"https:\\\/\\\/www.eldiario.net\\\/portal\\\/#website\",\"url\":\"https:\\\/\\\/www.eldiario.net\\\/portal\\\/\",\"name\":\"El Diario - Decano de la prensa nacional\",\"description\":\"El Diario - Decano de la prensa nacional\",\"publisher\":{\"@id\":\"https:\\\/\\\/www.eldiario.net\\\/portal\\\/#organization\"},\"potentialAction\":[{\"@type\":\"SearchAction\",\"target\":{\"@type\":\"EntryPoint\",\"urlTemplate\":\"https:\\\/\\\/www.eldiario.net\\\/portal\\\/?s={search_term_string}\"},\"query-input\":{\"@type\":\"PropertyValueSpecification\",\"valueRequired\":true,\"valueName\":\"search_term_string\"}}],\"inLanguage\":\"es\"},{\"@type\":\"Organization\",\"@id\":\"https:\\\/\\\/www.eldiario.net\\\/portal\\\/#organization\",\"name\":\"El Diario - Decano de la prensa nacional\",\"url\":\"https:\\\/\\\/www.eldiario.net\\\/portal\\\/\",\"logo\":{\"@type\":\"ImageObject\",\"inLanguage\":\"es\",\"@id\":\"https:\\\/\\\/www.eldiario.net\\\/portal\\\/#\\\/schema\\\/logo\\\/image\\\/\",\"url\":\"https:\\\/\\\/www.eldiario.net\\\/portal\\\/wp-content\\\/uploads\\\/2023\\\/07\\\/logo_ED.jpg\",\"contentUrl\":\"https:\\\/\\\/www.eldiario.net\\\/portal\\\/wp-content\\\/uploads\\\/2023\\\/07\\\/logo_ED.jpg\",\"width\":272,\"height\":52,\"caption\":\"El Diario - Decano de la prensa nacional\"},\"image\":{\"@id\":\"https:\\\/\\\/www.eldiario.net\\\/portal\\\/#\\\/schema\\\/logo\\\/image\\\/\"},\"sameAs\":[\"https:\\\/\\\/www.facebook.com\\\/eldiario.bolivia\\\/\",\"https:\\\/\\\/x.com\\\/eldiario_net\"]},{\"@type\":\"Person\",\"@id\":\"https:\\\/\\\/www.eldiario.net\\\/portal\\\/#\\\/schema\\\/person\\\/f46445640444750d7d753ccd04ae01b7\",\"name\":\"Jeanette\",\"image\":{\"@type\":\"ImageObject\",\"inLanguage\":\"es\",\"@id\":\"https:\\\/\\\/secure.gravatar.com\\\/avatar\\\/3ea2118a5f7dad2b7138b1187a6b7ee55f160b9968b66013c3a3ef39dd7e5798?s=96&d=mm&r=g\",\"url\":\"https:\\\/\\\/secure.gravatar.com\\\/avatar\\\/3ea2118a5f7dad2b7138b1187a6b7ee55f160b9968b66013c3a3ef39dd7e5798?s=96&d=mm&r=g\",\"contentUrl\":\"https:\\\/\\\/secure.gravatar.com\\\/avatar\\\/3ea2118a5f7dad2b7138b1187a6b7ee55f160b9968b66013c3a3ef39dd7e5798?s=96&d=mm&r=g\",\"caption\":\"Jeanette\"},\"sameAs\":[\"https:\\\/\\\/www.eldiario.net\\\/portal\"],\"url\":\"https:\\\/\\\/www.eldiario.net\\\/portal\\\/author\\\/jeanette\\\/\"}]}<\/script>\n<!-- \/ Yoast SEO plugin. -->","yoast_head_json":{"title":"Alcalde de Cochabamba insiste que l\u00ednea amarilla es inviable - El Diario - Bolivia","robots":{"index":"index","follow":"follow","max-snippet":"max-snippet:-1","max-image-preview":"max-image-preview:large","max-video-preview":"max-video-preview:-1"},"canonical":"https:\/\/www.eldiario.net\/portal\/2021\/08\/26\/alcalde-de-cochabamba-insiste-que-linea-amarilla-es-inviable\/","og_locale":"es_ES","og_type":"article","og_title":"Alcalde de Cochabamba insiste que l\u00ednea amarilla es inviable - El Diario - Bolivia","og_description":"Ante el cuestionamiento del ministro de Obras P\u00fablicas, Edgar Monta\u00f1o, al alcalde Manfred Reyes Villa por \u201cponer en duda\u201d la construcci\u00f3n de la l\u00ednea amarilla del Tren Metropolitano en Cochabamba; el burgomaestre ratific\u00f3 su posici\u00f3n al se\u00f1alar que la l\u00ednea amarilla es inviable y pidi\u00f3 una reuni\u00f3n con las autoridades nacionales para acordar y planificar [&hellip;]","og_url":"https:\/\/www.eldiario.net\/portal\/2021\/08\/26\/alcalde-de-cochabamba-insiste-que-linea-amarilla-es-inviable\/","og_site_name":"El Diario - Bolivia","article_publisher":"https:\/\/www.facebook.com\/eldiario.bolivia\/","article_published_time":"2021-08-26T07:58:48+00:00","og_image":[{"width":1140,"height":520,"url":"https:\/\/www.eldiario.net\/portal\/wp-content\/uploads\/2021\/08\/NACI-3-Alcalde-de-Cochabamba-insiste.jpg","type":"image\/jpeg"}],"author":"Jeanette","twitter_card":"summary_large_image","twitter_creator":"@eldiario_net","twitter_site":"@eldiario_net","twitter_misc":{"Escrito por":"Jeanette","Tiempo de lectura":"2 minutos"},"schema":{"@context":"https:\/\/schema.org","@graph":[{"@type":"Article","@id":"https:\/\/www.eldiario.net\/portal\/2021\/08\/26\/alcalde-de-cochabamba-insiste-que-linea-amarilla-es-inviable\/#article","isPartOf":{"@id":"https:\/\/www.eldiario.net\/portal\/2021\/08\/26\/alcalde-de-cochabamba-insiste-que-linea-amarilla-es-inviable\/"},"author":{"name":"Jeanette","@id":"https:\/\/www.eldiario.net\/portal\/#\/schema\/person\/f46445640444750d7d753ccd04ae01b7"},"headline":"Alcalde de Cochabamba insiste que l\u00ednea amarilla es inviable","datePublished":"2021-08-26T07:58:48+00:00","mainEntityOfPage":{"@id":"https:\/\/www.eldiario.net\/portal\/2021\/08\/26\/alcalde-de-cochabamba-insiste-que-linea-amarilla-es-inviable\/"},"wordCount":345,"publisher":{"@id":"https:\/\/www.eldiario.net\/portal\/#organization"},"image":{"@id":"https:\/\/www.eldiario.net\/portal\/2021\/08\/26\/alcalde-de-cochabamba-insiste-que-linea-amarilla-es-inviable\/#primaryimage"},"thumbnailUrl":"https:\/\/www.eldiario.net\/portal\/wp-content\/uploads\/2021\/08\/NACI-3-Alcalde-de-Cochabamba-insiste.jpg","articleSection":["Nacional"],"inLanguage":"es"},{"@type":"WebPage","@id":"https:\/\/www.eldiario.net\/portal\/2021\/08\/26\/alcalde-de-cochabamba-insiste-que-linea-amarilla-es-inviable\/","url":"https:\/\/www.eldiario.net\/portal\/2021\/08\/26\/alcalde-de-cochabamba-insiste-que-linea-amarilla-es-inviable\/","name":"Alcalde de Cochabamba insiste que l\u00ednea amarilla es inviable - El Diario - Bolivia","isPartOf":{"@id":"https:\/\/www.eldiario.net\/portal\/#website"},"primaryImageOfPage":{"@id":"https:\/\/www.eldiario.net\/portal\/2021\/08\/26\/alcalde-de-cochabamba-insiste-que-linea-amarilla-es-inviable\/#primaryimage"},"image":{"@id":"https:\/\/www.eldiario.net\/portal\/2021\/08\/26\/alcalde-de-cochabamba-insiste-que-linea-amarilla-es-inviable\/#primaryimage"},"thumbnailUrl":"https:\/\/www.eldiario.net\/portal\/wp-content\/uploads\/2021\/08\/NACI-3-Alcalde-de-Cochabamba-insiste.jpg","datePublished":"2021-08-26T07:58:48+00:00","breadcrumb":{"@id":"https:\/\/www.eldiario.net\/portal\/2021\/08\/26\/alcalde-de-cochabamba-insiste-que-linea-amarilla-es-inviable\/#breadcrumb"},"inLanguage":"es","potentialAction":[{"@type":"ReadAction","target":["https:\/\/www.eldiario.net\/portal\/2021\/08\/26\/alcalde-de-cochabamba-insiste-que-linea-amarilla-es-inviable\/"]}]},{"@type":"ImageObject","inLanguage":"es","@id":"https:\/\/www.eldiario.net\/portal\/2021\/08\/26\/alcalde-de-cochabamba-insiste-que-linea-amarilla-es-inviable\/#primaryimage","url":"https:\/\/www.eldiario.net\/portal\/wp-content\/uploads\/2021\/08\/NACI-3-Alcalde-de-Cochabamba-insiste.jpg","contentUrl":"https:\/\/www.eldiario.net\/portal\/wp-content\/uploads\/2021\/08\/NACI-3-Alcalde-de-Cochabamba-insiste.jpg","width":1140,"height":520,"caption":"Las pruebas al tres metropolitano se realizar\u00e1n en septiembre.(FOTO RR.SS.)"},{"@type":"BreadcrumbList","@id":"https:\/\/www.eldiario.net\/portal\/2021\/08\/26\/alcalde-de-cochabamba-insiste-que-linea-amarilla-es-inviable\/#breadcrumb","itemListElement":[{"@type":"ListItem","position":1,"name":"Portada","item":"https:\/\/www.eldiario.net\/portal\/"},{"@type":"ListItem","position":2,"name":"Alcalde de Cochabamba insiste que l\u00ednea amarilla es inviable"}]},{"@type":"WebSite","@id":"https:\/\/www.eldiario.net\/portal\/#website","url":"https:\/\/www.eldiario.net\/portal\/","name":"El Diario - Decano de la prensa nacional","description":"El Diario - Decano de la prensa nacional","publisher":{"@id":"https:\/\/www.eldiario.net\/portal\/#organization"},"potentialAction":[{"@type":"SearchAction","target":{"@type":"EntryPoint","urlTemplate":"https:\/\/www.eldiario.net\/portal\/?s={search_term_string}"},"query-input":{"@type":"PropertyValueSpecification","valueRequired":true,"valueName":"search_term_string"}}],"inLanguage":"es"},{"@type":"Organization","@id":"https:\/\/www.eldiario.net\/portal\/#organization","name":"El Diario - Decano de la prensa nacional","url":"https:\/\/www.eldiario.net\/portal\/","logo":{"@type":"ImageObject","inLanguage":"es","@id":"https:\/\/www.eldiario.net\/portal\/#\/schema\/logo\/image\/","url":"https:\/\/www.eldiario.net\/portal\/wp-content\/uploads\/2023\/07\/logo_ED.jpg","contentUrl":"https:\/\/www.eldiario.net\/portal\/wp-content\/uploads\/2023\/07\/logo_ED.jpg","width":272,"height":52,"caption":"El Diario - Decano de la prensa nacional"},"image":{"@id":"https:\/\/www.eldiario.net\/portal\/#\/schema\/logo\/image\/"},"sameAs":["https:\/\/www.facebook.com\/eldiario.bolivia\/","https:\/\/x.com\/eldiario_net"]},{"@type":"Person","@id":"https:\/\/www.eldiario.net\/portal\/#\/schema\/person\/f46445640444750d7d753ccd04ae01b7","name":"Jeanette","image":{"@type":"ImageObject","inLanguage":"es","@id":"https:\/\/secure.gravatar.com\/avatar\/3ea2118a5f7dad2b7138b1187a6b7ee55f160b9968b66013c3a3ef39dd7e5798?s=96&d=mm&r=g","url":"https:\/\/secure.gravatar.com\/avatar\/3ea2118a5f7dad2b7138b1187a6b7ee55f160b9968b66013c3a3ef39dd7e5798?s=96&d=mm&r=g","contentUrl":"https:\/\/secure.gravatar.com\/avatar\/3ea2118a5f7dad2b7138b1187a6b7ee55f160b9968b66013c3a3ef39dd7e5798?s=96&d=mm&r=g","caption":"Jeanette"},"sameAs":["https:\/\/www.eldiario.net\/portal"],"url":"https:\/\/www.eldiario.net\/portal\/author\/jeanette\/"}]}},"_links":{"self":[{"href":"https:\/\/www.eldiario.net\/portal\/wp-json\/wp\/v2\/posts\/25744","targetHints":{"allow":["GET"]}}],"collection":[{"href":"https:\/\/www.eldiario.net\/portal\/wp-json\/wp\/v2\/posts"}],"about":[{"href":"https:\/\/www.eldiario.net\/portal\/wp-json\/wp\/v2\/types\/post"}],"author":[{"embeddable":true,"href":"https:\/\/www.eldiario.net\/portal\/wp-json\/wp\/v2\/users\/1"}],"replies":[{"embeddable":true,"href":"https:\/\/www.eldiario.net\/portal\/wp-json\/wp\/v2\/comments?post=25744"}],"version-history":[{"count":0,"href":"https:\/\/www.eldiario.net\/portal\/wp-json\/wp\/v2\/posts\/25744\/revisions"}],"wp:featuredmedia":[{"embeddable":true,"href":"https:\/\/www.eldiario.net\/portal\/wp-json\/wp\/v2\/media\/25745"}],"wp:attachment":[{"href":"https:\/\/www.eldiario.net\/portal\/wp-json\/wp\/v2\/media?parent=25744"}],"wp:term":[{"taxonomy":"category","embeddable":true,"href":"https:\/\/www.eldiario.net\/portal\/wp-json\/wp\/v2\/categories?post=25744"},{"taxonomy":"post_tag","embeddable":true,"href":"https:\/\/www.eldiario.net\/portal\/wp-json\/wp\/v2\/tags?post=25744"}],"curies":[{"name":"wp","href":"https:\/\/api.w.org\/{rel}","templated":true}]}}