{"id":257438,"date":"2024-10-30T06:04:37","date_gmt":"2024-10-30T10:04:37","guid":{"rendered":"https:\/\/www.eldiario.net\/portal\/?p=257438"},"modified":"2024-10-30T06:04:37","modified_gmt":"2024-10-30T10:04:37","slug":"ordenan-repliegue-del-efectivo-policial-del-tropico-por-amenazas","status":"publish","type":"post","link":"https:\/\/www.eldiario.net\/portal\/2024\/10\/30\/ordenan-repliegue-del-efectivo-policial-del-tropico-por-amenazas\/","title":{"rendered":"Ordenan repliegue del efectivo policial del Tr\u00f3pico por amenazas"},"content":{"rendered":"<p>El Gobierno orden\u00f3 ayer el repliegue total de fuerzas policiales en el Tr\u00f3pico de Cochabamba debido a supuestas amenazas de sectores \u201cevistas\u201d. En vista de que este territorio no puede ser controlado ni por el Estado, dos analistas convergen en que el Movimiento al Socialismo (MAS) es una organizaci\u00f3n criminal cuyos adeptos no solo portan y disparan armas o explosivos, sino que son capaces de rebasar a fuerzas del orden y generar un panorama de inseguridad y falta de protecci\u00f3n, lo que claramente est\u00e1 tipificado como terrorismo.<br \/>\nLa pasada jornada, efectivos de\u00a0diferentes reparticiones policiales (Felcc, Felcn, Diprove, etc.) de Villa Tunari, Shinahota, Chimor\u00e9, Entre R\u00edos e Ivirgarzama, entre otros, se replegaron hasta dependencias policiales de la ciudad de Cochabamba por orden del Comando Departamental, tras denunciar amenazas de sectores \u201cevistas\u201d en el decimosexto d\u00eda ininterrumpido de bloqueo de caminos. El lunes se report\u00f3 tambi\u00e9n el robo de armamento reglamentario a la estaci\u00f3n policial de Mairana, donde resultaron heridos m\u00e1s de una decena de polic\u00edas.<br \/>\nAunque existen normativas que tipifican delitos referidos a la tenencia o portaci\u00f3n de armas, con penas de entre dos a seis a\u00f1os, y tambi\u00e9n por fabricaci\u00f3n y robo de armas, penadas con hasta 30 a\u00f1os de c\u00e1rcel sin derecho a indulto, im\u00e1genes difundidas en medios y redes sociales dejan en evidencia que estos grupos poseen armas de fuego de grueso calibre, sin autorizaci\u00f3n ni control por parte del Gobierno o las fuerzas del orden.<br \/>\nEl analista en seguridad y defensa, Jorge Santisteban, se\u00f1al\u00f3 a EL DIARIO que lo que est\u00e1n haciendo estos \u201cgrupos pol\u00edticos armados\u201d no es otra cosa que terrorismo, al generar en la poblaci\u00f3n un ambiente de inseguridad y falta de protecci\u00f3n del Estado; como son del mismo partido, no ser\u00e1n investigados.<br \/>\n\u201cEl uso de armas de fuego, de un lado o del otro (del MAS), debe ser penado por ley. Lo que est\u00e1n haciendo ahora aquellos elementos armados, en apoyo a los bloqueadores, se llama terrorismo. La portaci\u00f3n de armas no es suficiente para ellos, sino el delito es uso de armas de fuego, seguidos de acciones de terror: hacer emboscadas, disparar a la autoridad y finalmente aterrorizar a la sociedad (\u2026) Ese ambiente de inseguridad y falta de protecci\u00f3n es el que est\u00e1 creando miedo, y eso, en el C\u00f3digo Penal, est\u00e1 tipificado como terrorismo, penado entre 15 y 20 a\u00f1os de prisi\u00f3n\u201d, se\u00f1al\u00f3 Santisteban a EL DIARIO.<br \/>\nEl analista agreg\u00f3 a este matutino que, mientras la Fiscal\u00eda no acompa\u00f1e a la Polic\u00eda en la investigaci\u00f3n y no realice las imputaciones correspondientes para desarticular a estos grupos dej\u00e1ndolos sin cabeza (capturando a los autores intelectuales como ser\u00eda Evo Morales y su Estado Mayor del Pueblo), la Polic\u00eda puede desbloquear una y mil veces, pero nunca acabar\u00e1n con el problema.<\/p>\n<p>MAS: ESTRUCTURA<br \/>\nCRIMINAL<br \/>\nEn una reciente columna de opini\u00f3n, el representante del Comit\u00e9 Nacional de Defensa de la Democracia (Conade), Manuel Morales, se\u00f1al\u00f3: \u201cpuedo afirmar que el MAS no es solo una organizaci\u00f3n pol\u00edtica, sino una estructura criminal con capacidad de generar violencia en espacios geogr\u00e1ficos espec\u00edficos\u201d.<br \/>\nMorales argumenta su afirmaci\u00f3n en que el actuar violento de estos grupos armados y \u201cterritorializados\u201d, en defensa de los intereses del jerarca cocalero denunciado por estupro y tr\u00e1fico de personas, ocurre a vista y paciencia de instituciones del Estado como los ministerios de Gobierno y Defensa, junto con las mismas Fuerzas Armadas.<br \/>\n\u201cLa presencia de gente armada en el puente de Ichilo, los disparos realizados a polic\u00edas en cercan\u00edas de Challapata y las amenazas de actuar con violencia desde el Chapare, perfilan la presencia de una organizaci\u00f3n territorializada que cuenta con el absoluto benepl\u00e1cito de la Polic\u00eda y las Fuerzas Armadas, es decir de sus mandos, del Ministerio de Defensa y del Ministerio de Gobierno\u201d, explic\u00f3 el activista.<\/p>\n<p>ZOZOBRA EN<br \/>\nEL TR\u00d3PICO<br \/>\nPrevio al sorpresivo repliegue policial, el Gobierno report\u00f3 m\u00e1s de una decena de polic\u00edas heridos el fin de semana, adem\u00e1s del robo, la quema de dos veh\u00edculos policiales e incluso un uniformado atropellado por un veh\u00edculo de procedencia venezolana, en el que iba a bordo el expresidente, Evo Morales, quien habr\u00eda evadido una requisa de control en su trayecto a Lauca \u00d1. Evo Morales denunci\u00f3 un atentado de asesinato en su contra.<br \/>\nAnte esta situaci\u00f3n, el Gobierno declar\u00f3 recientemente que se analiza declarar Estado de Excepci\u00f3n para poder desbloquear definitivamente los sectores en conflicto; sin embargo, el ministro de Defensa, Edmundo Novillo, considera que la medida es \u201cextrema\u201d.<br \/>\nEl pasado mi\u00e9rcoles, un grupo de polic\u00edas que intentaba intervenir un punto de bloqueo en el departamento de Oruro sufri\u00f3 un ataque armado por parte de civiles, quienes dispararon a los veh\u00edculos desde casi 500 metros. Un d\u00eda antes, se evidenci\u00f3 la presencia de bloqueadores armados que instalaron una vigilia cerca de una unidad policial en Bulo Bulo, Cochabamba.<br \/>\nDesde el inicio de las protestas, se sugiere que existe un grupo de bloqueadores, campesinos y civiles afines al expresidente, capaces de rebasar y hacer retroceder a las fuerzas del orden con el uso de armas de fuego, explosivos, piedras y objetos contundentes. Mientras diariamente se registran enfrentamientos en operativos de desbloqueo, los bloqueos persisten una y otra vez, pues el \u201cevismo\u201d se repliega y vuelve a instalarse en las carreteras.<\/p>\n<figure id=\"attachment_257440\" aria-describedby=\"caption-attachment-257440\" style=\"width: 600px\" class=\"wp-caption aligncenter\"><img loading=\"lazy\" decoding=\"async\" class=\"size-full wp-image-257440\" src=\"https:\/\/www.eldiario.net\/portal\/wp-content\/uploads\/2024\/10\/20-TERROR-2.jpg\" alt=\"\" width=\"600\" height=\"471\" srcset=\"https:\/\/www.eldiario.net\/portal\/wp-content\/uploads\/2024\/10\/20-TERROR-2.jpg 600w, https:\/\/www.eldiario.net\/portal\/wp-content\/uploads\/2024\/10\/20-TERROR-2-300x236.jpg 300w, https:\/\/www.eldiario.net\/portal\/wp-content\/uploads\/2024\/10\/20-TERROR-2-535x420.jpg 535w\" sizes=\"auto, (max-width: 600px) 100vw, 600px\" \/><figcaption id=\"caption-attachment-257440\" class=\"wp-caption-text\">El experto en seguridad y coronel de servicio de reserva del Ej\u00e9rcito, Jorge Santisteban.<\/figcaption><\/figure>\n","protected":false},"excerpt":{"rendered":"<p>El Gobierno orden\u00f3 ayer el repliegue total de fuerzas policiales en el Tr\u00f3pico de Cochabamba debido a supuestas amenazas de sectores \u201cevistas\u201d. En vista de que este territorio no puede ser controlado ni por el Estado, dos analistas convergen en que el Movimiento al Socialismo (MAS) es una organizaci\u00f3n criminal cuyos adeptos no solo portan [&hellip;]<\/p>\n","protected":false},"author":1,"featured_media":257439,"comment_status":"closed","ping_status":"open","sticky":false,"template":"","format":"standard","meta":{"_acf_changed":false,"footnotes":""},"categories":[39],"tags":[],"class_list":["post-257438","post","type-post","status-publish","format-standard","has-post-thumbnail","category-sociedad"],"acf":{"antetitulo":"Analistas condicen: el MAS es organizaci\u00f3n criminal"},"yoast_head":"<!-- This site is optimized with the Yoast SEO plugin v28.4 - https:\/\/yoast.com\/product\/yoast-seo-wordpress\/ -->\n<title>Ordenan repliegue del efectivo policial del Tr\u00f3pico por amenazas - El Diario - Bolivia<\/title>\n<meta name=\"robots\" content=\"index, follow, max-snippet:-1, max-image-preview:large, max-video-preview:-1\" \/>\n<link rel=\"canonical\" href=\"https:\/\/www.eldiario.net\/portal\/2024\/10\/30\/ordenan-repliegue-del-efectivo-policial-del-tropico-por-amenazas\/\" \/>\n<meta property=\"og:locale\" content=\"es_ES\" \/>\n<meta property=\"og:type\" content=\"article\" \/>\n<meta property=\"og:title\" content=\"Ordenan repliegue del efectivo policial del Tr\u00f3pico por amenazas - El Diario - Bolivia\" \/>\n<meta property=\"og:description\" content=\"El Gobierno orden\u00f3 ayer el repliegue total de fuerzas policiales en el Tr\u00f3pico de Cochabamba debido a supuestas amenazas de sectores \u201cevistas\u201d. En vista de que este territorio no puede ser controlado ni por el Estado, dos analistas convergen en que el Movimiento al Socialismo (MAS) es una organizaci\u00f3n criminal cuyos adeptos no solo portan [&hellip;]\" \/>\n<meta property=\"og:url\" content=\"https:\/\/www.eldiario.net\/portal\/2024\/10\/30\/ordenan-repliegue-del-efectivo-policial-del-tropico-por-amenazas\/\" \/>\n<meta property=\"og:site_name\" content=\"El Diario - Bolivia\" \/>\n<meta property=\"article:publisher\" content=\"https:\/\/www.facebook.com\/eldiario.bolivia\/\" \/>\n<meta property=\"article:published_time\" content=\"2024-10-30T10:04:37+00:00\" \/>\n<meta property=\"og:image\" content=\"https:\/\/www.eldiario.net\/portal\/wp-content\/uploads\/2024\/10\/30-TERROR-1.jpg\" \/>\n\t<meta property=\"og:image:width\" content=\"1200\" \/>\n\t<meta property=\"og:image:height\" content=\"802\" \/>\n\t<meta property=\"og:image:type\" content=\"image\/jpeg\" \/>\n<meta name=\"author\" content=\"Jeanette\" \/>\n<meta name=\"twitter:card\" content=\"summary_large_image\" \/>\n<meta name=\"twitter:creator\" content=\"@eldiario_net\" \/>\n<meta name=\"twitter:site\" content=\"@eldiario_net\" \/>\n<meta name=\"twitter:label1\" content=\"Escrito por\" \/>\n\t<meta name=\"twitter:data1\" content=\"Jeanette\" \/>\n\t<meta name=\"twitter:label2\" content=\"Tiempo de lectura\" \/>\n\t<meta name=\"twitter:data2\" content=\"5 minutos\" \/>\n<script type=\"application\/ld+json\" class=\"yoast-schema-graph\">{\"@context\":\"https:\\\/\\\/schema.org\",\"@graph\":[{\"@type\":\"Article\",\"@id\":\"https:\\\/\\\/www.eldiario.net\\\/portal\\\/2024\\\/10\\\/30\\\/ordenan-repliegue-del-efectivo-policial-del-tropico-por-amenazas\\\/#article\",\"isPartOf\":{\"@id\":\"https:\\\/\\\/www.eldiario.net\\\/portal\\\/2024\\\/10\\\/30\\\/ordenan-repliegue-del-efectivo-policial-del-tropico-por-amenazas\\\/\"},\"author\":{\"name\":\"Jeanette\",\"@id\":\"https:\\\/\\\/www.eldiario.net\\\/portal\\\/#\\\/schema\\\/person\\\/f46445640444750d7d753ccd04ae01b7\"},\"headline\":\"Ordenan repliegue del efectivo policial del Tr\u00f3pico por amenazas\",\"datePublished\":\"2024-10-30T10:04:37+00:00\",\"mainEntityOfPage\":{\"@id\":\"https:\\\/\\\/www.eldiario.net\\\/portal\\\/2024\\\/10\\\/30\\\/ordenan-repliegue-del-efectivo-policial-del-tropico-por-amenazas\\\/\"},\"wordCount\":955,\"publisher\":{\"@id\":\"https:\\\/\\\/www.eldiario.net\\\/portal\\\/#organization\"},\"image\":{\"@id\":\"https:\\\/\\\/www.eldiario.net\\\/portal\\\/2024\\\/10\\\/30\\\/ordenan-repliegue-del-efectivo-policial-del-tropico-por-amenazas\\\/#primaryimage\"},\"thumbnailUrl\":\"https:\\\/\\\/www.eldiario.net\\\/portal\\\/wp-content\\\/uploads\\\/2024\\\/10\\\/30-TERROR-1.jpg\",\"articleSection\":[\"Sociedad - Seguridad\"],\"inLanguage\":\"es\"},{\"@type\":\"WebPage\",\"@id\":\"https:\\\/\\\/www.eldiario.net\\\/portal\\\/2024\\\/10\\\/30\\\/ordenan-repliegue-del-efectivo-policial-del-tropico-por-amenazas\\\/\",\"url\":\"https:\\\/\\\/www.eldiario.net\\\/portal\\\/2024\\\/10\\\/30\\\/ordenan-repliegue-del-efectivo-policial-del-tropico-por-amenazas\\\/\",\"name\":\"Ordenan repliegue del efectivo policial del Tr\u00f3pico por amenazas - El Diario - Bolivia\",\"isPartOf\":{\"@id\":\"https:\\\/\\\/www.eldiario.net\\\/portal\\\/#website\"},\"primaryImageOfPage\":{\"@id\":\"https:\\\/\\\/www.eldiario.net\\\/portal\\\/2024\\\/10\\\/30\\\/ordenan-repliegue-del-efectivo-policial-del-tropico-por-amenazas\\\/#primaryimage\"},\"image\":{\"@id\":\"https:\\\/\\\/www.eldiario.net\\\/portal\\\/2024\\\/10\\\/30\\\/ordenan-repliegue-del-efectivo-policial-del-tropico-por-amenazas\\\/#primaryimage\"},\"thumbnailUrl\":\"https:\\\/\\\/www.eldiario.net\\\/portal\\\/wp-content\\\/uploads\\\/2024\\\/10\\\/30-TERROR-1.jpg\",\"datePublished\":\"2024-10-30T10:04:37+00:00\",\"breadcrumb\":{\"@id\":\"https:\\\/\\\/www.eldiario.net\\\/portal\\\/2024\\\/10\\\/30\\\/ordenan-repliegue-del-efectivo-policial-del-tropico-por-amenazas\\\/#breadcrumb\"},\"inLanguage\":\"es\",\"potentialAction\":[{\"@type\":\"ReadAction\",\"target\":[\"https:\\\/\\\/www.eldiario.net\\\/portal\\\/2024\\\/10\\\/30\\\/ordenan-repliegue-del-efectivo-policial-del-tropico-por-amenazas\\\/\"]}]},{\"@type\":\"ImageObject\",\"inLanguage\":\"es\",\"@id\":\"https:\\\/\\\/www.eldiario.net\\\/portal\\\/2024\\\/10\\\/30\\\/ordenan-repliegue-del-efectivo-policial-del-tropico-por-amenazas\\\/#primaryimage\",\"url\":\"https:\\\/\\\/www.eldiario.net\\\/portal\\\/wp-content\\\/uploads\\\/2024\\\/10\\\/30-TERROR-1.jpg\",\"contentUrl\":\"https:\\\/\\\/www.eldiario.net\\\/portal\\\/wp-content\\\/uploads\\\/2024\\\/10\\\/30-TERROR-1.jpg\",\"width\":1200,\"height\":802,\"caption\":\"Hoy se cumplen 17 jornadas continuas de bloqueo \u201cevista\u201d.\"},{\"@type\":\"BreadcrumbList\",\"@id\":\"https:\\\/\\\/www.eldiario.net\\\/portal\\\/2024\\\/10\\\/30\\\/ordenan-repliegue-del-efectivo-policial-del-tropico-por-amenazas\\\/#breadcrumb\",\"itemListElement\":[{\"@type\":\"ListItem\",\"position\":1,\"name\":\"Portada\",\"item\":\"https:\\\/\\\/www.eldiario.net\\\/portal\\\/\"},{\"@type\":\"ListItem\",\"position\":2,\"name\":\"Ordenan repliegue del efectivo policial del Tr\u00f3pico por amenazas\"}]},{\"@type\":\"WebSite\",\"@id\":\"https:\\\/\\\/www.eldiario.net\\\/portal\\\/#website\",\"url\":\"https:\\\/\\\/www.eldiario.net\\\/portal\\\/\",\"name\":\"El Diario - Decano de la prensa nacional\",\"description\":\"El Diario - Decano de la prensa nacional\",\"publisher\":{\"@id\":\"https:\\\/\\\/www.eldiario.net\\\/portal\\\/#organization\"},\"potentialAction\":[{\"@type\":\"SearchAction\",\"target\":{\"@type\":\"EntryPoint\",\"urlTemplate\":\"https:\\\/\\\/www.eldiario.net\\\/portal\\\/?s={search_term_string}\"},\"query-input\":{\"@type\":\"PropertyValueSpecification\",\"valueRequired\":true,\"valueName\":\"search_term_string\"}}],\"inLanguage\":\"es\"},{\"@type\":\"Organization\",\"@id\":\"https:\\\/\\\/www.eldiario.net\\\/portal\\\/#organization\",\"name\":\"El Diario - Decano de la prensa nacional\",\"url\":\"https:\\\/\\\/www.eldiario.net\\\/portal\\\/\",\"logo\":{\"@type\":\"ImageObject\",\"inLanguage\":\"es\",\"@id\":\"https:\\\/\\\/www.eldiario.net\\\/portal\\\/#\\\/schema\\\/logo\\\/image\\\/\",\"url\":\"https:\\\/\\\/www.eldiario.net\\\/portal\\\/wp-content\\\/uploads\\\/2023\\\/07\\\/logo_ED.jpg\",\"contentUrl\":\"https:\\\/\\\/www.eldiario.net\\\/portal\\\/wp-content\\\/uploads\\\/2023\\\/07\\\/logo_ED.jpg\",\"width\":272,\"height\":52,\"caption\":\"El Diario - Decano de la prensa nacional\"},\"image\":{\"@id\":\"https:\\\/\\\/www.eldiario.net\\\/portal\\\/#\\\/schema\\\/logo\\\/image\\\/\"},\"sameAs\":[\"https:\\\/\\\/www.facebook.com\\\/eldiario.bolivia\\\/\",\"https:\\\/\\\/x.com\\\/eldiario_net\"]},{\"@type\":\"Person\",\"@id\":\"https:\\\/\\\/www.eldiario.net\\\/portal\\\/#\\\/schema\\\/person\\\/f46445640444750d7d753ccd04ae01b7\",\"name\":\"Jeanette\",\"image\":{\"@type\":\"ImageObject\",\"inLanguage\":\"es\",\"@id\":\"https:\\\/\\\/secure.gravatar.com\\\/avatar\\\/3ea2118a5f7dad2b7138b1187a6b7ee55f160b9968b66013c3a3ef39dd7e5798?s=96&d=mm&r=g\",\"url\":\"https:\\\/\\\/secure.gravatar.com\\\/avatar\\\/3ea2118a5f7dad2b7138b1187a6b7ee55f160b9968b66013c3a3ef39dd7e5798?s=96&d=mm&r=g\",\"contentUrl\":\"https:\\\/\\\/secure.gravatar.com\\\/avatar\\\/3ea2118a5f7dad2b7138b1187a6b7ee55f160b9968b66013c3a3ef39dd7e5798?s=96&d=mm&r=g\",\"caption\":\"Jeanette\"},\"sameAs\":[\"https:\\\/\\\/www.eldiario.net\\\/portal\"],\"url\":\"https:\\\/\\\/www.eldiario.net\\\/portal\\\/author\\\/jeanette\\\/\"}]}<\/script>\n<!-- \/ Yoast SEO plugin. -->","yoast_head_json":{"title":"Ordenan repliegue del efectivo policial del Tr\u00f3pico por amenazas - El Diario - Bolivia","robots":{"index":"index","follow":"follow","max-snippet":"max-snippet:-1","max-image-preview":"max-image-preview:large","max-video-preview":"max-video-preview:-1"},"canonical":"https:\/\/www.eldiario.net\/portal\/2024\/10\/30\/ordenan-repliegue-del-efectivo-policial-del-tropico-por-amenazas\/","og_locale":"es_ES","og_type":"article","og_title":"Ordenan repliegue del efectivo policial del Tr\u00f3pico por amenazas - El Diario - Bolivia","og_description":"El Gobierno orden\u00f3 ayer el repliegue total de fuerzas policiales en el Tr\u00f3pico de Cochabamba debido a supuestas amenazas de sectores \u201cevistas\u201d. En vista de que este territorio no puede ser controlado ni por el Estado, dos analistas convergen en que el Movimiento al Socialismo (MAS) es una organizaci\u00f3n criminal cuyos adeptos no solo portan [&hellip;]","og_url":"https:\/\/www.eldiario.net\/portal\/2024\/10\/30\/ordenan-repliegue-del-efectivo-policial-del-tropico-por-amenazas\/","og_site_name":"El Diario - Bolivia","article_publisher":"https:\/\/www.facebook.com\/eldiario.bolivia\/","article_published_time":"2024-10-30T10:04:37+00:00","og_image":[{"width":1200,"height":802,"url":"https:\/\/www.eldiario.net\/portal\/wp-content\/uploads\/2024\/10\/30-TERROR-1.jpg","type":"image\/jpeg"}],"author":"Jeanette","twitter_card":"summary_large_image","twitter_creator":"@eldiario_net","twitter_site":"@eldiario_net","twitter_misc":{"Escrito por":"Jeanette","Tiempo de lectura":"5 minutos"},"schema":{"@context":"https:\/\/schema.org","@graph":[{"@type":"Article","@id":"https:\/\/www.eldiario.net\/portal\/2024\/10\/30\/ordenan-repliegue-del-efectivo-policial-del-tropico-por-amenazas\/#article","isPartOf":{"@id":"https:\/\/www.eldiario.net\/portal\/2024\/10\/30\/ordenan-repliegue-del-efectivo-policial-del-tropico-por-amenazas\/"},"author":{"name":"Jeanette","@id":"https:\/\/www.eldiario.net\/portal\/#\/schema\/person\/f46445640444750d7d753ccd04ae01b7"},"headline":"Ordenan repliegue del efectivo policial del Tr\u00f3pico por amenazas","datePublished":"2024-10-30T10:04:37+00:00","mainEntityOfPage":{"@id":"https:\/\/www.eldiario.net\/portal\/2024\/10\/30\/ordenan-repliegue-del-efectivo-policial-del-tropico-por-amenazas\/"},"wordCount":955,"publisher":{"@id":"https:\/\/www.eldiario.net\/portal\/#organization"},"image":{"@id":"https:\/\/www.eldiario.net\/portal\/2024\/10\/30\/ordenan-repliegue-del-efectivo-policial-del-tropico-por-amenazas\/#primaryimage"},"thumbnailUrl":"https:\/\/www.eldiario.net\/portal\/wp-content\/uploads\/2024\/10\/30-TERROR-1.jpg","articleSection":["Sociedad - Seguridad"],"inLanguage":"es"},{"@type":"WebPage","@id":"https:\/\/www.eldiario.net\/portal\/2024\/10\/30\/ordenan-repliegue-del-efectivo-policial-del-tropico-por-amenazas\/","url":"https:\/\/www.eldiario.net\/portal\/2024\/10\/30\/ordenan-repliegue-del-efectivo-policial-del-tropico-por-amenazas\/","name":"Ordenan repliegue del efectivo policial del Tr\u00f3pico por amenazas - El Diario - Bolivia","isPartOf":{"@id":"https:\/\/www.eldiario.net\/portal\/#website"},"primaryImageOfPage":{"@id":"https:\/\/www.eldiario.net\/portal\/2024\/10\/30\/ordenan-repliegue-del-efectivo-policial-del-tropico-por-amenazas\/#primaryimage"},"image":{"@id":"https:\/\/www.eldiario.net\/portal\/2024\/10\/30\/ordenan-repliegue-del-efectivo-policial-del-tropico-por-amenazas\/#primaryimage"},"thumbnailUrl":"https:\/\/www.eldiario.net\/portal\/wp-content\/uploads\/2024\/10\/30-TERROR-1.jpg","datePublished":"2024-10-30T10:04:37+00:00","breadcrumb":{"@id":"https:\/\/www.eldiario.net\/portal\/2024\/10\/30\/ordenan-repliegue-del-efectivo-policial-del-tropico-por-amenazas\/#breadcrumb"},"inLanguage":"es","potentialAction":[{"@type":"ReadAction","target":["https:\/\/www.eldiario.net\/portal\/2024\/10\/30\/ordenan-repliegue-del-efectivo-policial-del-tropico-por-amenazas\/"]}]},{"@type":"ImageObject","inLanguage":"es","@id":"https:\/\/www.eldiario.net\/portal\/2024\/10\/30\/ordenan-repliegue-del-efectivo-policial-del-tropico-por-amenazas\/#primaryimage","url":"https:\/\/www.eldiario.net\/portal\/wp-content\/uploads\/2024\/10\/30-TERROR-1.jpg","contentUrl":"https:\/\/www.eldiario.net\/portal\/wp-content\/uploads\/2024\/10\/30-TERROR-1.jpg","width":1200,"height":802,"caption":"Hoy se cumplen 17 jornadas continuas de bloqueo \u201cevista\u201d."},{"@type":"BreadcrumbList","@id":"https:\/\/www.eldiario.net\/portal\/2024\/10\/30\/ordenan-repliegue-del-efectivo-policial-del-tropico-por-amenazas\/#breadcrumb","itemListElement":[{"@type":"ListItem","position":1,"name":"Portada","item":"https:\/\/www.eldiario.net\/portal\/"},{"@type":"ListItem","position":2,"name":"Ordenan repliegue del efectivo policial del Tr\u00f3pico por amenazas"}]},{"@type":"WebSite","@id":"https:\/\/www.eldiario.net\/portal\/#website","url":"https:\/\/www.eldiario.net\/portal\/","name":"El Diario - Decano de la prensa nacional","description":"El Diario - Decano de la prensa nacional","publisher":{"@id":"https:\/\/www.eldiario.net\/portal\/#organization"},"potentialAction":[{"@type":"SearchAction","target":{"@type":"EntryPoint","urlTemplate":"https:\/\/www.eldiario.net\/portal\/?s={search_term_string}"},"query-input":{"@type":"PropertyValueSpecification","valueRequired":true,"valueName":"search_term_string"}}],"inLanguage":"es"},{"@type":"Organization","@id":"https:\/\/www.eldiario.net\/portal\/#organization","name":"El Diario - Decano de la prensa nacional","url":"https:\/\/www.eldiario.net\/portal\/","logo":{"@type":"ImageObject","inLanguage":"es","@id":"https:\/\/www.eldiario.net\/portal\/#\/schema\/logo\/image\/","url":"https:\/\/www.eldiario.net\/portal\/wp-content\/uploads\/2023\/07\/logo_ED.jpg","contentUrl":"https:\/\/www.eldiario.net\/portal\/wp-content\/uploads\/2023\/07\/logo_ED.jpg","width":272,"height":52,"caption":"El Diario - Decano de la prensa nacional"},"image":{"@id":"https:\/\/www.eldiario.net\/portal\/#\/schema\/logo\/image\/"},"sameAs":["https:\/\/www.facebook.com\/eldiario.bolivia\/","https:\/\/x.com\/eldiario_net"]},{"@type":"Person","@id":"https:\/\/www.eldiario.net\/portal\/#\/schema\/person\/f46445640444750d7d753ccd04ae01b7","name":"Jeanette","image":{"@type":"ImageObject","inLanguage":"es","@id":"https:\/\/secure.gravatar.com\/avatar\/3ea2118a5f7dad2b7138b1187a6b7ee55f160b9968b66013c3a3ef39dd7e5798?s=96&d=mm&r=g","url":"https:\/\/secure.gravatar.com\/avatar\/3ea2118a5f7dad2b7138b1187a6b7ee55f160b9968b66013c3a3ef39dd7e5798?s=96&d=mm&r=g","contentUrl":"https:\/\/secure.gravatar.com\/avatar\/3ea2118a5f7dad2b7138b1187a6b7ee55f160b9968b66013c3a3ef39dd7e5798?s=96&d=mm&r=g","caption":"Jeanette"},"sameAs":["https:\/\/www.eldiario.net\/portal"],"url":"https:\/\/www.eldiario.net\/portal\/author\/jeanette\/"}]}},"_links":{"self":[{"href":"https:\/\/www.eldiario.net\/portal\/wp-json\/wp\/v2\/posts\/257438","targetHints":{"allow":["GET"]}}],"collection":[{"href":"https:\/\/www.eldiario.net\/portal\/wp-json\/wp\/v2\/posts"}],"about":[{"href":"https:\/\/www.eldiario.net\/portal\/wp-json\/wp\/v2\/types\/post"}],"author":[{"embeddable":true,"href":"https:\/\/www.eldiario.net\/portal\/wp-json\/wp\/v2\/users\/1"}],"replies":[{"embeddable":true,"href":"https:\/\/www.eldiario.net\/portal\/wp-json\/wp\/v2\/comments?post=257438"}],"version-history":[{"count":1,"href":"https:\/\/www.eldiario.net\/portal\/wp-json\/wp\/v2\/posts\/257438\/revisions"}],"predecessor-version":[{"id":257441,"href":"https:\/\/www.eldiario.net\/portal\/wp-json\/wp\/v2\/posts\/257438\/revisions\/257441"}],"wp:featuredmedia":[{"embeddable":true,"href":"https:\/\/www.eldiario.net\/portal\/wp-json\/wp\/v2\/media\/257439"}],"wp:attachment":[{"href":"https:\/\/www.eldiario.net\/portal\/wp-json\/wp\/v2\/media?parent=257438"}],"wp:term":[{"taxonomy":"category","embeddable":true,"href":"https:\/\/www.eldiario.net\/portal\/wp-json\/wp\/v2\/categories?post=257438"},{"taxonomy":"post_tag","embeddable":true,"href":"https:\/\/www.eldiario.net\/portal\/wp-json\/wp\/v2\/tags?post=257438"}],"curies":[{"name":"wp","href":"https:\/\/api.w.org\/{rel}","templated":true}]}}