{"id":25741,"date":"2021-08-26T03:54:58","date_gmt":"2021-08-26T07:54:58","guid":{"rendered":"https:\/\/www.eldiario.net\/portal\/?p=25741"},"modified":"2021-08-26T03:54:58","modified_gmt":"2021-08-26T07:54:58","slug":"valda-recuerda-que-tiene-tutela-en-caso-por-destrozos-a-fiscalia-general","status":"publish","type":"post","link":"https:\/\/www.eldiario.net\/portal\/2021\/08\/26\/valda-recuerda-que-tiene-tutela-en-caso-por-destrozos-a-fiscalia-general\/","title":{"rendered":"Valda recuerda que tiene tutela en  caso por destrozos a Fiscal\u00eda General"},"content":{"rendered":"<p>El asesor jur\u00eddico del Comit\u00e9 C\u00edvico Pro Santa Cruz, Jorge Valda, que fue notificado para declarar como testigo en el caso de presuntos destrozos en la Fiscal\u00eda General, en octubre de 2020, devolvi\u00f3 el documento, porque asegura que le concedieron tutela por una Acci\u00f3n de Libertad que present\u00f3 y pide al Ministerio P\u00fablico dar cumplimiento al fallo constitucional.<\/p>\n<p>El Ministerio P\u00fablico notific\u00f3 ayer, en Santa Cruz de la Sierra a Valda, para que se presente a declarar en Sucre en un plazo de 24 horas.<\/p>\n<p>\u201cEstamos devolviendo su c\u00e9dula de notificaci\u00f3n porque desde el a\u00f1o pasado cuando comenzaron con el hostigamiento, en octubre del a\u00f1o pasado, presentamos una Acci\u00f3n de Libertad la cual nos otorg\u00f3 tutela que evitaba ser perseguidos por razones pol\u00edticas\u201d, explic\u00f3 Valda a EL DIARIO.<\/p>\n<p>El jurista aclar\u00f3 que si el Ministerio P\u00fablico no toma en cuenta la tutela e insiste en su declaraci\u00f3n, \u00e9l no est\u00e1 en condiciones de hacerlo porque es patrocinador de algunos implicados en el caso y debe guardar el secreto profesional.<\/p>\n<p>\u201cSoy abogado del Comit\u00e9 (C\u00edvico Pro Santa Cruz), de los j\u00f3venes de la Resistencia Juvenil Cochala (RJC), que est\u00e1n con detenci\u00f3n preventiva, torturados e ilegalmente procesados, as\u00ed que por estos factores yo debo respetar la norma\u201d, apunt\u00f3.<\/p>\n<p>Asimismo record\u00f3 al Ministerio P\u00fablico que la norma refiere que la declaraci\u00f3n debe realizarse en el lugar que el testigo reside.<\/p>\n<p><strong>DATOS <\/strong><\/p>\n<p>Entre el 5 y 6 de octubre de 2020, un grupo de la RJC instal\u00f3 una vigilia en puertas de la Fiscal\u00eda General del Estado exigiendo la renuncia de su titular Juan Lanchipa, sindicado de parcialidad con el Movimiento al Socialismo (MAS).<\/p>\n<p>Por este caso est\u00e1n detenidos preventivamente el l\u00edder de la RJC Yassir Molina y Mario Bascop\u00e9 (ambos con detenci\u00f3n preventiva en la c\u00e1rcel de San Roque), Milena Soto (quien se encuentra con detenci\u00f3n domiciliaria en Cochabamba) y el martes fue aprehendido Fabio Bascop\u00e9 Revuelta, quien espera su audiencia de medidas cautelares.<\/p>\n<p><strong>APOYO<\/strong><\/p>\n<p>La senadora Centa Rek lament\u00f3 que el Ministerio P\u00fablico contin\u00fae con las\u00a0\u00a0 persecuciones pol\u00edticas, \u201cconvirti\u00e9ndose en un instrumento de acoso a la oposici\u00f3n y las libertades ciudadanas; advirtiendo que el clima de beligerancia y convulsi\u00f3n en el pa\u00eds est\u00e1n siendo incentivados por las acciones de esta instituci\u00f3n\u201d.<\/p>\n<p>\u201cLe recordamos al fiscal (Juan) Lanchipa que \u00e9l compareci\u00f3 ante una comisi\u00f3n de la Asamblea Legislativa, en enero de 2020, y en aquella oportunidad \u00e9l aval\u00f3 el gobierno de transici\u00f3n bas\u00e1ndose en el fallo del Tribunal Constitucional Plurinacional; lo mismo hizo el entonces candidato Luis Arce Catacora ahora presidente del pa\u00eds\u201d, record\u00f3.<\/p>\n","protected":false},"excerpt":{"rendered":"<p>El asesor jur\u00eddico del Comit\u00e9 C\u00edvico Pro Santa Cruz, Jorge Valda, que fue notificado para declarar como testigo en el caso de presuntos destrozos en la Fiscal\u00eda General, en octubre de 2020, devolvi\u00f3 el documento, porque asegura que le concedieron tutela por una Acci\u00f3n de Libertad que present\u00f3 y pide al Ministerio P\u00fablico dar cumplimiento [&hellip;]<\/p>\n","protected":false},"author":1,"featured_media":0,"comment_status":"closed","ping_status":"closed","sticky":false,"template":"","format":"standard","meta":{"_acf_changed":false,"footnotes":""},"categories":[39],"tags":[],"class_list":["post-25741","post","type-post","status-publish","format-standard","category-sociedad"],"acf":{"antetitulo":""},"yoast_head":"<!-- This site is optimized with the Yoast SEO plugin v28.4 - https:\/\/yoast.com\/product\/yoast-seo-wordpress\/ -->\n<title>Valda recuerda que tiene tutela en caso por destrozos a Fiscal\u00eda General - El Diario - Bolivia<\/title>\n<meta name=\"robots\" content=\"index, follow, max-snippet:-1, max-image-preview:large, max-video-preview:-1\" \/>\n<link rel=\"canonical\" href=\"https:\/\/www.eldiario.net\/portal\/2021\/08\/26\/valda-recuerda-que-tiene-tutela-en-caso-por-destrozos-a-fiscalia-general\/\" \/>\n<meta property=\"og:locale\" content=\"es_ES\" \/>\n<meta property=\"og:type\" content=\"article\" \/>\n<meta property=\"og:title\" content=\"Valda recuerda que tiene tutela en caso por destrozos a Fiscal\u00eda General - El Diario - Bolivia\" \/>\n<meta property=\"og:description\" content=\"El asesor jur\u00eddico del Comit\u00e9 C\u00edvico Pro Santa Cruz, Jorge Valda, que fue notificado para declarar como testigo en el caso de presuntos destrozos en la Fiscal\u00eda General, en octubre de 2020, devolvi\u00f3 el documento, porque asegura que le concedieron tutela por una Acci\u00f3n de Libertad que present\u00f3 y pide al Ministerio P\u00fablico dar cumplimiento [&hellip;]\" \/>\n<meta property=\"og:url\" content=\"https:\/\/www.eldiario.net\/portal\/2021\/08\/26\/valda-recuerda-que-tiene-tutela-en-caso-por-destrozos-a-fiscalia-general\/\" \/>\n<meta property=\"og:site_name\" content=\"El Diario - Bolivia\" \/>\n<meta property=\"article:publisher\" content=\"https:\/\/www.facebook.com\/eldiario.bolivia\/\" \/>\n<meta property=\"article:published_time\" content=\"2021-08-26T07:54:58+00:00\" \/>\n<meta name=\"author\" content=\"Jeanette\" \/>\n<meta name=\"twitter:card\" content=\"summary_large_image\" \/>\n<meta name=\"twitter:creator\" content=\"@eldiario_net\" \/>\n<meta name=\"twitter:site\" content=\"@eldiario_net\" \/>\n<meta name=\"twitter:label1\" content=\"Escrito por\" \/>\n\t<meta name=\"twitter:data1\" content=\"Jeanette\" \/>\n\t<meta name=\"twitter:label2\" content=\"Tiempo de lectura\" \/>\n\t<meta name=\"twitter:data2\" content=\"2 minutos\" \/>\n<script type=\"application\/ld+json\" class=\"yoast-schema-graph\">{\"@context\":\"https:\\\/\\\/schema.org\",\"@graph\":[{\"@type\":\"Article\",\"@id\":\"https:\\\/\\\/www.eldiario.net\\\/portal\\\/2021\\\/08\\\/26\\\/valda-recuerda-que-tiene-tutela-en-caso-por-destrozos-a-fiscalia-general\\\/#article\",\"isPartOf\":{\"@id\":\"https:\\\/\\\/www.eldiario.net\\\/portal\\\/2021\\\/08\\\/26\\\/valda-recuerda-que-tiene-tutela-en-caso-por-destrozos-a-fiscalia-general\\\/\"},\"author\":{\"name\":\"Jeanette\",\"@id\":\"https:\\\/\\\/www.eldiario.net\\\/portal\\\/#\\\/schema\\\/person\\\/2c57cf2b7a7ae032e449e4c9b1019eac\"},\"headline\":\"Valda recuerda que tiene tutela en caso por destrozos a Fiscal\u00eda General\",\"datePublished\":\"2021-08-26T07:54:58+00:00\",\"mainEntityOfPage\":{\"@id\":\"https:\\\/\\\/www.eldiario.net\\\/portal\\\/2021\\\/08\\\/26\\\/valda-recuerda-que-tiene-tutela-en-caso-por-destrozos-a-fiscalia-general\\\/\"},\"wordCount\":467,\"publisher\":{\"@id\":\"https:\\\/\\\/www.eldiario.net\\\/portal\\\/#organization\"},\"articleSection\":[\"Sociedad - Seguridad\"],\"inLanguage\":\"es\"},{\"@type\":\"WebPage\",\"@id\":\"https:\\\/\\\/www.eldiario.net\\\/portal\\\/2021\\\/08\\\/26\\\/valda-recuerda-que-tiene-tutela-en-caso-por-destrozos-a-fiscalia-general\\\/\",\"url\":\"https:\\\/\\\/www.eldiario.net\\\/portal\\\/2021\\\/08\\\/26\\\/valda-recuerda-que-tiene-tutela-en-caso-por-destrozos-a-fiscalia-general\\\/\",\"name\":\"Valda recuerda que tiene tutela en caso por destrozos a Fiscal\u00eda General - El Diario - Bolivia\",\"isPartOf\":{\"@id\":\"https:\\\/\\\/www.eldiario.net\\\/portal\\\/#website\"},\"datePublished\":\"2021-08-26T07:54:58+00:00\",\"breadcrumb\":{\"@id\":\"https:\\\/\\\/www.eldiario.net\\\/portal\\\/2021\\\/08\\\/26\\\/valda-recuerda-que-tiene-tutela-en-caso-por-destrozos-a-fiscalia-general\\\/#breadcrumb\"},\"inLanguage\":\"es\",\"potentialAction\":[{\"@type\":\"ReadAction\",\"target\":[\"https:\\\/\\\/www.eldiario.net\\\/portal\\\/2021\\\/08\\\/26\\\/valda-recuerda-que-tiene-tutela-en-caso-por-destrozos-a-fiscalia-general\\\/\"]}]},{\"@type\":\"BreadcrumbList\",\"@id\":\"https:\\\/\\\/www.eldiario.net\\\/portal\\\/2021\\\/08\\\/26\\\/valda-recuerda-que-tiene-tutela-en-caso-por-destrozos-a-fiscalia-general\\\/#breadcrumb\",\"itemListElement\":[{\"@type\":\"ListItem\",\"position\":1,\"name\":\"Portada\",\"item\":\"https:\\\/\\\/www.eldiario.net\\\/portal\\\/\"},{\"@type\":\"ListItem\",\"position\":2,\"name\":\"Valda recuerda que tiene tutela en caso por destrozos a Fiscal\u00eda General\"}]},{\"@type\":\"WebSite\",\"@id\":\"https:\\\/\\\/www.eldiario.net\\\/portal\\\/#website\",\"url\":\"https:\\\/\\\/www.eldiario.net\\\/portal\\\/\",\"name\":\"El Diario - Decano de la prensa nacional\",\"description\":\"El Diario - Decano de la prensa nacional\",\"publisher\":{\"@id\":\"https:\\\/\\\/www.eldiario.net\\\/portal\\\/#organization\"},\"potentialAction\":[{\"@type\":\"SearchAction\",\"target\":{\"@type\":\"EntryPoint\",\"urlTemplate\":\"https:\\\/\\\/www.eldiario.net\\\/portal\\\/?s={search_term_string}\"},\"query-input\":{\"@type\":\"PropertyValueSpecification\",\"valueRequired\":true,\"valueName\":\"search_term_string\"}}],\"inLanguage\":\"es\"},{\"@type\":\"Organization\",\"@id\":\"https:\\\/\\\/www.eldiario.net\\\/portal\\\/#organization\",\"name\":\"El Diario - Decano de la prensa nacional\",\"url\":\"https:\\\/\\\/www.eldiario.net\\\/portal\\\/\",\"logo\":{\"@type\":\"ImageObject\",\"inLanguage\":\"es\",\"@id\":\"https:\\\/\\\/www.eldiario.net\\\/portal\\\/#\\\/schema\\\/logo\\\/image\\\/\",\"url\":\"https:\\\/\\\/www.eldiario.net\\\/portal\\\/wp-content\\\/uploads\\\/2023\\\/07\\\/logo_ED.jpg\",\"contentUrl\":\"https:\\\/\\\/www.eldiario.net\\\/portal\\\/wp-content\\\/uploads\\\/2023\\\/07\\\/logo_ED.jpg\",\"width\":272,\"height\":52,\"caption\":\"El Diario - Decano de la prensa nacional\"},\"image\":{\"@id\":\"https:\\\/\\\/www.eldiario.net\\\/portal\\\/#\\\/schema\\\/logo\\\/image\\\/\"},\"sameAs\":[\"https:\\\/\\\/www.facebook.com\\\/eldiario.bolivia\\\/\",\"https:\\\/\\\/x.com\\\/eldiario_net\"]},{\"@type\":\"Person\",\"@id\":\"https:\\\/\\\/www.eldiario.net\\\/portal\\\/#\\\/schema\\\/person\\\/2c57cf2b7a7ae032e449e4c9b1019eac\",\"name\":\"Jeanette\",\"image\":{\"@type\":\"ImageObject\",\"inLanguage\":\"es\",\"@id\":\"https:\\\/\\\/secure.gravatar.com\\\/avatar\\\/3ea2118a5f7dad2b7138b1187a6b7ee55f160b9968b66013c3a3ef39dd7e5798?s=96&d=mm&r=g\",\"url\":\"https:\\\/\\\/secure.gravatar.com\\\/avatar\\\/3ea2118a5f7dad2b7138b1187a6b7ee55f160b9968b66013c3a3ef39dd7e5798?s=96&d=mm&r=g\",\"contentUrl\":\"https:\\\/\\\/secure.gravatar.com\\\/avatar\\\/3ea2118a5f7dad2b7138b1187a6b7ee55f160b9968b66013c3a3ef39dd7e5798?s=96&d=mm&r=g\",\"caption\":\"Jeanette\"},\"sameAs\":[\"https:\\\/\\\/www.eldiario.net\\\/portal\"],\"url\":\"https:\\\/\\\/www.eldiario.net\\\/portal\\\/author\\\/jeanette\\\/\"}]}<\/script>\n<!-- \/ Yoast SEO plugin. -->","yoast_head_json":{"title":"Valda recuerda que tiene tutela en caso por destrozos a Fiscal\u00eda General - El Diario - Bolivia","robots":{"index":"index","follow":"follow","max-snippet":"max-snippet:-1","max-image-preview":"max-image-preview:large","max-video-preview":"max-video-preview:-1"},"canonical":"https:\/\/www.eldiario.net\/portal\/2021\/08\/26\/valda-recuerda-que-tiene-tutela-en-caso-por-destrozos-a-fiscalia-general\/","og_locale":"es_ES","og_type":"article","og_title":"Valda recuerda que tiene tutela en caso por destrozos a Fiscal\u00eda General - El Diario - Bolivia","og_description":"El asesor jur\u00eddico del Comit\u00e9 C\u00edvico Pro Santa Cruz, Jorge Valda, que fue notificado para declarar como testigo en el caso de presuntos destrozos en la Fiscal\u00eda General, en octubre de 2020, devolvi\u00f3 el documento, porque asegura que le concedieron tutela por una Acci\u00f3n de Libertad que present\u00f3 y pide al Ministerio P\u00fablico dar cumplimiento [&hellip;]","og_url":"https:\/\/www.eldiario.net\/portal\/2021\/08\/26\/valda-recuerda-que-tiene-tutela-en-caso-por-destrozos-a-fiscalia-general\/","og_site_name":"El Diario - Bolivia","article_publisher":"https:\/\/www.facebook.com\/eldiario.bolivia\/","article_published_time":"2021-08-26T07:54:58+00:00","author":"Jeanette","twitter_card":"summary_large_image","twitter_creator":"@eldiario_net","twitter_site":"@eldiario_net","twitter_misc":{"Escrito por":"Jeanette","Tiempo de lectura":"2 minutos"},"schema":{"@context":"https:\/\/schema.org","@graph":[{"@type":"Article","@id":"https:\/\/www.eldiario.net\/portal\/2021\/08\/26\/valda-recuerda-que-tiene-tutela-en-caso-por-destrozos-a-fiscalia-general\/#article","isPartOf":{"@id":"https:\/\/www.eldiario.net\/portal\/2021\/08\/26\/valda-recuerda-que-tiene-tutela-en-caso-por-destrozos-a-fiscalia-general\/"},"author":{"name":"Jeanette","@id":"https:\/\/www.eldiario.net\/portal\/#\/schema\/person\/2c57cf2b7a7ae032e449e4c9b1019eac"},"headline":"Valda recuerda que tiene tutela en caso por destrozos a Fiscal\u00eda General","datePublished":"2021-08-26T07:54:58+00:00","mainEntityOfPage":{"@id":"https:\/\/www.eldiario.net\/portal\/2021\/08\/26\/valda-recuerda-que-tiene-tutela-en-caso-por-destrozos-a-fiscalia-general\/"},"wordCount":467,"publisher":{"@id":"https:\/\/www.eldiario.net\/portal\/#organization"},"articleSection":["Sociedad - Seguridad"],"inLanguage":"es"},{"@type":"WebPage","@id":"https:\/\/www.eldiario.net\/portal\/2021\/08\/26\/valda-recuerda-que-tiene-tutela-en-caso-por-destrozos-a-fiscalia-general\/","url":"https:\/\/www.eldiario.net\/portal\/2021\/08\/26\/valda-recuerda-que-tiene-tutela-en-caso-por-destrozos-a-fiscalia-general\/","name":"Valda recuerda que tiene tutela en caso por destrozos a Fiscal\u00eda General - El Diario - Bolivia","isPartOf":{"@id":"https:\/\/www.eldiario.net\/portal\/#website"},"datePublished":"2021-08-26T07:54:58+00:00","breadcrumb":{"@id":"https:\/\/www.eldiario.net\/portal\/2021\/08\/26\/valda-recuerda-que-tiene-tutela-en-caso-por-destrozos-a-fiscalia-general\/#breadcrumb"},"inLanguage":"es","potentialAction":[{"@type":"ReadAction","target":["https:\/\/www.eldiario.net\/portal\/2021\/08\/26\/valda-recuerda-que-tiene-tutela-en-caso-por-destrozos-a-fiscalia-general\/"]}]},{"@type":"BreadcrumbList","@id":"https:\/\/www.eldiario.net\/portal\/2021\/08\/26\/valda-recuerda-que-tiene-tutela-en-caso-por-destrozos-a-fiscalia-general\/#breadcrumb","itemListElement":[{"@type":"ListItem","position":1,"name":"Portada","item":"https:\/\/www.eldiario.net\/portal\/"},{"@type":"ListItem","position":2,"name":"Valda recuerda que tiene tutela en caso por destrozos a Fiscal\u00eda General"}]},{"@type":"WebSite","@id":"https:\/\/www.eldiario.net\/portal\/#website","url":"https:\/\/www.eldiario.net\/portal\/","name":"El Diario - Decano de la prensa nacional","description":"El Diario - Decano de la prensa nacional","publisher":{"@id":"https:\/\/www.eldiario.net\/portal\/#organization"},"potentialAction":[{"@type":"SearchAction","target":{"@type":"EntryPoint","urlTemplate":"https:\/\/www.eldiario.net\/portal\/?s={search_term_string}"},"query-input":{"@type":"PropertyValueSpecification","valueRequired":true,"valueName":"search_term_string"}}],"inLanguage":"es"},{"@type":"Organization","@id":"https:\/\/www.eldiario.net\/portal\/#organization","name":"El Diario - Decano de la prensa nacional","url":"https:\/\/www.eldiario.net\/portal\/","logo":{"@type":"ImageObject","inLanguage":"es","@id":"https:\/\/www.eldiario.net\/portal\/#\/schema\/logo\/image\/","url":"https:\/\/www.eldiario.net\/portal\/wp-content\/uploads\/2023\/07\/logo_ED.jpg","contentUrl":"https:\/\/www.eldiario.net\/portal\/wp-content\/uploads\/2023\/07\/logo_ED.jpg","width":272,"height":52,"caption":"El Diario - Decano de la prensa nacional"},"image":{"@id":"https:\/\/www.eldiario.net\/portal\/#\/schema\/logo\/image\/"},"sameAs":["https:\/\/www.facebook.com\/eldiario.bolivia\/","https:\/\/x.com\/eldiario_net"]},{"@type":"Person","@id":"https:\/\/www.eldiario.net\/portal\/#\/schema\/person\/2c57cf2b7a7ae032e449e4c9b1019eac","name":"Jeanette","image":{"@type":"ImageObject","inLanguage":"es","@id":"https:\/\/secure.gravatar.com\/avatar\/3ea2118a5f7dad2b7138b1187a6b7ee55f160b9968b66013c3a3ef39dd7e5798?s=96&d=mm&r=g","url":"https:\/\/secure.gravatar.com\/avatar\/3ea2118a5f7dad2b7138b1187a6b7ee55f160b9968b66013c3a3ef39dd7e5798?s=96&d=mm&r=g","contentUrl":"https:\/\/secure.gravatar.com\/avatar\/3ea2118a5f7dad2b7138b1187a6b7ee55f160b9968b66013c3a3ef39dd7e5798?s=96&d=mm&r=g","caption":"Jeanette"},"sameAs":["https:\/\/www.eldiario.net\/portal"],"url":"https:\/\/www.eldiario.net\/portal\/author\/jeanette\/"}]}},"_links":{"self":[{"href":"https:\/\/www.eldiario.net\/portal\/wp-json\/wp\/v2\/posts\/25741","targetHints":{"allow":["GET"]}}],"collection":[{"href":"https:\/\/www.eldiario.net\/portal\/wp-json\/wp\/v2\/posts"}],"about":[{"href":"https:\/\/www.eldiario.net\/portal\/wp-json\/wp\/v2\/types\/post"}],"author":[{"embeddable":true,"href":"https:\/\/www.eldiario.net\/portal\/wp-json\/wp\/v2\/users\/1"}],"replies":[{"embeddable":true,"href":"https:\/\/www.eldiario.net\/portal\/wp-json\/wp\/v2\/comments?post=25741"}],"version-history":[{"count":0,"href":"https:\/\/www.eldiario.net\/portal\/wp-json\/wp\/v2\/posts\/25741\/revisions"}],"wp:attachment":[{"href":"https:\/\/www.eldiario.net\/portal\/wp-json\/wp\/v2\/media?parent=25741"}],"wp:term":[{"taxonomy":"category","embeddable":true,"href":"https:\/\/www.eldiario.net\/portal\/wp-json\/wp\/v2\/categories?post=25741"},{"taxonomy":"post_tag","embeddable":true,"href":"https:\/\/www.eldiario.net\/portal\/wp-json\/wp\/v2\/tags?post=25741"}],"curies":[{"name":"wp","href":"https:\/\/api.w.org\/{rel}","templated":true}]}}