{"id":25738,"date":"2021-08-26T03:52:52","date_gmt":"2021-08-26T07:52:52","guid":{"rendered":"https:\/\/www.eldiario.net\/portal\/?p=25738"},"modified":"2021-08-26T03:52:52","modified_gmt":"2021-08-26T07:52:52","slug":"tres-personas-continuan-profugas-por-la-muerte-del-exviceministro-illanes","status":"publish","type":"post","link":"https:\/\/www.eldiario.net\/portal\/2021\/08\/26\/tres-personas-continuan-profugas-por-la-muerte-del-exviceministro-illanes\/","title":{"rendered":"Tres personas contin\u00faan pr\u00f3fugas por asesinato del exviceministro Illanes"},"content":{"rendered":"<p>A cinco a\u00f1os del asesinato del exviceministro de R\u00e9gimen Interior, Rodolfo Illanes, de las 14 personas procesadas, tres contin\u00faan pr\u00f3fugas y con mandamiento de aprehensi\u00f3n que no son ejecutadas a pesar de que caminan por lugares p\u00fablicos, inform\u00f3 a EL DIARIO un profesional que pidi\u00f3 mantener su nombre en reserva.<\/p>\n<p>Rodolfo Illanes fue asesinado el 25 de agosto de 2016 a manos de los cooperativistas, en la localidad de Panduro (La Paz). En ese momento, los mineros bloqueaban varios puntos del pa\u00eds exigiendo la atenci\u00f3n a sus demandas. El entonces Viceministro fue enviado al lugar por autoridades del gobierno de Evo Morales, sin las medidas de seguridad.<\/p>\n<p>&nbsp;<\/p>\n<p><strong>PROCESADOS <\/strong><\/p>\n<p>Por el hecho, 14 personas estuvieron involucradas en el juicio oral, tres contin\u00faan pr\u00f3fugas de la justicia con mandamientos de aprehensi\u00f3n. \u201cAndan caminando tranquilos por las calles sin que nadie les diga nada ya que jam\u00e1s los buscaron\u201d, lament\u00f3 el profesional.<\/p>\n<p>Asimismo cuatro personas fueron sentenciadas a cinco a\u00f1os y hoy ya cumplieron su condena.<\/p>\n<p>Otros cinco fueron sentenciados a seis a\u00f1os y hoy est\u00e1n con libertad condicional y contin\u00faan firmando el libro de presentaciones en el Juzgado de Ejecuci\u00f3n Penal de El Alto hasta cumplir su sentencia.<\/p>\n<p>Una persona fue sentenciada a seis a\u00f1os y medio y est\u00e1 con libertad condicional.<\/p>\n<p>Uno fue sentenciado a ocho a\u00f1os y tambi\u00e9n hace un par de meses recuper\u00f3 su libertad.<\/p>\n<p>Otro de los acusados tiene una sentencia absolutoria en primera instancia, misma que fue apelada por el Ministerio P\u00fablico.<\/p>\n<p>&nbsp;<\/p>\n<p><strong>LOS HECHOS <\/strong><\/p>\n<p>El jueves 25 de agosto de 2016, Illanes se hab\u00eda desplazado a la localidad de Panduro, a 186 kil\u00f3metros de la ciudad de La Paz, para tratar de dialogar con los mineros, quienes rechazaban una nueva ley minera que actualmente est\u00e1 vigente.<\/p>\n<p>Seg\u00fan las autoridades, el viceministro fue tomado de reh\u00e9n desde la ma\u00f1ana de ese jueves y luego trasladado al cerro conocido como \u201cLa Antena\u201d, donde fue torturado y golpeado hasta morir.<\/p>\n<p>\u201cTodos los indicios indican que nuestro viceministro Rodolfo Illanes ha sido cobarde y brutalmente asesinado\u201d, manifest\u00f3 en la oportunidad el exministro de Gobierno, Carlos Romero.<\/p>\n<p>El cad\u00e1ver fue rescatado el viernes por la madrugada, m\u00e1s de seis horas despu\u00e9s de que se confirm\u00f3 el deceso, y fue trasladado a La Paz para su respectiva autopsia.<\/p>\n<p>A primeras horas de la tarde del viernes, los restos de Illanes llegaron al Palacio de Gobierno de La Paz, donde recibi\u00f3 honores oficiales.<\/p>\n","protected":false},"excerpt":{"rendered":"<p>A cinco a\u00f1os del asesinato del exviceministro de R\u00e9gimen Interior, Rodolfo Illanes, de las 14 personas procesadas, tres contin\u00faan pr\u00f3fugas y con mandamiento de aprehensi\u00f3n que no son ejecutadas a pesar de que caminan por lugares p\u00fablicos, inform\u00f3 a EL DIARIO un profesional que pidi\u00f3 mantener su nombre en reserva. Rodolfo Illanes fue asesinado el [&hellip;]<\/p>\n","protected":false},"author":1,"featured_media":25739,"comment_status":"closed","ping_status":"closed","sticky":false,"template":"","format":"standard","meta":{"_acf_changed":false,"footnotes":""},"categories":[39],"tags":[],"class_list":["post-25738","post","type-post","status-publish","format-standard","has-post-thumbnail","category-sociedad"],"acf":{"antetitulo":""},"yoast_head":"<!-- This site is optimized with the Yoast SEO plugin v28.4 - https:\/\/yoast.com\/product\/yoast-seo-wordpress\/ -->\n<title>Tres personas contin\u00faan pr\u00f3fugas por asesinato del exviceministro Illanes - El Diario - Bolivia<\/title>\n<meta name=\"robots\" content=\"index, follow, max-snippet:-1, max-image-preview:large, max-video-preview:-1\" \/>\n<link rel=\"canonical\" href=\"https:\/\/www.eldiario.net\/portal\/2021\/08\/26\/tres-personas-continuan-profugas-por-la-muerte-del-exviceministro-illanes\/\" \/>\n<meta property=\"og:locale\" content=\"es_ES\" \/>\n<meta property=\"og:type\" content=\"article\" \/>\n<meta property=\"og:title\" content=\"Tres personas contin\u00faan pr\u00f3fugas por asesinato del exviceministro Illanes - El Diario - Bolivia\" \/>\n<meta property=\"og:description\" content=\"A cinco a\u00f1os del asesinato del exviceministro de R\u00e9gimen Interior, Rodolfo Illanes, de las 14 personas procesadas, tres contin\u00faan pr\u00f3fugas y con mandamiento de aprehensi\u00f3n que no son ejecutadas a pesar de que caminan por lugares p\u00fablicos, inform\u00f3 a EL DIARIO un profesional que pidi\u00f3 mantener su nombre en reserva. Rodolfo Illanes fue asesinado el [&hellip;]\" \/>\n<meta property=\"og:url\" content=\"https:\/\/www.eldiario.net\/portal\/2021\/08\/26\/tres-personas-continuan-profugas-por-la-muerte-del-exviceministro-illanes\/\" \/>\n<meta property=\"og:site_name\" content=\"El Diario - Bolivia\" \/>\n<meta property=\"article:publisher\" content=\"https:\/\/www.facebook.com\/eldiario.bolivia\/\" \/>\n<meta property=\"article:published_time\" content=\"2021-08-26T07:52:52+00:00\" \/>\n<meta name=\"author\" content=\"Jeanette\" \/>\n<meta name=\"twitter:card\" content=\"summary_large_image\" \/>\n<meta name=\"twitter:creator\" content=\"@eldiario_net\" \/>\n<meta name=\"twitter:site\" content=\"@eldiario_net\" \/>\n<meta name=\"twitter:label1\" content=\"Escrito por\" \/>\n\t<meta name=\"twitter:data1\" content=\"Jeanette\" \/>\n\t<meta name=\"twitter:label2\" content=\"Tiempo de lectura\" \/>\n\t<meta name=\"twitter:data2\" content=\"2 minutos\" \/>\n<script type=\"application\/ld+json\" class=\"yoast-schema-graph\">{\"@context\":\"https:\\\/\\\/schema.org\",\"@graph\":[{\"@type\":\"Article\",\"@id\":\"https:\\\/\\\/www.eldiario.net\\\/portal\\\/2021\\\/08\\\/26\\\/tres-personas-continuan-profugas-por-la-muerte-del-exviceministro-illanes\\\/#article\",\"isPartOf\":{\"@id\":\"https:\\\/\\\/www.eldiario.net\\\/portal\\\/2021\\\/08\\\/26\\\/tres-personas-continuan-profugas-por-la-muerte-del-exviceministro-illanes\\\/\"},\"author\":{\"name\":\"Jeanette\",\"@id\":\"https:\\\/\\\/www.eldiario.net\\\/portal\\\/#\\\/schema\\\/person\\\/f46445640444750d7d753ccd04ae01b7\"},\"headline\":\"Tres personas contin\u00faan pr\u00f3fugas por asesinato del exviceministro Illanes\",\"datePublished\":\"2021-08-26T07:52:52+00:00\",\"mainEntityOfPage\":{\"@id\":\"https:\\\/\\\/www.eldiario.net\\\/portal\\\/2021\\\/08\\\/26\\\/tres-personas-continuan-profugas-por-la-muerte-del-exviceministro-illanes\\\/\"},\"wordCount\":434,\"publisher\":{\"@id\":\"https:\\\/\\\/www.eldiario.net\\\/portal\\\/#organization\"},\"image\":{\"@id\":\"https:\\\/\\\/www.eldiario.net\\\/portal\\\/2021\\\/08\\\/26\\\/tres-personas-continuan-profugas-por-la-muerte-del-exviceministro-illanes\\\/#primaryimage\"},\"thumbnailUrl\":\"\",\"articleSection\":[\"Sociedad - Seguridad\"],\"inLanguage\":\"es\"},{\"@type\":\"WebPage\",\"@id\":\"https:\\\/\\\/www.eldiario.net\\\/portal\\\/2021\\\/08\\\/26\\\/tres-personas-continuan-profugas-por-la-muerte-del-exviceministro-illanes\\\/\",\"url\":\"https:\\\/\\\/www.eldiario.net\\\/portal\\\/2021\\\/08\\\/26\\\/tres-personas-continuan-profugas-por-la-muerte-del-exviceministro-illanes\\\/\",\"name\":\"Tres personas contin\u00faan pr\u00f3fugas por asesinato del exviceministro Illanes - El Diario - Bolivia\",\"isPartOf\":{\"@id\":\"https:\\\/\\\/www.eldiario.net\\\/portal\\\/#website\"},\"primaryImageOfPage\":{\"@id\":\"https:\\\/\\\/www.eldiario.net\\\/portal\\\/2021\\\/08\\\/26\\\/tres-personas-continuan-profugas-por-la-muerte-del-exviceministro-illanes\\\/#primaryimage\"},\"image\":{\"@id\":\"https:\\\/\\\/www.eldiario.net\\\/portal\\\/2021\\\/08\\\/26\\\/tres-personas-continuan-profugas-por-la-muerte-del-exviceministro-illanes\\\/#primaryimage\"},\"thumbnailUrl\":\"\",\"datePublished\":\"2021-08-26T07:52:52+00:00\",\"breadcrumb\":{\"@id\":\"https:\\\/\\\/www.eldiario.net\\\/portal\\\/2021\\\/08\\\/26\\\/tres-personas-continuan-profugas-por-la-muerte-del-exviceministro-illanes\\\/#breadcrumb\"},\"inLanguage\":\"es\",\"potentialAction\":[{\"@type\":\"ReadAction\",\"target\":[\"https:\\\/\\\/www.eldiario.net\\\/portal\\\/2021\\\/08\\\/26\\\/tres-personas-continuan-profugas-por-la-muerte-del-exviceministro-illanes\\\/\"]}]},{\"@type\":\"ImageObject\",\"inLanguage\":\"es\",\"@id\":\"https:\\\/\\\/www.eldiario.net\\\/portal\\\/2021\\\/08\\\/26\\\/tres-personas-continuan-profugas-por-la-muerte-del-exviceministro-illanes\\\/#primaryimage\",\"url\":\"\",\"contentUrl\":\"\"},{\"@type\":\"BreadcrumbList\",\"@id\":\"https:\\\/\\\/www.eldiario.net\\\/portal\\\/2021\\\/08\\\/26\\\/tres-personas-continuan-profugas-por-la-muerte-del-exviceministro-illanes\\\/#breadcrumb\",\"itemListElement\":[{\"@type\":\"ListItem\",\"position\":1,\"name\":\"Portada\",\"item\":\"https:\\\/\\\/www.eldiario.net\\\/portal\\\/\"},{\"@type\":\"ListItem\",\"position\":2,\"name\":\"Tres personas contin\u00faan pr\u00f3fugas por asesinato del exviceministro Illanes\"}]},{\"@type\":\"WebSite\",\"@id\":\"https:\\\/\\\/www.eldiario.net\\\/portal\\\/#website\",\"url\":\"https:\\\/\\\/www.eldiario.net\\\/portal\\\/\",\"name\":\"El Diario - Decano de la prensa nacional\",\"description\":\"El Diario - Decano de la prensa nacional\",\"publisher\":{\"@id\":\"https:\\\/\\\/www.eldiario.net\\\/portal\\\/#organization\"},\"potentialAction\":[{\"@type\":\"SearchAction\",\"target\":{\"@type\":\"EntryPoint\",\"urlTemplate\":\"https:\\\/\\\/www.eldiario.net\\\/portal\\\/?s={search_term_string}\"},\"query-input\":{\"@type\":\"PropertyValueSpecification\",\"valueRequired\":true,\"valueName\":\"search_term_string\"}}],\"inLanguage\":\"es\"},{\"@type\":\"Organization\",\"@id\":\"https:\\\/\\\/www.eldiario.net\\\/portal\\\/#organization\",\"name\":\"El Diario - Decano de la prensa nacional\",\"url\":\"https:\\\/\\\/www.eldiario.net\\\/portal\\\/\",\"logo\":{\"@type\":\"ImageObject\",\"inLanguage\":\"es\",\"@id\":\"https:\\\/\\\/www.eldiario.net\\\/portal\\\/#\\\/schema\\\/logo\\\/image\\\/\",\"url\":\"https:\\\/\\\/www.eldiario.net\\\/portal\\\/wp-content\\\/uploads\\\/2023\\\/07\\\/logo_ED.jpg\",\"contentUrl\":\"https:\\\/\\\/www.eldiario.net\\\/portal\\\/wp-content\\\/uploads\\\/2023\\\/07\\\/logo_ED.jpg\",\"width\":272,\"height\":52,\"caption\":\"El Diario - Decano de la prensa nacional\"},\"image\":{\"@id\":\"https:\\\/\\\/www.eldiario.net\\\/portal\\\/#\\\/schema\\\/logo\\\/image\\\/\"},\"sameAs\":[\"https:\\\/\\\/www.facebook.com\\\/eldiario.bolivia\\\/\",\"https:\\\/\\\/x.com\\\/eldiario_net\"]},{\"@type\":\"Person\",\"@id\":\"https:\\\/\\\/www.eldiario.net\\\/portal\\\/#\\\/schema\\\/person\\\/f46445640444750d7d753ccd04ae01b7\",\"name\":\"Jeanette\",\"image\":{\"@type\":\"ImageObject\",\"inLanguage\":\"es\",\"@id\":\"https:\\\/\\\/secure.gravatar.com\\\/avatar\\\/3ea2118a5f7dad2b7138b1187a6b7ee55f160b9968b66013c3a3ef39dd7e5798?s=96&d=mm&r=g\",\"url\":\"https:\\\/\\\/secure.gravatar.com\\\/avatar\\\/3ea2118a5f7dad2b7138b1187a6b7ee55f160b9968b66013c3a3ef39dd7e5798?s=96&d=mm&r=g\",\"contentUrl\":\"https:\\\/\\\/secure.gravatar.com\\\/avatar\\\/3ea2118a5f7dad2b7138b1187a6b7ee55f160b9968b66013c3a3ef39dd7e5798?s=96&d=mm&r=g\",\"caption\":\"Jeanette\"},\"sameAs\":[\"https:\\\/\\\/www.eldiario.net\\\/portal\"],\"url\":\"https:\\\/\\\/www.eldiario.net\\\/portal\\\/author\\\/jeanette\\\/\"}]}<\/script>\n<!-- \/ Yoast SEO plugin. -->","yoast_head_json":{"title":"Tres personas contin\u00faan pr\u00f3fugas por asesinato del exviceministro Illanes - El Diario - Bolivia","robots":{"index":"index","follow":"follow","max-snippet":"max-snippet:-1","max-image-preview":"max-image-preview:large","max-video-preview":"max-video-preview:-1"},"canonical":"https:\/\/www.eldiario.net\/portal\/2021\/08\/26\/tres-personas-continuan-profugas-por-la-muerte-del-exviceministro-illanes\/","og_locale":"es_ES","og_type":"article","og_title":"Tres personas contin\u00faan pr\u00f3fugas por asesinato del exviceministro Illanes - El Diario - Bolivia","og_description":"A cinco a\u00f1os del asesinato del exviceministro de R\u00e9gimen Interior, Rodolfo Illanes, de las 14 personas procesadas, tres contin\u00faan pr\u00f3fugas y con mandamiento de aprehensi\u00f3n que no son ejecutadas a pesar de que caminan por lugares p\u00fablicos, inform\u00f3 a EL DIARIO un profesional que pidi\u00f3 mantener su nombre en reserva. Rodolfo Illanes fue asesinado el [&hellip;]","og_url":"https:\/\/www.eldiario.net\/portal\/2021\/08\/26\/tres-personas-continuan-profugas-por-la-muerte-del-exviceministro-illanes\/","og_site_name":"El Diario - Bolivia","article_publisher":"https:\/\/www.facebook.com\/eldiario.bolivia\/","article_published_time":"2021-08-26T07:52:52+00:00","author":"Jeanette","twitter_card":"summary_large_image","twitter_creator":"@eldiario_net","twitter_site":"@eldiario_net","twitter_misc":{"Escrito por":"Jeanette","Tiempo de lectura":"2 minutos"},"schema":{"@context":"https:\/\/schema.org","@graph":[{"@type":"Article","@id":"https:\/\/www.eldiario.net\/portal\/2021\/08\/26\/tres-personas-continuan-profugas-por-la-muerte-del-exviceministro-illanes\/#article","isPartOf":{"@id":"https:\/\/www.eldiario.net\/portal\/2021\/08\/26\/tres-personas-continuan-profugas-por-la-muerte-del-exviceministro-illanes\/"},"author":{"name":"Jeanette","@id":"https:\/\/www.eldiario.net\/portal\/#\/schema\/person\/f46445640444750d7d753ccd04ae01b7"},"headline":"Tres personas contin\u00faan pr\u00f3fugas por asesinato del exviceministro Illanes","datePublished":"2021-08-26T07:52:52+00:00","mainEntityOfPage":{"@id":"https:\/\/www.eldiario.net\/portal\/2021\/08\/26\/tres-personas-continuan-profugas-por-la-muerte-del-exviceministro-illanes\/"},"wordCount":434,"publisher":{"@id":"https:\/\/www.eldiario.net\/portal\/#organization"},"image":{"@id":"https:\/\/www.eldiario.net\/portal\/2021\/08\/26\/tres-personas-continuan-profugas-por-la-muerte-del-exviceministro-illanes\/#primaryimage"},"thumbnailUrl":"","articleSection":["Sociedad - Seguridad"],"inLanguage":"es"},{"@type":"WebPage","@id":"https:\/\/www.eldiario.net\/portal\/2021\/08\/26\/tres-personas-continuan-profugas-por-la-muerte-del-exviceministro-illanes\/","url":"https:\/\/www.eldiario.net\/portal\/2021\/08\/26\/tres-personas-continuan-profugas-por-la-muerte-del-exviceministro-illanes\/","name":"Tres personas contin\u00faan pr\u00f3fugas por asesinato del exviceministro Illanes - El Diario - Bolivia","isPartOf":{"@id":"https:\/\/www.eldiario.net\/portal\/#website"},"primaryImageOfPage":{"@id":"https:\/\/www.eldiario.net\/portal\/2021\/08\/26\/tres-personas-continuan-profugas-por-la-muerte-del-exviceministro-illanes\/#primaryimage"},"image":{"@id":"https:\/\/www.eldiario.net\/portal\/2021\/08\/26\/tres-personas-continuan-profugas-por-la-muerte-del-exviceministro-illanes\/#primaryimage"},"thumbnailUrl":"","datePublished":"2021-08-26T07:52:52+00:00","breadcrumb":{"@id":"https:\/\/www.eldiario.net\/portal\/2021\/08\/26\/tres-personas-continuan-profugas-por-la-muerte-del-exviceministro-illanes\/#breadcrumb"},"inLanguage":"es","potentialAction":[{"@type":"ReadAction","target":["https:\/\/www.eldiario.net\/portal\/2021\/08\/26\/tres-personas-continuan-profugas-por-la-muerte-del-exviceministro-illanes\/"]}]},{"@type":"ImageObject","inLanguage":"es","@id":"https:\/\/www.eldiario.net\/portal\/2021\/08\/26\/tres-personas-continuan-profugas-por-la-muerte-del-exviceministro-illanes\/#primaryimage","url":"","contentUrl":""},{"@type":"BreadcrumbList","@id":"https:\/\/www.eldiario.net\/portal\/2021\/08\/26\/tres-personas-continuan-profugas-por-la-muerte-del-exviceministro-illanes\/#breadcrumb","itemListElement":[{"@type":"ListItem","position":1,"name":"Portada","item":"https:\/\/www.eldiario.net\/portal\/"},{"@type":"ListItem","position":2,"name":"Tres personas contin\u00faan pr\u00f3fugas por asesinato del exviceministro Illanes"}]},{"@type":"WebSite","@id":"https:\/\/www.eldiario.net\/portal\/#website","url":"https:\/\/www.eldiario.net\/portal\/","name":"El Diario - Decano de la prensa nacional","description":"El Diario - Decano de la prensa nacional","publisher":{"@id":"https:\/\/www.eldiario.net\/portal\/#organization"},"potentialAction":[{"@type":"SearchAction","target":{"@type":"EntryPoint","urlTemplate":"https:\/\/www.eldiario.net\/portal\/?s={search_term_string}"},"query-input":{"@type":"PropertyValueSpecification","valueRequired":true,"valueName":"search_term_string"}}],"inLanguage":"es"},{"@type":"Organization","@id":"https:\/\/www.eldiario.net\/portal\/#organization","name":"El Diario - Decano de la prensa nacional","url":"https:\/\/www.eldiario.net\/portal\/","logo":{"@type":"ImageObject","inLanguage":"es","@id":"https:\/\/www.eldiario.net\/portal\/#\/schema\/logo\/image\/","url":"https:\/\/www.eldiario.net\/portal\/wp-content\/uploads\/2023\/07\/logo_ED.jpg","contentUrl":"https:\/\/www.eldiario.net\/portal\/wp-content\/uploads\/2023\/07\/logo_ED.jpg","width":272,"height":52,"caption":"El Diario - Decano de la prensa nacional"},"image":{"@id":"https:\/\/www.eldiario.net\/portal\/#\/schema\/logo\/image\/"},"sameAs":["https:\/\/www.facebook.com\/eldiario.bolivia\/","https:\/\/x.com\/eldiario_net"]},{"@type":"Person","@id":"https:\/\/www.eldiario.net\/portal\/#\/schema\/person\/f46445640444750d7d753ccd04ae01b7","name":"Jeanette","image":{"@type":"ImageObject","inLanguage":"es","@id":"https:\/\/secure.gravatar.com\/avatar\/3ea2118a5f7dad2b7138b1187a6b7ee55f160b9968b66013c3a3ef39dd7e5798?s=96&d=mm&r=g","url":"https:\/\/secure.gravatar.com\/avatar\/3ea2118a5f7dad2b7138b1187a6b7ee55f160b9968b66013c3a3ef39dd7e5798?s=96&d=mm&r=g","contentUrl":"https:\/\/secure.gravatar.com\/avatar\/3ea2118a5f7dad2b7138b1187a6b7ee55f160b9968b66013c3a3ef39dd7e5798?s=96&d=mm&r=g","caption":"Jeanette"},"sameAs":["https:\/\/www.eldiario.net\/portal"],"url":"https:\/\/www.eldiario.net\/portal\/author\/jeanette\/"}]}},"_links":{"self":[{"href":"https:\/\/www.eldiario.net\/portal\/wp-json\/wp\/v2\/posts\/25738","targetHints":{"allow":["GET"]}}],"collection":[{"href":"https:\/\/www.eldiario.net\/portal\/wp-json\/wp\/v2\/posts"}],"about":[{"href":"https:\/\/www.eldiario.net\/portal\/wp-json\/wp\/v2\/types\/post"}],"author":[{"embeddable":true,"href":"https:\/\/www.eldiario.net\/portal\/wp-json\/wp\/v2\/users\/1"}],"replies":[{"embeddable":true,"href":"https:\/\/www.eldiario.net\/portal\/wp-json\/wp\/v2\/comments?post=25738"}],"version-history":[{"count":0,"href":"https:\/\/www.eldiario.net\/portal\/wp-json\/wp\/v2\/posts\/25738\/revisions"}],"wp:attachment":[{"href":"https:\/\/www.eldiario.net\/portal\/wp-json\/wp\/v2\/media?parent=25738"}],"wp:term":[{"taxonomy":"category","embeddable":true,"href":"https:\/\/www.eldiario.net\/portal\/wp-json\/wp\/v2\/categories?post=25738"},{"taxonomy":"post_tag","embeddable":true,"href":"https:\/\/www.eldiario.net\/portal\/wp-json\/wp\/v2\/tags?post=25738"}],"curies":[{"name":"wp","href":"https:\/\/api.w.org\/{rel}","templated":true}]}}