{"id":25735,"date":"2021-08-26T03:50:19","date_gmt":"2021-08-26T07:50:19","guid":{"rendered":"https:\/\/www.eldiario.net\/portal\/?p=25735"},"modified":"2021-08-26T03:50:19","modified_gmt":"2021-08-26T07:50:19","slug":"tsj-analiza-hoy-requerimiento-acusatorio-contra-expresidenta","status":"publish","type":"post","link":"https:\/\/www.eldiario.net\/portal\/2021\/08\/26\/tsj-analiza-hoy-requerimiento-acusatorio-contra-expresidenta\/","title":{"rendered":"TSJ analiza hoy requerimiento  acusatorio contra expresidenta"},"content":{"rendered":"<p>En una sesi\u00f3n extraordinaria, la Sala Plena del Tribunal Supremo de Justicia (TSJ) analizar\u00e1 desde las 8:30 horas de hoy jueves el requerimiento acusatorio de la Fiscal\u00eda contra la expresidenta Jeanine A\u00f1ez, sobre un juicio de responsabilidades por los delitos de genocidio, lesiones graves y leves y lesi\u00f3n seguida de muerte, por los casos de Sacaba (Cochabamba) y Senkata (El Alto) en noviembre de 2019, inform\u00f3 el presidente del Supremo, Ricardo Torres.<\/p>\n<p>\u201cCorresponde a los nueve magistrados tomar conocimiento. Es m\u00e1s un tema formal que un an\u00e1lisis de fondo del juicio de responsabilidades porque el juicio a\u00fan no ha iniciado es un requerimiento acusatorio que tiene el objetivo de que la Asamblea Legislativa asuma la determinaci\u00f3n de autorizar o no el juicio de responsabilidades\u201d, apunt\u00f3.<\/p>\n<p>Aclar\u00f3 que a partir de la decisi\u00f3n de la Asamblea Legislativa la Sala Penal se constituir\u00e1 en Tribunal de Garant\u00edas, mientras la investigaci\u00f3n estar\u00e1 a cargo del Ministerio P\u00fablico.<\/p>\n<p>La semana pasada, el fiscal general, Juan Lanchipa, present\u00f3 ante el TSJ un requerimiento acusatorio en contra de Jeanine A\u00f1ez para que sea remitido a la Asamblea Legislativa Plurinacional (ALP) y este autorice un juicio de responsabilidades por los 20 muertos y heridos en Sacaba y Senkata en noviembre de 2019.<\/p>\n<p>\u201cEn m\u00e9rito a la proposici\u00f3n acusatoria presentada por las v\u00edctimas de los hechos luctuosos producidos en los d\u00edas 15 y 19 de noviembre de 2019 en el sector del Puente Huayllani del municipio de Sacaba y la Planta de Senkata de la ciudad de El Alto y los antecedentes acumulados, en observancia a los plazos legalmente previstos en la Ley N\u00b0 044 de 8 de octubre de 2010, el Ministerio P\u00fablico present\u00f3, ante el Tribunal Supremo de Justicia un requerimiento acusatorio contra la ciudadana Jeanine A\u00f1ez, por tales hechos, calificados provisionalmente como genocidio, lesiones graves y leves y lesi\u00f3n seguida de muerte\u201d, dijo Lanchipa en la oportunidad.<\/p>\n","protected":false},"excerpt":{"rendered":"<p>En una sesi\u00f3n extraordinaria, la Sala Plena del Tribunal Supremo de Justicia (TSJ) analizar\u00e1 desde las 8:30 horas de hoy jueves el requerimiento acusatorio de la Fiscal\u00eda contra la expresidenta Jeanine A\u00f1ez, sobre un juicio de responsabilidades por los delitos de genocidio, lesiones graves y leves y lesi\u00f3n seguida de muerte, por los casos de [&hellip;]<\/p>\n","protected":false},"author":1,"featured_media":25736,"comment_status":"closed","ping_status":"closed","sticky":false,"template":"","format":"standard","meta":{"_acf_changed":false,"footnotes":""},"categories":[39],"tags":[],"class_list":["post-25735","post","type-post","status-publish","format-standard","has-post-thumbnail","category-sociedad"],"acf":{"antetitulo":""},"yoast_head":"<!-- This site is optimized with the Yoast SEO plugin v28.4 - https:\/\/yoast.com\/product\/yoast-seo-wordpress\/ -->\n<title>TSJ analiza hoy requerimiento acusatorio contra expresidenta - El Diario - Bolivia<\/title>\n<meta name=\"robots\" content=\"index, follow, max-snippet:-1, max-image-preview:large, max-video-preview:-1\" \/>\n<link rel=\"canonical\" href=\"https:\/\/www.eldiario.net\/portal\/2021\/08\/26\/tsj-analiza-hoy-requerimiento-acusatorio-contra-expresidenta\/\" \/>\n<meta property=\"og:locale\" content=\"es_ES\" \/>\n<meta property=\"og:type\" content=\"article\" \/>\n<meta property=\"og:title\" content=\"TSJ analiza hoy requerimiento acusatorio contra expresidenta - El Diario - Bolivia\" \/>\n<meta property=\"og:description\" content=\"En una sesi\u00f3n extraordinaria, la Sala Plena del Tribunal Supremo de Justicia (TSJ) analizar\u00e1 desde las 8:30 horas de hoy jueves el requerimiento acusatorio de la Fiscal\u00eda contra la expresidenta Jeanine A\u00f1ez, sobre un juicio de responsabilidades por los delitos de genocidio, lesiones graves y leves y lesi\u00f3n seguida de muerte, por los casos de [&hellip;]\" \/>\n<meta property=\"og:url\" content=\"https:\/\/www.eldiario.net\/portal\/2021\/08\/26\/tsj-analiza-hoy-requerimiento-acusatorio-contra-expresidenta\/\" \/>\n<meta property=\"og:site_name\" content=\"El Diario - Bolivia\" \/>\n<meta property=\"article:publisher\" content=\"https:\/\/www.facebook.com\/eldiario.bolivia\/\" \/>\n<meta property=\"article:published_time\" content=\"2021-08-26T07:50:19+00:00\" \/>\n<meta name=\"author\" content=\"Jeanette\" \/>\n<meta name=\"twitter:card\" content=\"summary_large_image\" \/>\n<meta name=\"twitter:creator\" content=\"@eldiario_net\" \/>\n<meta name=\"twitter:site\" content=\"@eldiario_net\" \/>\n<meta name=\"twitter:label1\" content=\"Escrito por\" \/>\n\t<meta name=\"twitter:data1\" content=\"Jeanette\" \/>\n\t<meta name=\"twitter:label2\" content=\"Tiempo de lectura\" \/>\n\t<meta name=\"twitter:data2\" content=\"2 minutos\" \/>\n<script type=\"application\/ld+json\" class=\"yoast-schema-graph\">{\"@context\":\"https:\\\/\\\/schema.org\",\"@graph\":[{\"@type\":\"Article\",\"@id\":\"https:\\\/\\\/www.eldiario.net\\\/portal\\\/2021\\\/08\\\/26\\\/tsj-analiza-hoy-requerimiento-acusatorio-contra-expresidenta\\\/#article\",\"isPartOf\":{\"@id\":\"https:\\\/\\\/www.eldiario.net\\\/portal\\\/2021\\\/08\\\/26\\\/tsj-analiza-hoy-requerimiento-acusatorio-contra-expresidenta\\\/\"},\"author\":{\"name\":\"Jeanette\",\"@id\":\"https:\\\/\\\/www.eldiario.net\\\/portal\\\/#\\\/schema\\\/person\\\/f46445640444750d7d753ccd04ae01b7\"},\"headline\":\"TSJ analiza hoy requerimiento acusatorio contra expresidenta\",\"datePublished\":\"2021-08-26T07:50:19+00:00\",\"mainEntityOfPage\":{\"@id\":\"https:\\\/\\\/www.eldiario.net\\\/portal\\\/2021\\\/08\\\/26\\\/tsj-analiza-hoy-requerimiento-acusatorio-contra-expresidenta\\\/\"},\"wordCount\":329,\"publisher\":{\"@id\":\"https:\\\/\\\/www.eldiario.net\\\/portal\\\/#organization\"},\"image\":{\"@id\":\"https:\\\/\\\/www.eldiario.net\\\/portal\\\/2021\\\/08\\\/26\\\/tsj-analiza-hoy-requerimiento-acusatorio-contra-expresidenta\\\/#primaryimage\"},\"thumbnailUrl\":\"\",\"articleSection\":[\"Sociedad - Seguridad\"],\"inLanguage\":\"es\"},{\"@type\":\"WebPage\",\"@id\":\"https:\\\/\\\/www.eldiario.net\\\/portal\\\/2021\\\/08\\\/26\\\/tsj-analiza-hoy-requerimiento-acusatorio-contra-expresidenta\\\/\",\"url\":\"https:\\\/\\\/www.eldiario.net\\\/portal\\\/2021\\\/08\\\/26\\\/tsj-analiza-hoy-requerimiento-acusatorio-contra-expresidenta\\\/\",\"name\":\"TSJ analiza hoy requerimiento acusatorio contra expresidenta - El Diario - Bolivia\",\"isPartOf\":{\"@id\":\"https:\\\/\\\/www.eldiario.net\\\/portal\\\/#website\"},\"primaryImageOfPage\":{\"@id\":\"https:\\\/\\\/www.eldiario.net\\\/portal\\\/2021\\\/08\\\/26\\\/tsj-analiza-hoy-requerimiento-acusatorio-contra-expresidenta\\\/#primaryimage\"},\"image\":{\"@id\":\"https:\\\/\\\/www.eldiario.net\\\/portal\\\/2021\\\/08\\\/26\\\/tsj-analiza-hoy-requerimiento-acusatorio-contra-expresidenta\\\/#primaryimage\"},\"thumbnailUrl\":\"\",\"datePublished\":\"2021-08-26T07:50:19+00:00\",\"breadcrumb\":{\"@id\":\"https:\\\/\\\/www.eldiario.net\\\/portal\\\/2021\\\/08\\\/26\\\/tsj-analiza-hoy-requerimiento-acusatorio-contra-expresidenta\\\/#breadcrumb\"},\"inLanguage\":\"es\",\"potentialAction\":[{\"@type\":\"ReadAction\",\"target\":[\"https:\\\/\\\/www.eldiario.net\\\/portal\\\/2021\\\/08\\\/26\\\/tsj-analiza-hoy-requerimiento-acusatorio-contra-expresidenta\\\/\"]}]},{\"@type\":\"ImageObject\",\"inLanguage\":\"es\",\"@id\":\"https:\\\/\\\/www.eldiario.net\\\/portal\\\/2021\\\/08\\\/26\\\/tsj-analiza-hoy-requerimiento-acusatorio-contra-expresidenta\\\/#primaryimage\",\"url\":\"\",\"contentUrl\":\"\"},{\"@type\":\"BreadcrumbList\",\"@id\":\"https:\\\/\\\/www.eldiario.net\\\/portal\\\/2021\\\/08\\\/26\\\/tsj-analiza-hoy-requerimiento-acusatorio-contra-expresidenta\\\/#breadcrumb\",\"itemListElement\":[{\"@type\":\"ListItem\",\"position\":1,\"name\":\"Portada\",\"item\":\"https:\\\/\\\/www.eldiario.net\\\/portal\\\/\"},{\"@type\":\"ListItem\",\"position\":2,\"name\":\"TSJ analiza hoy requerimiento acusatorio contra expresidenta\"}]},{\"@type\":\"WebSite\",\"@id\":\"https:\\\/\\\/www.eldiario.net\\\/portal\\\/#website\",\"url\":\"https:\\\/\\\/www.eldiario.net\\\/portal\\\/\",\"name\":\"El Diario - Decano de la prensa nacional\",\"description\":\"El Diario - Decano de la prensa nacional\",\"publisher\":{\"@id\":\"https:\\\/\\\/www.eldiario.net\\\/portal\\\/#organization\"},\"potentialAction\":[{\"@type\":\"SearchAction\",\"target\":{\"@type\":\"EntryPoint\",\"urlTemplate\":\"https:\\\/\\\/www.eldiario.net\\\/portal\\\/?s={search_term_string}\"},\"query-input\":{\"@type\":\"PropertyValueSpecification\",\"valueRequired\":true,\"valueName\":\"search_term_string\"}}],\"inLanguage\":\"es\"},{\"@type\":\"Organization\",\"@id\":\"https:\\\/\\\/www.eldiario.net\\\/portal\\\/#organization\",\"name\":\"El Diario - Decano de la prensa nacional\",\"url\":\"https:\\\/\\\/www.eldiario.net\\\/portal\\\/\",\"logo\":{\"@type\":\"ImageObject\",\"inLanguage\":\"es\",\"@id\":\"https:\\\/\\\/www.eldiario.net\\\/portal\\\/#\\\/schema\\\/logo\\\/image\\\/\",\"url\":\"https:\\\/\\\/www.eldiario.net\\\/portal\\\/wp-content\\\/uploads\\\/2023\\\/07\\\/logo_ED.jpg\",\"contentUrl\":\"https:\\\/\\\/www.eldiario.net\\\/portal\\\/wp-content\\\/uploads\\\/2023\\\/07\\\/logo_ED.jpg\",\"width\":272,\"height\":52,\"caption\":\"El Diario - Decano de la prensa nacional\"},\"image\":{\"@id\":\"https:\\\/\\\/www.eldiario.net\\\/portal\\\/#\\\/schema\\\/logo\\\/image\\\/\"},\"sameAs\":[\"https:\\\/\\\/www.facebook.com\\\/eldiario.bolivia\\\/\",\"https:\\\/\\\/x.com\\\/eldiario_net\"]},{\"@type\":\"Person\",\"@id\":\"https:\\\/\\\/www.eldiario.net\\\/portal\\\/#\\\/schema\\\/person\\\/f46445640444750d7d753ccd04ae01b7\",\"name\":\"Jeanette\",\"image\":{\"@type\":\"ImageObject\",\"inLanguage\":\"es\",\"@id\":\"https:\\\/\\\/secure.gravatar.com\\\/avatar\\\/3ea2118a5f7dad2b7138b1187a6b7ee55f160b9968b66013c3a3ef39dd7e5798?s=96&d=mm&r=g\",\"url\":\"https:\\\/\\\/secure.gravatar.com\\\/avatar\\\/3ea2118a5f7dad2b7138b1187a6b7ee55f160b9968b66013c3a3ef39dd7e5798?s=96&d=mm&r=g\",\"contentUrl\":\"https:\\\/\\\/secure.gravatar.com\\\/avatar\\\/3ea2118a5f7dad2b7138b1187a6b7ee55f160b9968b66013c3a3ef39dd7e5798?s=96&d=mm&r=g\",\"caption\":\"Jeanette\"},\"sameAs\":[\"https:\\\/\\\/www.eldiario.net\\\/portal\"],\"url\":\"https:\\\/\\\/www.eldiario.net\\\/portal\\\/author\\\/jeanette\\\/\"}]}<\/script>\n<!-- \/ Yoast SEO plugin. -->","yoast_head_json":{"title":"TSJ analiza hoy requerimiento acusatorio contra expresidenta - El Diario - Bolivia","robots":{"index":"index","follow":"follow","max-snippet":"max-snippet:-1","max-image-preview":"max-image-preview:large","max-video-preview":"max-video-preview:-1"},"canonical":"https:\/\/www.eldiario.net\/portal\/2021\/08\/26\/tsj-analiza-hoy-requerimiento-acusatorio-contra-expresidenta\/","og_locale":"es_ES","og_type":"article","og_title":"TSJ analiza hoy requerimiento acusatorio contra expresidenta - El Diario - Bolivia","og_description":"En una sesi\u00f3n extraordinaria, la Sala Plena del Tribunal Supremo de Justicia (TSJ) analizar\u00e1 desde las 8:30 horas de hoy jueves el requerimiento acusatorio de la Fiscal\u00eda contra la expresidenta Jeanine A\u00f1ez, sobre un juicio de responsabilidades por los delitos de genocidio, lesiones graves y leves y lesi\u00f3n seguida de muerte, por los casos de [&hellip;]","og_url":"https:\/\/www.eldiario.net\/portal\/2021\/08\/26\/tsj-analiza-hoy-requerimiento-acusatorio-contra-expresidenta\/","og_site_name":"El Diario - Bolivia","article_publisher":"https:\/\/www.facebook.com\/eldiario.bolivia\/","article_published_time":"2021-08-26T07:50:19+00:00","author":"Jeanette","twitter_card":"summary_large_image","twitter_creator":"@eldiario_net","twitter_site":"@eldiario_net","twitter_misc":{"Escrito por":"Jeanette","Tiempo de lectura":"2 minutos"},"schema":{"@context":"https:\/\/schema.org","@graph":[{"@type":"Article","@id":"https:\/\/www.eldiario.net\/portal\/2021\/08\/26\/tsj-analiza-hoy-requerimiento-acusatorio-contra-expresidenta\/#article","isPartOf":{"@id":"https:\/\/www.eldiario.net\/portal\/2021\/08\/26\/tsj-analiza-hoy-requerimiento-acusatorio-contra-expresidenta\/"},"author":{"name":"Jeanette","@id":"https:\/\/www.eldiario.net\/portal\/#\/schema\/person\/f46445640444750d7d753ccd04ae01b7"},"headline":"TSJ analiza hoy requerimiento acusatorio contra expresidenta","datePublished":"2021-08-26T07:50:19+00:00","mainEntityOfPage":{"@id":"https:\/\/www.eldiario.net\/portal\/2021\/08\/26\/tsj-analiza-hoy-requerimiento-acusatorio-contra-expresidenta\/"},"wordCount":329,"publisher":{"@id":"https:\/\/www.eldiario.net\/portal\/#organization"},"image":{"@id":"https:\/\/www.eldiario.net\/portal\/2021\/08\/26\/tsj-analiza-hoy-requerimiento-acusatorio-contra-expresidenta\/#primaryimage"},"thumbnailUrl":"","articleSection":["Sociedad - Seguridad"],"inLanguage":"es"},{"@type":"WebPage","@id":"https:\/\/www.eldiario.net\/portal\/2021\/08\/26\/tsj-analiza-hoy-requerimiento-acusatorio-contra-expresidenta\/","url":"https:\/\/www.eldiario.net\/portal\/2021\/08\/26\/tsj-analiza-hoy-requerimiento-acusatorio-contra-expresidenta\/","name":"TSJ analiza hoy requerimiento acusatorio contra expresidenta - El Diario - Bolivia","isPartOf":{"@id":"https:\/\/www.eldiario.net\/portal\/#website"},"primaryImageOfPage":{"@id":"https:\/\/www.eldiario.net\/portal\/2021\/08\/26\/tsj-analiza-hoy-requerimiento-acusatorio-contra-expresidenta\/#primaryimage"},"image":{"@id":"https:\/\/www.eldiario.net\/portal\/2021\/08\/26\/tsj-analiza-hoy-requerimiento-acusatorio-contra-expresidenta\/#primaryimage"},"thumbnailUrl":"","datePublished":"2021-08-26T07:50:19+00:00","breadcrumb":{"@id":"https:\/\/www.eldiario.net\/portal\/2021\/08\/26\/tsj-analiza-hoy-requerimiento-acusatorio-contra-expresidenta\/#breadcrumb"},"inLanguage":"es","potentialAction":[{"@type":"ReadAction","target":["https:\/\/www.eldiario.net\/portal\/2021\/08\/26\/tsj-analiza-hoy-requerimiento-acusatorio-contra-expresidenta\/"]}]},{"@type":"ImageObject","inLanguage":"es","@id":"https:\/\/www.eldiario.net\/portal\/2021\/08\/26\/tsj-analiza-hoy-requerimiento-acusatorio-contra-expresidenta\/#primaryimage","url":"","contentUrl":""},{"@type":"BreadcrumbList","@id":"https:\/\/www.eldiario.net\/portal\/2021\/08\/26\/tsj-analiza-hoy-requerimiento-acusatorio-contra-expresidenta\/#breadcrumb","itemListElement":[{"@type":"ListItem","position":1,"name":"Portada","item":"https:\/\/www.eldiario.net\/portal\/"},{"@type":"ListItem","position":2,"name":"TSJ analiza hoy requerimiento acusatorio contra expresidenta"}]},{"@type":"WebSite","@id":"https:\/\/www.eldiario.net\/portal\/#website","url":"https:\/\/www.eldiario.net\/portal\/","name":"El Diario - Decano de la prensa nacional","description":"El Diario - Decano de la prensa nacional","publisher":{"@id":"https:\/\/www.eldiario.net\/portal\/#organization"},"potentialAction":[{"@type":"SearchAction","target":{"@type":"EntryPoint","urlTemplate":"https:\/\/www.eldiario.net\/portal\/?s={search_term_string}"},"query-input":{"@type":"PropertyValueSpecification","valueRequired":true,"valueName":"search_term_string"}}],"inLanguage":"es"},{"@type":"Organization","@id":"https:\/\/www.eldiario.net\/portal\/#organization","name":"El Diario - Decano de la prensa nacional","url":"https:\/\/www.eldiario.net\/portal\/","logo":{"@type":"ImageObject","inLanguage":"es","@id":"https:\/\/www.eldiario.net\/portal\/#\/schema\/logo\/image\/","url":"https:\/\/www.eldiario.net\/portal\/wp-content\/uploads\/2023\/07\/logo_ED.jpg","contentUrl":"https:\/\/www.eldiario.net\/portal\/wp-content\/uploads\/2023\/07\/logo_ED.jpg","width":272,"height":52,"caption":"El Diario - Decano de la prensa nacional"},"image":{"@id":"https:\/\/www.eldiario.net\/portal\/#\/schema\/logo\/image\/"},"sameAs":["https:\/\/www.facebook.com\/eldiario.bolivia\/","https:\/\/x.com\/eldiario_net"]},{"@type":"Person","@id":"https:\/\/www.eldiario.net\/portal\/#\/schema\/person\/f46445640444750d7d753ccd04ae01b7","name":"Jeanette","image":{"@type":"ImageObject","inLanguage":"es","@id":"https:\/\/secure.gravatar.com\/avatar\/3ea2118a5f7dad2b7138b1187a6b7ee55f160b9968b66013c3a3ef39dd7e5798?s=96&d=mm&r=g","url":"https:\/\/secure.gravatar.com\/avatar\/3ea2118a5f7dad2b7138b1187a6b7ee55f160b9968b66013c3a3ef39dd7e5798?s=96&d=mm&r=g","contentUrl":"https:\/\/secure.gravatar.com\/avatar\/3ea2118a5f7dad2b7138b1187a6b7ee55f160b9968b66013c3a3ef39dd7e5798?s=96&d=mm&r=g","caption":"Jeanette"},"sameAs":["https:\/\/www.eldiario.net\/portal"],"url":"https:\/\/www.eldiario.net\/portal\/author\/jeanette\/"}]}},"_links":{"self":[{"href":"https:\/\/www.eldiario.net\/portal\/wp-json\/wp\/v2\/posts\/25735","targetHints":{"allow":["GET"]}}],"collection":[{"href":"https:\/\/www.eldiario.net\/portal\/wp-json\/wp\/v2\/posts"}],"about":[{"href":"https:\/\/www.eldiario.net\/portal\/wp-json\/wp\/v2\/types\/post"}],"author":[{"embeddable":true,"href":"https:\/\/www.eldiario.net\/portal\/wp-json\/wp\/v2\/users\/1"}],"replies":[{"embeddable":true,"href":"https:\/\/www.eldiario.net\/portal\/wp-json\/wp\/v2\/comments?post=25735"}],"version-history":[{"count":0,"href":"https:\/\/www.eldiario.net\/portal\/wp-json\/wp\/v2\/posts\/25735\/revisions"}],"wp:attachment":[{"href":"https:\/\/www.eldiario.net\/portal\/wp-json\/wp\/v2\/media?parent=25735"}],"wp:term":[{"taxonomy":"category","embeddable":true,"href":"https:\/\/www.eldiario.net\/portal\/wp-json\/wp\/v2\/categories?post=25735"},{"taxonomy":"post_tag","embeddable":true,"href":"https:\/\/www.eldiario.net\/portal\/wp-json\/wp\/v2\/tags?post=25735"}],"curies":[{"name":"wp","href":"https:\/\/api.w.org\/{rel}","templated":true}]}}