{"id":257328,"date":"2024-10-29T09:47:04","date_gmt":"2024-10-29T13:47:04","guid":{"rendered":"https:\/\/www.eldiario.net\/portal\/?p=257328"},"modified":"2024-10-29T09:47:04","modified_gmt":"2024-10-29T13:47:04","slug":"veinticuatro-puntos-de-bloqueo-generan-mas-de-1-300-millones-de-perdida-945","status":"publish","type":"post","link":"https:\/\/www.eldiario.net\/portal\/2024\/10\/29\/veinticuatro-puntos-de-bloqueo-generan-mas-de-1-300-millones-de-perdida-945\/","title":{"rendered":"Veinticuatro puntos de bloqueo generan m\u00e1s de 1.300 millones de p\u00e9rdida (9:45)"},"content":{"rendered":"<p>Los bloqueos en Bolivia cumplen 16 d\u00edas, afectando 24 puntos de las principales rutas interdepartamentales, de acuerdo con la Administradora Boliviana de Carreteras (ABC).<\/p>\n<p>Las p\u00e9rdidas econ\u00f3micas, seg\u00fan el ministro de Desarrollo Rural y Tierras, Juan Yamil Flores, superan los 1.300 millones de d\u00f3lares, golpeando a sectores como el bananero,floricultor, av\u00edcola, pi\u00f1ero y ca\u00f1ero. Los productores del tr\u00f3pico cochabambino enfrentan grandes dificultades para movilizar sus productos.<\/p>\n<p>Mientras cientos de veh\u00edculos contin\u00faan detenidos en las carreteras, \u00a0bloqueadores afines a Evo Morales exigen \u00a0que se deje de investigar a su l\u00edder por trata de personas y estupro.<\/p>\n","protected":false},"excerpt":{"rendered":"<p>Los bloqueos en Bolivia cumplen 16 d\u00edas, afectando 24 puntos de las principales rutas interdepartamentales, de acuerdo con la Administradora Boliviana de Carreteras (ABC). Las p\u00e9rdidas econ\u00f3micas, seg\u00fan el ministro de Desarrollo Rural y Tierras, Juan Yamil Flores, superan los 1.300 millones de d\u00f3lares, golpeando a sectores como el bananero,floricultor, av\u00edcola, pi\u00f1ero y ca\u00f1ero. Los [&hellip;]<\/p>\n","protected":false},"author":7,"featured_media":257331,"comment_status":"closed","ping_status":"open","sticky":false,"template":"","format":"standard","meta":{"_acf_changed":false,"footnotes":""},"categories":[51],"tags":[],"class_list":["post-257328","post","type-post","status-publish","format-standard","has-post-thumbnail","category-ultima-hora"],"acf":{"antetitulo":""},"yoast_head":"<!-- This site is optimized with the Yoast SEO plugin v28.4 - https:\/\/yoast.com\/product\/yoast-seo-wordpress\/ -->\n<title>Veinticuatro puntos de bloqueo generan m\u00e1s de 1.300 millones de p\u00e9rdida (9:45) - El Diario - Bolivia<\/title>\n<meta name=\"robots\" content=\"index, follow, max-snippet:-1, max-image-preview:large, max-video-preview:-1\" \/>\n<link rel=\"canonical\" href=\"https:\/\/www.eldiario.net\/portal\/2024\/10\/29\/veinticuatro-puntos-de-bloqueo-generan-mas-de-1-300-millones-de-perdida-945\/\" \/>\n<meta property=\"og:locale\" content=\"es_ES\" \/>\n<meta property=\"og:type\" content=\"article\" \/>\n<meta property=\"og:title\" content=\"Veinticuatro puntos de bloqueo generan m\u00e1s de 1.300 millones de p\u00e9rdida (9:45) - El Diario - Bolivia\" \/>\n<meta property=\"og:description\" content=\"Los bloqueos en Bolivia cumplen 16 d\u00edas, afectando 24 puntos de las principales rutas interdepartamentales, de acuerdo con la Administradora Boliviana de Carreteras (ABC). Las p\u00e9rdidas econ\u00f3micas, seg\u00fan el ministro de Desarrollo Rural y Tierras, Juan Yamil Flores, superan los 1.300 millones de d\u00f3lares, golpeando a sectores como el bananero,floricultor, av\u00edcola, pi\u00f1ero y ca\u00f1ero. Los [&hellip;]\" \/>\n<meta property=\"og:url\" content=\"https:\/\/www.eldiario.net\/portal\/2024\/10\/29\/veinticuatro-puntos-de-bloqueo-generan-mas-de-1-300-millones-de-perdida-945\/\" \/>\n<meta property=\"og:site_name\" content=\"El Diario - Bolivia\" \/>\n<meta property=\"article:publisher\" content=\"https:\/\/www.facebook.com\/eldiario.bolivia\/\" \/>\n<meta property=\"article:published_time\" content=\"2024-10-29T13:47:04+00:00\" \/>\n<meta property=\"og:image\" content=\"https:\/\/www.eldiario.net\/portal\/wp-content\/uploads\/2024\/10\/24-puntos-abc-e1730209571544.png\" \/>\n\t<meta property=\"og:image:width\" content=\"450\" \/>\n\t<meta property=\"og:image:height\" content=\"253\" \/>\n\t<meta property=\"og:image:type\" content=\"image\/png\" \/>\n<meta name=\"author\" content=\"Viviana Monrroy\" \/>\n<meta name=\"twitter:card\" content=\"summary_large_image\" \/>\n<meta name=\"twitter:creator\" content=\"@eldiario_net\" \/>\n<meta name=\"twitter:site\" content=\"@eldiario_net\" \/>\n<meta name=\"twitter:label1\" content=\"Escrito por\" \/>\n\t<meta name=\"twitter:data1\" content=\"Viviana Monrroy\" \/>\n\t<meta name=\"twitter:label2\" content=\"Tiempo de lectura\" \/>\n\t<meta name=\"twitter:data2\" content=\"1 minuto\" \/>\n<script type=\"application\/ld+json\" class=\"yoast-schema-graph\">{\"@context\":\"https:\\\/\\\/schema.org\",\"@graph\":[{\"@type\":\"Article\",\"@id\":\"https:\\\/\\\/www.eldiario.net\\\/portal\\\/2024\\\/10\\\/29\\\/veinticuatro-puntos-de-bloqueo-generan-mas-de-1-300-millones-de-perdida-945\\\/#article\",\"isPartOf\":{\"@id\":\"https:\\\/\\\/www.eldiario.net\\\/portal\\\/2024\\\/10\\\/29\\\/veinticuatro-puntos-de-bloqueo-generan-mas-de-1-300-millones-de-perdida-945\\\/\"},\"author\":{\"name\":\"Viviana Monrroy\",\"@id\":\"https:\\\/\\\/www.eldiario.net\\\/portal\\\/#\\\/schema\\\/person\\\/32cc89e801dfcbad3a54f91da7f2ea06\"},\"headline\":\"Veinticuatro puntos de bloqueo generan m\u00e1s de 1.300 millones de p\u00e9rdida (9:45)\",\"datePublished\":\"2024-10-29T13:47:04+00:00\",\"mainEntityOfPage\":{\"@id\":\"https:\\\/\\\/www.eldiario.net\\\/portal\\\/2024\\\/10\\\/29\\\/veinticuatro-puntos-de-bloqueo-generan-mas-de-1-300-millones-de-perdida-945\\\/\"},\"wordCount\":117,\"publisher\":{\"@id\":\"https:\\\/\\\/www.eldiario.net\\\/portal\\\/#organization\"},\"image\":{\"@id\":\"https:\\\/\\\/www.eldiario.net\\\/portal\\\/2024\\\/10\\\/29\\\/veinticuatro-puntos-de-bloqueo-generan-mas-de-1-300-millones-de-perdida-945\\\/#primaryimage\"},\"thumbnailUrl\":\"https:\\\/\\\/www.eldiario.net\\\/portal\\\/wp-content\\\/uploads\\\/2024\\\/10\\\/24-puntos-abc-e1730209571544.png\",\"articleSection\":[\"\u00daltima Hora\"],\"inLanguage\":\"es\"},{\"@type\":\"WebPage\",\"@id\":\"https:\\\/\\\/www.eldiario.net\\\/portal\\\/2024\\\/10\\\/29\\\/veinticuatro-puntos-de-bloqueo-generan-mas-de-1-300-millones-de-perdida-945\\\/\",\"url\":\"https:\\\/\\\/www.eldiario.net\\\/portal\\\/2024\\\/10\\\/29\\\/veinticuatro-puntos-de-bloqueo-generan-mas-de-1-300-millones-de-perdida-945\\\/\",\"name\":\"Veinticuatro puntos de bloqueo generan m\u00e1s de 1.300 millones de p\u00e9rdida (9:45) - El Diario - Bolivia\",\"isPartOf\":{\"@id\":\"https:\\\/\\\/www.eldiario.net\\\/portal\\\/#website\"},\"primaryImageOfPage\":{\"@id\":\"https:\\\/\\\/www.eldiario.net\\\/portal\\\/2024\\\/10\\\/29\\\/veinticuatro-puntos-de-bloqueo-generan-mas-de-1-300-millones-de-perdida-945\\\/#primaryimage\"},\"image\":{\"@id\":\"https:\\\/\\\/www.eldiario.net\\\/portal\\\/2024\\\/10\\\/29\\\/veinticuatro-puntos-de-bloqueo-generan-mas-de-1-300-millones-de-perdida-945\\\/#primaryimage\"},\"thumbnailUrl\":\"https:\\\/\\\/www.eldiario.net\\\/portal\\\/wp-content\\\/uploads\\\/2024\\\/10\\\/24-puntos-abc-e1730209571544.png\",\"datePublished\":\"2024-10-29T13:47:04+00:00\",\"breadcrumb\":{\"@id\":\"https:\\\/\\\/www.eldiario.net\\\/portal\\\/2024\\\/10\\\/29\\\/veinticuatro-puntos-de-bloqueo-generan-mas-de-1-300-millones-de-perdida-945\\\/#breadcrumb\"},\"inLanguage\":\"es\",\"potentialAction\":[{\"@type\":\"ReadAction\",\"target\":[\"https:\\\/\\\/www.eldiario.net\\\/portal\\\/2024\\\/10\\\/29\\\/veinticuatro-puntos-de-bloqueo-generan-mas-de-1-300-millones-de-perdida-945\\\/\"]}]},{\"@type\":\"ImageObject\",\"inLanguage\":\"es\",\"@id\":\"https:\\\/\\\/www.eldiario.net\\\/portal\\\/2024\\\/10\\\/29\\\/veinticuatro-puntos-de-bloqueo-generan-mas-de-1-300-millones-de-perdida-945\\\/#primaryimage\",\"url\":\"https:\\\/\\\/www.eldiario.net\\\/portal\\\/wp-content\\\/uploads\\\/2024\\\/10\\\/24-puntos-abc-e1730209571544.png\",\"contentUrl\":\"https:\\\/\\\/www.eldiario.net\\\/portal\\\/wp-content\\\/uploads\\\/2024\\\/10\\\/24-puntos-abc-e1730209571544.png\",\"width\":450,\"height\":253,\"caption\":\"Captura p\u00e1gina ABC\"},{\"@type\":\"BreadcrumbList\",\"@id\":\"https:\\\/\\\/www.eldiario.net\\\/portal\\\/2024\\\/10\\\/29\\\/veinticuatro-puntos-de-bloqueo-generan-mas-de-1-300-millones-de-perdida-945\\\/#breadcrumb\",\"itemListElement\":[{\"@type\":\"ListItem\",\"position\":1,\"name\":\"Portada\",\"item\":\"https:\\\/\\\/www.eldiario.net\\\/portal\\\/\"},{\"@type\":\"ListItem\",\"position\":2,\"name\":\"Veinticuatro puntos de bloqueo generan m\u00e1s de 1.300 millones de p\u00e9rdida (9:45)\"}]},{\"@type\":\"WebSite\",\"@id\":\"https:\\\/\\\/www.eldiario.net\\\/portal\\\/#website\",\"url\":\"https:\\\/\\\/www.eldiario.net\\\/portal\\\/\",\"name\":\"El Diario - Decano de la prensa nacional\",\"description\":\"El Diario - Decano de la prensa nacional\",\"publisher\":{\"@id\":\"https:\\\/\\\/www.eldiario.net\\\/portal\\\/#organization\"},\"potentialAction\":[{\"@type\":\"SearchAction\",\"target\":{\"@type\":\"EntryPoint\",\"urlTemplate\":\"https:\\\/\\\/www.eldiario.net\\\/portal\\\/?s={search_term_string}\"},\"query-input\":{\"@type\":\"PropertyValueSpecification\",\"valueRequired\":true,\"valueName\":\"search_term_string\"}}],\"inLanguage\":\"es\"},{\"@type\":\"Organization\",\"@id\":\"https:\\\/\\\/www.eldiario.net\\\/portal\\\/#organization\",\"name\":\"El Diario - Decano de la prensa nacional\",\"url\":\"https:\\\/\\\/www.eldiario.net\\\/portal\\\/\",\"logo\":{\"@type\":\"ImageObject\",\"inLanguage\":\"es\",\"@id\":\"https:\\\/\\\/www.eldiario.net\\\/portal\\\/#\\\/schema\\\/logo\\\/image\\\/\",\"url\":\"https:\\\/\\\/www.eldiario.net\\\/portal\\\/wp-content\\\/uploads\\\/2023\\\/07\\\/logo_ED.jpg\",\"contentUrl\":\"https:\\\/\\\/www.eldiario.net\\\/portal\\\/wp-content\\\/uploads\\\/2023\\\/07\\\/logo_ED.jpg\",\"width\":272,\"height\":52,\"caption\":\"El Diario - Decano de la prensa nacional\"},\"image\":{\"@id\":\"https:\\\/\\\/www.eldiario.net\\\/portal\\\/#\\\/schema\\\/logo\\\/image\\\/\"},\"sameAs\":[\"https:\\\/\\\/www.facebook.com\\\/eldiario.bolivia\\\/\",\"https:\\\/\\\/x.com\\\/eldiario_net\"]},{\"@type\":\"Person\",\"@id\":\"https:\\\/\\\/www.eldiario.net\\\/portal\\\/#\\\/schema\\\/person\\\/32cc89e801dfcbad3a54f91da7f2ea06\",\"name\":\"Viviana Monrroy\",\"image\":{\"@type\":\"ImageObject\",\"inLanguage\":\"es\",\"@id\":\"https:\\\/\\\/secure.gravatar.com\\\/avatar\\\/dfd1611ed5600959a0e5a9754503b6c05d1dcf190010998e0363aee2ad98afca?s=96&d=mm&r=g\",\"url\":\"https:\\\/\\\/secure.gravatar.com\\\/avatar\\\/dfd1611ed5600959a0e5a9754503b6c05d1dcf190010998e0363aee2ad98afca?s=96&d=mm&r=g\",\"contentUrl\":\"https:\\\/\\\/secure.gravatar.com\\\/avatar\\\/dfd1611ed5600959a0e5a9754503b6c05d1dcf190010998e0363aee2ad98afca?s=96&d=mm&r=g\",\"caption\":\"Viviana Monrroy\"},\"sameAs\":[\"http:\\\/\\\/www.eldiario.net\"],\"url\":\"https:\\\/\\\/www.eldiario.net\\\/portal\\\/author\\\/vivianamonrroy\\\/\"}]}<\/script>\n<!-- \/ Yoast SEO plugin. -->","yoast_head_json":{"title":"Veinticuatro puntos de bloqueo generan m\u00e1s de 1.300 millones de p\u00e9rdida (9:45) - El Diario - Bolivia","robots":{"index":"index","follow":"follow","max-snippet":"max-snippet:-1","max-image-preview":"max-image-preview:large","max-video-preview":"max-video-preview:-1"},"canonical":"https:\/\/www.eldiario.net\/portal\/2024\/10\/29\/veinticuatro-puntos-de-bloqueo-generan-mas-de-1-300-millones-de-perdida-945\/","og_locale":"es_ES","og_type":"article","og_title":"Veinticuatro puntos de bloqueo generan m\u00e1s de 1.300 millones de p\u00e9rdida (9:45) - El Diario - Bolivia","og_description":"Los bloqueos en Bolivia cumplen 16 d\u00edas, afectando 24 puntos de las principales rutas interdepartamentales, de acuerdo con la Administradora Boliviana de Carreteras (ABC). Las p\u00e9rdidas econ\u00f3micas, seg\u00fan el ministro de Desarrollo Rural y Tierras, Juan Yamil Flores, superan los 1.300 millones de d\u00f3lares, golpeando a sectores como el bananero,floricultor, av\u00edcola, pi\u00f1ero y ca\u00f1ero. Los [&hellip;]","og_url":"https:\/\/www.eldiario.net\/portal\/2024\/10\/29\/veinticuatro-puntos-de-bloqueo-generan-mas-de-1-300-millones-de-perdida-945\/","og_site_name":"El Diario - Bolivia","article_publisher":"https:\/\/www.facebook.com\/eldiario.bolivia\/","article_published_time":"2024-10-29T13:47:04+00:00","og_image":[{"width":450,"height":253,"url":"https:\/\/www.eldiario.net\/portal\/wp-content\/uploads\/2024\/10\/24-puntos-abc-e1730209571544.png","type":"image\/png"}],"author":"Viviana Monrroy","twitter_card":"summary_large_image","twitter_creator":"@eldiario_net","twitter_site":"@eldiario_net","twitter_misc":{"Escrito por":"Viviana Monrroy","Tiempo de lectura":"1 minuto"},"schema":{"@context":"https:\/\/schema.org","@graph":[{"@type":"Article","@id":"https:\/\/www.eldiario.net\/portal\/2024\/10\/29\/veinticuatro-puntos-de-bloqueo-generan-mas-de-1-300-millones-de-perdida-945\/#article","isPartOf":{"@id":"https:\/\/www.eldiario.net\/portal\/2024\/10\/29\/veinticuatro-puntos-de-bloqueo-generan-mas-de-1-300-millones-de-perdida-945\/"},"author":{"name":"Viviana Monrroy","@id":"https:\/\/www.eldiario.net\/portal\/#\/schema\/person\/32cc89e801dfcbad3a54f91da7f2ea06"},"headline":"Veinticuatro puntos de bloqueo generan m\u00e1s de 1.300 millones de p\u00e9rdida (9:45)","datePublished":"2024-10-29T13:47:04+00:00","mainEntityOfPage":{"@id":"https:\/\/www.eldiario.net\/portal\/2024\/10\/29\/veinticuatro-puntos-de-bloqueo-generan-mas-de-1-300-millones-de-perdida-945\/"},"wordCount":117,"publisher":{"@id":"https:\/\/www.eldiario.net\/portal\/#organization"},"image":{"@id":"https:\/\/www.eldiario.net\/portal\/2024\/10\/29\/veinticuatro-puntos-de-bloqueo-generan-mas-de-1-300-millones-de-perdida-945\/#primaryimage"},"thumbnailUrl":"https:\/\/www.eldiario.net\/portal\/wp-content\/uploads\/2024\/10\/24-puntos-abc-e1730209571544.png","articleSection":["\u00daltima Hora"],"inLanguage":"es"},{"@type":"WebPage","@id":"https:\/\/www.eldiario.net\/portal\/2024\/10\/29\/veinticuatro-puntos-de-bloqueo-generan-mas-de-1-300-millones-de-perdida-945\/","url":"https:\/\/www.eldiario.net\/portal\/2024\/10\/29\/veinticuatro-puntos-de-bloqueo-generan-mas-de-1-300-millones-de-perdida-945\/","name":"Veinticuatro puntos de bloqueo generan m\u00e1s de 1.300 millones de p\u00e9rdida (9:45) - El Diario - Bolivia","isPartOf":{"@id":"https:\/\/www.eldiario.net\/portal\/#website"},"primaryImageOfPage":{"@id":"https:\/\/www.eldiario.net\/portal\/2024\/10\/29\/veinticuatro-puntos-de-bloqueo-generan-mas-de-1-300-millones-de-perdida-945\/#primaryimage"},"image":{"@id":"https:\/\/www.eldiario.net\/portal\/2024\/10\/29\/veinticuatro-puntos-de-bloqueo-generan-mas-de-1-300-millones-de-perdida-945\/#primaryimage"},"thumbnailUrl":"https:\/\/www.eldiario.net\/portal\/wp-content\/uploads\/2024\/10\/24-puntos-abc-e1730209571544.png","datePublished":"2024-10-29T13:47:04+00:00","breadcrumb":{"@id":"https:\/\/www.eldiario.net\/portal\/2024\/10\/29\/veinticuatro-puntos-de-bloqueo-generan-mas-de-1-300-millones-de-perdida-945\/#breadcrumb"},"inLanguage":"es","potentialAction":[{"@type":"ReadAction","target":["https:\/\/www.eldiario.net\/portal\/2024\/10\/29\/veinticuatro-puntos-de-bloqueo-generan-mas-de-1-300-millones-de-perdida-945\/"]}]},{"@type":"ImageObject","inLanguage":"es","@id":"https:\/\/www.eldiario.net\/portal\/2024\/10\/29\/veinticuatro-puntos-de-bloqueo-generan-mas-de-1-300-millones-de-perdida-945\/#primaryimage","url":"https:\/\/www.eldiario.net\/portal\/wp-content\/uploads\/2024\/10\/24-puntos-abc-e1730209571544.png","contentUrl":"https:\/\/www.eldiario.net\/portal\/wp-content\/uploads\/2024\/10\/24-puntos-abc-e1730209571544.png","width":450,"height":253,"caption":"Captura p\u00e1gina ABC"},{"@type":"BreadcrumbList","@id":"https:\/\/www.eldiario.net\/portal\/2024\/10\/29\/veinticuatro-puntos-de-bloqueo-generan-mas-de-1-300-millones-de-perdida-945\/#breadcrumb","itemListElement":[{"@type":"ListItem","position":1,"name":"Portada","item":"https:\/\/www.eldiario.net\/portal\/"},{"@type":"ListItem","position":2,"name":"Veinticuatro puntos de bloqueo generan m\u00e1s de 1.300 millones de p\u00e9rdida (9:45)"}]},{"@type":"WebSite","@id":"https:\/\/www.eldiario.net\/portal\/#website","url":"https:\/\/www.eldiario.net\/portal\/","name":"El Diario - Decano de la prensa nacional","description":"El Diario - Decano de la prensa nacional","publisher":{"@id":"https:\/\/www.eldiario.net\/portal\/#organization"},"potentialAction":[{"@type":"SearchAction","target":{"@type":"EntryPoint","urlTemplate":"https:\/\/www.eldiario.net\/portal\/?s={search_term_string}"},"query-input":{"@type":"PropertyValueSpecification","valueRequired":true,"valueName":"search_term_string"}}],"inLanguage":"es"},{"@type":"Organization","@id":"https:\/\/www.eldiario.net\/portal\/#organization","name":"El Diario - Decano de la prensa nacional","url":"https:\/\/www.eldiario.net\/portal\/","logo":{"@type":"ImageObject","inLanguage":"es","@id":"https:\/\/www.eldiario.net\/portal\/#\/schema\/logo\/image\/","url":"https:\/\/www.eldiario.net\/portal\/wp-content\/uploads\/2023\/07\/logo_ED.jpg","contentUrl":"https:\/\/www.eldiario.net\/portal\/wp-content\/uploads\/2023\/07\/logo_ED.jpg","width":272,"height":52,"caption":"El Diario - Decano de la prensa nacional"},"image":{"@id":"https:\/\/www.eldiario.net\/portal\/#\/schema\/logo\/image\/"},"sameAs":["https:\/\/www.facebook.com\/eldiario.bolivia\/","https:\/\/x.com\/eldiario_net"]},{"@type":"Person","@id":"https:\/\/www.eldiario.net\/portal\/#\/schema\/person\/32cc89e801dfcbad3a54f91da7f2ea06","name":"Viviana Monrroy","image":{"@type":"ImageObject","inLanguage":"es","@id":"https:\/\/secure.gravatar.com\/avatar\/dfd1611ed5600959a0e5a9754503b6c05d1dcf190010998e0363aee2ad98afca?s=96&d=mm&r=g","url":"https:\/\/secure.gravatar.com\/avatar\/dfd1611ed5600959a0e5a9754503b6c05d1dcf190010998e0363aee2ad98afca?s=96&d=mm&r=g","contentUrl":"https:\/\/secure.gravatar.com\/avatar\/dfd1611ed5600959a0e5a9754503b6c05d1dcf190010998e0363aee2ad98afca?s=96&d=mm&r=g","caption":"Viviana Monrroy"},"sameAs":["http:\/\/www.eldiario.net"],"url":"https:\/\/www.eldiario.net\/portal\/author\/vivianamonrroy\/"}]}},"_links":{"self":[{"href":"https:\/\/www.eldiario.net\/portal\/wp-json\/wp\/v2\/posts\/257328","targetHints":{"allow":["GET"]}}],"collection":[{"href":"https:\/\/www.eldiario.net\/portal\/wp-json\/wp\/v2\/posts"}],"about":[{"href":"https:\/\/www.eldiario.net\/portal\/wp-json\/wp\/v2\/types\/post"}],"author":[{"embeddable":true,"href":"https:\/\/www.eldiario.net\/portal\/wp-json\/wp\/v2\/users\/7"}],"replies":[{"embeddable":true,"href":"https:\/\/www.eldiario.net\/portal\/wp-json\/wp\/v2\/comments?post=257328"}],"version-history":[{"count":1,"href":"https:\/\/www.eldiario.net\/portal\/wp-json\/wp\/v2\/posts\/257328\/revisions"}],"predecessor-version":[{"id":257332,"href":"https:\/\/www.eldiario.net\/portal\/wp-json\/wp\/v2\/posts\/257328\/revisions\/257332"}],"wp:featuredmedia":[{"embeddable":true,"href":"https:\/\/www.eldiario.net\/portal\/wp-json\/wp\/v2\/media\/257331"}],"wp:attachment":[{"href":"https:\/\/www.eldiario.net\/portal\/wp-json\/wp\/v2\/media?parent=257328"}],"wp:term":[{"taxonomy":"category","embeddable":true,"href":"https:\/\/www.eldiario.net\/portal\/wp-json\/wp\/v2\/categories?post=257328"},{"taxonomy":"post_tag","embeddable":true,"href":"https:\/\/www.eldiario.net\/portal\/wp-json\/wp\/v2\/tags?post=257328"}],"curies":[{"name":"wp","href":"https:\/\/api.w.org\/{rel}","templated":true}]}}