{"id":25732,"date":"2021-08-26T03:49:03","date_gmt":"2021-08-26T07:49:03","guid":{"rendered":"https:\/\/www.eldiario.net\/portal\/?p=25732"},"modified":"2021-08-26T03:49:03","modified_gmt":"2021-08-26T07:49:03","slug":"buscan-informacion-de-celulares-decomisados-a-lider-de-la-rjc","status":"publish","type":"post","link":"https:\/\/www.eldiario.net\/portal\/2021\/08\/26\/buscan-informacion-de-celulares-decomisados-a-lider-de-la-rjc\/","title":{"rendered":"Buscan informaci\u00f3n de celulares  decomisados a l\u00edder de la RJC"},"content":{"rendered":"<p>En un operativo en el penal de San Roque de la ciudad de Sucre encontraron tres celulares en la celda del l\u00edder de la Resistencia Juvenil Cochala (RJC), Yassir Molina. El fiscal general Juan Lanchipa espera reportes del contenido de la informaci\u00f3n, para ver con qu\u00e9 personas tom\u00f3 contacto.<\/p>\n<p>\u201cHemos recibido la informaci\u00f3n de un operativo que se realiz\u00f3 en el penal de San Roque, donde se encontr\u00f3 celulares en las celdas donde est\u00e1 cumpliendo detenci\u00f3n preventiva el se\u00f1or Yassir Molina. El Fiscal Departamental de Chuquisaca brindar\u00e1 datos sobre el contenido de la informaci\u00f3n de los celulares encontrados en la celda de Molina. Preliminarmente, se tiene el informe que se trata de tres celulares y de acuerdo a normativa el uso de celulares est\u00e1 prohibido\u201d, indic\u00f3 Lanchipa.<\/p>\n<p>De acuerdo a la Ley N\u00ba 2298 de Ejecuci\u00f3n Penal y Supervisi\u00f3n, en su art\u00edculo 74 numeral 4, se\u00f1ala que est\u00e1 prohibido permitir el ingreso de armas de todo tipo e introducir o permitir el ingreso de bebidas alcoh\u00f3licas, sustancias controladas y dem\u00e1s objetos prohibidos por el reglamento interno, en este \u00faltimo se incluye los celulares.<\/p>\n<p>En el mismo tema, el fiscal departamental de Chuquisaca, Mauricio Nava, se\u00f1al\u00f3 que est\u00e1 a la espera de los informes del Ministerio de Gobierno y de la Polic\u00eda para que tenga conocimiento la Comisi\u00f3n de Fiscales que lleva adelante la investigaci\u00f3n del proceso de la Resistencia Juvenil Cochala, para conocer los detalles que puedan brindar el informe y determinar lo que corresponda por Ley.<\/p>\n<p>\u201cEn estos casos se tiene que seguir procedimientos y una vez secuestrados los celulares tiene que ser puesto a conocimiento de los fiscales y estos al juez para la apertura de los mismos mediante inform\u00e1tica y conocer por qu\u00e9 estaban operando con los celulares y que la comisi\u00f3n pueda determinar su situaci\u00f3n\u201d, dijo Nava.<\/p>\n<p>&nbsp;<\/p>\n","protected":false},"excerpt":{"rendered":"<p>En un operativo en el penal de San Roque de la ciudad de Sucre encontraron tres celulares en la celda del l\u00edder de la Resistencia Juvenil Cochala (RJC), Yassir Molina. El fiscal general Juan Lanchipa espera reportes del contenido de la informaci\u00f3n, para ver con qu\u00e9 personas tom\u00f3 contacto. \u201cHemos recibido la informaci\u00f3n de un [&hellip;]<\/p>\n","protected":false},"author":1,"featured_media":25733,"comment_status":"closed","ping_status":"closed","sticky":false,"template":"","format":"standard","meta":{"_acf_changed":false,"footnotes":""},"categories":[39],"tags":[],"class_list":["post-25732","post","type-post","status-publish","format-standard","has-post-thumbnail","category-sociedad"],"acf":{"antetitulo":""},"yoast_head":"<!-- This site is optimized with the Yoast SEO plugin v28.4 - https:\/\/yoast.com\/product\/yoast-seo-wordpress\/ -->\n<title>Buscan informaci\u00f3n de celulares decomisados a l\u00edder de la RJC - El Diario - Bolivia<\/title>\n<meta name=\"robots\" content=\"index, follow, max-snippet:-1, max-image-preview:large, max-video-preview:-1\" \/>\n<link rel=\"canonical\" href=\"https:\/\/www.eldiario.net\/portal\/2021\/08\/26\/buscan-informacion-de-celulares-decomisados-a-lider-de-la-rjc\/\" \/>\n<meta property=\"og:locale\" content=\"es_ES\" \/>\n<meta property=\"og:type\" content=\"article\" \/>\n<meta property=\"og:title\" content=\"Buscan informaci\u00f3n de celulares decomisados a l\u00edder de la RJC - El Diario - Bolivia\" \/>\n<meta property=\"og:description\" content=\"En un operativo en el penal de San Roque de la ciudad de Sucre encontraron tres celulares en la celda del l\u00edder de la Resistencia Juvenil Cochala (RJC), Yassir Molina. El fiscal general Juan Lanchipa espera reportes del contenido de la informaci\u00f3n, para ver con qu\u00e9 personas tom\u00f3 contacto. \u201cHemos recibido la informaci\u00f3n de un [&hellip;]\" \/>\n<meta property=\"og:url\" content=\"https:\/\/www.eldiario.net\/portal\/2021\/08\/26\/buscan-informacion-de-celulares-decomisados-a-lider-de-la-rjc\/\" \/>\n<meta property=\"og:site_name\" content=\"El Diario - Bolivia\" \/>\n<meta property=\"article:publisher\" content=\"https:\/\/www.facebook.com\/eldiario.bolivia\/\" \/>\n<meta property=\"article:published_time\" content=\"2021-08-26T07:49:03+00:00\" \/>\n<meta name=\"author\" content=\"Jeanette\" \/>\n<meta name=\"twitter:card\" content=\"summary_large_image\" \/>\n<meta name=\"twitter:creator\" content=\"@eldiario_net\" \/>\n<meta name=\"twitter:site\" content=\"@eldiario_net\" \/>\n<meta name=\"twitter:label1\" content=\"Escrito por\" \/>\n\t<meta name=\"twitter:data1\" content=\"Jeanette\" \/>\n\t<meta name=\"twitter:label2\" content=\"Tiempo de lectura\" \/>\n\t<meta name=\"twitter:data2\" content=\"2 minutos\" \/>\n<script type=\"application\/ld+json\" class=\"yoast-schema-graph\">{\"@context\":\"https:\\\/\\\/schema.org\",\"@graph\":[{\"@type\":\"Article\",\"@id\":\"https:\\\/\\\/www.eldiario.net\\\/portal\\\/2021\\\/08\\\/26\\\/buscan-informacion-de-celulares-decomisados-a-lider-de-la-rjc\\\/#article\",\"isPartOf\":{\"@id\":\"https:\\\/\\\/www.eldiario.net\\\/portal\\\/2021\\\/08\\\/26\\\/buscan-informacion-de-celulares-decomisados-a-lider-de-la-rjc\\\/\"},\"author\":{\"name\":\"Jeanette\",\"@id\":\"https:\\\/\\\/www.eldiario.net\\\/portal\\\/#\\\/schema\\\/person\\\/2c57cf2b7a7ae032e449e4c9b1019eac\"},\"headline\":\"Buscan informaci\u00f3n de celulares decomisados a l\u00edder de la RJC\",\"datePublished\":\"2021-08-26T07:49:03+00:00\",\"mainEntityOfPage\":{\"@id\":\"https:\\\/\\\/www.eldiario.net\\\/portal\\\/2021\\\/08\\\/26\\\/buscan-informacion-de-celulares-decomisados-a-lider-de-la-rjc\\\/\"},\"wordCount\":330,\"publisher\":{\"@id\":\"https:\\\/\\\/www.eldiario.net\\\/portal\\\/#organization\"},\"image\":{\"@id\":\"https:\\\/\\\/www.eldiario.net\\\/portal\\\/2021\\\/08\\\/26\\\/buscan-informacion-de-celulares-decomisados-a-lider-de-la-rjc\\\/#primaryimage\"},\"thumbnailUrl\":\"\",\"articleSection\":[\"Sociedad - Seguridad\"],\"inLanguage\":\"es\"},{\"@type\":\"WebPage\",\"@id\":\"https:\\\/\\\/www.eldiario.net\\\/portal\\\/2021\\\/08\\\/26\\\/buscan-informacion-de-celulares-decomisados-a-lider-de-la-rjc\\\/\",\"url\":\"https:\\\/\\\/www.eldiario.net\\\/portal\\\/2021\\\/08\\\/26\\\/buscan-informacion-de-celulares-decomisados-a-lider-de-la-rjc\\\/\",\"name\":\"Buscan informaci\u00f3n de celulares decomisados a l\u00edder de la RJC - El Diario - Bolivia\",\"isPartOf\":{\"@id\":\"https:\\\/\\\/www.eldiario.net\\\/portal\\\/#website\"},\"primaryImageOfPage\":{\"@id\":\"https:\\\/\\\/www.eldiario.net\\\/portal\\\/2021\\\/08\\\/26\\\/buscan-informacion-de-celulares-decomisados-a-lider-de-la-rjc\\\/#primaryimage\"},\"image\":{\"@id\":\"https:\\\/\\\/www.eldiario.net\\\/portal\\\/2021\\\/08\\\/26\\\/buscan-informacion-de-celulares-decomisados-a-lider-de-la-rjc\\\/#primaryimage\"},\"thumbnailUrl\":\"\",\"datePublished\":\"2021-08-26T07:49:03+00:00\",\"breadcrumb\":{\"@id\":\"https:\\\/\\\/www.eldiario.net\\\/portal\\\/2021\\\/08\\\/26\\\/buscan-informacion-de-celulares-decomisados-a-lider-de-la-rjc\\\/#breadcrumb\"},\"inLanguage\":\"es\",\"potentialAction\":[{\"@type\":\"ReadAction\",\"target\":[\"https:\\\/\\\/www.eldiario.net\\\/portal\\\/2021\\\/08\\\/26\\\/buscan-informacion-de-celulares-decomisados-a-lider-de-la-rjc\\\/\"]}]},{\"@type\":\"ImageObject\",\"inLanguage\":\"es\",\"@id\":\"https:\\\/\\\/www.eldiario.net\\\/portal\\\/2021\\\/08\\\/26\\\/buscan-informacion-de-celulares-decomisados-a-lider-de-la-rjc\\\/#primaryimage\",\"url\":\"\",\"contentUrl\":\"\"},{\"@type\":\"BreadcrumbList\",\"@id\":\"https:\\\/\\\/www.eldiario.net\\\/portal\\\/2021\\\/08\\\/26\\\/buscan-informacion-de-celulares-decomisados-a-lider-de-la-rjc\\\/#breadcrumb\",\"itemListElement\":[{\"@type\":\"ListItem\",\"position\":1,\"name\":\"Portada\",\"item\":\"https:\\\/\\\/www.eldiario.net\\\/portal\\\/\"},{\"@type\":\"ListItem\",\"position\":2,\"name\":\"Buscan informaci\u00f3n de celulares decomisados a l\u00edder de la RJC\"}]},{\"@type\":\"WebSite\",\"@id\":\"https:\\\/\\\/www.eldiario.net\\\/portal\\\/#website\",\"url\":\"https:\\\/\\\/www.eldiario.net\\\/portal\\\/\",\"name\":\"El Diario - Decano de la prensa nacional\",\"description\":\"El Diario - Decano de la prensa nacional\",\"publisher\":{\"@id\":\"https:\\\/\\\/www.eldiario.net\\\/portal\\\/#organization\"},\"potentialAction\":[{\"@type\":\"SearchAction\",\"target\":{\"@type\":\"EntryPoint\",\"urlTemplate\":\"https:\\\/\\\/www.eldiario.net\\\/portal\\\/?s={search_term_string}\"},\"query-input\":{\"@type\":\"PropertyValueSpecification\",\"valueRequired\":true,\"valueName\":\"search_term_string\"}}],\"inLanguage\":\"es\"},{\"@type\":\"Organization\",\"@id\":\"https:\\\/\\\/www.eldiario.net\\\/portal\\\/#organization\",\"name\":\"El Diario - Decano de la prensa nacional\",\"url\":\"https:\\\/\\\/www.eldiario.net\\\/portal\\\/\",\"logo\":{\"@type\":\"ImageObject\",\"inLanguage\":\"es\",\"@id\":\"https:\\\/\\\/www.eldiario.net\\\/portal\\\/#\\\/schema\\\/logo\\\/image\\\/\",\"url\":\"https:\\\/\\\/www.eldiario.net\\\/portal\\\/wp-content\\\/uploads\\\/2023\\\/07\\\/logo_ED.jpg\",\"contentUrl\":\"https:\\\/\\\/www.eldiario.net\\\/portal\\\/wp-content\\\/uploads\\\/2023\\\/07\\\/logo_ED.jpg\",\"width\":272,\"height\":52,\"caption\":\"El Diario - Decano de la prensa nacional\"},\"image\":{\"@id\":\"https:\\\/\\\/www.eldiario.net\\\/portal\\\/#\\\/schema\\\/logo\\\/image\\\/\"},\"sameAs\":[\"https:\\\/\\\/www.facebook.com\\\/eldiario.bolivia\\\/\",\"https:\\\/\\\/x.com\\\/eldiario_net\"]},{\"@type\":\"Person\",\"@id\":\"https:\\\/\\\/www.eldiario.net\\\/portal\\\/#\\\/schema\\\/person\\\/2c57cf2b7a7ae032e449e4c9b1019eac\",\"name\":\"Jeanette\",\"image\":{\"@type\":\"ImageObject\",\"inLanguage\":\"es\",\"@id\":\"https:\\\/\\\/secure.gravatar.com\\\/avatar\\\/3ea2118a5f7dad2b7138b1187a6b7ee55f160b9968b66013c3a3ef39dd7e5798?s=96&d=mm&r=g\",\"url\":\"https:\\\/\\\/secure.gravatar.com\\\/avatar\\\/3ea2118a5f7dad2b7138b1187a6b7ee55f160b9968b66013c3a3ef39dd7e5798?s=96&d=mm&r=g\",\"contentUrl\":\"https:\\\/\\\/secure.gravatar.com\\\/avatar\\\/3ea2118a5f7dad2b7138b1187a6b7ee55f160b9968b66013c3a3ef39dd7e5798?s=96&d=mm&r=g\",\"caption\":\"Jeanette\"},\"sameAs\":[\"https:\\\/\\\/www.eldiario.net\\\/portal\"],\"url\":\"https:\\\/\\\/www.eldiario.net\\\/portal\\\/author\\\/jeanette\\\/\"}]}<\/script>\n<!-- \/ Yoast SEO plugin. -->","yoast_head_json":{"title":"Buscan informaci\u00f3n de celulares decomisados a l\u00edder de la RJC - El Diario - Bolivia","robots":{"index":"index","follow":"follow","max-snippet":"max-snippet:-1","max-image-preview":"max-image-preview:large","max-video-preview":"max-video-preview:-1"},"canonical":"https:\/\/www.eldiario.net\/portal\/2021\/08\/26\/buscan-informacion-de-celulares-decomisados-a-lider-de-la-rjc\/","og_locale":"es_ES","og_type":"article","og_title":"Buscan informaci\u00f3n de celulares decomisados a l\u00edder de la RJC - El Diario - Bolivia","og_description":"En un operativo en el penal de San Roque de la ciudad de Sucre encontraron tres celulares en la celda del l\u00edder de la Resistencia Juvenil Cochala (RJC), Yassir Molina. El fiscal general Juan Lanchipa espera reportes del contenido de la informaci\u00f3n, para ver con qu\u00e9 personas tom\u00f3 contacto. \u201cHemos recibido la informaci\u00f3n de un [&hellip;]","og_url":"https:\/\/www.eldiario.net\/portal\/2021\/08\/26\/buscan-informacion-de-celulares-decomisados-a-lider-de-la-rjc\/","og_site_name":"El Diario - Bolivia","article_publisher":"https:\/\/www.facebook.com\/eldiario.bolivia\/","article_published_time":"2021-08-26T07:49:03+00:00","author":"Jeanette","twitter_card":"summary_large_image","twitter_creator":"@eldiario_net","twitter_site":"@eldiario_net","twitter_misc":{"Escrito por":"Jeanette","Tiempo de lectura":"2 minutos"},"schema":{"@context":"https:\/\/schema.org","@graph":[{"@type":"Article","@id":"https:\/\/www.eldiario.net\/portal\/2021\/08\/26\/buscan-informacion-de-celulares-decomisados-a-lider-de-la-rjc\/#article","isPartOf":{"@id":"https:\/\/www.eldiario.net\/portal\/2021\/08\/26\/buscan-informacion-de-celulares-decomisados-a-lider-de-la-rjc\/"},"author":{"name":"Jeanette","@id":"https:\/\/www.eldiario.net\/portal\/#\/schema\/person\/2c57cf2b7a7ae032e449e4c9b1019eac"},"headline":"Buscan informaci\u00f3n de celulares decomisados a l\u00edder de la RJC","datePublished":"2021-08-26T07:49:03+00:00","mainEntityOfPage":{"@id":"https:\/\/www.eldiario.net\/portal\/2021\/08\/26\/buscan-informacion-de-celulares-decomisados-a-lider-de-la-rjc\/"},"wordCount":330,"publisher":{"@id":"https:\/\/www.eldiario.net\/portal\/#organization"},"image":{"@id":"https:\/\/www.eldiario.net\/portal\/2021\/08\/26\/buscan-informacion-de-celulares-decomisados-a-lider-de-la-rjc\/#primaryimage"},"thumbnailUrl":"","articleSection":["Sociedad - Seguridad"],"inLanguage":"es"},{"@type":"WebPage","@id":"https:\/\/www.eldiario.net\/portal\/2021\/08\/26\/buscan-informacion-de-celulares-decomisados-a-lider-de-la-rjc\/","url":"https:\/\/www.eldiario.net\/portal\/2021\/08\/26\/buscan-informacion-de-celulares-decomisados-a-lider-de-la-rjc\/","name":"Buscan informaci\u00f3n de celulares decomisados a l\u00edder de la RJC - El Diario - Bolivia","isPartOf":{"@id":"https:\/\/www.eldiario.net\/portal\/#website"},"primaryImageOfPage":{"@id":"https:\/\/www.eldiario.net\/portal\/2021\/08\/26\/buscan-informacion-de-celulares-decomisados-a-lider-de-la-rjc\/#primaryimage"},"image":{"@id":"https:\/\/www.eldiario.net\/portal\/2021\/08\/26\/buscan-informacion-de-celulares-decomisados-a-lider-de-la-rjc\/#primaryimage"},"thumbnailUrl":"","datePublished":"2021-08-26T07:49:03+00:00","breadcrumb":{"@id":"https:\/\/www.eldiario.net\/portal\/2021\/08\/26\/buscan-informacion-de-celulares-decomisados-a-lider-de-la-rjc\/#breadcrumb"},"inLanguage":"es","potentialAction":[{"@type":"ReadAction","target":["https:\/\/www.eldiario.net\/portal\/2021\/08\/26\/buscan-informacion-de-celulares-decomisados-a-lider-de-la-rjc\/"]}]},{"@type":"ImageObject","inLanguage":"es","@id":"https:\/\/www.eldiario.net\/portal\/2021\/08\/26\/buscan-informacion-de-celulares-decomisados-a-lider-de-la-rjc\/#primaryimage","url":"","contentUrl":""},{"@type":"BreadcrumbList","@id":"https:\/\/www.eldiario.net\/portal\/2021\/08\/26\/buscan-informacion-de-celulares-decomisados-a-lider-de-la-rjc\/#breadcrumb","itemListElement":[{"@type":"ListItem","position":1,"name":"Portada","item":"https:\/\/www.eldiario.net\/portal\/"},{"@type":"ListItem","position":2,"name":"Buscan informaci\u00f3n de celulares decomisados a l\u00edder de la RJC"}]},{"@type":"WebSite","@id":"https:\/\/www.eldiario.net\/portal\/#website","url":"https:\/\/www.eldiario.net\/portal\/","name":"El Diario - Decano de la prensa nacional","description":"El Diario - Decano de la prensa nacional","publisher":{"@id":"https:\/\/www.eldiario.net\/portal\/#organization"},"potentialAction":[{"@type":"SearchAction","target":{"@type":"EntryPoint","urlTemplate":"https:\/\/www.eldiario.net\/portal\/?s={search_term_string}"},"query-input":{"@type":"PropertyValueSpecification","valueRequired":true,"valueName":"search_term_string"}}],"inLanguage":"es"},{"@type":"Organization","@id":"https:\/\/www.eldiario.net\/portal\/#organization","name":"El Diario - Decano de la prensa nacional","url":"https:\/\/www.eldiario.net\/portal\/","logo":{"@type":"ImageObject","inLanguage":"es","@id":"https:\/\/www.eldiario.net\/portal\/#\/schema\/logo\/image\/","url":"https:\/\/www.eldiario.net\/portal\/wp-content\/uploads\/2023\/07\/logo_ED.jpg","contentUrl":"https:\/\/www.eldiario.net\/portal\/wp-content\/uploads\/2023\/07\/logo_ED.jpg","width":272,"height":52,"caption":"El Diario - Decano de la prensa nacional"},"image":{"@id":"https:\/\/www.eldiario.net\/portal\/#\/schema\/logo\/image\/"},"sameAs":["https:\/\/www.facebook.com\/eldiario.bolivia\/","https:\/\/x.com\/eldiario_net"]},{"@type":"Person","@id":"https:\/\/www.eldiario.net\/portal\/#\/schema\/person\/2c57cf2b7a7ae032e449e4c9b1019eac","name":"Jeanette","image":{"@type":"ImageObject","inLanguage":"es","@id":"https:\/\/secure.gravatar.com\/avatar\/3ea2118a5f7dad2b7138b1187a6b7ee55f160b9968b66013c3a3ef39dd7e5798?s=96&d=mm&r=g","url":"https:\/\/secure.gravatar.com\/avatar\/3ea2118a5f7dad2b7138b1187a6b7ee55f160b9968b66013c3a3ef39dd7e5798?s=96&d=mm&r=g","contentUrl":"https:\/\/secure.gravatar.com\/avatar\/3ea2118a5f7dad2b7138b1187a6b7ee55f160b9968b66013c3a3ef39dd7e5798?s=96&d=mm&r=g","caption":"Jeanette"},"sameAs":["https:\/\/www.eldiario.net\/portal"],"url":"https:\/\/www.eldiario.net\/portal\/author\/jeanette\/"}]}},"_links":{"self":[{"href":"https:\/\/www.eldiario.net\/portal\/wp-json\/wp\/v2\/posts\/25732","targetHints":{"allow":["GET"]}}],"collection":[{"href":"https:\/\/www.eldiario.net\/portal\/wp-json\/wp\/v2\/posts"}],"about":[{"href":"https:\/\/www.eldiario.net\/portal\/wp-json\/wp\/v2\/types\/post"}],"author":[{"embeddable":true,"href":"https:\/\/www.eldiario.net\/portal\/wp-json\/wp\/v2\/users\/1"}],"replies":[{"embeddable":true,"href":"https:\/\/www.eldiario.net\/portal\/wp-json\/wp\/v2\/comments?post=25732"}],"version-history":[{"count":0,"href":"https:\/\/www.eldiario.net\/portal\/wp-json\/wp\/v2\/posts\/25732\/revisions"}],"wp:attachment":[{"href":"https:\/\/www.eldiario.net\/portal\/wp-json\/wp\/v2\/media?parent=25732"}],"wp:term":[{"taxonomy":"category","embeddable":true,"href":"https:\/\/www.eldiario.net\/portal\/wp-json\/wp\/v2\/categories?post=25732"},{"taxonomy":"post_tag","embeddable":true,"href":"https:\/\/www.eldiario.net\/portal\/wp-json\/wp\/v2\/tags?post=25732"}],"curies":[{"name":"wp","href":"https:\/\/api.w.org\/{rel}","templated":true}]}}