{"id":257241,"date":"2024-10-29T06:10:11","date_gmt":"2024-10-29T10:10:11","guid":{"rendered":"https:\/\/www.eldiario.net\/portal\/?p=257241"},"modified":"2024-10-29T06:10:11","modified_gmt":"2024-10-29T10:10:11","slug":"nadia-cruz-renuncia-como-viceministra-rechaza-participar-de-una-agenda-politica","status":"publish","type":"post","link":"https:\/\/www.eldiario.net\/portal\/2024\/10\/29\/nadia-cruz-renuncia-como-viceministra-rechaza-participar-de-una-agenda-politica\/","title":{"rendered":"Nadia Cruz renuncia como Viceministra; rechaza participar de una \u201cagenda pol\u00edtica\u201d"},"content":{"rendered":"<p>Nadia Cruz present\u00f3 ayer su renuncia como Viceministra de Igualdad de Oportunidades, bajo el argumento de que no participar\u00e1 en una \u201cagenda pol\u00edtica\u201d que habr\u00eda desplazado a la agenda de Derechos Humanos en el Gobierno.<\/p>\n<p>\u201cEn el marco de lo conversado con sus portavoces, resulta evidente que mi trayectoria ya no es \u00fatil en la gesti\u00f3n p\u00fablica gubernamental y que la agenda de derechos humanos desde la esfera p\u00fablica ha sido agotada y desplazada por la agenda pol\u00edtica en la cual mi persona &#8211; les ratific\u00f3 &#8211; no participar\u00e1\u201d, dice la carta presentada por Cruz al presidente Luis Arce.<\/p>\n<p>Seg\u00fan Cruz, le informaron que en el Gobierno requieren de personas dispuestas a asumir \u00abtareas pol\u00edticas\u00bb, pero ella \u201chonrosa y humildemente\u201d no cumple con ese perfil. As\u00ed que decide renunciar.<\/p>\n<p>Nadia Cruz asumi\u00f3 como Viceministra en 2022, luego de un periodo como Defensora del Pueblo Interina.<\/p>\n<p>En su carta de renuncia, resalt\u00f3 que ha cumplido con el cargo en el marco de su \u201cmilitancia y trabajo con los derechos humanos y las poblaciones en situaci\u00f3n de vulnerabilidad\u201d.\u00a0 (Erbol)<\/p>\n","protected":false},"excerpt":{"rendered":"<p>Nadia Cruz present\u00f3 ayer su renuncia como Viceministra de Igualdad de Oportunidades, bajo el argumento de que no participar\u00e1 en una \u201cagenda pol\u00edtica\u201d que habr\u00eda desplazado a la agenda de Derechos Humanos en el Gobierno. \u201cEn el marco de lo conversado con sus portavoces, resulta evidente que mi trayectoria ya no es \u00fatil en la [&hellip;]<\/p>\n","protected":false},"author":1,"featured_media":257242,"comment_status":"closed","ping_status":"open","sticky":false,"template":"","format":"standard","meta":{"_acf_changed":false,"footnotes":""},"categories":[7],"tags":[],"class_list":["post-257241","post","type-post","status-publish","format-standard","has-post-thumbnail","category-economia"],"acf":{"antetitulo":""},"yoast_head":"<!-- This site is optimized with the Yoast SEO plugin v28.4 - https:\/\/yoast.com\/product\/yoast-seo-wordpress\/ -->\n<title>Nadia Cruz renuncia como Viceministra; rechaza participar de una \u201cagenda pol\u00edtica\u201d - El Diario - Bolivia<\/title>\n<meta name=\"robots\" content=\"index, follow, max-snippet:-1, max-image-preview:large, max-video-preview:-1\" \/>\n<link rel=\"canonical\" href=\"https:\/\/www.eldiario.net\/portal\/2024\/10\/29\/nadia-cruz-renuncia-como-viceministra-rechaza-participar-de-una-agenda-politica\/\" \/>\n<meta property=\"og:locale\" content=\"es_ES\" \/>\n<meta property=\"og:type\" content=\"article\" \/>\n<meta property=\"og:title\" content=\"Nadia Cruz renuncia como Viceministra; rechaza participar de una \u201cagenda pol\u00edtica\u201d - El Diario - Bolivia\" \/>\n<meta property=\"og:description\" content=\"Nadia Cruz present\u00f3 ayer su renuncia como Viceministra de Igualdad de Oportunidades, bajo el argumento de que no participar\u00e1 en una \u201cagenda pol\u00edtica\u201d que habr\u00eda desplazado a la agenda de Derechos Humanos en el Gobierno. \u201cEn el marco de lo conversado con sus portavoces, resulta evidente que mi trayectoria ya no es \u00fatil en la [&hellip;]\" \/>\n<meta property=\"og:url\" content=\"https:\/\/www.eldiario.net\/portal\/2024\/10\/29\/nadia-cruz-renuncia-como-viceministra-rechaza-participar-de-una-agenda-politica\/\" \/>\n<meta property=\"og:site_name\" content=\"El Diario - Bolivia\" \/>\n<meta property=\"article:publisher\" content=\"https:\/\/www.facebook.com\/eldiario.bolivia\/\" \/>\n<meta property=\"article:published_time\" content=\"2024-10-29T10:10:11+00:00\" \/>\n<meta property=\"og:image\" content=\"https:\/\/www.eldiario.net\/portal\/wp-content\/uploads\/2024\/10\/SUXO-FOTO.jpg\" \/>\n\t<meta property=\"og:image:width\" content=\"900\" \/>\n\t<meta property=\"og:image:height\" content=\"640\" \/>\n\t<meta property=\"og:image:type\" content=\"image\/jpeg\" \/>\n<meta name=\"author\" content=\"Jeanette\" \/>\n<meta name=\"twitter:card\" content=\"summary_large_image\" \/>\n<meta name=\"twitter:creator\" content=\"@eldiario_net\" \/>\n<meta name=\"twitter:site\" content=\"@eldiario_net\" \/>\n<meta name=\"twitter:label1\" content=\"Escrito por\" \/>\n\t<meta name=\"twitter:data1\" content=\"Jeanette\" \/>\n\t<meta name=\"twitter:label2\" content=\"Tiempo de lectura\" \/>\n\t<meta name=\"twitter:data2\" content=\"2 minutos\" \/>\n<script type=\"application\/ld+json\" class=\"yoast-schema-graph\">{\"@context\":\"https:\\\/\\\/schema.org\",\"@graph\":[{\"@type\":\"Article\",\"@id\":\"https:\\\/\\\/www.eldiario.net\\\/portal\\\/2024\\\/10\\\/29\\\/nadia-cruz-renuncia-como-viceministra-rechaza-participar-de-una-agenda-politica\\\/#article\",\"isPartOf\":{\"@id\":\"https:\\\/\\\/www.eldiario.net\\\/portal\\\/2024\\\/10\\\/29\\\/nadia-cruz-renuncia-como-viceministra-rechaza-participar-de-una-agenda-politica\\\/\"},\"author\":{\"name\":\"Jeanette\",\"@id\":\"https:\\\/\\\/www.eldiario.net\\\/portal\\\/#\\\/schema\\\/person\\\/f46445640444750d7d753ccd04ae01b7\"},\"headline\":\"Nadia Cruz renuncia como Viceministra; rechaza participar de una \u201cagenda pol\u00edtica\u201d\",\"datePublished\":\"2024-10-29T10:10:11+00:00\",\"mainEntityOfPage\":{\"@id\":\"https:\\\/\\\/www.eldiario.net\\\/portal\\\/2024\\\/10\\\/29\\\/nadia-cruz-renuncia-como-viceministra-rechaza-participar-de-una-agenda-politica\\\/\"},\"wordCount\":197,\"publisher\":{\"@id\":\"https:\\\/\\\/www.eldiario.net\\\/portal\\\/#organization\"},\"image\":{\"@id\":\"https:\\\/\\\/www.eldiario.net\\\/portal\\\/2024\\\/10\\\/29\\\/nadia-cruz-renuncia-como-viceministra-rechaza-participar-de-una-agenda-politica\\\/#primaryimage\"},\"thumbnailUrl\":\"https:\\\/\\\/www.eldiario.net\\\/portal\\\/wp-content\\\/uploads\\\/2024\\\/10\\\/SUXO-FOTO.jpg\",\"articleSection\":[\"Econom\u00eda\"],\"inLanguage\":\"es\"},{\"@type\":\"WebPage\",\"@id\":\"https:\\\/\\\/www.eldiario.net\\\/portal\\\/2024\\\/10\\\/29\\\/nadia-cruz-renuncia-como-viceministra-rechaza-participar-de-una-agenda-politica\\\/\",\"url\":\"https:\\\/\\\/www.eldiario.net\\\/portal\\\/2024\\\/10\\\/29\\\/nadia-cruz-renuncia-como-viceministra-rechaza-participar-de-una-agenda-politica\\\/\",\"name\":\"Nadia Cruz renuncia como Viceministra; rechaza participar de una \u201cagenda pol\u00edtica\u201d - El Diario - Bolivia\",\"isPartOf\":{\"@id\":\"https:\\\/\\\/www.eldiario.net\\\/portal\\\/#website\"},\"primaryImageOfPage\":{\"@id\":\"https:\\\/\\\/www.eldiario.net\\\/portal\\\/2024\\\/10\\\/29\\\/nadia-cruz-renuncia-como-viceministra-rechaza-participar-de-una-agenda-politica\\\/#primaryimage\"},\"image\":{\"@id\":\"https:\\\/\\\/www.eldiario.net\\\/portal\\\/2024\\\/10\\\/29\\\/nadia-cruz-renuncia-como-viceministra-rechaza-participar-de-una-agenda-politica\\\/#primaryimage\"},\"thumbnailUrl\":\"https:\\\/\\\/www.eldiario.net\\\/portal\\\/wp-content\\\/uploads\\\/2024\\\/10\\\/SUXO-FOTO.jpg\",\"datePublished\":\"2024-10-29T10:10:11+00:00\",\"breadcrumb\":{\"@id\":\"https:\\\/\\\/www.eldiario.net\\\/portal\\\/2024\\\/10\\\/29\\\/nadia-cruz-renuncia-como-viceministra-rechaza-participar-de-una-agenda-politica\\\/#breadcrumb\"},\"inLanguage\":\"es\",\"potentialAction\":[{\"@type\":\"ReadAction\",\"target\":[\"https:\\\/\\\/www.eldiario.net\\\/portal\\\/2024\\\/10\\\/29\\\/nadia-cruz-renuncia-como-viceministra-rechaza-participar-de-una-agenda-politica\\\/\"]}]},{\"@type\":\"ImageObject\",\"inLanguage\":\"es\",\"@id\":\"https:\\\/\\\/www.eldiario.net\\\/portal\\\/2024\\\/10\\\/29\\\/nadia-cruz-renuncia-como-viceministra-rechaza-participar-de-una-agenda-politica\\\/#primaryimage\",\"url\":\"https:\\\/\\\/www.eldiario.net\\\/portal\\\/wp-content\\\/uploads\\\/2024\\\/10\\\/SUXO-FOTO.jpg\",\"contentUrl\":\"https:\\\/\\\/www.eldiario.net\\\/portal\\\/wp-content\\\/uploads\\\/2024\\\/10\\\/SUXO-FOTO.jpg\",\"width\":900,\"height\":640,\"caption\":\"La carta de renuncia fue presentada ayer. Foto: Erbol\"},{\"@type\":\"BreadcrumbList\",\"@id\":\"https:\\\/\\\/www.eldiario.net\\\/portal\\\/2024\\\/10\\\/29\\\/nadia-cruz-renuncia-como-viceministra-rechaza-participar-de-una-agenda-politica\\\/#breadcrumb\",\"itemListElement\":[{\"@type\":\"ListItem\",\"position\":1,\"name\":\"Portada\",\"item\":\"https:\\\/\\\/www.eldiario.net\\\/portal\\\/\"},{\"@type\":\"ListItem\",\"position\":2,\"name\":\"Nadia Cruz renuncia como Viceministra; rechaza participar de una \u201cagenda pol\u00edtica\u201d\"}]},{\"@type\":\"WebSite\",\"@id\":\"https:\\\/\\\/www.eldiario.net\\\/portal\\\/#website\",\"url\":\"https:\\\/\\\/www.eldiario.net\\\/portal\\\/\",\"name\":\"El Diario - Decano de la prensa nacional\",\"description\":\"El Diario - Decano de la prensa nacional\",\"publisher\":{\"@id\":\"https:\\\/\\\/www.eldiario.net\\\/portal\\\/#organization\"},\"potentialAction\":[{\"@type\":\"SearchAction\",\"target\":{\"@type\":\"EntryPoint\",\"urlTemplate\":\"https:\\\/\\\/www.eldiario.net\\\/portal\\\/?s={search_term_string}\"},\"query-input\":{\"@type\":\"PropertyValueSpecification\",\"valueRequired\":true,\"valueName\":\"search_term_string\"}}],\"inLanguage\":\"es\"},{\"@type\":\"Organization\",\"@id\":\"https:\\\/\\\/www.eldiario.net\\\/portal\\\/#organization\",\"name\":\"El Diario - Decano de la prensa nacional\",\"url\":\"https:\\\/\\\/www.eldiario.net\\\/portal\\\/\",\"logo\":{\"@type\":\"ImageObject\",\"inLanguage\":\"es\",\"@id\":\"https:\\\/\\\/www.eldiario.net\\\/portal\\\/#\\\/schema\\\/logo\\\/image\\\/\",\"url\":\"https:\\\/\\\/www.eldiario.net\\\/portal\\\/wp-content\\\/uploads\\\/2023\\\/07\\\/logo_ED.jpg\",\"contentUrl\":\"https:\\\/\\\/www.eldiario.net\\\/portal\\\/wp-content\\\/uploads\\\/2023\\\/07\\\/logo_ED.jpg\",\"width\":272,\"height\":52,\"caption\":\"El Diario - Decano de la prensa nacional\"},\"image\":{\"@id\":\"https:\\\/\\\/www.eldiario.net\\\/portal\\\/#\\\/schema\\\/logo\\\/image\\\/\"},\"sameAs\":[\"https:\\\/\\\/www.facebook.com\\\/eldiario.bolivia\\\/\",\"https:\\\/\\\/x.com\\\/eldiario_net\"]},{\"@type\":\"Person\",\"@id\":\"https:\\\/\\\/www.eldiario.net\\\/portal\\\/#\\\/schema\\\/person\\\/f46445640444750d7d753ccd04ae01b7\",\"name\":\"Jeanette\",\"image\":{\"@type\":\"ImageObject\",\"inLanguage\":\"es\",\"@id\":\"https:\\\/\\\/secure.gravatar.com\\\/avatar\\\/3ea2118a5f7dad2b7138b1187a6b7ee55f160b9968b66013c3a3ef39dd7e5798?s=96&d=mm&r=g\",\"url\":\"https:\\\/\\\/secure.gravatar.com\\\/avatar\\\/3ea2118a5f7dad2b7138b1187a6b7ee55f160b9968b66013c3a3ef39dd7e5798?s=96&d=mm&r=g\",\"contentUrl\":\"https:\\\/\\\/secure.gravatar.com\\\/avatar\\\/3ea2118a5f7dad2b7138b1187a6b7ee55f160b9968b66013c3a3ef39dd7e5798?s=96&d=mm&r=g\",\"caption\":\"Jeanette\"},\"sameAs\":[\"https:\\\/\\\/www.eldiario.net\\\/portal\"],\"url\":\"https:\\\/\\\/www.eldiario.net\\\/portal\\\/author\\\/jeanette\\\/\"}]}<\/script>\n<!-- \/ Yoast SEO plugin. -->","yoast_head_json":{"title":"Nadia Cruz renuncia como Viceministra; rechaza participar de una \u201cagenda pol\u00edtica\u201d - El Diario - Bolivia","robots":{"index":"index","follow":"follow","max-snippet":"max-snippet:-1","max-image-preview":"max-image-preview:large","max-video-preview":"max-video-preview:-1"},"canonical":"https:\/\/www.eldiario.net\/portal\/2024\/10\/29\/nadia-cruz-renuncia-como-viceministra-rechaza-participar-de-una-agenda-politica\/","og_locale":"es_ES","og_type":"article","og_title":"Nadia Cruz renuncia como Viceministra; rechaza participar de una \u201cagenda pol\u00edtica\u201d - El Diario - Bolivia","og_description":"Nadia Cruz present\u00f3 ayer su renuncia como Viceministra de Igualdad de Oportunidades, bajo el argumento de que no participar\u00e1 en una \u201cagenda pol\u00edtica\u201d que habr\u00eda desplazado a la agenda de Derechos Humanos en el Gobierno. \u201cEn el marco de lo conversado con sus portavoces, resulta evidente que mi trayectoria ya no es \u00fatil en la [&hellip;]","og_url":"https:\/\/www.eldiario.net\/portal\/2024\/10\/29\/nadia-cruz-renuncia-como-viceministra-rechaza-participar-de-una-agenda-politica\/","og_site_name":"El Diario - Bolivia","article_publisher":"https:\/\/www.facebook.com\/eldiario.bolivia\/","article_published_time":"2024-10-29T10:10:11+00:00","og_image":[{"width":900,"height":640,"url":"https:\/\/www.eldiario.net\/portal\/wp-content\/uploads\/2024\/10\/SUXO-FOTO.jpg","type":"image\/jpeg"}],"author":"Jeanette","twitter_card":"summary_large_image","twitter_creator":"@eldiario_net","twitter_site":"@eldiario_net","twitter_misc":{"Escrito por":"Jeanette","Tiempo de lectura":"2 minutos"},"schema":{"@context":"https:\/\/schema.org","@graph":[{"@type":"Article","@id":"https:\/\/www.eldiario.net\/portal\/2024\/10\/29\/nadia-cruz-renuncia-como-viceministra-rechaza-participar-de-una-agenda-politica\/#article","isPartOf":{"@id":"https:\/\/www.eldiario.net\/portal\/2024\/10\/29\/nadia-cruz-renuncia-como-viceministra-rechaza-participar-de-una-agenda-politica\/"},"author":{"name":"Jeanette","@id":"https:\/\/www.eldiario.net\/portal\/#\/schema\/person\/f46445640444750d7d753ccd04ae01b7"},"headline":"Nadia Cruz renuncia como Viceministra; rechaza participar de una \u201cagenda pol\u00edtica\u201d","datePublished":"2024-10-29T10:10:11+00:00","mainEntityOfPage":{"@id":"https:\/\/www.eldiario.net\/portal\/2024\/10\/29\/nadia-cruz-renuncia-como-viceministra-rechaza-participar-de-una-agenda-politica\/"},"wordCount":197,"publisher":{"@id":"https:\/\/www.eldiario.net\/portal\/#organization"},"image":{"@id":"https:\/\/www.eldiario.net\/portal\/2024\/10\/29\/nadia-cruz-renuncia-como-viceministra-rechaza-participar-de-una-agenda-politica\/#primaryimage"},"thumbnailUrl":"https:\/\/www.eldiario.net\/portal\/wp-content\/uploads\/2024\/10\/SUXO-FOTO.jpg","articleSection":["Econom\u00eda"],"inLanguage":"es"},{"@type":"WebPage","@id":"https:\/\/www.eldiario.net\/portal\/2024\/10\/29\/nadia-cruz-renuncia-como-viceministra-rechaza-participar-de-una-agenda-politica\/","url":"https:\/\/www.eldiario.net\/portal\/2024\/10\/29\/nadia-cruz-renuncia-como-viceministra-rechaza-participar-de-una-agenda-politica\/","name":"Nadia Cruz renuncia como Viceministra; rechaza participar de una \u201cagenda pol\u00edtica\u201d - El Diario - Bolivia","isPartOf":{"@id":"https:\/\/www.eldiario.net\/portal\/#website"},"primaryImageOfPage":{"@id":"https:\/\/www.eldiario.net\/portal\/2024\/10\/29\/nadia-cruz-renuncia-como-viceministra-rechaza-participar-de-una-agenda-politica\/#primaryimage"},"image":{"@id":"https:\/\/www.eldiario.net\/portal\/2024\/10\/29\/nadia-cruz-renuncia-como-viceministra-rechaza-participar-de-una-agenda-politica\/#primaryimage"},"thumbnailUrl":"https:\/\/www.eldiario.net\/portal\/wp-content\/uploads\/2024\/10\/SUXO-FOTO.jpg","datePublished":"2024-10-29T10:10:11+00:00","breadcrumb":{"@id":"https:\/\/www.eldiario.net\/portal\/2024\/10\/29\/nadia-cruz-renuncia-como-viceministra-rechaza-participar-de-una-agenda-politica\/#breadcrumb"},"inLanguage":"es","potentialAction":[{"@type":"ReadAction","target":["https:\/\/www.eldiario.net\/portal\/2024\/10\/29\/nadia-cruz-renuncia-como-viceministra-rechaza-participar-de-una-agenda-politica\/"]}]},{"@type":"ImageObject","inLanguage":"es","@id":"https:\/\/www.eldiario.net\/portal\/2024\/10\/29\/nadia-cruz-renuncia-como-viceministra-rechaza-participar-de-una-agenda-politica\/#primaryimage","url":"https:\/\/www.eldiario.net\/portal\/wp-content\/uploads\/2024\/10\/SUXO-FOTO.jpg","contentUrl":"https:\/\/www.eldiario.net\/portal\/wp-content\/uploads\/2024\/10\/SUXO-FOTO.jpg","width":900,"height":640,"caption":"La carta de renuncia fue presentada ayer. Foto: Erbol"},{"@type":"BreadcrumbList","@id":"https:\/\/www.eldiario.net\/portal\/2024\/10\/29\/nadia-cruz-renuncia-como-viceministra-rechaza-participar-de-una-agenda-politica\/#breadcrumb","itemListElement":[{"@type":"ListItem","position":1,"name":"Portada","item":"https:\/\/www.eldiario.net\/portal\/"},{"@type":"ListItem","position":2,"name":"Nadia Cruz renuncia como Viceministra; rechaza participar de una \u201cagenda pol\u00edtica\u201d"}]},{"@type":"WebSite","@id":"https:\/\/www.eldiario.net\/portal\/#website","url":"https:\/\/www.eldiario.net\/portal\/","name":"El Diario - Decano de la prensa nacional","description":"El Diario - Decano de la prensa nacional","publisher":{"@id":"https:\/\/www.eldiario.net\/portal\/#organization"},"potentialAction":[{"@type":"SearchAction","target":{"@type":"EntryPoint","urlTemplate":"https:\/\/www.eldiario.net\/portal\/?s={search_term_string}"},"query-input":{"@type":"PropertyValueSpecification","valueRequired":true,"valueName":"search_term_string"}}],"inLanguage":"es"},{"@type":"Organization","@id":"https:\/\/www.eldiario.net\/portal\/#organization","name":"El Diario - Decano de la prensa nacional","url":"https:\/\/www.eldiario.net\/portal\/","logo":{"@type":"ImageObject","inLanguage":"es","@id":"https:\/\/www.eldiario.net\/portal\/#\/schema\/logo\/image\/","url":"https:\/\/www.eldiario.net\/portal\/wp-content\/uploads\/2023\/07\/logo_ED.jpg","contentUrl":"https:\/\/www.eldiario.net\/portal\/wp-content\/uploads\/2023\/07\/logo_ED.jpg","width":272,"height":52,"caption":"El Diario - Decano de la prensa nacional"},"image":{"@id":"https:\/\/www.eldiario.net\/portal\/#\/schema\/logo\/image\/"},"sameAs":["https:\/\/www.facebook.com\/eldiario.bolivia\/","https:\/\/x.com\/eldiario_net"]},{"@type":"Person","@id":"https:\/\/www.eldiario.net\/portal\/#\/schema\/person\/f46445640444750d7d753ccd04ae01b7","name":"Jeanette","image":{"@type":"ImageObject","inLanguage":"es","@id":"https:\/\/secure.gravatar.com\/avatar\/3ea2118a5f7dad2b7138b1187a6b7ee55f160b9968b66013c3a3ef39dd7e5798?s=96&d=mm&r=g","url":"https:\/\/secure.gravatar.com\/avatar\/3ea2118a5f7dad2b7138b1187a6b7ee55f160b9968b66013c3a3ef39dd7e5798?s=96&d=mm&r=g","contentUrl":"https:\/\/secure.gravatar.com\/avatar\/3ea2118a5f7dad2b7138b1187a6b7ee55f160b9968b66013c3a3ef39dd7e5798?s=96&d=mm&r=g","caption":"Jeanette"},"sameAs":["https:\/\/www.eldiario.net\/portal"],"url":"https:\/\/www.eldiario.net\/portal\/author\/jeanette\/"}]}},"_links":{"self":[{"href":"https:\/\/www.eldiario.net\/portal\/wp-json\/wp\/v2\/posts\/257241","targetHints":{"allow":["GET"]}}],"collection":[{"href":"https:\/\/www.eldiario.net\/portal\/wp-json\/wp\/v2\/posts"}],"about":[{"href":"https:\/\/www.eldiario.net\/portal\/wp-json\/wp\/v2\/types\/post"}],"author":[{"embeddable":true,"href":"https:\/\/www.eldiario.net\/portal\/wp-json\/wp\/v2\/users\/1"}],"replies":[{"embeddable":true,"href":"https:\/\/www.eldiario.net\/portal\/wp-json\/wp\/v2\/comments?post=257241"}],"version-history":[{"count":1,"href":"https:\/\/www.eldiario.net\/portal\/wp-json\/wp\/v2\/posts\/257241\/revisions"}],"predecessor-version":[{"id":257243,"href":"https:\/\/www.eldiario.net\/portal\/wp-json\/wp\/v2\/posts\/257241\/revisions\/257243"}],"wp:featuredmedia":[{"embeddable":true,"href":"https:\/\/www.eldiario.net\/portal\/wp-json\/wp\/v2\/media\/257242"}],"wp:attachment":[{"href":"https:\/\/www.eldiario.net\/portal\/wp-json\/wp\/v2\/media?parent=257241"}],"wp:term":[{"taxonomy":"category","embeddable":true,"href":"https:\/\/www.eldiario.net\/portal\/wp-json\/wp\/v2\/categories?post=257241"},{"taxonomy":"post_tag","embeddable":true,"href":"https:\/\/www.eldiario.net\/portal\/wp-json\/wp\/v2\/tags?post=257241"}],"curies":[{"name":"wp","href":"https:\/\/api.w.org\/{rel}","templated":true}]}}