{"id":257238,"date":"2024-10-29T06:09:10","date_gmt":"2024-10-29T10:09:10","guid":{"rendered":"https:\/\/www.eldiario.net\/portal\/?p=257238"},"modified":"2024-10-29T06:09:10","modified_gmt":"2024-10-29T10:09:10","slug":"campana-entregara-certificados-para-calificacion-de-discapacidad","status":"publish","type":"post","link":"https:\/\/www.eldiario.net\/portal\/2024\/10\/29\/campana-entregara-certificados-para-calificacion-de-discapacidad\/","title":{"rendered":"Campa\u00f1a entregar\u00e1 certificados  para calificaci\u00f3n de discapacidad"},"content":{"rendered":"<p>Para que personas con discapacidad accedan f\u00e1cilmente a uno de los requisitos de Calificaci\u00f3n, el Ministerio de Salud y Deportes desarrolla la Campa\u00f1a de Emisi\u00f3n de Certificados M\u00e9dicos por Especialidad en todo el pa\u00eds y, al momento, ya se benefici\u00f3 a m\u00e1s de 17.000 personas con discapacidad. Desde este 28 y hasta el 30 de octubre est\u00e1n en el municipio de Caranavi del departamento de La Paz.<\/p>\n<p>\u201cNos desplazamos al municipio de Caranavi para realizar la atenci\u00f3n con especialistas en Neurolog\u00eda, Medicina F\u00edsica y rehabilitaci\u00f3n y Fonoaudiolog\u00eda, dirigida a todas las personas que tengan alg\u00fan tipo de deficiencia y quieran acceder a la evaluaci\u00f3n, con el fin de obtener por primera vez o renovar el carnet de discapacidad. Durante la gesti\u00f3n del presidente del Estado, Luis Arce, ya extendimos m\u00e1s de 17.000 certificados\u201d, precis\u00f3 la jefa de la Unidad de Gesti\u00f3n de Pol\u00edticas de Discapacidad, Blanca Condori.<\/p>\n<p>Para iniciar el procedimiento de calificaci\u00f3n de discapacidad se debe tener un certificado m\u00e9dico de acuerdo a la deficiencia que tiene la persona, emitida por un m\u00e9dico general o un especialista en Neurolog\u00eda, Medicina F\u00edsica y rehabilitaci\u00f3n o Fonoaudiolog\u00eda; el segundo requisito es la fotocopia del carnet de identidad y finalmente, el croquis del domicilio. Estos tres requisitos deben ser presentados al equipo de calificaci\u00f3n para que determinen el tipo, grado y porcentaje de discapacidad.<\/p>\n<p>Existen cuatro grados de discapacidad: leve, moderado, grave y muy grave. Solo los tres \u00faltimos pueden acceder al carnet de discapacidad.<\/p>\n<p>Al respecto, Condori explic\u00f3 que tres especialistas arribaron a la poblaci\u00f3n de Caranavi para atender a un estimado de 270 personas en tres jornadas (del 28 al 30 de octubre), es decir, a unas 90 personas por d\u00eda.<\/p>\n<p>Seg\u00fan el ministerio de Salud, estas campa\u00f1as de Emisi\u00f3n de Certificados M\u00e9dicos se concretaron en los nueve departamentos del pa\u00eds, previa coordinaci\u00f3n con la Federaci\u00f3n de Personas con Discapacidad y los Servicios Departamentales de Salud (Sedes).<\/p>\n<p>Para cualquier consulta, la Unidad de Gesti\u00f3n de Pol\u00edticas de Discapacidad del Ministerio de Salud y Deportes habilit\u00f3 la l\u00ednea gratuita 800105999.<\/p>\n","protected":false},"excerpt":{"rendered":"<p>Para que personas con discapacidad accedan f\u00e1cilmente a uno de los requisitos de Calificaci\u00f3n, el Ministerio de Salud y Deportes desarrolla la Campa\u00f1a de Emisi\u00f3n de Certificados M\u00e9dicos por Especialidad en todo el pa\u00eds y, al momento, ya se benefici\u00f3 a m\u00e1s de 17.000 personas con discapacidad. Desde este 28 y hasta el 30 de [&hellip;]<\/p>\n","protected":false},"author":1,"featured_media":257239,"comment_status":"closed","ping_status":"open","sticky":false,"template":"","format":"standard","meta":{"_acf_changed":false,"footnotes":""},"categories":[12],"tags":[],"class_list":["post-257238","post","type-post","status-publish","format-standard","has-post-thumbnail","category-nacional"],"acf":{"antetitulo":""},"yoast_head":"<!-- This site is optimized with the Yoast SEO plugin v28.4 - https:\/\/yoast.com\/product\/yoast-seo-wordpress\/ -->\n<title>Campa\u00f1a entregar\u00e1 certificados para calificaci\u00f3n de discapacidad - El Diario - Bolivia<\/title>\n<meta name=\"robots\" content=\"index, follow, max-snippet:-1, max-image-preview:large, max-video-preview:-1\" \/>\n<link rel=\"canonical\" href=\"https:\/\/www.eldiario.net\/portal\/2024\/10\/29\/campana-entregara-certificados-para-calificacion-de-discapacidad\/\" \/>\n<meta property=\"og:locale\" content=\"es_ES\" \/>\n<meta property=\"og:type\" content=\"article\" \/>\n<meta property=\"og:title\" content=\"Campa\u00f1a entregar\u00e1 certificados para calificaci\u00f3n de discapacidad - El Diario - Bolivia\" \/>\n<meta property=\"og:description\" content=\"Para que personas con discapacidad accedan f\u00e1cilmente a uno de los requisitos de Calificaci\u00f3n, el Ministerio de Salud y Deportes desarrolla la Campa\u00f1a de Emisi\u00f3n de Certificados M\u00e9dicos por Especialidad en todo el pa\u00eds y, al momento, ya se benefici\u00f3 a m\u00e1s de 17.000 personas con discapacidad. Desde este 28 y hasta el 30 de [&hellip;]\" \/>\n<meta property=\"og:url\" content=\"https:\/\/www.eldiario.net\/portal\/2024\/10\/29\/campana-entregara-certificados-para-calificacion-de-discapacidad\/\" \/>\n<meta property=\"og:site_name\" content=\"El Diario - Bolivia\" \/>\n<meta property=\"article:publisher\" content=\"https:\/\/www.facebook.com\/eldiario.bolivia\/\" \/>\n<meta property=\"article:published_time\" content=\"2024-10-29T10:09:10+00:00\" \/>\n<meta property=\"og:image\" content=\"https:\/\/www.eldiario.net\/portal\/wp-content\/uploads\/2024\/10\/CAMPANA-FOTO-1.jpg\" \/>\n\t<meta property=\"og:image:width\" content=\"1200\" \/>\n\t<meta property=\"og:image:height\" content=\"982\" \/>\n\t<meta property=\"og:image:type\" content=\"image\/jpeg\" \/>\n<meta name=\"author\" content=\"Jeanette\" \/>\n<meta name=\"twitter:card\" content=\"summary_large_image\" \/>\n<meta name=\"twitter:creator\" content=\"@eldiario_net\" \/>\n<meta name=\"twitter:site\" content=\"@eldiario_net\" \/>\n<meta name=\"twitter:label1\" content=\"Escrito por\" \/>\n\t<meta name=\"twitter:data1\" content=\"Jeanette\" \/>\n\t<meta name=\"twitter:label2\" content=\"Tiempo de lectura\" \/>\n\t<meta name=\"twitter:data2\" content=\"2 minutos\" \/>\n<script type=\"application\/ld+json\" class=\"yoast-schema-graph\">{\"@context\":\"https:\\\/\\\/schema.org\",\"@graph\":[{\"@type\":\"Article\",\"@id\":\"https:\\\/\\\/www.eldiario.net\\\/portal\\\/2024\\\/10\\\/29\\\/campana-entregara-certificados-para-calificacion-de-discapacidad\\\/#article\",\"isPartOf\":{\"@id\":\"https:\\\/\\\/www.eldiario.net\\\/portal\\\/2024\\\/10\\\/29\\\/campana-entregara-certificados-para-calificacion-de-discapacidad\\\/\"},\"author\":{\"name\":\"Jeanette\",\"@id\":\"https:\\\/\\\/www.eldiario.net\\\/portal\\\/#\\\/schema\\\/person\\\/f46445640444750d7d753ccd04ae01b7\"},\"headline\":\"Campa\u00f1a entregar\u00e1 certificados para calificaci\u00f3n de discapacidad\",\"datePublished\":\"2024-10-29T10:09:10+00:00\",\"mainEntityOfPage\":{\"@id\":\"https:\\\/\\\/www.eldiario.net\\\/portal\\\/2024\\\/10\\\/29\\\/campana-entregara-certificados-para-calificacion-de-discapacidad\\\/\"},\"wordCount\":378,\"publisher\":{\"@id\":\"https:\\\/\\\/www.eldiario.net\\\/portal\\\/#organization\"},\"image\":{\"@id\":\"https:\\\/\\\/www.eldiario.net\\\/portal\\\/2024\\\/10\\\/29\\\/campana-entregara-certificados-para-calificacion-de-discapacidad\\\/#primaryimage\"},\"thumbnailUrl\":\"https:\\\/\\\/www.eldiario.net\\\/portal\\\/wp-content\\\/uploads\\\/2024\\\/10\\\/CAMPANA-FOTO-1.jpg\",\"articleSection\":[\"Nacional\"],\"inLanguage\":\"es\"},{\"@type\":\"WebPage\",\"@id\":\"https:\\\/\\\/www.eldiario.net\\\/portal\\\/2024\\\/10\\\/29\\\/campana-entregara-certificados-para-calificacion-de-discapacidad\\\/\",\"url\":\"https:\\\/\\\/www.eldiario.net\\\/portal\\\/2024\\\/10\\\/29\\\/campana-entregara-certificados-para-calificacion-de-discapacidad\\\/\",\"name\":\"Campa\u00f1a entregar\u00e1 certificados para calificaci\u00f3n de discapacidad - El Diario - Bolivia\",\"isPartOf\":{\"@id\":\"https:\\\/\\\/www.eldiario.net\\\/portal\\\/#website\"},\"primaryImageOfPage\":{\"@id\":\"https:\\\/\\\/www.eldiario.net\\\/portal\\\/2024\\\/10\\\/29\\\/campana-entregara-certificados-para-calificacion-de-discapacidad\\\/#primaryimage\"},\"image\":{\"@id\":\"https:\\\/\\\/www.eldiario.net\\\/portal\\\/2024\\\/10\\\/29\\\/campana-entregara-certificados-para-calificacion-de-discapacidad\\\/#primaryimage\"},\"thumbnailUrl\":\"https:\\\/\\\/www.eldiario.net\\\/portal\\\/wp-content\\\/uploads\\\/2024\\\/10\\\/CAMPANA-FOTO-1.jpg\",\"datePublished\":\"2024-10-29T10:09:10+00:00\",\"breadcrumb\":{\"@id\":\"https:\\\/\\\/www.eldiario.net\\\/portal\\\/2024\\\/10\\\/29\\\/campana-entregara-certificados-para-calificacion-de-discapacidad\\\/#breadcrumb\"},\"inLanguage\":\"es\",\"potentialAction\":[{\"@type\":\"ReadAction\",\"target\":[\"https:\\\/\\\/www.eldiario.net\\\/portal\\\/2024\\\/10\\\/29\\\/campana-entregara-certificados-para-calificacion-de-discapacidad\\\/\"]}]},{\"@type\":\"ImageObject\",\"inLanguage\":\"es\",\"@id\":\"https:\\\/\\\/www.eldiario.net\\\/portal\\\/2024\\\/10\\\/29\\\/campana-entregara-certificados-para-calificacion-de-discapacidad\\\/#primaryimage\",\"url\":\"https:\\\/\\\/www.eldiario.net\\\/portal\\\/wp-content\\\/uploads\\\/2024\\\/10\\\/CAMPANA-FOTO-1.jpg\",\"contentUrl\":\"https:\\\/\\\/www.eldiario.net\\\/portal\\\/wp-content\\\/uploads\\\/2024\\\/10\\\/CAMPANA-FOTO-1.jpg\",\"width\":1200,\"height\":982,\"caption\":\"Profesionales atienden a personas con discapacidad en Caranavi. Cr\u00e9dito: Ministerio de Salud\"},{\"@type\":\"BreadcrumbList\",\"@id\":\"https:\\\/\\\/www.eldiario.net\\\/portal\\\/2024\\\/10\\\/29\\\/campana-entregara-certificados-para-calificacion-de-discapacidad\\\/#breadcrumb\",\"itemListElement\":[{\"@type\":\"ListItem\",\"position\":1,\"name\":\"Portada\",\"item\":\"https:\\\/\\\/www.eldiario.net\\\/portal\\\/\"},{\"@type\":\"ListItem\",\"position\":2,\"name\":\"Campa\u00f1a entregar\u00e1 certificados para calificaci\u00f3n de discapacidad\"}]},{\"@type\":\"WebSite\",\"@id\":\"https:\\\/\\\/www.eldiario.net\\\/portal\\\/#website\",\"url\":\"https:\\\/\\\/www.eldiario.net\\\/portal\\\/\",\"name\":\"El Diario - Decano de la prensa nacional\",\"description\":\"El Diario - Decano de la prensa nacional\",\"publisher\":{\"@id\":\"https:\\\/\\\/www.eldiario.net\\\/portal\\\/#organization\"},\"potentialAction\":[{\"@type\":\"SearchAction\",\"target\":{\"@type\":\"EntryPoint\",\"urlTemplate\":\"https:\\\/\\\/www.eldiario.net\\\/portal\\\/?s={search_term_string}\"},\"query-input\":{\"@type\":\"PropertyValueSpecification\",\"valueRequired\":true,\"valueName\":\"search_term_string\"}}],\"inLanguage\":\"es\"},{\"@type\":\"Organization\",\"@id\":\"https:\\\/\\\/www.eldiario.net\\\/portal\\\/#organization\",\"name\":\"El Diario - Decano de la prensa nacional\",\"url\":\"https:\\\/\\\/www.eldiario.net\\\/portal\\\/\",\"logo\":{\"@type\":\"ImageObject\",\"inLanguage\":\"es\",\"@id\":\"https:\\\/\\\/www.eldiario.net\\\/portal\\\/#\\\/schema\\\/logo\\\/image\\\/\",\"url\":\"https:\\\/\\\/www.eldiario.net\\\/portal\\\/wp-content\\\/uploads\\\/2023\\\/07\\\/logo_ED.jpg\",\"contentUrl\":\"https:\\\/\\\/www.eldiario.net\\\/portal\\\/wp-content\\\/uploads\\\/2023\\\/07\\\/logo_ED.jpg\",\"width\":272,\"height\":52,\"caption\":\"El Diario - Decano de la prensa nacional\"},\"image\":{\"@id\":\"https:\\\/\\\/www.eldiario.net\\\/portal\\\/#\\\/schema\\\/logo\\\/image\\\/\"},\"sameAs\":[\"https:\\\/\\\/www.facebook.com\\\/eldiario.bolivia\\\/\",\"https:\\\/\\\/x.com\\\/eldiario_net\"]},{\"@type\":\"Person\",\"@id\":\"https:\\\/\\\/www.eldiario.net\\\/portal\\\/#\\\/schema\\\/person\\\/f46445640444750d7d753ccd04ae01b7\",\"name\":\"Jeanette\",\"image\":{\"@type\":\"ImageObject\",\"inLanguage\":\"es\",\"@id\":\"https:\\\/\\\/secure.gravatar.com\\\/avatar\\\/3ea2118a5f7dad2b7138b1187a6b7ee55f160b9968b66013c3a3ef39dd7e5798?s=96&d=mm&r=g\",\"url\":\"https:\\\/\\\/secure.gravatar.com\\\/avatar\\\/3ea2118a5f7dad2b7138b1187a6b7ee55f160b9968b66013c3a3ef39dd7e5798?s=96&d=mm&r=g\",\"contentUrl\":\"https:\\\/\\\/secure.gravatar.com\\\/avatar\\\/3ea2118a5f7dad2b7138b1187a6b7ee55f160b9968b66013c3a3ef39dd7e5798?s=96&d=mm&r=g\",\"caption\":\"Jeanette\"},\"sameAs\":[\"https:\\\/\\\/www.eldiario.net\\\/portal\"],\"url\":\"https:\\\/\\\/www.eldiario.net\\\/portal\\\/author\\\/jeanette\\\/\"}]}<\/script>\n<!-- \/ Yoast SEO plugin. -->","yoast_head_json":{"title":"Campa\u00f1a entregar\u00e1 certificados para calificaci\u00f3n de discapacidad - El Diario - Bolivia","robots":{"index":"index","follow":"follow","max-snippet":"max-snippet:-1","max-image-preview":"max-image-preview:large","max-video-preview":"max-video-preview:-1"},"canonical":"https:\/\/www.eldiario.net\/portal\/2024\/10\/29\/campana-entregara-certificados-para-calificacion-de-discapacidad\/","og_locale":"es_ES","og_type":"article","og_title":"Campa\u00f1a entregar\u00e1 certificados para calificaci\u00f3n de discapacidad - El Diario - Bolivia","og_description":"Para que personas con discapacidad accedan f\u00e1cilmente a uno de los requisitos de Calificaci\u00f3n, el Ministerio de Salud y Deportes desarrolla la Campa\u00f1a de Emisi\u00f3n de Certificados M\u00e9dicos por Especialidad en todo el pa\u00eds y, al momento, ya se benefici\u00f3 a m\u00e1s de 17.000 personas con discapacidad. Desde este 28 y hasta el 30 de [&hellip;]","og_url":"https:\/\/www.eldiario.net\/portal\/2024\/10\/29\/campana-entregara-certificados-para-calificacion-de-discapacidad\/","og_site_name":"El Diario - Bolivia","article_publisher":"https:\/\/www.facebook.com\/eldiario.bolivia\/","article_published_time":"2024-10-29T10:09:10+00:00","og_image":[{"width":1200,"height":982,"url":"https:\/\/www.eldiario.net\/portal\/wp-content\/uploads\/2024\/10\/CAMPANA-FOTO-1.jpg","type":"image\/jpeg"}],"author":"Jeanette","twitter_card":"summary_large_image","twitter_creator":"@eldiario_net","twitter_site":"@eldiario_net","twitter_misc":{"Escrito por":"Jeanette","Tiempo de lectura":"2 minutos"},"schema":{"@context":"https:\/\/schema.org","@graph":[{"@type":"Article","@id":"https:\/\/www.eldiario.net\/portal\/2024\/10\/29\/campana-entregara-certificados-para-calificacion-de-discapacidad\/#article","isPartOf":{"@id":"https:\/\/www.eldiario.net\/portal\/2024\/10\/29\/campana-entregara-certificados-para-calificacion-de-discapacidad\/"},"author":{"name":"Jeanette","@id":"https:\/\/www.eldiario.net\/portal\/#\/schema\/person\/f46445640444750d7d753ccd04ae01b7"},"headline":"Campa\u00f1a entregar\u00e1 certificados para calificaci\u00f3n de discapacidad","datePublished":"2024-10-29T10:09:10+00:00","mainEntityOfPage":{"@id":"https:\/\/www.eldiario.net\/portal\/2024\/10\/29\/campana-entregara-certificados-para-calificacion-de-discapacidad\/"},"wordCount":378,"publisher":{"@id":"https:\/\/www.eldiario.net\/portal\/#organization"},"image":{"@id":"https:\/\/www.eldiario.net\/portal\/2024\/10\/29\/campana-entregara-certificados-para-calificacion-de-discapacidad\/#primaryimage"},"thumbnailUrl":"https:\/\/www.eldiario.net\/portal\/wp-content\/uploads\/2024\/10\/CAMPANA-FOTO-1.jpg","articleSection":["Nacional"],"inLanguage":"es"},{"@type":"WebPage","@id":"https:\/\/www.eldiario.net\/portal\/2024\/10\/29\/campana-entregara-certificados-para-calificacion-de-discapacidad\/","url":"https:\/\/www.eldiario.net\/portal\/2024\/10\/29\/campana-entregara-certificados-para-calificacion-de-discapacidad\/","name":"Campa\u00f1a entregar\u00e1 certificados para calificaci\u00f3n de discapacidad - El Diario - Bolivia","isPartOf":{"@id":"https:\/\/www.eldiario.net\/portal\/#website"},"primaryImageOfPage":{"@id":"https:\/\/www.eldiario.net\/portal\/2024\/10\/29\/campana-entregara-certificados-para-calificacion-de-discapacidad\/#primaryimage"},"image":{"@id":"https:\/\/www.eldiario.net\/portal\/2024\/10\/29\/campana-entregara-certificados-para-calificacion-de-discapacidad\/#primaryimage"},"thumbnailUrl":"https:\/\/www.eldiario.net\/portal\/wp-content\/uploads\/2024\/10\/CAMPANA-FOTO-1.jpg","datePublished":"2024-10-29T10:09:10+00:00","breadcrumb":{"@id":"https:\/\/www.eldiario.net\/portal\/2024\/10\/29\/campana-entregara-certificados-para-calificacion-de-discapacidad\/#breadcrumb"},"inLanguage":"es","potentialAction":[{"@type":"ReadAction","target":["https:\/\/www.eldiario.net\/portal\/2024\/10\/29\/campana-entregara-certificados-para-calificacion-de-discapacidad\/"]}]},{"@type":"ImageObject","inLanguage":"es","@id":"https:\/\/www.eldiario.net\/portal\/2024\/10\/29\/campana-entregara-certificados-para-calificacion-de-discapacidad\/#primaryimage","url":"https:\/\/www.eldiario.net\/portal\/wp-content\/uploads\/2024\/10\/CAMPANA-FOTO-1.jpg","contentUrl":"https:\/\/www.eldiario.net\/portal\/wp-content\/uploads\/2024\/10\/CAMPANA-FOTO-1.jpg","width":1200,"height":982,"caption":"Profesionales atienden a personas con discapacidad en Caranavi. Cr\u00e9dito: Ministerio de Salud"},{"@type":"BreadcrumbList","@id":"https:\/\/www.eldiario.net\/portal\/2024\/10\/29\/campana-entregara-certificados-para-calificacion-de-discapacidad\/#breadcrumb","itemListElement":[{"@type":"ListItem","position":1,"name":"Portada","item":"https:\/\/www.eldiario.net\/portal\/"},{"@type":"ListItem","position":2,"name":"Campa\u00f1a entregar\u00e1 certificados para calificaci\u00f3n de discapacidad"}]},{"@type":"WebSite","@id":"https:\/\/www.eldiario.net\/portal\/#website","url":"https:\/\/www.eldiario.net\/portal\/","name":"El Diario - Decano de la prensa nacional","description":"El Diario - Decano de la prensa nacional","publisher":{"@id":"https:\/\/www.eldiario.net\/portal\/#organization"},"potentialAction":[{"@type":"SearchAction","target":{"@type":"EntryPoint","urlTemplate":"https:\/\/www.eldiario.net\/portal\/?s={search_term_string}"},"query-input":{"@type":"PropertyValueSpecification","valueRequired":true,"valueName":"search_term_string"}}],"inLanguage":"es"},{"@type":"Organization","@id":"https:\/\/www.eldiario.net\/portal\/#organization","name":"El Diario - Decano de la prensa nacional","url":"https:\/\/www.eldiario.net\/portal\/","logo":{"@type":"ImageObject","inLanguage":"es","@id":"https:\/\/www.eldiario.net\/portal\/#\/schema\/logo\/image\/","url":"https:\/\/www.eldiario.net\/portal\/wp-content\/uploads\/2023\/07\/logo_ED.jpg","contentUrl":"https:\/\/www.eldiario.net\/portal\/wp-content\/uploads\/2023\/07\/logo_ED.jpg","width":272,"height":52,"caption":"El Diario - Decano de la prensa nacional"},"image":{"@id":"https:\/\/www.eldiario.net\/portal\/#\/schema\/logo\/image\/"},"sameAs":["https:\/\/www.facebook.com\/eldiario.bolivia\/","https:\/\/x.com\/eldiario_net"]},{"@type":"Person","@id":"https:\/\/www.eldiario.net\/portal\/#\/schema\/person\/f46445640444750d7d753ccd04ae01b7","name":"Jeanette","image":{"@type":"ImageObject","inLanguage":"es","@id":"https:\/\/secure.gravatar.com\/avatar\/3ea2118a5f7dad2b7138b1187a6b7ee55f160b9968b66013c3a3ef39dd7e5798?s=96&d=mm&r=g","url":"https:\/\/secure.gravatar.com\/avatar\/3ea2118a5f7dad2b7138b1187a6b7ee55f160b9968b66013c3a3ef39dd7e5798?s=96&d=mm&r=g","contentUrl":"https:\/\/secure.gravatar.com\/avatar\/3ea2118a5f7dad2b7138b1187a6b7ee55f160b9968b66013c3a3ef39dd7e5798?s=96&d=mm&r=g","caption":"Jeanette"},"sameAs":["https:\/\/www.eldiario.net\/portal"],"url":"https:\/\/www.eldiario.net\/portal\/author\/jeanette\/"}]}},"_links":{"self":[{"href":"https:\/\/www.eldiario.net\/portal\/wp-json\/wp\/v2\/posts\/257238","targetHints":{"allow":["GET"]}}],"collection":[{"href":"https:\/\/www.eldiario.net\/portal\/wp-json\/wp\/v2\/posts"}],"about":[{"href":"https:\/\/www.eldiario.net\/portal\/wp-json\/wp\/v2\/types\/post"}],"author":[{"embeddable":true,"href":"https:\/\/www.eldiario.net\/portal\/wp-json\/wp\/v2\/users\/1"}],"replies":[{"embeddable":true,"href":"https:\/\/www.eldiario.net\/portal\/wp-json\/wp\/v2\/comments?post=257238"}],"version-history":[{"count":1,"href":"https:\/\/www.eldiario.net\/portal\/wp-json\/wp\/v2\/posts\/257238\/revisions"}],"predecessor-version":[{"id":257240,"href":"https:\/\/www.eldiario.net\/portal\/wp-json\/wp\/v2\/posts\/257238\/revisions\/257240"}],"wp:featuredmedia":[{"embeddable":true,"href":"https:\/\/www.eldiario.net\/portal\/wp-json\/wp\/v2\/media\/257239"}],"wp:attachment":[{"href":"https:\/\/www.eldiario.net\/portal\/wp-json\/wp\/v2\/media?parent=257238"}],"wp:term":[{"taxonomy":"category","embeddable":true,"href":"https:\/\/www.eldiario.net\/portal\/wp-json\/wp\/v2\/categories?post=257238"},{"taxonomy":"post_tag","embeddable":true,"href":"https:\/\/www.eldiario.net\/portal\/wp-json\/wp\/v2\/tags?post=257238"}],"curies":[{"name":"wp","href":"https:\/\/api.w.org\/{rel}","templated":true}]}}