{"id":257235,"date":"2024-10-29T06:08:43","date_gmt":"2024-10-29T10:08:43","guid":{"rendered":"https:\/\/www.eldiario.net\/portal\/?p=257235"},"modified":"2024-10-29T06:08:43","modified_gmt":"2024-10-29T10:08:43","slug":"organizan-evento-para-recordar-y-conocer-a-los-ajayus-de-la-ciudad","status":"publish","type":"post","link":"https:\/\/www.eldiario.net\/portal\/2024\/10\/29\/organizan-evento-para-recordar-y-conocer-a-los-ajayus-de-la-ciudad\/","title":{"rendered":"Organizan evento para recordar y conocer a \u201cLos ajayus de la ciudad\u201d"},"content":{"rendered":"<p>Con el objetivo de rememorar y conocer personajes como el \u201cSullu\u201d, la \u201cAwicha\u201d sin hijos, el \u201cKari Kari\u201d y otros de las leyendas bolivianas, el municipio pace\u00f1o realizar\u00e1 entre el 1 y 3 de noviembre, en el parque de Pura Pura, la cuarta versi\u00f3n de \u201cLos Ajayus de la Ciudad\u201d, un evento al que podr\u00e1n asistir por Bs 20.<\/p>\n<p>De acuerdo con el alcalde de La Paz, Iv\u00e1n Arias, explic\u00f3 que ser\u00e1n m\u00e1s de 25 artistas que personificar\u00e1n a diferentes ajayus del pa\u00eds.\u00a0 Entre ellos, la Awicha sin hijos, una mujer de pollera que se llevaba a los ni\u00f1os de las plazas para convertirlos en gusanos, el esp\u00edritu del bosque, el t\u00edo, el Qati Qati o la cabeza voladora, entre otros.<\/p>\n<p>\u201cEstos artistas que nos van a hacer vivir momentos de mucho misterio y de terror\u201d, se\u00f1al\u00f3 la autoridad.<\/p>\n<p>En tanto, el director de Turismo, Luis Miranda, detall\u00f3 que la actividad se realizar\u00e1 entre el 1y 3 de noviembre desde las 18:30 hasta alrededor de las 24 horas. Al mismo tiempo, enfatiz\u00f3 que las entradas cuyo costo ser\u00e1 de Bs 20, se las vender\u00e1 en la boleter\u00eda del bosquecillo de Pura Pura.<\/p>\n<p>Se puntualiz\u00f3 que a este encuentro con personajes de las creencias bolivianas solo pueden ingresar mayores de 12 a\u00f1os. El recorrido tendr\u00e1 una extensi\u00f3n de m\u00e1s de un kil\u00f3metro y medio, en cuyo trayecto se instalar\u00e1n seis estaciones perfectamente adecuadas con las tem\u00e1ticas de misterio y suspenso.<\/p>\n","protected":false},"excerpt":{"rendered":"<p>Con el objetivo de rememorar y conocer personajes como el \u201cSullu\u201d, la \u201cAwicha\u201d sin hijos, el \u201cKari Kari\u201d y otros de las leyendas bolivianas, el municipio pace\u00f1o realizar\u00e1 entre el 1 y 3 de noviembre, en el parque de Pura Pura, la cuarta versi\u00f3n de \u201cLos Ajayus de la Ciudad\u201d, un evento al que podr\u00e1n [&hellip;]<\/p>\n","protected":false},"author":1,"featured_media":257236,"comment_status":"closed","ping_status":"open","sticky":false,"template":"","format":"standard","meta":{"_acf_changed":false,"footnotes":""},"categories":[12],"tags":[],"class_list":["post-257235","post","type-post","status-publish","format-standard","has-post-thumbnail","category-nacional"],"acf":{"antetitulo":""},"yoast_head":"<!-- This site is optimized with the Yoast SEO plugin v28.3 - https:\/\/yoast.com\/product\/yoast-seo-wordpress\/ -->\n<title>Organizan evento para recordar y conocer a \u201cLos ajayus de la ciudad\u201d - El Diario - Bolivia<\/title>\n<meta name=\"robots\" content=\"index, follow, max-snippet:-1, max-image-preview:large, max-video-preview:-1\" \/>\n<link rel=\"canonical\" href=\"https:\/\/www.eldiario.net\/portal\/2024\/10\/29\/organizan-evento-para-recordar-y-conocer-a-los-ajayus-de-la-ciudad\/\" \/>\n<meta property=\"og:locale\" content=\"es_ES\" \/>\n<meta property=\"og:type\" content=\"article\" \/>\n<meta property=\"og:title\" content=\"Organizan evento para recordar y conocer a \u201cLos ajayus de la ciudad\u201d - El Diario - Bolivia\" \/>\n<meta property=\"og:description\" content=\"Con el objetivo de rememorar y conocer personajes como el \u201cSullu\u201d, la \u201cAwicha\u201d sin hijos, el \u201cKari Kari\u201d y otros de las leyendas bolivianas, el municipio pace\u00f1o realizar\u00e1 entre el 1 y 3 de noviembre, en el parque de Pura Pura, la cuarta versi\u00f3n de \u201cLos Ajayus de la Ciudad\u201d, un evento al que podr\u00e1n [&hellip;]\" \/>\n<meta property=\"og:url\" content=\"https:\/\/www.eldiario.net\/portal\/2024\/10\/29\/organizan-evento-para-recordar-y-conocer-a-los-ajayus-de-la-ciudad\/\" \/>\n<meta property=\"og:site_name\" content=\"El Diario - Bolivia\" \/>\n<meta property=\"article:publisher\" content=\"https:\/\/www.facebook.com\/eldiario.bolivia\/\" \/>\n<meta property=\"article:published_time\" content=\"2024-10-29T10:08:43+00:00\" \/>\n<meta property=\"og:image\" content=\"https:\/\/www.eldiario.net\/portal\/wp-content\/uploads\/2024\/10\/EVENTO-FOTO.jpg\" \/>\n\t<meta property=\"og:image:width\" content=\"1200\" \/>\n\t<meta property=\"og:image:height\" content=\"800\" \/>\n\t<meta property=\"og:image:type\" content=\"image\/jpeg\" \/>\n<meta name=\"author\" content=\"Jeanette\" \/>\n<meta name=\"twitter:card\" content=\"summary_large_image\" \/>\n<meta name=\"twitter:creator\" content=\"@eldiario_net\" \/>\n<meta name=\"twitter:site\" content=\"@eldiario_net\" \/>\n<meta name=\"twitter:label1\" content=\"Escrito por\" \/>\n\t<meta name=\"twitter:data1\" content=\"Jeanette\" \/>\n\t<meta name=\"twitter:label2\" content=\"Tiempo de lectura\" \/>\n\t<meta name=\"twitter:data2\" content=\"2 minutos\" \/>\n<script type=\"application\/ld+json\" class=\"yoast-schema-graph\">{\"@context\":\"https:\\\/\\\/schema.org\",\"@graph\":[{\"@type\":\"Article\",\"@id\":\"https:\\\/\\\/www.eldiario.net\\\/portal\\\/2024\\\/10\\\/29\\\/organizan-evento-para-recordar-y-conocer-a-los-ajayus-de-la-ciudad\\\/#article\",\"isPartOf\":{\"@id\":\"https:\\\/\\\/www.eldiario.net\\\/portal\\\/2024\\\/10\\\/29\\\/organizan-evento-para-recordar-y-conocer-a-los-ajayus-de-la-ciudad\\\/\"},\"author\":{\"name\":\"Jeanette\",\"@id\":\"https:\\\/\\\/www.eldiario.net\\\/portal\\\/#\\\/schema\\\/person\\\/f46445640444750d7d753ccd04ae01b7\"},\"headline\":\"Organizan evento para recordar y conocer a \u201cLos ajayus de la ciudad\u201d\",\"datePublished\":\"2024-10-29T10:08:43+00:00\",\"mainEntityOfPage\":{\"@id\":\"https:\\\/\\\/www.eldiario.net\\\/portal\\\/2024\\\/10\\\/29\\\/organizan-evento-para-recordar-y-conocer-a-los-ajayus-de-la-ciudad\\\/\"},\"wordCount\":261,\"publisher\":{\"@id\":\"https:\\\/\\\/www.eldiario.net\\\/portal\\\/#organization\"},\"image\":{\"@id\":\"https:\\\/\\\/www.eldiario.net\\\/portal\\\/2024\\\/10\\\/29\\\/organizan-evento-para-recordar-y-conocer-a-los-ajayus-de-la-ciudad\\\/#primaryimage\"},\"thumbnailUrl\":\"https:\\\/\\\/www.eldiario.net\\\/portal\\\/wp-content\\\/uploads\\\/2024\\\/10\\\/EVENTO-FOTO.jpg\",\"articleSection\":[\"Nacional\"],\"inLanguage\":\"es\"},{\"@type\":\"WebPage\",\"@id\":\"https:\\\/\\\/www.eldiario.net\\\/portal\\\/2024\\\/10\\\/29\\\/organizan-evento-para-recordar-y-conocer-a-los-ajayus-de-la-ciudad\\\/\",\"url\":\"https:\\\/\\\/www.eldiario.net\\\/portal\\\/2024\\\/10\\\/29\\\/organizan-evento-para-recordar-y-conocer-a-los-ajayus-de-la-ciudad\\\/\",\"name\":\"Organizan evento para recordar y conocer a \u201cLos ajayus de la ciudad\u201d - El Diario - Bolivia\",\"isPartOf\":{\"@id\":\"https:\\\/\\\/www.eldiario.net\\\/portal\\\/#website\"},\"primaryImageOfPage\":{\"@id\":\"https:\\\/\\\/www.eldiario.net\\\/portal\\\/2024\\\/10\\\/29\\\/organizan-evento-para-recordar-y-conocer-a-los-ajayus-de-la-ciudad\\\/#primaryimage\"},\"image\":{\"@id\":\"https:\\\/\\\/www.eldiario.net\\\/portal\\\/2024\\\/10\\\/29\\\/organizan-evento-para-recordar-y-conocer-a-los-ajayus-de-la-ciudad\\\/#primaryimage\"},\"thumbnailUrl\":\"https:\\\/\\\/www.eldiario.net\\\/portal\\\/wp-content\\\/uploads\\\/2024\\\/10\\\/EVENTO-FOTO.jpg\",\"datePublished\":\"2024-10-29T10:08:43+00:00\",\"breadcrumb\":{\"@id\":\"https:\\\/\\\/www.eldiario.net\\\/portal\\\/2024\\\/10\\\/29\\\/organizan-evento-para-recordar-y-conocer-a-los-ajayus-de-la-ciudad\\\/#breadcrumb\"},\"inLanguage\":\"es\",\"potentialAction\":[{\"@type\":\"ReadAction\",\"target\":[\"https:\\\/\\\/www.eldiario.net\\\/portal\\\/2024\\\/10\\\/29\\\/organizan-evento-para-recordar-y-conocer-a-los-ajayus-de-la-ciudad\\\/\"]}]},{\"@type\":\"ImageObject\",\"inLanguage\":\"es\",\"@id\":\"https:\\\/\\\/www.eldiario.net\\\/portal\\\/2024\\\/10\\\/29\\\/organizan-evento-para-recordar-y-conocer-a-los-ajayus-de-la-ciudad\\\/#primaryimage\",\"url\":\"https:\\\/\\\/www.eldiario.net\\\/portal\\\/wp-content\\\/uploads\\\/2024\\\/10\\\/EVENTO-FOTO.jpg\",\"contentUrl\":\"https:\\\/\\\/www.eldiario.net\\\/portal\\\/wp-content\\\/uploads\\\/2024\\\/10\\\/EVENTO-FOTO.jpg\",\"width\":1200,\"height\":800,\"caption\":\"Personajes de las tradiciones bolivianas y autoridades durante la conferencia de prensa. Cr\u00e9dito: El Diario\"},{\"@type\":\"BreadcrumbList\",\"@id\":\"https:\\\/\\\/www.eldiario.net\\\/portal\\\/2024\\\/10\\\/29\\\/organizan-evento-para-recordar-y-conocer-a-los-ajayus-de-la-ciudad\\\/#breadcrumb\",\"itemListElement\":[{\"@type\":\"ListItem\",\"position\":1,\"name\":\"Portada\",\"item\":\"https:\\\/\\\/www.eldiario.net\\\/portal\\\/\"},{\"@type\":\"ListItem\",\"position\":2,\"name\":\"Organizan evento para recordar y conocer a \u201cLos ajayus de la ciudad\u201d\"}]},{\"@type\":\"WebSite\",\"@id\":\"https:\\\/\\\/www.eldiario.net\\\/portal\\\/#website\",\"url\":\"https:\\\/\\\/www.eldiario.net\\\/portal\\\/\",\"name\":\"El Diario - Decano de la prensa nacional\",\"description\":\"El Diario - Decano de la prensa nacional\",\"publisher\":{\"@id\":\"https:\\\/\\\/www.eldiario.net\\\/portal\\\/#organization\"},\"potentialAction\":[{\"@type\":\"SearchAction\",\"target\":{\"@type\":\"EntryPoint\",\"urlTemplate\":\"https:\\\/\\\/www.eldiario.net\\\/portal\\\/?s={search_term_string}\"},\"query-input\":{\"@type\":\"PropertyValueSpecification\",\"valueRequired\":true,\"valueName\":\"search_term_string\"}}],\"inLanguage\":\"es\"},{\"@type\":\"Organization\",\"@id\":\"https:\\\/\\\/www.eldiario.net\\\/portal\\\/#organization\",\"name\":\"El Diario - Decano de la prensa nacional\",\"url\":\"https:\\\/\\\/www.eldiario.net\\\/portal\\\/\",\"logo\":{\"@type\":\"ImageObject\",\"inLanguage\":\"es\",\"@id\":\"https:\\\/\\\/www.eldiario.net\\\/portal\\\/#\\\/schema\\\/logo\\\/image\\\/\",\"url\":\"https:\\\/\\\/www.eldiario.net\\\/portal\\\/wp-content\\\/uploads\\\/2023\\\/07\\\/logo_ED.jpg\",\"contentUrl\":\"https:\\\/\\\/www.eldiario.net\\\/portal\\\/wp-content\\\/uploads\\\/2023\\\/07\\\/logo_ED.jpg\",\"width\":272,\"height\":52,\"caption\":\"El Diario - Decano de la prensa nacional\"},\"image\":{\"@id\":\"https:\\\/\\\/www.eldiario.net\\\/portal\\\/#\\\/schema\\\/logo\\\/image\\\/\"},\"sameAs\":[\"https:\\\/\\\/www.facebook.com\\\/eldiario.bolivia\\\/\",\"https:\\\/\\\/x.com\\\/eldiario_net\"]},{\"@type\":\"Person\",\"@id\":\"https:\\\/\\\/www.eldiario.net\\\/portal\\\/#\\\/schema\\\/person\\\/f46445640444750d7d753ccd04ae01b7\",\"name\":\"Jeanette\",\"image\":{\"@type\":\"ImageObject\",\"inLanguage\":\"es\",\"@id\":\"https:\\\/\\\/secure.gravatar.com\\\/avatar\\\/3ea2118a5f7dad2b7138b1187a6b7ee55f160b9968b66013c3a3ef39dd7e5798?s=96&d=mm&r=g\",\"url\":\"https:\\\/\\\/secure.gravatar.com\\\/avatar\\\/3ea2118a5f7dad2b7138b1187a6b7ee55f160b9968b66013c3a3ef39dd7e5798?s=96&d=mm&r=g\",\"contentUrl\":\"https:\\\/\\\/secure.gravatar.com\\\/avatar\\\/3ea2118a5f7dad2b7138b1187a6b7ee55f160b9968b66013c3a3ef39dd7e5798?s=96&d=mm&r=g\",\"caption\":\"Jeanette\"},\"sameAs\":[\"https:\\\/\\\/www.eldiario.net\\\/portal\"],\"url\":\"https:\\\/\\\/www.eldiario.net\\\/portal\\\/author\\\/jeanette\\\/\"}]}<\/script>\n<!-- \/ Yoast SEO plugin. -->","yoast_head_json":{"title":"Organizan evento para recordar y conocer a \u201cLos ajayus de la ciudad\u201d - El Diario - Bolivia","robots":{"index":"index","follow":"follow","max-snippet":"max-snippet:-1","max-image-preview":"max-image-preview:large","max-video-preview":"max-video-preview:-1"},"canonical":"https:\/\/www.eldiario.net\/portal\/2024\/10\/29\/organizan-evento-para-recordar-y-conocer-a-los-ajayus-de-la-ciudad\/","og_locale":"es_ES","og_type":"article","og_title":"Organizan evento para recordar y conocer a \u201cLos ajayus de la ciudad\u201d - El Diario - Bolivia","og_description":"Con el objetivo de rememorar y conocer personajes como el \u201cSullu\u201d, la \u201cAwicha\u201d sin hijos, el \u201cKari Kari\u201d y otros de las leyendas bolivianas, el municipio pace\u00f1o realizar\u00e1 entre el 1 y 3 de noviembre, en el parque de Pura Pura, la cuarta versi\u00f3n de \u201cLos Ajayus de la Ciudad\u201d, un evento al que podr\u00e1n [&hellip;]","og_url":"https:\/\/www.eldiario.net\/portal\/2024\/10\/29\/organizan-evento-para-recordar-y-conocer-a-los-ajayus-de-la-ciudad\/","og_site_name":"El Diario - Bolivia","article_publisher":"https:\/\/www.facebook.com\/eldiario.bolivia\/","article_published_time":"2024-10-29T10:08:43+00:00","og_image":[{"width":1200,"height":800,"url":"https:\/\/www.eldiario.net\/portal\/wp-content\/uploads\/2024\/10\/EVENTO-FOTO.jpg","type":"image\/jpeg"}],"author":"Jeanette","twitter_card":"summary_large_image","twitter_creator":"@eldiario_net","twitter_site":"@eldiario_net","twitter_misc":{"Escrito por":"Jeanette","Tiempo de lectura":"2 minutos"},"schema":{"@context":"https:\/\/schema.org","@graph":[{"@type":"Article","@id":"https:\/\/www.eldiario.net\/portal\/2024\/10\/29\/organizan-evento-para-recordar-y-conocer-a-los-ajayus-de-la-ciudad\/#article","isPartOf":{"@id":"https:\/\/www.eldiario.net\/portal\/2024\/10\/29\/organizan-evento-para-recordar-y-conocer-a-los-ajayus-de-la-ciudad\/"},"author":{"name":"Jeanette","@id":"https:\/\/www.eldiario.net\/portal\/#\/schema\/person\/f46445640444750d7d753ccd04ae01b7"},"headline":"Organizan evento para recordar y conocer a \u201cLos ajayus de la ciudad\u201d","datePublished":"2024-10-29T10:08:43+00:00","mainEntityOfPage":{"@id":"https:\/\/www.eldiario.net\/portal\/2024\/10\/29\/organizan-evento-para-recordar-y-conocer-a-los-ajayus-de-la-ciudad\/"},"wordCount":261,"publisher":{"@id":"https:\/\/www.eldiario.net\/portal\/#organization"},"image":{"@id":"https:\/\/www.eldiario.net\/portal\/2024\/10\/29\/organizan-evento-para-recordar-y-conocer-a-los-ajayus-de-la-ciudad\/#primaryimage"},"thumbnailUrl":"https:\/\/www.eldiario.net\/portal\/wp-content\/uploads\/2024\/10\/EVENTO-FOTO.jpg","articleSection":["Nacional"],"inLanguage":"es"},{"@type":"WebPage","@id":"https:\/\/www.eldiario.net\/portal\/2024\/10\/29\/organizan-evento-para-recordar-y-conocer-a-los-ajayus-de-la-ciudad\/","url":"https:\/\/www.eldiario.net\/portal\/2024\/10\/29\/organizan-evento-para-recordar-y-conocer-a-los-ajayus-de-la-ciudad\/","name":"Organizan evento para recordar y conocer a \u201cLos ajayus de la ciudad\u201d - El Diario - Bolivia","isPartOf":{"@id":"https:\/\/www.eldiario.net\/portal\/#website"},"primaryImageOfPage":{"@id":"https:\/\/www.eldiario.net\/portal\/2024\/10\/29\/organizan-evento-para-recordar-y-conocer-a-los-ajayus-de-la-ciudad\/#primaryimage"},"image":{"@id":"https:\/\/www.eldiario.net\/portal\/2024\/10\/29\/organizan-evento-para-recordar-y-conocer-a-los-ajayus-de-la-ciudad\/#primaryimage"},"thumbnailUrl":"https:\/\/www.eldiario.net\/portal\/wp-content\/uploads\/2024\/10\/EVENTO-FOTO.jpg","datePublished":"2024-10-29T10:08:43+00:00","breadcrumb":{"@id":"https:\/\/www.eldiario.net\/portal\/2024\/10\/29\/organizan-evento-para-recordar-y-conocer-a-los-ajayus-de-la-ciudad\/#breadcrumb"},"inLanguage":"es","potentialAction":[{"@type":"ReadAction","target":["https:\/\/www.eldiario.net\/portal\/2024\/10\/29\/organizan-evento-para-recordar-y-conocer-a-los-ajayus-de-la-ciudad\/"]}]},{"@type":"ImageObject","inLanguage":"es","@id":"https:\/\/www.eldiario.net\/portal\/2024\/10\/29\/organizan-evento-para-recordar-y-conocer-a-los-ajayus-de-la-ciudad\/#primaryimage","url":"https:\/\/www.eldiario.net\/portal\/wp-content\/uploads\/2024\/10\/EVENTO-FOTO.jpg","contentUrl":"https:\/\/www.eldiario.net\/portal\/wp-content\/uploads\/2024\/10\/EVENTO-FOTO.jpg","width":1200,"height":800,"caption":"Personajes de las tradiciones bolivianas y autoridades durante la conferencia de prensa. Cr\u00e9dito: El Diario"},{"@type":"BreadcrumbList","@id":"https:\/\/www.eldiario.net\/portal\/2024\/10\/29\/organizan-evento-para-recordar-y-conocer-a-los-ajayus-de-la-ciudad\/#breadcrumb","itemListElement":[{"@type":"ListItem","position":1,"name":"Portada","item":"https:\/\/www.eldiario.net\/portal\/"},{"@type":"ListItem","position":2,"name":"Organizan evento para recordar y conocer a \u201cLos ajayus de la ciudad\u201d"}]},{"@type":"WebSite","@id":"https:\/\/www.eldiario.net\/portal\/#website","url":"https:\/\/www.eldiario.net\/portal\/","name":"El Diario - Decano de la prensa nacional","description":"El Diario - Decano de la prensa nacional","publisher":{"@id":"https:\/\/www.eldiario.net\/portal\/#organization"},"potentialAction":[{"@type":"SearchAction","target":{"@type":"EntryPoint","urlTemplate":"https:\/\/www.eldiario.net\/portal\/?s={search_term_string}"},"query-input":{"@type":"PropertyValueSpecification","valueRequired":true,"valueName":"search_term_string"}}],"inLanguage":"es"},{"@type":"Organization","@id":"https:\/\/www.eldiario.net\/portal\/#organization","name":"El Diario - Decano de la prensa nacional","url":"https:\/\/www.eldiario.net\/portal\/","logo":{"@type":"ImageObject","inLanguage":"es","@id":"https:\/\/www.eldiario.net\/portal\/#\/schema\/logo\/image\/","url":"https:\/\/www.eldiario.net\/portal\/wp-content\/uploads\/2023\/07\/logo_ED.jpg","contentUrl":"https:\/\/www.eldiario.net\/portal\/wp-content\/uploads\/2023\/07\/logo_ED.jpg","width":272,"height":52,"caption":"El Diario - Decano de la prensa nacional"},"image":{"@id":"https:\/\/www.eldiario.net\/portal\/#\/schema\/logo\/image\/"},"sameAs":["https:\/\/www.facebook.com\/eldiario.bolivia\/","https:\/\/x.com\/eldiario_net"]},{"@type":"Person","@id":"https:\/\/www.eldiario.net\/portal\/#\/schema\/person\/f46445640444750d7d753ccd04ae01b7","name":"Jeanette","image":{"@type":"ImageObject","inLanguage":"es","@id":"https:\/\/secure.gravatar.com\/avatar\/3ea2118a5f7dad2b7138b1187a6b7ee55f160b9968b66013c3a3ef39dd7e5798?s=96&d=mm&r=g","url":"https:\/\/secure.gravatar.com\/avatar\/3ea2118a5f7dad2b7138b1187a6b7ee55f160b9968b66013c3a3ef39dd7e5798?s=96&d=mm&r=g","contentUrl":"https:\/\/secure.gravatar.com\/avatar\/3ea2118a5f7dad2b7138b1187a6b7ee55f160b9968b66013c3a3ef39dd7e5798?s=96&d=mm&r=g","caption":"Jeanette"},"sameAs":["https:\/\/www.eldiario.net\/portal"],"url":"https:\/\/www.eldiario.net\/portal\/author\/jeanette\/"}]}},"_links":{"self":[{"href":"https:\/\/www.eldiario.net\/portal\/wp-json\/wp\/v2\/posts\/257235","targetHints":{"allow":["GET"]}}],"collection":[{"href":"https:\/\/www.eldiario.net\/portal\/wp-json\/wp\/v2\/posts"}],"about":[{"href":"https:\/\/www.eldiario.net\/portal\/wp-json\/wp\/v2\/types\/post"}],"author":[{"embeddable":true,"href":"https:\/\/www.eldiario.net\/portal\/wp-json\/wp\/v2\/users\/1"}],"replies":[{"embeddable":true,"href":"https:\/\/www.eldiario.net\/portal\/wp-json\/wp\/v2\/comments?post=257235"}],"version-history":[{"count":1,"href":"https:\/\/www.eldiario.net\/portal\/wp-json\/wp\/v2\/posts\/257235\/revisions"}],"predecessor-version":[{"id":257237,"href":"https:\/\/www.eldiario.net\/portal\/wp-json\/wp\/v2\/posts\/257235\/revisions\/257237"}],"wp:featuredmedia":[{"embeddable":true,"href":"https:\/\/www.eldiario.net\/portal\/wp-json\/wp\/v2\/media\/257236"}],"wp:attachment":[{"href":"https:\/\/www.eldiario.net\/portal\/wp-json\/wp\/v2\/media?parent=257235"}],"wp:term":[{"taxonomy":"category","embeddable":true,"href":"https:\/\/www.eldiario.net\/portal\/wp-json\/wp\/v2\/categories?post=257235"},{"taxonomy":"post_tag","embeddable":true,"href":"https:\/\/www.eldiario.net\/portal\/wp-json\/wp\/v2\/tags?post=257235"}],"curies":[{"name":"wp","href":"https:\/\/api.w.org\/{rel}","templated":true}]}}