{"id":257232,"date":"2024-10-29T06:07:33","date_gmt":"2024-10-29T10:07:33","guid":{"rendered":"https:\/\/www.eldiario.net\/portal\/?p=257232"},"modified":"2024-10-29T06:07:33","modified_gmt":"2024-10-29T10:07:33","slug":"gremiales-ratifican-marcha-y-piden-intervencion-militar-en-el-chapare","status":"publish","type":"post","link":"https:\/\/www.eldiario.net\/portal\/2024\/10\/29\/gremiales-ratifican-marcha-y-piden-intervencion-militar-en-el-chapare\/","title":{"rendered":"Gremiales ratifican marcha y piden  intervenci\u00f3n militar en el Chapare"},"content":{"rendered":"<p>A m\u00e1s de medio mes de bloqueo en carreteras por sectores afines al expresidente Evo Morales, y debido a las p\u00e9rdidas econ\u00f3micas causadas por esa medida, el dirigente de los gremiales de El Alto, To\u00f1o Si\u00f1ani, ratific\u00f3 la movilizaci\u00f3n para este martes a partir de las 18:00 en La Paz, adem\u00e1s exigir\u00e1n al Gobierno que se intervenga el Chapare con apoyo militar.<\/p>\n<p>\u201cEl d\u00eda de ma\u00f1ana (por hoy) a partir de las seis de la tarde nos vamos a movilizar en el centro pace\u00f1o pidiendo (\u2026) que el Chapare sea intervenido, pero con militares porque no pueden agarrar dinamitas o ametralladoras de grueso calibre queriendo atentar contra el pueblo boliviano\u201d, sostuvo el dirigente.<\/p>\n<p>Seg\u00fan el representante gremial, debido a los bloqueos, los comerciantes est\u00e1n perdiendo casi el 100% de su capital, ya que los productos se est\u00e1n echando a perder en las carreteras. Adem\u00e1s, pidi\u00f3 al presidente del Estado, Luis Arce Catacora, ordenar el levantamiento de los bloqueos porque esta protesta est\u00e1 empeorando la situaci\u00f3n econ\u00f3mica del pa\u00eds.<\/p>\n<p>\u201cAquella compa\u00f1era, compa\u00f1ero que ten\u00eda 10 mil de capital ya solo tiene tres mil bolivianos, porque en el Chapare est\u00e1n bloqueando y hay compa\u00f1eros que traen productos del oriente al occidente y se est\u00e1n echando a perder y autom\u00e1ticamente hay compa\u00f1eros que est\u00e1n perdiendo el 70 o el 100 por ciento de su capital, por eso le decimos al Gobierno central de una vez (\u2026) tiene que defender al pueblo boliviano\u201d, se\u00f1al\u00f3.<\/p>\n<p>Lament\u00f3 que Morales no despeje las carreteras y calific\u00f3 de \u201cautoatentado\u201d la denuncia del exmandatario.<\/p>\n<p>\u201cNo puede ser que el se\u00f1or Evo Morales con su autoatentado este queriendo impunidad, ahogando al pueblo boliviano, queriendo hacer llorar a las familias bolivianas\u201d, a\u00f1adi\u00f3.<\/p>\n<p>Adem\u00e1s de los gremiales, para hoy martes, varios sectores activistas, vecinos y dem\u00e1s poblaci\u00f3n pace\u00f1a se concentrar\u00e1n en el atrio de la Universidad Mayor de San Andr\u00e9s (UMSA) para participar de una marcha de protesta en rechazo al bloqueo y en contra del incremento de la canasta familiar, la falta de combustible y d\u00f3lar.<\/p>\n","protected":false},"excerpt":{"rendered":"<p>A m\u00e1s de medio mes de bloqueo en carreteras por sectores afines al expresidente Evo Morales, y debido a las p\u00e9rdidas econ\u00f3micas causadas por esa medida, el dirigente de los gremiales de El Alto, To\u00f1o Si\u00f1ani, ratific\u00f3 la movilizaci\u00f3n para este martes a partir de las 18:00 en La Paz, adem\u00e1s exigir\u00e1n al Gobierno que [&hellip;]<\/p>\n","protected":false},"author":1,"featured_media":257233,"comment_status":"closed","ping_status":"open","sticky":false,"template":"","format":"standard","meta":{"_acf_changed":false,"footnotes":""},"categories":[12],"tags":[],"class_list":["post-257232","post","type-post","status-publish","format-standard","has-post-thumbnail","category-nacional"],"acf":{"antetitulo":""},"yoast_head":"<!-- This site is optimized with the Yoast SEO plugin v28.3 - https:\/\/yoast.com\/product\/yoast-seo-wordpress\/ -->\n<title>Gremiales ratifican marcha y piden intervenci\u00f3n militar en el Chapare - El Diario - Bolivia<\/title>\n<meta name=\"robots\" content=\"index, follow, max-snippet:-1, max-image-preview:large, max-video-preview:-1\" \/>\n<link rel=\"canonical\" href=\"https:\/\/www.eldiario.net\/portal\/2024\/10\/29\/gremiales-ratifican-marcha-y-piden-intervencion-militar-en-el-chapare\/\" \/>\n<meta property=\"og:locale\" content=\"es_ES\" \/>\n<meta property=\"og:type\" content=\"article\" \/>\n<meta property=\"og:title\" content=\"Gremiales ratifican marcha y piden intervenci\u00f3n militar en el Chapare - El Diario - Bolivia\" \/>\n<meta property=\"og:description\" content=\"A m\u00e1s de medio mes de bloqueo en carreteras por sectores afines al expresidente Evo Morales, y debido a las p\u00e9rdidas econ\u00f3micas causadas por esa medida, el dirigente de los gremiales de El Alto, To\u00f1o Si\u00f1ani, ratific\u00f3 la movilizaci\u00f3n para este martes a partir de las 18:00 en La Paz, adem\u00e1s exigir\u00e1n al Gobierno que [&hellip;]\" \/>\n<meta property=\"og:url\" content=\"https:\/\/www.eldiario.net\/portal\/2024\/10\/29\/gremiales-ratifican-marcha-y-piden-intervencion-militar-en-el-chapare\/\" \/>\n<meta property=\"og:site_name\" content=\"El Diario - Bolivia\" \/>\n<meta property=\"article:publisher\" content=\"https:\/\/www.facebook.com\/eldiario.bolivia\/\" \/>\n<meta property=\"article:published_time\" content=\"2024-10-29T10:07:33+00:00\" \/>\n<meta property=\"og:image\" content=\"https:\/\/www.eldiario.net\/portal\/wp-content\/uploads\/2024\/10\/GREMIALES-FOTO.jpeg\" \/>\n\t<meta property=\"og:image:width\" content=\"1500\" \/>\n\t<meta property=\"og:image:height\" content=\"1000\" \/>\n\t<meta property=\"og:image:type\" content=\"image\/jpeg\" \/>\n<meta name=\"author\" content=\"Jeanette\" \/>\n<meta name=\"twitter:card\" content=\"summary_large_image\" \/>\n<meta name=\"twitter:creator\" content=\"@eldiario_net\" \/>\n<meta name=\"twitter:site\" content=\"@eldiario_net\" \/>\n<meta name=\"twitter:label1\" content=\"Escrito por\" \/>\n\t<meta name=\"twitter:data1\" content=\"Jeanette\" \/>\n\t<meta name=\"twitter:label2\" content=\"Tiempo de lectura\" \/>\n\t<meta name=\"twitter:data2\" content=\"2 minutos\" \/>\n<script type=\"application\/ld+json\" class=\"yoast-schema-graph\">{\"@context\":\"https:\\\/\\\/schema.org\",\"@graph\":[{\"@type\":\"Article\",\"@id\":\"https:\\\/\\\/www.eldiario.net\\\/portal\\\/2024\\\/10\\\/29\\\/gremiales-ratifican-marcha-y-piden-intervencion-militar-en-el-chapare\\\/#article\",\"isPartOf\":{\"@id\":\"https:\\\/\\\/www.eldiario.net\\\/portal\\\/2024\\\/10\\\/29\\\/gremiales-ratifican-marcha-y-piden-intervencion-militar-en-el-chapare\\\/\"},\"author\":{\"name\":\"Jeanette\",\"@id\":\"https:\\\/\\\/www.eldiario.net\\\/portal\\\/#\\\/schema\\\/person\\\/f46445640444750d7d753ccd04ae01b7\"},\"headline\":\"Gremiales ratifican marcha y piden intervenci\u00f3n militar en el Chapare\",\"datePublished\":\"2024-10-29T10:07:33+00:00\",\"mainEntityOfPage\":{\"@id\":\"https:\\\/\\\/www.eldiario.net\\\/portal\\\/2024\\\/10\\\/29\\\/gremiales-ratifican-marcha-y-piden-intervencion-militar-en-el-chapare\\\/\"},\"wordCount\":376,\"publisher\":{\"@id\":\"https:\\\/\\\/www.eldiario.net\\\/portal\\\/#organization\"},\"image\":{\"@id\":\"https:\\\/\\\/www.eldiario.net\\\/portal\\\/2024\\\/10\\\/29\\\/gremiales-ratifican-marcha-y-piden-intervencion-militar-en-el-chapare\\\/#primaryimage\"},\"thumbnailUrl\":\"https:\\\/\\\/www.eldiario.net\\\/portal\\\/wp-content\\\/uploads\\\/2024\\\/10\\\/GREMIALES-FOTO.jpeg\",\"articleSection\":[\"Nacional\"],\"inLanguage\":\"es\"},{\"@type\":\"WebPage\",\"@id\":\"https:\\\/\\\/www.eldiario.net\\\/portal\\\/2024\\\/10\\\/29\\\/gremiales-ratifican-marcha-y-piden-intervencion-militar-en-el-chapare\\\/\",\"url\":\"https:\\\/\\\/www.eldiario.net\\\/portal\\\/2024\\\/10\\\/29\\\/gremiales-ratifican-marcha-y-piden-intervencion-militar-en-el-chapare\\\/\",\"name\":\"Gremiales ratifican marcha y piden intervenci\u00f3n militar en el Chapare - El Diario - Bolivia\",\"isPartOf\":{\"@id\":\"https:\\\/\\\/www.eldiario.net\\\/portal\\\/#website\"},\"primaryImageOfPage\":{\"@id\":\"https:\\\/\\\/www.eldiario.net\\\/portal\\\/2024\\\/10\\\/29\\\/gremiales-ratifican-marcha-y-piden-intervencion-militar-en-el-chapare\\\/#primaryimage\"},\"image\":{\"@id\":\"https:\\\/\\\/www.eldiario.net\\\/portal\\\/2024\\\/10\\\/29\\\/gremiales-ratifican-marcha-y-piden-intervencion-militar-en-el-chapare\\\/#primaryimage\"},\"thumbnailUrl\":\"https:\\\/\\\/www.eldiario.net\\\/portal\\\/wp-content\\\/uploads\\\/2024\\\/10\\\/GREMIALES-FOTO.jpeg\",\"datePublished\":\"2024-10-29T10:07:33+00:00\",\"breadcrumb\":{\"@id\":\"https:\\\/\\\/www.eldiario.net\\\/portal\\\/2024\\\/10\\\/29\\\/gremiales-ratifican-marcha-y-piden-intervencion-militar-en-el-chapare\\\/#breadcrumb\"},\"inLanguage\":\"es\",\"potentialAction\":[{\"@type\":\"ReadAction\",\"target\":[\"https:\\\/\\\/www.eldiario.net\\\/portal\\\/2024\\\/10\\\/29\\\/gremiales-ratifican-marcha-y-piden-intervencion-militar-en-el-chapare\\\/\"]}]},{\"@type\":\"ImageObject\",\"inLanguage\":\"es\",\"@id\":\"https:\\\/\\\/www.eldiario.net\\\/portal\\\/2024\\\/10\\\/29\\\/gremiales-ratifican-marcha-y-piden-intervencion-militar-en-el-chapare\\\/#primaryimage\",\"url\":\"https:\\\/\\\/www.eldiario.net\\\/portal\\\/wp-content\\\/uploads\\\/2024\\\/10\\\/GREMIALES-FOTO.jpeg\",\"contentUrl\":\"https:\\\/\\\/www.eldiario.net\\\/portal\\\/wp-content\\\/uploads\\\/2024\\\/10\\\/GREMIALES-FOTO.jpeg\",\"width\":1500,\"height\":1000,\"caption\":\"El dirigente gremial To\u00f1o Si\u00f1ani. Cr\u00e9dito: APG\"},{\"@type\":\"BreadcrumbList\",\"@id\":\"https:\\\/\\\/www.eldiario.net\\\/portal\\\/2024\\\/10\\\/29\\\/gremiales-ratifican-marcha-y-piden-intervencion-militar-en-el-chapare\\\/#breadcrumb\",\"itemListElement\":[{\"@type\":\"ListItem\",\"position\":1,\"name\":\"Portada\",\"item\":\"https:\\\/\\\/www.eldiario.net\\\/portal\\\/\"},{\"@type\":\"ListItem\",\"position\":2,\"name\":\"Gremiales ratifican marcha y piden intervenci\u00f3n militar en el Chapare\"}]},{\"@type\":\"WebSite\",\"@id\":\"https:\\\/\\\/www.eldiario.net\\\/portal\\\/#website\",\"url\":\"https:\\\/\\\/www.eldiario.net\\\/portal\\\/\",\"name\":\"El Diario - Decano de la prensa nacional\",\"description\":\"El Diario - Decano de la prensa nacional\",\"publisher\":{\"@id\":\"https:\\\/\\\/www.eldiario.net\\\/portal\\\/#organization\"},\"potentialAction\":[{\"@type\":\"SearchAction\",\"target\":{\"@type\":\"EntryPoint\",\"urlTemplate\":\"https:\\\/\\\/www.eldiario.net\\\/portal\\\/?s={search_term_string}\"},\"query-input\":{\"@type\":\"PropertyValueSpecification\",\"valueRequired\":true,\"valueName\":\"search_term_string\"}}],\"inLanguage\":\"es\"},{\"@type\":\"Organization\",\"@id\":\"https:\\\/\\\/www.eldiario.net\\\/portal\\\/#organization\",\"name\":\"El Diario - Decano de la prensa nacional\",\"url\":\"https:\\\/\\\/www.eldiario.net\\\/portal\\\/\",\"logo\":{\"@type\":\"ImageObject\",\"inLanguage\":\"es\",\"@id\":\"https:\\\/\\\/www.eldiario.net\\\/portal\\\/#\\\/schema\\\/logo\\\/image\\\/\",\"url\":\"https:\\\/\\\/www.eldiario.net\\\/portal\\\/wp-content\\\/uploads\\\/2023\\\/07\\\/logo_ED.jpg\",\"contentUrl\":\"https:\\\/\\\/www.eldiario.net\\\/portal\\\/wp-content\\\/uploads\\\/2023\\\/07\\\/logo_ED.jpg\",\"width\":272,\"height\":52,\"caption\":\"El Diario - Decano de la prensa nacional\"},\"image\":{\"@id\":\"https:\\\/\\\/www.eldiario.net\\\/portal\\\/#\\\/schema\\\/logo\\\/image\\\/\"},\"sameAs\":[\"https:\\\/\\\/www.facebook.com\\\/eldiario.bolivia\\\/\",\"https:\\\/\\\/x.com\\\/eldiario_net\"]},{\"@type\":\"Person\",\"@id\":\"https:\\\/\\\/www.eldiario.net\\\/portal\\\/#\\\/schema\\\/person\\\/f46445640444750d7d753ccd04ae01b7\",\"name\":\"Jeanette\",\"image\":{\"@type\":\"ImageObject\",\"inLanguage\":\"es\",\"@id\":\"https:\\\/\\\/secure.gravatar.com\\\/avatar\\\/3ea2118a5f7dad2b7138b1187a6b7ee55f160b9968b66013c3a3ef39dd7e5798?s=96&d=mm&r=g\",\"url\":\"https:\\\/\\\/secure.gravatar.com\\\/avatar\\\/3ea2118a5f7dad2b7138b1187a6b7ee55f160b9968b66013c3a3ef39dd7e5798?s=96&d=mm&r=g\",\"contentUrl\":\"https:\\\/\\\/secure.gravatar.com\\\/avatar\\\/3ea2118a5f7dad2b7138b1187a6b7ee55f160b9968b66013c3a3ef39dd7e5798?s=96&d=mm&r=g\",\"caption\":\"Jeanette\"},\"sameAs\":[\"https:\\\/\\\/www.eldiario.net\\\/portal\"],\"url\":\"https:\\\/\\\/www.eldiario.net\\\/portal\\\/author\\\/jeanette\\\/\"}]}<\/script>\n<!-- \/ Yoast SEO plugin. -->","yoast_head_json":{"title":"Gremiales ratifican marcha y piden intervenci\u00f3n militar en el Chapare - El Diario - Bolivia","robots":{"index":"index","follow":"follow","max-snippet":"max-snippet:-1","max-image-preview":"max-image-preview:large","max-video-preview":"max-video-preview:-1"},"canonical":"https:\/\/www.eldiario.net\/portal\/2024\/10\/29\/gremiales-ratifican-marcha-y-piden-intervencion-militar-en-el-chapare\/","og_locale":"es_ES","og_type":"article","og_title":"Gremiales ratifican marcha y piden intervenci\u00f3n militar en el Chapare - El Diario - Bolivia","og_description":"A m\u00e1s de medio mes de bloqueo en carreteras por sectores afines al expresidente Evo Morales, y debido a las p\u00e9rdidas econ\u00f3micas causadas por esa medida, el dirigente de los gremiales de El Alto, To\u00f1o Si\u00f1ani, ratific\u00f3 la movilizaci\u00f3n para este martes a partir de las 18:00 en La Paz, adem\u00e1s exigir\u00e1n al Gobierno que [&hellip;]","og_url":"https:\/\/www.eldiario.net\/portal\/2024\/10\/29\/gremiales-ratifican-marcha-y-piden-intervencion-militar-en-el-chapare\/","og_site_name":"El Diario - Bolivia","article_publisher":"https:\/\/www.facebook.com\/eldiario.bolivia\/","article_published_time":"2024-10-29T10:07:33+00:00","og_image":[{"width":1500,"height":1000,"url":"https:\/\/www.eldiario.net\/portal\/wp-content\/uploads\/2024\/10\/GREMIALES-FOTO.jpeg","type":"image\/jpeg"}],"author":"Jeanette","twitter_card":"summary_large_image","twitter_creator":"@eldiario_net","twitter_site":"@eldiario_net","twitter_misc":{"Escrito por":"Jeanette","Tiempo de lectura":"2 minutos"},"schema":{"@context":"https:\/\/schema.org","@graph":[{"@type":"Article","@id":"https:\/\/www.eldiario.net\/portal\/2024\/10\/29\/gremiales-ratifican-marcha-y-piden-intervencion-militar-en-el-chapare\/#article","isPartOf":{"@id":"https:\/\/www.eldiario.net\/portal\/2024\/10\/29\/gremiales-ratifican-marcha-y-piden-intervencion-militar-en-el-chapare\/"},"author":{"name":"Jeanette","@id":"https:\/\/www.eldiario.net\/portal\/#\/schema\/person\/f46445640444750d7d753ccd04ae01b7"},"headline":"Gremiales ratifican marcha y piden intervenci\u00f3n militar en el Chapare","datePublished":"2024-10-29T10:07:33+00:00","mainEntityOfPage":{"@id":"https:\/\/www.eldiario.net\/portal\/2024\/10\/29\/gremiales-ratifican-marcha-y-piden-intervencion-militar-en-el-chapare\/"},"wordCount":376,"publisher":{"@id":"https:\/\/www.eldiario.net\/portal\/#organization"},"image":{"@id":"https:\/\/www.eldiario.net\/portal\/2024\/10\/29\/gremiales-ratifican-marcha-y-piden-intervencion-militar-en-el-chapare\/#primaryimage"},"thumbnailUrl":"https:\/\/www.eldiario.net\/portal\/wp-content\/uploads\/2024\/10\/GREMIALES-FOTO.jpeg","articleSection":["Nacional"],"inLanguage":"es"},{"@type":"WebPage","@id":"https:\/\/www.eldiario.net\/portal\/2024\/10\/29\/gremiales-ratifican-marcha-y-piden-intervencion-militar-en-el-chapare\/","url":"https:\/\/www.eldiario.net\/portal\/2024\/10\/29\/gremiales-ratifican-marcha-y-piden-intervencion-militar-en-el-chapare\/","name":"Gremiales ratifican marcha y piden intervenci\u00f3n militar en el Chapare - El Diario - Bolivia","isPartOf":{"@id":"https:\/\/www.eldiario.net\/portal\/#website"},"primaryImageOfPage":{"@id":"https:\/\/www.eldiario.net\/portal\/2024\/10\/29\/gremiales-ratifican-marcha-y-piden-intervencion-militar-en-el-chapare\/#primaryimage"},"image":{"@id":"https:\/\/www.eldiario.net\/portal\/2024\/10\/29\/gremiales-ratifican-marcha-y-piden-intervencion-militar-en-el-chapare\/#primaryimage"},"thumbnailUrl":"https:\/\/www.eldiario.net\/portal\/wp-content\/uploads\/2024\/10\/GREMIALES-FOTO.jpeg","datePublished":"2024-10-29T10:07:33+00:00","breadcrumb":{"@id":"https:\/\/www.eldiario.net\/portal\/2024\/10\/29\/gremiales-ratifican-marcha-y-piden-intervencion-militar-en-el-chapare\/#breadcrumb"},"inLanguage":"es","potentialAction":[{"@type":"ReadAction","target":["https:\/\/www.eldiario.net\/portal\/2024\/10\/29\/gremiales-ratifican-marcha-y-piden-intervencion-militar-en-el-chapare\/"]}]},{"@type":"ImageObject","inLanguage":"es","@id":"https:\/\/www.eldiario.net\/portal\/2024\/10\/29\/gremiales-ratifican-marcha-y-piden-intervencion-militar-en-el-chapare\/#primaryimage","url":"https:\/\/www.eldiario.net\/portal\/wp-content\/uploads\/2024\/10\/GREMIALES-FOTO.jpeg","contentUrl":"https:\/\/www.eldiario.net\/portal\/wp-content\/uploads\/2024\/10\/GREMIALES-FOTO.jpeg","width":1500,"height":1000,"caption":"El dirigente gremial To\u00f1o Si\u00f1ani. Cr\u00e9dito: APG"},{"@type":"BreadcrumbList","@id":"https:\/\/www.eldiario.net\/portal\/2024\/10\/29\/gremiales-ratifican-marcha-y-piden-intervencion-militar-en-el-chapare\/#breadcrumb","itemListElement":[{"@type":"ListItem","position":1,"name":"Portada","item":"https:\/\/www.eldiario.net\/portal\/"},{"@type":"ListItem","position":2,"name":"Gremiales ratifican marcha y piden intervenci\u00f3n militar en el Chapare"}]},{"@type":"WebSite","@id":"https:\/\/www.eldiario.net\/portal\/#website","url":"https:\/\/www.eldiario.net\/portal\/","name":"El Diario - Decano de la prensa nacional","description":"El Diario - Decano de la prensa nacional","publisher":{"@id":"https:\/\/www.eldiario.net\/portal\/#organization"},"potentialAction":[{"@type":"SearchAction","target":{"@type":"EntryPoint","urlTemplate":"https:\/\/www.eldiario.net\/portal\/?s={search_term_string}"},"query-input":{"@type":"PropertyValueSpecification","valueRequired":true,"valueName":"search_term_string"}}],"inLanguage":"es"},{"@type":"Organization","@id":"https:\/\/www.eldiario.net\/portal\/#organization","name":"El Diario - Decano de la prensa nacional","url":"https:\/\/www.eldiario.net\/portal\/","logo":{"@type":"ImageObject","inLanguage":"es","@id":"https:\/\/www.eldiario.net\/portal\/#\/schema\/logo\/image\/","url":"https:\/\/www.eldiario.net\/portal\/wp-content\/uploads\/2023\/07\/logo_ED.jpg","contentUrl":"https:\/\/www.eldiario.net\/portal\/wp-content\/uploads\/2023\/07\/logo_ED.jpg","width":272,"height":52,"caption":"El Diario - Decano de la prensa nacional"},"image":{"@id":"https:\/\/www.eldiario.net\/portal\/#\/schema\/logo\/image\/"},"sameAs":["https:\/\/www.facebook.com\/eldiario.bolivia\/","https:\/\/x.com\/eldiario_net"]},{"@type":"Person","@id":"https:\/\/www.eldiario.net\/portal\/#\/schema\/person\/f46445640444750d7d753ccd04ae01b7","name":"Jeanette","image":{"@type":"ImageObject","inLanguage":"es","@id":"https:\/\/secure.gravatar.com\/avatar\/3ea2118a5f7dad2b7138b1187a6b7ee55f160b9968b66013c3a3ef39dd7e5798?s=96&d=mm&r=g","url":"https:\/\/secure.gravatar.com\/avatar\/3ea2118a5f7dad2b7138b1187a6b7ee55f160b9968b66013c3a3ef39dd7e5798?s=96&d=mm&r=g","contentUrl":"https:\/\/secure.gravatar.com\/avatar\/3ea2118a5f7dad2b7138b1187a6b7ee55f160b9968b66013c3a3ef39dd7e5798?s=96&d=mm&r=g","caption":"Jeanette"},"sameAs":["https:\/\/www.eldiario.net\/portal"],"url":"https:\/\/www.eldiario.net\/portal\/author\/jeanette\/"}]}},"_links":{"self":[{"href":"https:\/\/www.eldiario.net\/portal\/wp-json\/wp\/v2\/posts\/257232","targetHints":{"allow":["GET"]}}],"collection":[{"href":"https:\/\/www.eldiario.net\/portal\/wp-json\/wp\/v2\/posts"}],"about":[{"href":"https:\/\/www.eldiario.net\/portal\/wp-json\/wp\/v2\/types\/post"}],"author":[{"embeddable":true,"href":"https:\/\/www.eldiario.net\/portal\/wp-json\/wp\/v2\/users\/1"}],"replies":[{"embeddable":true,"href":"https:\/\/www.eldiario.net\/portal\/wp-json\/wp\/v2\/comments?post=257232"}],"version-history":[{"count":1,"href":"https:\/\/www.eldiario.net\/portal\/wp-json\/wp\/v2\/posts\/257232\/revisions"}],"predecessor-version":[{"id":257234,"href":"https:\/\/www.eldiario.net\/portal\/wp-json\/wp\/v2\/posts\/257232\/revisions\/257234"}],"wp:featuredmedia":[{"embeddable":true,"href":"https:\/\/www.eldiario.net\/portal\/wp-json\/wp\/v2\/media\/257233"}],"wp:attachment":[{"href":"https:\/\/www.eldiario.net\/portal\/wp-json\/wp\/v2\/media?parent=257232"}],"wp:term":[{"taxonomy":"category","embeddable":true,"href":"https:\/\/www.eldiario.net\/portal\/wp-json\/wp\/v2\/categories?post=257232"},{"taxonomy":"post_tag","embeddable":true,"href":"https:\/\/www.eldiario.net\/portal\/wp-json\/wp\/v2\/tags?post=257232"}],"curies":[{"name":"wp","href":"https:\/\/api.w.org\/{rel}","templated":true}]}}