{"id":257229,"date":"2024-10-29T06:07:04","date_gmt":"2024-10-29T10:07:04","guid":{"rendered":"https:\/\/www.eldiario.net\/portal\/?p=257229"},"modified":"2024-10-29T06:07:04","modified_gmt":"2024-10-29T10:07:04","slug":"precio-del-pollo-en-la-paz-esta-100-por-encima-del-de-santa-cruz","status":"publish","type":"post","link":"https:\/\/www.eldiario.net\/portal\/2024\/10\/29\/precio-del-pollo-en-la-paz-esta-100-por-encima-del-de-santa-cruz\/","title":{"rendered":"Precio del pollo en La Paz est\u00e1 100%  por encima del de Santa Cruz"},"content":{"rendered":"<p>Mientras el precio del kilo de pollo en Santa Cruz baja a 12 bolivianos, en La Paz el precio est\u00e1 100% por encima, oscila entre los Bs 23 y los Bs 24,50 por kilo, debido al bloqueo de caminos evista en Cochabamba que ya cumple 15 d\u00edas.<\/p>\n<p>Br\u00fajula Digital visit\u00f3 ayer los mercados de Achumani, Los Pinos, Camacho y Sopocachi en La Paz y pudo evidenciar la poca cantidad de carnes de res y pollo en diferentes puntos de venta.<\/p>\n<p>En el mercado de Sopocachi indicaron que la cantidad de carne de pollo que les llega es muy poca y el kilo oscila entre los Bs 23 y 24,50.<\/p>\n<p>\u201cNo llega pollo, nosotros tenemos que ir a conseguir para poder vender. Lo que ha sobrado estoy vendiendo por presas\u201d, indic\u00f3 una vendedora del mercado.<\/p>\n<p>En el caso de la carne de res los vendedores indicaron que es poca la cantidad que les llega y que el kilo gancho est\u00e1 a Bs 33.<\/p>\n<p>\u201cLastimosamente el kilo gancho ha incrementado tres pesos m\u00e1s, estaba a 30 y ahora nos ha llegado a 33\u201d, inform\u00f3 Manuel Guti\u00e9rrez vendedor de carne de res.<\/p>\n<p>En el mercado Camacho, de 10 carnicer\u00edas tres estaban cerradas y otras tres ya no ten\u00edan productos para vender.\u00a0 La carne de pollo en este mercado se encuentra en los Bs 23 el kilo y con respecto a la carne de res indican que el kilo gancho est\u00e1 entre Bs 30 y 31,50.<\/p>\n<p>\u201cNo hay pollo, nos est\u00e1 llegando seis al d\u00eda y el precio est\u00e1 en 23 bolivianos\u201d, afirm\u00f3 una comerciante.<\/p>\n<p>\u201cLa carne que trae el Gobierno es de muy baja calidad, no es carne de calidad que se le puede ofrecer al cliente final\u201d, inform\u00f3 Elvira Espejo, quien indic\u00f3 que por esa raz\u00f3n no pide la carne que trae la Empresa de Apoyo a la Producci\u00f3n de Alimentos (Emapa) a Bs 25,50 el kilo gancho.<\/p>\n<p>Mientras que en la zona Sur de la ciudad, en los mercados de Achumani y Los Pinos el kilo de pollo est\u00e1 a Bs 23.<\/p>\n<p>\u00abEstamos aumentando el precio porque nos llega m\u00e1s caro a nosotras igual y ya es perdida no m\u00e1s\u201d, indic\u00f3 una vendedora del mercado Los Pinos.<\/p>\n<p>SUPERMERCADOS EMAPA<\/p>\n<p>La fila en los supermercados de Emapa en las sucursales de Correos y la de la avenida Camacho registraban filas largas de personas que buscaban comprar el kilo de pollo a Bs 16,50. S\u00f3lo se vend\u00eda un pollo por persona.<\/p>\n<p>\u201cS\u00f3lo un pollo nos est\u00e1n dejando comprar\u201d, indic\u00f3 un comprador a Br\u00fajula Digital.<\/p>\n<p>Cerca de las 13:15 en la sucursal de la Camacho la fila era de media cuadra y a las 14:00 en correos la fila era de alrededor de 100 personas.<\/p>\n<p>ESCASEZ DE COMBUSTIBLE<\/p>\n<p>Desde que empez\u00f3 el bloqueo evista, hace 15 d\u00edas en defensa del expresidente que enfrenta una denuncia por el delito de trata y tr\u00e1fico, los precios de diferentes productos de la canasta familiar incrementaron, como es el caso de las carnes de res y pollo por lo que desde Emapa informaron que se vender\u00e1 este producto a los comerciantes para que pueda reducir el precio.<\/p>\n<p>La carne de pollo se vender\u00e1 a los comerciantes en detalle a Bs 16,50 el kilo y la de carne a Bs 25,50 bolivianos el kilo gancho.<\/p>\n<p>\u201cHasta ahora ha llegado a La Paz v\u00eda a\u00e9rea 360 mil kilos de la carne de pollo, se tiene programado para ma\u00f1ana otros 80 mil kilos de pollo para abastecer a trav\u00e9s de dos canales de venta por un lado los mercados y por otro Emapa\u201d, indic\u00f3 en conferencia de presa el gerente general de Emapa.<\/p>\n<p>Pese a esta medida en los mercados no hay carne de pollo ni carne y el precio en ambos casos sigue elevado. (Br\u00fajula Digital)<\/p>\n","protected":false},"excerpt":{"rendered":"<p>Mientras el precio del kilo de pollo en Santa Cruz baja a 12 bolivianos, en La Paz el precio est\u00e1 100% por encima, oscila entre los Bs 23 y los Bs 24,50 por kilo, debido al bloqueo de caminos evista en Cochabamba que ya cumple 15 d\u00edas. Br\u00fajula Digital visit\u00f3 ayer los mercados de Achumani, [&hellip;]<\/p>\n","protected":false},"author":1,"featured_media":257230,"comment_status":"closed","ping_status":"open","sticky":false,"template":"","format":"standard","meta":{"_acf_changed":false,"footnotes":""},"categories":[12],"tags":[],"class_list":["post-257229","post","type-post","status-publish","format-standard","has-post-thumbnail","category-nacional"],"acf":{"antetitulo":"Por bloqueo \u201cevista\u201d"},"yoast_head":"<!-- This site is optimized with the Yoast SEO plugin v28.3 - https:\/\/yoast.com\/product\/yoast-seo-wordpress\/ -->\n<title>Precio del pollo en La Paz est\u00e1 100% por encima del de Santa Cruz - El Diario - Bolivia<\/title>\n<meta name=\"robots\" content=\"index, follow, max-snippet:-1, max-image-preview:large, max-video-preview:-1\" \/>\n<link rel=\"canonical\" href=\"https:\/\/www.eldiario.net\/portal\/2024\/10\/29\/precio-del-pollo-en-la-paz-esta-100-por-encima-del-de-santa-cruz\/\" \/>\n<meta property=\"og:locale\" content=\"es_ES\" \/>\n<meta property=\"og:type\" content=\"article\" \/>\n<meta property=\"og:title\" content=\"Precio del pollo en La Paz est\u00e1 100% por encima del de Santa Cruz - El Diario - Bolivia\" \/>\n<meta property=\"og:description\" content=\"Mientras el precio del kilo de pollo en Santa Cruz baja a 12 bolivianos, en La Paz el precio est\u00e1 100% por encima, oscila entre los Bs 23 y los Bs 24,50 por kilo, debido al bloqueo de caminos evista en Cochabamba que ya cumple 15 d\u00edas. Br\u00fajula Digital visit\u00f3 ayer los mercados de Achumani, [&hellip;]\" \/>\n<meta property=\"og:url\" content=\"https:\/\/www.eldiario.net\/portal\/2024\/10\/29\/precio-del-pollo-en-la-paz-esta-100-por-encima-del-de-santa-cruz\/\" \/>\n<meta property=\"og:site_name\" content=\"El Diario - Bolivia\" \/>\n<meta property=\"article:publisher\" content=\"https:\/\/www.facebook.com\/eldiario.bolivia\/\" \/>\n<meta property=\"article:published_time\" content=\"2024-10-29T10:07:04+00:00\" \/>\n<meta property=\"og:image\" content=\"https:\/\/www.eldiario.net\/portal\/wp-content\/uploads\/2024\/10\/PRECIO-FOTO.jpg\" \/>\n\t<meta property=\"og:image:width\" content=\"720\" \/>\n\t<meta property=\"og:image:height\" content=\"399\" \/>\n\t<meta property=\"og:image:type\" content=\"image\/jpeg\" \/>\n<meta name=\"author\" content=\"Jeanette\" \/>\n<meta name=\"twitter:card\" content=\"summary_large_image\" \/>\n<meta name=\"twitter:creator\" content=\"@eldiario_net\" \/>\n<meta name=\"twitter:site\" content=\"@eldiario_net\" \/>\n<meta name=\"twitter:label1\" content=\"Escrito por\" \/>\n\t<meta name=\"twitter:data1\" content=\"Jeanette\" \/>\n\t<meta name=\"twitter:label2\" content=\"Tiempo de lectura\" \/>\n\t<meta name=\"twitter:data2\" content=\"4 minutos\" \/>\n<script type=\"application\/ld+json\" class=\"yoast-schema-graph\">{\"@context\":\"https:\\\/\\\/schema.org\",\"@graph\":[{\"@type\":\"Article\",\"@id\":\"https:\\\/\\\/www.eldiario.net\\\/portal\\\/2024\\\/10\\\/29\\\/precio-del-pollo-en-la-paz-esta-100-por-encima-del-de-santa-cruz\\\/#article\",\"isPartOf\":{\"@id\":\"https:\\\/\\\/www.eldiario.net\\\/portal\\\/2024\\\/10\\\/29\\\/precio-del-pollo-en-la-paz-esta-100-por-encima-del-de-santa-cruz\\\/\"},\"author\":{\"name\":\"Jeanette\",\"@id\":\"https:\\\/\\\/www.eldiario.net\\\/portal\\\/#\\\/schema\\\/person\\\/f46445640444750d7d753ccd04ae01b7\"},\"headline\":\"Precio del pollo en La Paz est\u00e1 100% por encima del de Santa Cruz\",\"datePublished\":\"2024-10-29T10:07:04+00:00\",\"mainEntityOfPage\":{\"@id\":\"https:\\\/\\\/www.eldiario.net\\\/portal\\\/2024\\\/10\\\/29\\\/precio-del-pollo-en-la-paz-esta-100-por-encima-del-de-santa-cruz\\\/\"},\"wordCount\":636,\"publisher\":{\"@id\":\"https:\\\/\\\/www.eldiario.net\\\/portal\\\/#organization\"},\"image\":{\"@id\":\"https:\\\/\\\/www.eldiario.net\\\/portal\\\/2024\\\/10\\\/29\\\/precio-del-pollo-en-la-paz-esta-100-por-encima-del-de-santa-cruz\\\/#primaryimage\"},\"thumbnailUrl\":\"https:\\\/\\\/www.eldiario.net\\\/portal\\\/wp-content\\\/uploads\\\/2024\\\/10\\\/PRECIO-FOTO.jpg\",\"articleSection\":[\"Nacional\"],\"inLanguage\":\"es\"},{\"@type\":\"WebPage\",\"@id\":\"https:\\\/\\\/www.eldiario.net\\\/portal\\\/2024\\\/10\\\/29\\\/precio-del-pollo-en-la-paz-esta-100-por-encima-del-de-santa-cruz\\\/\",\"url\":\"https:\\\/\\\/www.eldiario.net\\\/portal\\\/2024\\\/10\\\/29\\\/precio-del-pollo-en-la-paz-esta-100-por-encima-del-de-santa-cruz\\\/\",\"name\":\"Precio del pollo en La Paz est\u00e1 100% por encima del de Santa Cruz - El Diario - Bolivia\",\"isPartOf\":{\"@id\":\"https:\\\/\\\/www.eldiario.net\\\/portal\\\/#website\"},\"primaryImageOfPage\":{\"@id\":\"https:\\\/\\\/www.eldiario.net\\\/portal\\\/2024\\\/10\\\/29\\\/precio-del-pollo-en-la-paz-esta-100-por-encima-del-de-santa-cruz\\\/#primaryimage\"},\"image\":{\"@id\":\"https:\\\/\\\/www.eldiario.net\\\/portal\\\/2024\\\/10\\\/29\\\/precio-del-pollo-en-la-paz-esta-100-por-encima-del-de-santa-cruz\\\/#primaryimage\"},\"thumbnailUrl\":\"https:\\\/\\\/www.eldiario.net\\\/portal\\\/wp-content\\\/uploads\\\/2024\\\/10\\\/PRECIO-FOTO.jpg\",\"datePublished\":\"2024-10-29T10:07:04+00:00\",\"breadcrumb\":{\"@id\":\"https:\\\/\\\/www.eldiario.net\\\/portal\\\/2024\\\/10\\\/29\\\/precio-del-pollo-en-la-paz-esta-100-por-encima-del-de-santa-cruz\\\/#breadcrumb\"},\"inLanguage\":\"es\",\"potentialAction\":[{\"@type\":\"ReadAction\",\"target\":[\"https:\\\/\\\/www.eldiario.net\\\/portal\\\/2024\\\/10\\\/29\\\/precio-del-pollo-en-la-paz-esta-100-por-encima-del-de-santa-cruz\\\/\"]}]},{\"@type\":\"ImageObject\",\"inLanguage\":\"es\",\"@id\":\"https:\\\/\\\/www.eldiario.net\\\/portal\\\/2024\\\/10\\\/29\\\/precio-del-pollo-en-la-paz-esta-100-por-encima-del-de-santa-cruz\\\/#primaryimage\",\"url\":\"https:\\\/\\\/www.eldiario.net\\\/portal\\\/wp-content\\\/uploads\\\/2024\\\/10\\\/PRECIO-FOTO.jpg\",\"contentUrl\":\"https:\\\/\\\/www.eldiario.net\\\/portal\\\/wp-content\\\/uploads\\\/2024\\\/10\\\/PRECIO-FOTO.jpg\",\"width\":720,\"height\":399,\"caption\":\"El Mercado Sopocachi de la ciudad de La Paz. Foto: Br\u00fajula Digital\"},{\"@type\":\"BreadcrumbList\",\"@id\":\"https:\\\/\\\/www.eldiario.net\\\/portal\\\/2024\\\/10\\\/29\\\/precio-del-pollo-en-la-paz-esta-100-por-encima-del-de-santa-cruz\\\/#breadcrumb\",\"itemListElement\":[{\"@type\":\"ListItem\",\"position\":1,\"name\":\"Portada\",\"item\":\"https:\\\/\\\/www.eldiario.net\\\/portal\\\/\"},{\"@type\":\"ListItem\",\"position\":2,\"name\":\"Precio del pollo en La Paz est\u00e1 100% por encima del de Santa Cruz\"}]},{\"@type\":\"WebSite\",\"@id\":\"https:\\\/\\\/www.eldiario.net\\\/portal\\\/#website\",\"url\":\"https:\\\/\\\/www.eldiario.net\\\/portal\\\/\",\"name\":\"El Diario - Decano de la prensa nacional\",\"description\":\"El Diario - Decano de la prensa nacional\",\"publisher\":{\"@id\":\"https:\\\/\\\/www.eldiario.net\\\/portal\\\/#organization\"},\"potentialAction\":[{\"@type\":\"SearchAction\",\"target\":{\"@type\":\"EntryPoint\",\"urlTemplate\":\"https:\\\/\\\/www.eldiario.net\\\/portal\\\/?s={search_term_string}\"},\"query-input\":{\"@type\":\"PropertyValueSpecification\",\"valueRequired\":true,\"valueName\":\"search_term_string\"}}],\"inLanguage\":\"es\"},{\"@type\":\"Organization\",\"@id\":\"https:\\\/\\\/www.eldiario.net\\\/portal\\\/#organization\",\"name\":\"El Diario - Decano de la prensa nacional\",\"url\":\"https:\\\/\\\/www.eldiario.net\\\/portal\\\/\",\"logo\":{\"@type\":\"ImageObject\",\"inLanguage\":\"es\",\"@id\":\"https:\\\/\\\/www.eldiario.net\\\/portal\\\/#\\\/schema\\\/logo\\\/image\\\/\",\"url\":\"https:\\\/\\\/www.eldiario.net\\\/portal\\\/wp-content\\\/uploads\\\/2023\\\/07\\\/logo_ED.jpg\",\"contentUrl\":\"https:\\\/\\\/www.eldiario.net\\\/portal\\\/wp-content\\\/uploads\\\/2023\\\/07\\\/logo_ED.jpg\",\"width\":272,\"height\":52,\"caption\":\"El Diario - Decano de la prensa nacional\"},\"image\":{\"@id\":\"https:\\\/\\\/www.eldiario.net\\\/portal\\\/#\\\/schema\\\/logo\\\/image\\\/\"},\"sameAs\":[\"https:\\\/\\\/www.facebook.com\\\/eldiario.bolivia\\\/\",\"https:\\\/\\\/x.com\\\/eldiario_net\"]},{\"@type\":\"Person\",\"@id\":\"https:\\\/\\\/www.eldiario.net\\\/portal\\\/#\\\/schema\\\/person\\\/f46445640444750d7d753ccd04ae01b7\",\"name\":\"Jeanette\",\"image\":{\"@type\":\"ImageObject\",\"inLanguage\":\"es\",\"@id\":\"https:\\\/\\\/secure.gravatar.com\\\/avatar\\\/3ea2118a5f7dad2b7138b1187a6b7ee55f160b9968b66013c3a3ef39dd7e5798?s=96&d=mm&r=g\",\"url\":\"https:\\\/\\\/secure.gravatar.com\\\/avatar\\\/3ea2118a5f7dad2b7138b1187a6b7ee55f160b9968b66013c3a3ef39dd7e5798?s=96&d=mm&r=g\",\"contentUrl\":\"https:\\\/\\\/secure.gravatar.com\\\/avatar\\\/3ea2118a5f7dad2b7138b1187a6b7ee55f160b9968b66013c3a3ef39dd7e5798?s=96&d=mm&r=g\",\"caption\":\"Jeanette\"},\"sameAs\":[\"https:\\\/\\\/www.eldiario.net\\\/portal\"],\"url\":\"https:\\\/\\\/www.eldiario.net\\\/portal\\\/author\\\/jeanette\\\/\"}]}<\/script>\n<!-- \/ Yoast SEO plugin. -->","yoast_head_json":{"title":"Precio del pollo en La Paz est\u00e1 100% por encima del de Santa Cruz - El Diario - Bolivia","robots":{"index":"index","follow":"follow","max-snippet":"max-snippet:-1","max-image-preview":"max-image-preview:large","max-video-preview":"max-video-preview:-1"},"canonical":"https:\/\/www.eldiario.net\/portal\/2024\/10\/29\/precio-del-pollo-en-la-paz-esta-100-por-encima-del-de-santa-cruz\/","og_locale":"es_ES","og_type":"article","og_title":"Precio del pollo en La Paz est\u00e1 100% por encima del de Santa Cruz - El Diario - Bolivia","og_description":"Mientras el precio del kilo de pollo en Santa Cruz baja a 12 bolivianos, en La Paz el precio est\u00e1 100% por encima, oscila entre los Bs 23 y los Bs 24,50 por kilo, debido al bloqueo de caminos evista en Cochabamba que ya cumple 15 d\u00edas. Br\u00fajula Digital visit\u00f3 ayer los mercados de Achumani, [&hellip;]","og_url":"https:\/\/www.eldiario.net\/portal\/2024\/10\/29\/precio-del-pollo-en-la-paz-esta-100-por-encima-del-de-santa-cruz\/","og_site_name":"El Diario - Bolivia","article_publisher":"https:\/\/www.facebook.com\/eldiario.bolivia\/","article_published_time":"2024-10-29T10:07:04+00:00","og_image":[{"width":720,"height":399,"url":"https:\/\/www.eldiario.net\/portal\/wp-content\/uploads\/2024\/10\/PRECIO-FOTO.jpg","type":"image\/jpeg"}],"author":"Jeanette","twitter_card":"summary_large_image","twitter_creator":"@eldiario_net","twitter_site":"@eldiario_net","twitter_misc":{"Escrito por":"Jeanette","Tiempo de lectura":"4 minutos"},"schema":{"@context":"https:\/\/schema.org","@graph":[{"@type":"Article","@id":"https:\/\/www.eldiario.net\/portal\/2024\/10\/29\/precio-del-pollo-en-la-paz-esta-100-por-encima-del-de-santa-cruz\/#article","isPartOf":{"@id":"https:\/\/www.eldiario.net\/portal\/2024\/10\/29\/precio-del-pollo-en-la-paz-esta-100-por-encima-del-de-santa-cruz\/"},"author":{"name":"Jeanette","@id":"https:\/\/www.eldiario.net\/portal\/#\/schema\/person\/f46445640444750d7d753ccd04ae01b7"},"headline":"Precio del pollo en La Paz est\u00e1 100% por encima del de Santa Cruz","datePublished":"2024-10-29T10:07:04+00:00","mainEntityOfPage":{"@id":"https:\/\/www.eldiario.net\/portal\/2024\/10\/29\/precio-del-pollo-en-la-paz-esta-100-por-encima-del-de-santa-cruz\/"},"wordCount":636,"publisher":{"@id":"https:\/\/www.eldiario.net\/portal\/#organization"},"image":{"@id":"https:\/\/www.eldiario.net\/portal\/2024\/10\/29\/precio-del-pollo-en-la-paz-esta-100-por-encima-del-de-santa-cruz\/#primaryimage"},"thumbnailUrl":"https:\/\/www.eldiario.net\/portal\/wp-content\/uploads\/2024\/10\/PRECIO-FOTO.jpg","articleSection":["Nacional"],"inLanguage":"es"},{"@type":"WebPage","@id":"https:\/\/www.eldiario.net\/portal\/2024\/10\/29\/precio-del-pollo-en-la-paz-esta-100-por-encima-del-de-santa-cruz\/","url":"https:\/\/www.eldiario.net\/portal\/2024\/10\/29\/precio-del-pollo-en-la-paz-esta-100-por-encima-del-de-santa-cruz\/","name":"Precio del pollo en La Paz est\u00e1 100% por encima del de Santa Cruz - El Diario - Bolivia","isPartOf":{"@id":"https:\/\/www.eldiario.net\/portal\/#website"},"primaryImageOfPage":{"@id":"https:\/\/www.eldiario.net\/portal\/2024\/10\/29\/precio-del-pollo-en-la-paz-esta-100-por-encima-del-de-santa-cruz\/#primaryimage"},"image":{"@id":"https:\/\/www.eldiario.net\/portal\/2024\/10\/29\/precio-del-pollo-en-la-paz-esta-100-por-encima-del-de-santa-cruz\/#primaryimage"},"thumbnailUrl":"https:\/\/www.eldiario.net\/portal\/wp-content\/uploads\/2024\/10\/PRECIO-FOTO.jpg","datePublished":"2024-10-29T10:07:04+00:00","breadcrumb":{"@id":"https:\/\/www.eldiario.net\/portal\/2024\/10\/29\/precio-del-pollo-en-la-paz-esta-100-por-encima-del-de-santa-cruz\/#breadcrumb"},"inLanguage":"es","potentialAction":[{"@type":"ReadAction","target":["https:\/\/www.eldiario.net\/portal\/2024\/10\/29\/precio-del-pollo-en-la-paz-esta-100-por-encima-del-de-santa-cruz\/"]}]},{"@type":"ImageObject","inLanguage":"es","@id":"https:\/\/www.eldiario.net\/portal\/2024\/10\/29\/precio-del-pollo-en-la-paz-esta-100-por-encima-del-de-santa-cruz\/#primaryimage","url":"https:\/\/www.eldiario.net\/portal\/wp-content\/uploads\/2024\/10\/PRECIO-FOTO.jpg","contentUrl":"https:\/\/www.eldiario.net\/portal\/wp-content\/uploads\/2024\/10\/PRECIO-FOTO.jpg","width":720,"height":399,"caption":"El Mercado Sopocachi de la ciudad de La Paz. Foto: Br\u00fajula Digital"},{"@type":"BreadcrumbList","@id":"https:\/\/www.eldiario.net\/portal\/2024\/10\/29\/precio-del-pollo-en-la-paz-esta-100-por-encima-del-de-santa-cruz\/#breadcrumb","itemListElement":[{"@type":"ListItem","position":1,"name":"Portada","item":"https:\/\/www.eldiario.net\/portal\/"},{"@type":"ListItem","position":2,"name":"Precio del pollo en La Paz est\u00e1 100% por encima del de Santa Cruz"}]},{"@type":"WebSite","@id":"https:\/\/www.eldiario.net\/portal\/#website","url":"https:\/\/www.eldiario.net\/portal\/","name":"El Diario - Decano de la prensa nacional","description":"El Diario - Decano de la prensa nacional","publisher":{"@id":"https:\/\/www.eldiario.net\/portal\/#organization"},"potentialAction":[{"@type":"SearchAction","target":{"@type":"EntryPoint","urlTemplate":"https:\/\/www.eldiario.net\/portal\/?s={search_term_string}"},"query-input":{"@type":"PropertyValueSpecification","valueRequired":true,"valueName":"search_term_string"}}],"inLanguage":"es"},{"@type":"Organization","@id":"https:\/\/www.eldiario.net\/portal\/#organization","name":"El Diario - Decano de la prensa nacional","url":"https:\/\/www.eldiario.net\/portal\/","logo":{"@type":"ImageObject","inLanguage":"es","@id":"https:\/\/www.eldiario.net\/portal\/#\/schema\/logo\/image\/","url":"https:\/\/www.eldiario.net\/portal\/wp-content\/uploads\/2023\/07\/logo_ED.jpg","contentUrl":"https:\/\/www.eldiario.net\/portal\/wp-content\/uploads\/2023\/07\/logo_ED.jpg","width":272,"height":52,"caption":"El Diario - Decano de la prensa nacional"},"image":{"@id":"https:\/\/www.eldiario.net\/portal\/#\/schema\/logo\/image\/"},"sameAs":["https:\/\/www.facebook.com\/eldiario.bolivia\/","https:\/\/x.com\/eldiario_net"]},{"@type":"Person","@id":"https:\/\/www.eldiario.net\/portal\/#\/schema\/person\/f46445640444750d7d753ccd04ae01b7","name":"Jeanette","image":{"@type":"ImageObject","inLanguage":"es","@id":"https:\/\/secure.gravatar.com\/avatar\/3ea2118a5f7dad2b7138b1187a6b7ee55f160b9968b66013c3a3ef39dd7e5798?s=96&d=mm&r=g","url":"https:\/\/secure.gravatar.com\/avatar\/3ea2118a5f7dad2b7138b1187a6b7ee55f160b9968b66013c3a3ef39dd7e5798?s=96&d=mm&r=g","contentUrl":"https:\/\/secure.gravatar.com\/avatar\/3ea2118a5f7dad2b7138b1187a6b7ee55f160b9968b66013c3a3ef39dd7e5798?s=96&d=mm&r=g","caption":"Jeanette"},"sameAs":["https:\/\/www.eldiario.net\/portal"],"url":"https:\/\/www.eldiario.net\/portal\/author\/jeanette\/"}]}},"_links":{"self":[{"href":"https:\/\/www.eldiario.net\/portal\/wp-json\/wp\/v2\/posts\/257229","targetHints":{"allow":["GET"]}}],"collection":[{"href":"https:\/\/www.eldiario.net\/portal\/wp-json\/wp\/v2\/posts"}],"about":[{"href":"https:\/\/www.eldiario.net\/portal\/wp-json\/wp\/v2\/types\/post"}],"author":[{"embeddable":true,"href":"https:\/\/www.eldiario.net\/portal\/wp-json\/wp\/v2\/users\/1"}],"replies":[{"embeddable":true,"href":"https:\/\/www.eldiario.net\/portal\/wp-json\/wp\/v2\/comments?post=257229"}],"version-history":[{"count":1,"href":"https:\/\/www.eldiario.net\/portal\/wp-json\/wp\/v2\/posts\/257229\/revisions"}],"predecessor-version":[{"id":257231,"href":"https:\/\/www.eldiario.net\/portal\/wp-json\/wp\/v2\/posts\/257229\/revisions\/257231"}],"wp:featuredmedia":[{"embeddable":true,"href":"https:\/\/www.eldiario.net\/portal\/wp-json\/wp\/v2\/media\/257230"}],"wp:attachment":[{"href":"https:\/\/www.eldiario.net\/portal\/wp-json\/wp\/v2\/media?parent=257229"}],"wp:term":[{"taxonomy":"category","embeddable":true,"href":"https:\/\/www.eldiario.net\/portal\/wp-json\/wp\/v2\/categories?post=257229"},{"taxonomy":"post_tag","embeddable":true,"href":"https:\/\/www.eldiario.net\/portal\/wp-json\/wp\/v2\/tags?post=257229"}],"curies":[{"name":"wp","href":"https:\/\/api.w.org\/{rel}","templated":true}]}}