{"id":257226,"date":"2024-10-29T06:06:33","date_gmt":"2024-10-29T10:06:33","guid":{"rendered":"https:\/\/www.eldiario.net\/portal\/?p=257226"},"modified":"2024-10-29T06:06:33","modified_gmt":"2024-10-29T10:06:33","slug":"la-paz-soportara-hoy-otro-bloqueo-esta-vez-de-los-trabajadores-de-salud","status":"publish","type":"post","link":"https:\/\/www.eldiario.net\/portal\/2024\/10\/29\/la-paz-soportara-hoy-otro-bloqueo-esta-vez-de-los-trabajadores-de-salud\/","title":{"rendered":"La Paz soportar\u00e1 hoy otro bloqueo,  esta vez de los trabajadores de Salud"},"content":{"rendered":"<p>Los trabajadores de salud p\u00fablica del departamento de La Paz anunciaron que hoy realizar\u00e1n un \u201cbloqueo de las mil esquinas\u201d e iniciar\u00e1n un paro de 72 horas en protesta por lo que denuncian como \u201cdespidos injustificados\u201d realizados por la gobernaci\u00f3n pace\u00f1a.<\/p>\n<p>\u201cEl gobernador de La Paz no quiere escuchar a los trabajadores de salud; nuestros compa\u00f1eros fueron despedidos injustamente\u201d, afirm\u00f3 Hugo Saavedra, secretario general de la Federaci\u00f3n Sindical de Trabajadores de Salud P\u00fablica de La Paz.<\/p>\n<p>El paro, que afectar\u00e1 los centros de salud en La Paz, El Alto y \u00e1reas rurales, contempla la suspensi\u00f3n de servicios en consultas externas y otras \u00e1reas no cr\u00edticas, mientras que las emergencias continuar\u00e1n operando con normalidad.<\/p>\n<p>\u201cS\u00f3lo el servicio de emergencia de los hospitales se va a atender; pero el resto como consultas externas no vamos a atender. Estaremos paralizando las actividades las 72 horas por culpa del Gobernador\u201d, asegur\u00f3 un dirigente del sector.<\/p>\n<p>Adem\u00e1s de las medidas de presi\u00f3n, trabajadores del sector mantienen bloqueada la avenida Capit\u00e1n Ravelo, donde est\u00e1 ubicado el Servicio Departamental de Salud (Sedes), dependiente de la Gobernaci\u00f3n. En este lugar, algunos trabajadores llevan adelante una huelga de hambre que ya cumple ocho d\u00edas, como parte de las movilizaciones que demandan la restituci\u00f3n laboral de 18 empleados despedidos.<\/p>\n<p>\u201cExigimos la atenci\u00f3n de las autoridades del Sedes. Estamos movilizados exigiendo la restituci\u00f3n laboral de trabajadores despedidos en La Paz, El Alto y las provincias\u201d, se\u00f1al\u00f3 Saavedra.<\/p>\n<p>La semana pasada, el sector ya realiz\u00f3 un paro de 48 horas con bloqueo de \u201cmil esquinas\u201d en las principales calles y avenidas de La Paz, generando un fuerte impacto en zonas como Miraflores, Sopocachi, San Pedro y Apumalla, lo que se prev\u00e9 se repita hoy desde las 07:00 horas.<\/p>\n","protected":false},"excerpt":{"rendered":"<p>Los trabajadores de salud p\u00fablica del departamento de La Paz anunciaron que hoy realizar\u00e1n un \u201cbloqueo de las mil esquinas\u201d e iniciar\u00e1n un paro de 72 horas en protesta por lo que denuncian como \u201cdespidos injustificados\u201d realizados por la gobernaci\u00f3n pace\u00f1a. \u201cEl gobernador de La Paz no quiere escuchar a los trabajadores de salud; nuestros [&hellip;]<\/p>\n","protected":false},"author":1,"featured_media":257227,"comment_status":"closed","ping_status":"open","sticky":false,"template":"","format":"standard","meta":{"_acf_changed":false,"footnotes":""},"categories":[12],"tags":[],"class_list":["post-257226","post","type-post","status-publish","format-standard","has-post-thumbnail","category-nacional"],"acf":{"antetitulo":""},"yoast_head":"<!-- This site is optimized with the Yoast SEO plugin v28.3 - https:\/\/yoast.com\/product\/yoast-seo-wordpress\/ -->\n<title>La Paz soportar\u00e1 hoy otro bloqueo, esta vez de los trabajadores de Salud - El Diario - Bolivia<\/title>\n<meta name=\"robots\" content=\"index, follow, max-snippet:-1, max-image-preview:large, max-video-preview:-1\" \/>\n<link rel=\"canonical\" href=\"https:\/\/www.eldiario.net\/portal\/2024\/10\/29\/la-paz-soportara-hoy-otro-bloqueo-esta-vez-de-los-trabajadores-de-salud\/\" \/>\n<meta property=\"og:locale\" content=\"es_ES\" \/>\n<meta property=\"og:type\" content=\"article\" \/>\n<meta property=\"og:title\" content=\"La Paz soportar\u00e1 hoy otro bloqueo, esta vez de los trabajadores de Salud - El Diario - Bolivia\" \/>\n<meta property=\"og:description\" content=\"Los trabajadores de salud p\u00fablica del departamento de La Paz anunciaron que hoy realizar\u00e1n un \u201cbloqueo de las mil esquinas\u201d e iniciar\u00e1n un paro de 72 horas en protesta por lo que denuncian como \u201cdespidos injustificados\u201d realizados por la gobernaci\u00f3n pace\u00f1a. \u201cEl gobernador de La Paz no quiere escuchar a los trabajadores de salud; nuestros [&hellip;]\" \/>\n<meta property=\"og:url\" content=\"https:\/\/www.eldiario.net\/portal\/2024\/10\/29\/la-paz-soportara-hoy-otro-bloqueo-esta-vez-de-los-trabajadores-de-salud\/\" \/>\n<meta property=\"og:site_name\" content=\"El Diario - Bolivia\" \/>\n<meta property=\"article:publisher\" content=\"https:\/\/www.facebook.com\/eldiario.bolivia\/\" \/>\n<meta property=\"article:published_time\" content=\"2024-10-29T10:06:33+00:00\" \/>\n<meta property=\"og:image\" content=\"https:\/\/www.eldiario.net\/portal\/wp-content\/uploads\/2024\/10\/SALUD-FOTO.jpg\" \/>\n\t<meta property=\"og:image:width\" content=\"720\" \/>\n\t<meta property=\"og:image:height\" content=\"400\" \/>\n\t<meta property=\"og:image:type\" content=\"image\/jpeg\" \/>\n<meta name=\"author\" content=\"Jeanette\" \/>\n<meta name=\"twitter:card\" content=\"summary_large_image\" \/>\n<meta name=\"twitter:creator\" content=\"@eldiario_net\" \/>\n<meta name=\"twitter:site\" content=\"@eldiario_net\" \/>\n<meta name=\"twitter:label1\" content=\"Escrito por\" \/>\n\t<meta name=\"twitter:data1\" content=\"Jeanette\" \/>\n\t<meta name=\"twitter:label2\" content=\"Tiempo de lectura\" \/>\n\t<meta name=\"twitter:data2\" content=\"2 minutos\" \/>\n<script type=\"application\/ld+json\" class=\"yoast-schema-graph\">{\"@context\":\"https:\\\/\\\/schema.org\",\"@graph\":[{\"@type\":\"Article\",\"@id\":\"https:\\\/\\\/www.eldiario.net\\\/portal\\\/2024\\\/10\\\/29\\\/la-paz-soportara-hoy-otro-bloqueo-esta-vez-de-los-trabajadores-de-salud\\\/#article\",\"isPartOf\":{\"@id\":\"https:\\\/\\\/www.eldiario.net\\\/portal\\\/2024\\\/10\\\/29\\\/la-paz-soportara-hoy-otro-bloqueo-esta-vez-de-los-trabajadores-de-salud\\\/\"},\"author\":{\"name\":\"Jeanette\",\"@id\":\"https:\\\/\\\/www.eldiario.net\\\/portal\\\/#\\\/schema\\\/person\\\/f46445640444750d7d753ccd04ae01b7\"},\"headline\":\"La Paz soportar\u00e1 hoy otro bloqueo, esta vez de los trabajadores de Salud\",\"datePublished\":\"2024-10-29T10:06:33+00:00\",\"mainEntityOfPage\":{\"@id\":\"https:\\\/\\\/www.eldiario.net\\\/portal\\\/2024\\\/10\\\/29\\\/la-paz-soportara-hoy-otro-bloqueo-esta-vez-de-los-trabajadores-de-salud\\\/\"},\"wordCount\":315,\"publisher\":{\"@id\":\"https:\\\/\\\/www.eldiario.net\\\/portal\\\/#organization\"},\"image\":{\"@id\":\"https:\\\/\\\/www.eldiario.net\\\/portal\\\/2024\\\/10\\\/29\\\/la-paz-soportara-hoy-otro-bloqueo-esta-vez-de-los-trabajadores-de-salud\\\/#primaryimage\"},\"thumbnailUrl\":\"https:\\\/\\\/www.eldiario.net\\\/portal\\\/wp-content\\\/uploads\\\/2024\\\/10\\\/SALUD-FOTO.jpg\",\"articleSection\":[\"Nacional\"],\"inLanguage\":\"es\"},{\"@type\":\"WebPage\",\"@id\":\"https:\\\/\\\/www.eldiario.net\\\/portal\\\/2024\\\/10\\\/29\\\/la-paz-soportara-hoy-otro-bloqueo-esta-vez-de-los-trabajadores-de-salud\\\/\",\"url\":\"https:\\\/\\\/www.eldiario.net\\\/portal\\\/2024\\\/10\\\/29\\\/la-paz-soportara-hoy-otro-bloqueo-esta-vez-de-los-trabajadores-de-salud\\\/\",\"name\":\"La Paz soportar\u00e1 hoy otro bloqueo, esta vez de los trabajadores de Salud - El Diario - Bolivia\",\"isPartOf\":{\"@id\":\"https:\\\/\\\/www.eldiario.net\\\/portal\\\/#website\"},\"primaryImageOfPage\":{\"@id\":\"https:\\\/\\\/www.eldiario.net\\\/portal\\\/2024\\\/10\\\/29\\\/la-paz-soportara-hoy-otro-bloqueo-esta-vez-de-los-trabajadores-de-salud\\\/#primaryimage\"},\"image\":{\"@id\":\"https:\\\/\\\/www.eldiario.net\\\/portal\\\/2024\\\/10\\\/29\\\/la-paz-soportara-hoy-otro-bloqueo-esta-vez-de-los-trabajadores-de-salud\\\/#primaryimage\"},\"thumbnailUrl\":\"https:\\\/\\\/www.eldiario.net\\\/portal\\\/wp-content\\\/uploads\\\/2024\\\/10\\\/SALUD-FOTO.jpg\",\"datePublished\":\"2024-10-29T10:06:33+00:00\",\"breadcrumb\":{\"@id\":\"https:\\\/\\\/www.eldiario.net\\\/portal\\\/2024\\\/10\\\/29\\\/la-paz-soportara-hoy-otro-bloqueo-esta-vez-de-los-trabajadores-de-salud\\\/#breadcrumb\"},\"inLanguage\":\"es\",\"potentialAction\":[{\"@type\":\"ReadAction\",\"target\":[\"https:\\\/\\\/www.eldiario.net\\\/portal\\\/2024\\\/10\\\/29\\\/la-paz-soportara-hoy-otro-bloqueo-esta-vez-de-los-trabajadores-de-salud\\\/\"]}]},{\"@type\":\"ImageObject\",\"inLanguage\":\"es\",\"@id\":\"https:\\\/\\\/www.eldiario.net\\\/portal\\\/2024\\\/10\\\/29\\\/la-paz-soportara-hoy-otro-bloqueo-esta-vez-de-los-trabajadores-de-salud\\\/#primaryimage\",\"url\":\"https:\\\/\\\/www.eldiario.net\\\/portal\\\/wp-content\\\/uploads\\\/2024\\\/10\\\/SALUD-FOTO.jpg\",\"contentUrl\":\"https:\\\/\\\/www.eldiario.net\\\/portal\\\/wp-content\\\/uploads\\\/2024\\\/10\\\/SALUD-FOTO.jpg\",\"width\":720,\"height\":400,\"caption\":\"Bloqueo de los trabajadores en Salud protagonizado la anterior semana. Foto: Archivo ABI\"},{\"@type\":\"BreadcrumbList\",\"@id\":\"https:\\\/\\\/www.eldiario.net\\\/portal\\\/2024\\\/10\\\/29\\\/la-paz-soportara-hoy-otro-bloqueo-esta-vez-de-los-trabajadores-de-salud\\\/#breadcrumb\",\"itemListElement\":[{\"@type\":\"ListItem\",\"position\":1,\"name\":\"Portada\",\"item\":\"https:\\\/\\\/www.eldiario.net\\\/portal\\\/\"},{\"@type\":\"ListItem\",\"position\":2,\"name\":\"La Paz soportar\u00e1 hoy otro bloqueo, esta vez de los trabajadores de Salud\"}]},{\"@type\":\"WebSite\",\"@id\":\"https:\\\/\\\/www.eldiario.net\\\/portal\\\/#website\",\"url\":\"https:\\\/\\\/www.eldiario.net\\\/portal\\\/\",\"name\":\"El Diario - Decano de la prensa nacional\",\"description\":\"El Diario - Decano de la prensa nacional\",\"publisher\":{\"@id\":\"https:\\\/\\\/www.eldiario.net\\\/portal\\\/#organization\"},\"potentialAction\":[{\"@type\":\"SearchAction\",\"target\":{\"@type\":\"EntryPoint\",\"urlTemplate\":\"https:\\\/\\\/www.eldiario.net\\\/portal\\\/?s={search_term_string}\"},\"query-input\":{\"@type\":\"PropertyValueSpecification\",\"valueRequired\":true,\"valueName\":\"search_term_string\"}}],\"inLanguage\":\"es\"},{\"@type\":\"Organization\",\"@id\":\"https:\\\/\\\/www.eldiario.net\\\/portal\\\/#organization\",\"name\":\"El Diario - Decano de la prensa nacional\",\"url\":\"https:\\\/\\\/www.eldiario.net\\\/portal\\\/\",\"logo\":{\"@type\":\"ImageObject\",\"inLanguage\":\"es\",\"@id\":\"https:\\\/\\\/www.eldiario.net\\\/portal\\\/#\\\/schema\\\/logo\\\/image\\\/\",\"url\":\"https:\\\/\\\/www.eldiario.net\\\/portal\\\/wp-content\\\/uploads\\\/2023\\\/07\\\/logo_ED.jpg\",\"contentUrl\":\"https:\\\/\\\/www.eldiario.net\\\/portal\\\/wp-content\\\/uploads\\\/2023\\\/07\\\/logo_ED.jpg\",\"width\":272,\"height\":52,\"caption\":\"El Diario - Decano de la prensa nacional\"},\"image\":{\"@id\":\"https:\\\/\\\/www.eldiario.net\\\/portal\\\/#\\\/schema\\\/logo\\\/image\\\/\"},\"sameAs\":[\"https:\\\/\\\/www.facebook.com\\\/eldiario.bolivia\\\/\",\"https:\\\/\\\/x.com\\\/eldiario_net\"]},{\"@type\":\"Person\",\"@id\":\"https:\\\/\\\/www.eldiario.net\\\/portal\\\/#\\\/schema\\\/person\\\/f46445640444750d7d753ccd04ae01b7\",\"name\":\"Jeanette\",\"image\":{\"@type\":\"ImageObject\",\"inLanguage\":\"es\",\"@id\":\"https:\\\/\\\/secure.gravatar.com\\\/avatar\\\/3ea2118a5f7dad2b7138b1187a6b7ee55f160b9968b66013c3a3ef39dd7e5798?s=96&d=mm&r=g\",\"url\":\"https:\\\/\\\/secure.gravatar.com\\\/avatar\\\/3ea2118a5f7dad2b7138b1187a6b7ee55f160b9968b66013c3a3ef39dd7e5798?s=96&d=mm&r=g\",\"contentUrl\":\"https:\\\/\\\/secure.gravatar.com\\\/avatar\\\/3ea2118a5f7dad2b7138b1187a6b7ee55f160b9968b66013c3a3ef39dd7e5798?s=96&d=mm&r=g\",\"caption\":\"Jeanette\"},\"sameAs\":[\"https:\\\/\\\/www.eldiario.net\\\/portal\"],\"url\":\"https:\\\/\\\/www.eldiario.net\\\/portal\\\/author\\\/jeanette\\\/\"}]}<\/script>\n<!-- \/ Yoast SEO plugin. -->","yoast_head_json":{"title":"La Paz soportar\u00e1 hoy otro bloqueo, esta vez de los trabajadores de Salud - El Diario - Bolivia","robots":{"index":"index","follow":"follow","max-snippet":"max-snippet:-1","max-image-preview":"max-image-preview:large","max-video-preview":"max-video-preview:-1"},"canonical":"https:\/\/www.eldiario.net\/portal\/2024\/10\/29\/la-paz-soportara-hoy-otro-bloqueo-esta-vez-de-los-trabajadores-de-salud\/","og_locale":"es_ES","og_type":"article","og_title":"La Paz soportar\u00e1 hoy otro bloqueo, esta vez de los trabajadores de Salud - El Diario - Bolivia","og_description":"Los trabajadores de salud p\u00fablica del departamento de La Paz anunciaron que hoy realizar\u00e1n un \u201cbloqueo de las mil esquinas\u201d e iniciar\u00e1n un paro de 72 horas en protesta por lo que denuncian como \u201cdespidos injustificados\u201d realizados por la gobernaci\u00f3n pace\u00f1a. \u201cEl gobernador de La Paz no quiere escuchar a los trabajadores de salud; nuestros [&hellip;]","og_url":"https:\/\/www.eldiario.net\/portal\/2024\/10\/29\/la-paz-soportara-hoy-otro-bloqueo-esta-vez-de-los-trabajadores-de-salud\/","og_site_name":"El Diario - Bolivia","article_publisher":"https:\/\/www.facebook.com\/eldiario.bolivia\/","article_published_time":"2024-10-29T10:06:33+00:00","og_image":[{"width":720,"height":400,"url":"https:\/\/www.eldiario.net\/portal\/wp-content\/uploads\/2024\/10\/SALUD-FOTO.jpg","type":"image\/jpeg"}],"author":"Jeanette","twitter_card":"summary_large_image","twitter_creator":"@eldiario_net","twitter_site":"@eldiario_net","twitter_misc":{"Escrito por":"Jeanette","Tiempo de lectura":"2 minutos"},"schema":{"@context":"https:\/\/schema.org","@graph":[{"@type":"Article","@id":"https:\/\/www.eldiario.net\/portal\/2024\/10\/29\/la-paz-soportara-hoy-otro-bloqueo-esta-vez-de-los-trabajadores-de-salud\/#article","isPartOf":{"@id":"https:\/\/www.eldiario.net\/portal\/2024\/10\/29\/la-paz-soportara-hoy-otro-bloqueo-esta-vez-de-los-trabajadores-de-salud\/"},"author":{"name":"Jeanette","@id":"https:\/\/www.eldiario.net\/portal\/#\/schema\/person\/f46445640444750d7d753ccd04ae01b7"},"headline":"La Paz soportar\u00e1 hoy otro bloqueo, esta vez de los trabajadores de Salud","datePublished":"2024-10-29T10:06:33+00:00","mainEntityOfPage":{"@id":"https:\/\/www.eldiario.net\/portal\/2024\/10\/29\/la-paz-soportara-hoy-otro-bloqueo-esta-vez-de-los-trabajadores-de-salud\/"},"wordCount":315,"publisher":{"@id":"https:\/\/www.eldiario.net\/portal\/#organization"},"image":{"@id":"https:\/\/www.eldiario.net\/portal\/2024\/10\/29\/la-paz-soportara-hoy-otro-bloqueo-esta-vez-de-los-trabajadores-de-salud\/#primaryimage"},"thumbnailUrl":"https:\/\/www.eldiario.net\/portal\/wp-content\/uploads\/2024\/10\/SALUD-FOTO.jpg","articleSection":["Nacional"],"inLanguage":"es"},{"@type":"WebPage","@id":"https:\/\/www.eldiario.net\/portal\/2024\/10\/29\/la-paz-soportara-hoy-otro-bloqueo-esta-vez-de-los-trabajadores-de-salud\/","url":"https:\/\/www.eldiario.net\/portal\/2024\/10\/29\/la-paz-soportara-hoy-otro-bloqueo-esta-vez-de-los-trabajadores-de-salud\/","name":"La Paz soportar\u00e1 hoy otro bloqueo, esta vez de los trabajadores de Salud - El Diario - Bolivia","isPartOf":{"@id":"https:\/\/www.eldiario.net\/portal\/#website"},"primaryImageOfPage":{"@id":"https:\/\/www.eldiario.net\/portal\/2024\/10\/29\/la-paz-soportara-hoy-otro-bloqueo-esta-vez-de-los-trabajadores-de-salud\/#primaryimage"},"image":{"@id":"https:\/\/www.eldiario.net\/portal\/2024\/10\/29\/la-paz-soportara-hoy-otro-bloqueo-esta-vez-de-los-trabajadores-de-salud\/#primaryimage"},"thumbnailUrl":"https:\/\/www.eldiario.net\/portal\/wp-content\/uploads\/2024\/10\/SALUD-FOTO.jpg","datePublished":"2024-10-29T10:06:33+00:00","breadcrumb":{"@id":"https:\/\/www.eldiario.net\/portal\/2024\/10\/29\/la-paz-soportara-hoy-otro-bloqueo-esta-vez-de-los-trabajadores-de-salud\/#breadcrumb"},"inLanguage":"es","potentialAction":[{"@type":"ReadAction","target":["https:\/\/www.eldiario.net\/portal\/2024\/10\/29\/la-paz-soportara-hoy-otro-bloqueo-esta-vez-de-los-trabajadores-de-salud\/"]}]},{"@type":"ImageObject","inLanguage":"es","@id":"https:\/\/www.eldiario.net\/portal\/2024\/10\/29\/la-paz-soportara-hoy-otro-bloqueo-esta-vez-de-los-trabajadores-de-salud\/#primaryimage","url":"https:\/\/www.eldiario.net\/portal\/wp-content\/uploads\/2024\/10\/SALUD-FOTO.jpg","contentUrl":"https:\/\/www.eldiario.net\/portal\/wp-content\/uploads\/2024\/10\/SALUD-FOTO.jpg","width":720,"height":400,"caption":"Bloqueo de los trabajadores en Salud protagonizado la anterior semana. Foto: Archivo ABI"},{"@type":"BreadcrumbList","@id":"https:\/\/www.eldiario.net\/portal\/2024\/10\/29\/la-paz-soportara-hoy-otro-bloqueo-esta-vez-de-los-trabajadores-de-salud\/#breadcrumb","itemListElement":[{"@type":"ListItem","position":1,"name":"Portada","item":"https:\/\/www.eldiario.net\/portal\/"},{"@type":"ListItem","position":2,"name":"La Paz soportar\u00e1 hoy otro bloqueo, esta vez de los trabajadores de Salud"}]},{"@type":"WebSite","@id":"https:\/\/www.eldiario.net\/portal\/#website","url":"https:\/\/www.eldiario.net\/portal\/","name":"El Diario - Decano de la prensa nacional","description":"El Diario - Decano de la prensa nacional","publisher":{"@id":"https:\/\/www.eldiario.net\/portal\/#organization"},"potentialAction":[{"@type":"SearchAction","target":{"@type":"EntryPoint","urlTemplate":"https:\/\/www.eldiario.net\/portal\/?s={search_term_string}"},"query-input":{"@type":"PropertyValueSpecification","valueRequired":true,"valueName":"search_term_string"}}],"inLanguage":"es"},{"@type":"Organization","@id":"https:\/\/www.eldiario.net\/portal\/#organization","name":"El Diario - Decano de la prensa nacional","url":"https:\/\/www.eldiario.net\/portal\/","logo":{"@type":"ImageObject","inLanguage":"es","@id":"https:\/\/www.eldiario.net\/portal\/#\/schema\/logo\/image\/","url":"https:\/\/www.eldiario.net\/portal\/wp-content\/uploads\/2023\/07\/logo_ED.jpg","contentUrl":"https:\/\/www.eldiario.net\/portal\/wp-content\/uploads\/2023\/07\/logo_ED.jpg","width":272,"height":52,"caption":"El Diario - Decano de la prensa nacional"},"image":{"@id":"https:\/\/www.eldiario.net\/portal\/#\/schema\/logo\/image\/"},"sameAs":["https:\/\/www.facebook.com\/eldiario.bolivia\/","https:\/\/x.com\/eldiario_net"]},{"@type":"Person","@id":"https:\/\/www.eldiario.net\/portal\/#\/schema\/person\/f46445640444750d7d753ccd04ae01b7","name":"Jeanette","image":{"@type":"ImageObject","inLanguage":"es","@id":"https:\/\/secure.gravatar.com\/avatar\/3ea2118a5f7dad2b7138b1187a6b7ee55f160b9968b66013c3a3ef39dd7e5798?s=96&d=mm&r=g","url":"https:\/\/secure.gravatar.com\/avatar\/3ea2118a5f7dad2b7138b1187a6b7ee55f160b9968b66013c3a3ef39dd7e5798?s=96&d=mm&r=g","contentUrl":"https:\/\/secure.gravatar.com\/avatar\/3ea2118a5f7dad2b7138b1187a6b7ee55f160b9968b66013c3a3ef39dd7e5798?s=96&d=mm&r=g","caption":"Jeanette"},"sameAs":["https:\/\/www.eldiario.net\/portal"],"url":"https:\/\/www.eldiario.net\/portal\/author\/jeanette\/"}]}},"_links":{"self":[{"href":"https:\/\/www.eldiario.net\/portal\/wp-json\/wp\/v2\/posts\/257226","targetHints":{"allow":["GET"]}}],"collection":[{"href":"https:\/\/www.eldiario.net\/portal\/wp-json\/wp\/v2\/posts"}],"about":[{"href":"https:\/\/www.eldiario.net\/portal\/wp-json\/wp\/v2\/types\/post"}],"author":[{"embeddable":true,"href":"https:\/\/www.eldiario.net\/portal\/wp-json\/wp\/v2\/users\/1"}],"replies":[{"embeddable":true,"href":"https:\/\/www.eldiario.net\/portal\/wp-json\/wp\/v2\/comments?post=257226"}],"version-history":[{"count":1,"href":"https:\/\/www.eldiario.net\/portal\/wp-json\/wp\/v2\/posts\/257226\/revisions"}],"predecessor-version":[{"id":257228,"href":"https:\/\/www.eldiario.net\/portal\/wp-json\/wp\/v2\/posts\/257226\/revisions\/257228"}],"wp:featuredmedia":[{"embeddable":true,"href":"https:\/\/www.eldiario.net\/portal\/wp-json\/wp\/v2\/media\/257227"}],"wp:attachment":[{"href":"https:\/\/www.eldiario.net\/portal\/wp-json\/wp\/v2\/media?parent=257226"}],"wp:term":[{"taxonomy":"category","embeddable":true,"href":"https:\/\/www.eldiario.net\/portal\/wp-json\/wp\/v2\/categories?post=257226"},{"taxonomy":"post_tag","embeddable":true,"href":"https:\/\/www.eldiario.net\/portal\/wp-json\/wp\/v2\/tags?post=257226"}],"curies":[{"name":"wp","href":"https:\/\/api.w.org\/{rel}","templated":true}]}}