{"id":257216,"date":"2024-10-29T06:04:25","date_gmt":"2024-10-29T10:04:25","guid":{"rendered":"https:\/\/www.eldiario.net\/portal\/?p=257216"},"modified":"2024-10-29T06:04:25","modified_gmt":"2024-10-29T10:04:25","slug":"nuevo-distribuidor-se-entregara-el-primer-semestre-del-proximo-ano","status":"publish","type":"post","link":"https:\/\/www.eldiario.net\/portal\/2024\/10\/29\/nuevo-distribuidor-se-entregara-el-primer-semestre-del-proximo-ano\/","title":{"rendered":"Nuevo distribuidor se entregar\u00e1 el  primer semestre del pr\u00f3ximo a\u00f1o"},"content":{"rendered":"<p>El distribuidor vehicular, ubicado en la avenida Per\u00fa y Blanco Galindo, tiene un avance del 35% y se prev\u00e9 que ser\u00e1 entregado el primer semestre del pr\u00f3ximo a\u00f1o, inform\u00f3 el alcalde de Cochabamba, Manfred Reyes Villa, tras realizar una inspecci\u00f3n a los trabajos.<\/p>\n<p>\u201cEste distribuidor es una obra de gran impacto para el municipio, como esta se entregar\u00e1n varias en el futuro para mejorar el flujo vehicular, nos interesan proyectos buenos y r\u00e1pidos\u201d expres\u00f3 la primera autoridad municipal.<\/p>\n<p>Por su parte, el secretario de Infraestructura, Gustavo Navia explic\u00f3 que las rampas de acceso elevadas est\u00e1n siendo armadas y posteriormente se realizar\u00e1 trabajos para el paso subterr\u00e1neo. \u201cLos pasos elevados estar\u00e1n en el lado norte y sur, los pasos desnivel de este a oeste\u201d dijo.<\/p>\n<p>Asimismo, manifest\u00f3 que la empresa encargada del proyecto contin\u00faa trabajando en la construcci\u00f3n de los elementos prefabricados para acortar el tiempo de ejecuci\u00f3n.<\/p>\n<p>El distribuidor de la avenida Per\u00fa cambiar\u00e1 la imagen de la Cochabamba pues mejorar\u00e1 la circulaci\u00f3n vehicular, brindar\u00e1 al peat\u00f3n mayor comodidad y facilidad para desplazarse; es una obra de alto impacto regional. (Cochabamba, agencias)<\/p>\n","protected":false},"excerpt":{"rendered":"<p>El distribuidor vehicular, ubicado en la avenida Per\u00fa y Blanco Galindo, tiene un avance del 35% y se prev\u00e9 que ser\u00e1 entregado el primer semestre del pr\u00f3ximo a\u00f1o, inform\u00f3 el alcalde de Cochabamba, Manfred Reyes Villa, tras realizar una inspecci\u00f3n a los trabajos. \u201cEste distribuidor es una obra de gran impacto para el municipio, como [&hellip;]<\/p>\n","protected":false},"author":1,"featured_media":257217,"comment_status":"closed","ping_status":"open","sticky":false,"template":"","format":"standard","meta":{"_acf_changed":false,"footnotes":""},"categories":[12],"tags":[],"class_list":["post-257216","post","type-post","status-publish","format-standard","has-post-thumbnail","category-nacional"],"acf":{"antetitulo":"Cochabamba"},"yoast_head":"<!-- This site is optimized with the Yoast SEO plugin v28.3 - https:\/\/yoast.com\/product\/yoast-seo-wordpress\/ -->\n<title>Nuevo distribuidor se entregar\u00e1 el primer semestre del pr\u00f3ximo a\u00f1o - El Diario - Bolivia<\/title>\n<meta name=\"robots\" content=\"index, follow, max-snippet:-1, max-image-preview:large, max-video-preview:-1\" \/>\n<link rel=\"canonical\" href=\"https:\/\/www.eldiario.net\/portal\/2024\/10\/29\/nuevo-distribuidor-se-entregara-el-primer-semestre-del-proximo-ano\/\" \/>\n<meta property=\"og:locale\" content=\"es_ES\" \/>\n<meta property=\"og:type\" content=\"article\" \/>\n<meta property=\"og:title\" content=\"Nuevo distribuidor se entregar\u00e1 el primer semestre del pr\u00f3ximo a\u00f1o - El Diario - Bolivia\" \/>\n<meta property=\"og:description\" content=\"El distribuidor vehicular, ubicado en la avenida Per\u00fa y Blanco Galindo, tiene un avance del 35% y se prev\u00e9 que ser\u00e1 entregado el primer semestre del pr\u00f3ximo a\u00f1o, inform\u00f3 el alcalde de Cochabamba, Manfred Reyes Villa, tras realizar una inspecci\u00f3n a los trabajos. \u201cEste distribuidor es una obra de gran impacto para el municipio, como [&hellip;]\" \/>\n<meta property=\"og:url\" content=\"https:\/\/www.eldiario.net\/portal\/2024\/10\/29\/nuevo-distribuidor-se-entregara-el-primer-semestre-del-proximo-ano\/\" \/>\n<meta property=\"og:site_name\" content=\"El Diario - Bolivia\" \/>\n<meta property=\"article:publisher\" content=\"https:\/\/www.facebook.com\/eldiario.bolivia\/\" \/>\n<meta property=\"article:published_time\" content=\"2024-10-29T10:04:25+00:00\" \/>\n<meta property=\"og:image\" content=\"https:\/\/www.eldiario.net\/portal\/wp-content\/uploads\/2024\/10\/NUEVO-FOTO.jpg\" \/>\n\t<meta property=\"og:image:width\" content=\"1200\" \/>\n\t<meta property=\"og:image:height\" content=\"960\" \/>\n\t<meta property=\"og:image:type\" content=\"image\/jpeg\" \/>\n<meta name=\"author\" content=\"Jeanette\" \/>\n<meta name=\"twitter:card\" content=\"summary_large_image\" \/>\n<meta name=\"twitter:creator\" content=\"@eldiario_net\" \/>\n<meta name=\"twitter:site\" content=\"@eldiario_net\" \/>\n<meta name=\"twitter:label1\" content=\"Escrito por\" \/>\n\t<meta name=\"twitter:data1\" content=\"Jeanette\" \/>\n\t<meta name=\"twitter:label2\" content=\"Tiempo de lectura\" \/>\n\t<meta name=\"twitter:data2\" content=\"2 minutos\" \/>\n<script type=\"application\/ld+json\" class=\"yoast-schema-graph\">{\"@context\":\"https:\\\/\\\/schema.org\",\"@graph\":[{\"@type\":\"Article\",\"@id\":\"https:\\\/\\\/www.eldiario.net\\\/portal\\\/2024\\\/10\\\/29\\\/nuevo-distribuidor-se-entregara-el-primer-semestre-del-proximo-ano\\\/#article\",\"isPartOf\":{\"@id\":\"https:\\\/\\\/www.eldiario.net\\\/portal\\\/2024\\\/10\\\/29\\\/nuevo-distribuidor-se-entregara-el-primer-semestre-del-proximo-ano\\\/\"},\"author\":{\"name\":\"Jeanette\",\"@id\":\"https:\\\/\\\/www.eldiario.net\\\/portal\\\/#\\\/schema\\\/person\\\/f46445640444750d7d753ccd04ae01b7\"},\"headline\":\"Nuevo distribuidor se entregar\u00e1 el primer semestre del pr\u00f3ximo a\u00f1o\",\"datePublished\":\"2024-10-29T10:04:25+00:00\",\"mainEntityOfPage\":{\"@id\":\"https:\\\/\\\/www.eldiario.net\\\/portal\\\/2024\\\/10\\\/29\\\/nuevo-distribuidor-se-entregara-el-primer-semestre-del-proximo-ano\\\/\"},\"wordCount\":206,\"publisher\":{\"@id\":\"https:\\\/\\\/www.eldiario.net\\\/portal\\\/#organization\"},\"image\":{\"@id\":\"https:\\\/\\\/www.eldiario.net\\\/portal\\\/2024\\\/10\\\/29\\\/nuevo-distribuidor-se-entregara-el-primer-semestre-del-proximo-ano\\\/#primaryimage\"},\"thumbnailUrl\":\"https:\\\/\\\/www.eldiario.net\\\/portal\\\/wp-content\\\/uploads\\\/2024\\\/10\\\/NUEVO-FOTO.jpg\",\"articleSection\":[\"Nacional\"],\"inLanguage\":\"es\"},{\"@type\":\"WebPage\",\"@id\":\"https:\\\/\\\/www.eldiario.net\\\/portal\\\/2024\\\/10\\\/29\\\/nuevo-distribuidor-se-entregara-el-primer-semestre-del-proximo-ano\\\/\",\"url\":\"https:\\\/\\\/www.eldiario.net\\\/portal\\\/2024\\\/10\\\/29\\\/nuevo-distribuidor-se-entregara-el-primer-semestre-del-proximo-ano\\\/\",\"name\":\"Nuevo distribuidor se entregar\u00e1 el primer semestre del pr\u00f3ximo a\u00f1o - El Diario - Bolivia\",\"isPartOf\":{\"@id\":\"https:\\\/\\\/www.eldiario.net\\\/portal\\\/#website\"},\"primaryImageOfPage\":{\"@id\":\"https:\\\/\\\/www.eldiario.net\\\/portal\\\/2024\\\/10\\\/29\\\/nuevo-distribuidor-se-entregara-el-primer-semestre-del-proximo-ano\\\/#primaryimage\"},\"image\":{\"@id\":\"https:\\\/\\\/www.eldiario.net\\\/portal\\\/2024\\\/10\\\/29\\\/nuevo-distribuidor-se-entregara-el-primer-semestre-del-proximo-ano\\\/#primaryimage\"},\"thumbnailUrl\":\"https:\\\/\\\/www.eldiario.net\\\/portal\\\/wp-content\\\/uploads\\\/2024\\\/10\\\/NUEVO-FOTO.jpg\",\"datePublished\":\"2024-10-29T10:04:25+00:00\",\"breadcrumb\":{\"@id\":\"https:\\\/\\\/www.eldiario.net\\\/portal\\\/2024\\\/10\\\/29\\\/nuevo-distribuidor-se-entregara-el-primer-semestre-del-proximo-ano\\\/#breadcrumb\"},\"inLanguage\":\"es\",\"potentialAction\":[{\"@type\":\"ReadAction\",\"target\":[\"https:\\\/\\\/www.eldiario.net\\\/portal\\\/2024\\\/10\\\/29\\\/nuevo-distribuidor-se-entregara-el-primer-semestre-del-proximo-ano\\\/\"]}]},{\"@type\":\"ImageObject\",\"inLanguage\":\"es\",\"@id\":\"https:\\\/\\\/www.eldiario.net\\\/portal\\\/2024\\\/10\\\/29\\\/nuevo-distribuidor-se-entregara-el-primer-semestre-del-proximo-ano\\\/#primaryimage\",\"url\":\"https:\\\/\\\/www.eldiario.net\\\/portal\\\/wp-content\\\/uploads\\\/2024\\\/10\\\/NUEVO-FOTO.jpg\",\"contentUrl\":\"https:\\\/\\\/www.eldiario.net\\\/portal\\\/wp-content\\\/uploads\\\/2024\\\/10\\\/NUEVO-FOTO.jpg\",\"width\":1200,\"height\":960,\"caption\":\"EL NUEVO DISTRIBUIDOR SER\u00c1 UNA OBRA QUE MEJORAR\u00c1 EL TR\u00c1FICO VEHICULAR. FOTO: GAMC\"},{\"@type\":\"BreadcrumbList\",\"@id\":\"https:\\\/\\\/www.eldiario.net\\\/portal\\\/2024\\\/10\\\/29\\\/nuevo-distribuidor-se-entregara-el-primer-semestre-del-proximo-ano\\\/#breadcrumb\",\"itemListElement\":[{\"@type\":\"ListItem\",\"position\":1,\"name\":\"Portada\",\"item\":\"https:\\\/\\\/www.eldiario.net\\\/portal\\\/\"},{\"@type\":\"ListItem\",\"position\":2,\"name\":\"Nuevo distribuidor se entregar\u00e1 el primer semestre del pr\u00f3ximo a\u00f1o\"}]},{\"@type\":\"WebSite\",\"@id\":\"https:\\\/\\\/www.eldiario.net\\\/portal\\\/#website\",\"url\":\"https:\\\/\\\/www.eldiario.net\\\/portal\\\/\",\"name\":\"El Diario - Decano de la prensa nacional\",\"description\":\"El Diario - Decano de la prensa nacional\",\"publisher\":{\"@id\":\"https:\\\/\\\/www.eldiario.net\\\/portal\\\/#organization\"},\"potentialAction\":[{\"@type\":\"SearchAction\",\"target\":{\"@type\":\"EntryPoint\",\"urlTemplate\":\"https:\\\/\\\/www.eldiario.net\\\/portal\\\/?s={search_term_string}\"},\"query-input\":{\"@type\":\"PropertyValueSpecification\",\"valueRequired\":true,\"valueName\":\"search_term_string\"}}],\"inLanguage\":\"es\"},{\"@type\":\"Organization\",\"@id\":\"https:\\\/\\\/www.eldiario.net\\\/portal\\\/#organization\",\"name\":\"El Diario - Decano de la prensa nacional\",\"url\":\"https:\\\/\\\/www.eldiario.net\\\/portal\\\/\",\"logo\":{\"@type\":\"ImageObject\",\"inLanguage\":\"es\",\"@id\":\"https:\\\/\\\/www.eldiario.net\\\/portal\\\/#\\\/schema\\\/logo\\\/image\\\/\",\"url\":\"https:\\\/\\\/www.eldiario.net\\\/portal\\\/wp-content\\\/uploads\\\/2023\\\/07\\\/logo_ED.jpg\",\"contentUrl\":\"https:\\\/\\\/www.eldiario.net\\\/portal\\\/wp-content\\\/uploads\\\/2023\\\/07\\\/logo_ED.jpg\",\"width\":272,\"height\":52,\"caption\":\"El Diario - Decano de la prensa nacional\"},\"image\":{\"@id\":\"https:\\\/\\\/www.eldiario.net\\\/portal\\\/#\\\/schema\\\/logo\\\/image\\\/\"},\"sameAs\":[\"https:\\\/\\\/www.facebook.com\\\/eldiario.bolivia\\\/\",\"https:\\\/\\\/x.com\\\/eldiario_net\"]},{\"@type\":\"Person\",\"@id\":\"https:\\\/\\\/www.eldiario.net\\\/portal\\\/#\\\/schema\\\/person\\\/f46445640444750d7d753ccd04ae01b7\",\"name\":\"Jeanette\",\"image\":{\"@type\":\"ImageObject\",\"inLanguage\":\"es\",\"@id\":\"https:\\\/\\\/secure.gravatar.com\\\/avatar\\\/3ea2118a5f7dad2b7138b1187a6b7ee55f160b9968b66013c3a3ef39dd7e5798?s=96&d=mm&r=g\",\"url\":\"https:\\\/\\\/secure.gravatar.com\\\/avatar\\\/3ea2118a5f7dad2b7138b1187a6b7ee55f160b9968b66013c3a3ef39dd7e5798?s=96&d=mm&r=g\",\"contentUrl\":\"https:\\\/\\\/secure.gravatar.com\\\/avatar\\\/3ea2118a5f7dad2b7138b1187a6b7ee55f160b9968b66013c3a3ef39dd7e5798?s=96&d=mm&r=g\",\"caption\":\"Jeanette\"},\"sameAs\":[\"https:\\\/\\\/www.eldiario.net\\\/portal\"],\"url\":\"https:\\\/\\\/www.eldiario.net\\\/portal\\\/author\\\/jeanette\\\/\"}]}<\/script>\n<!-- \/ Yoast SEO plugin. -->","yoast_head_json":{"title":"Nuevo distribuidor se entregar\u00e1 el primer semestre del pr\u00f3ximo a\u00f1o - El Diario - Bolivia","robots":{"index":"index","follow":"follow","max-snippet":"max-snippet:-1","max-image-preview":"max-image-preview:large","max-video-preview":"max-video-preview:-1"},"canonical":"https:\/\/www.eldiario.net\/portal\/2024\/10\/29\/nuevo-distribuidor-se-entregara-el-primer-semestre-del-proximo-ano\/","og_locale":"es_ES","og_type":"article","og_title":"Nuevo distribuidor se entregar\u00e1 el primer semestre del pr\u00f3ximo a\u00f1o - El Diario - Bolivia","og_description":"El distribuidor vehicular, ubicado en la avenida Per\u00fa y Blanco Galindo, tiene un avance del 35% y se prev\u00e9 que ser\u00e1 entregado el primer semestre del pr\u00f3ximo a\u00f1o, inform\u00f3 el alcalde de Cochabamba, Manfred Reyes Villa, tras realizar una inspecci\u00f3n a los trabajos. \u201cEste distribuidor es una obra de gran impacto para el municipio, como [&hellip;]","og_url":"https:\/\/www.eldiario.net\/portal\/2024\/10\/29\/nuevo-distribuidor-se-entregara-el-primer-semestre-del-proximo-ano\/","og_site_name":"El Diario - Bolivia","article_publisher":"https:\/\/www.facebook.com\/eldiario.bolivia\/","article_published_time":"2024-10-29T10:04:25+00:00","og_image":[{"width":1200,"height":960,"url":"https:\/\/www.eldiario.net\/portal\/wp-content\/uploads\/2024\/10\/NUEVO-FOTO.jpg","type":"image\/jpeg"}],"author":"Jeanette","twitter_card":"summary_large_image","twitter_creator":"@eldiario_net","twitter_site":"@eldiario_net","twitter_misc":{"Escrito por":"Jeanette","Tiempo de lectura":"2 minutos"},"schema":{"@context":"https:\/\/schema.org","@graph":[{"@type":"Article","@id":"https:\/\/www.eldiario.net\/portal\/2024\/10\/29\/nuevo-distribuidor-se-entregara-el-primer-semestre-del-proximo-ano\/#article","isPartOf":{"@id":"https:\/\/www.eldiario.net\/portal\/2024\/10\/29\/nuevo-distribuidor-se-entregara-el-primer-semestre-del-proximo-ano\/"},"author":{"name":"Jeanette","@id":"https:\/\/www.eldiario.net\/portal\/#\/schema\/person\/f46445640444750d7d753ccd04ae01b7"},"headline":"Nuevo distribuidor se entregar\u00e1 el primer semestre del pr\u00f3ximo a\u00f1o","datePublished":"2024-10-29T10:04:25+00:00","mainEntityOfPage":{"@id":"https:\/\/www.eldiario.net\/portal\/2024\/10\/29\/nuevo-distribuidor-se-entregara-el-primer-semestre-del-proximo-ano\/"},"wordCount":206,"publisher":{"@id":"https:\/\/www.eldiario.net\/portal\/#organization"},"image":{"@id":"https:\/\/www.eldiario.net\/portal\/2024\/10\/29\/nuevo-distribuidor-se-entregara-el-primer-semestre-del-proximo-ano\/#primaryimage"},"thumbnailUrl":"https:\/\/www.eldiario.net\/portal\/wp-content\/uploads\/2024\/10\/NUEVO-FOTO.jpg","articleSection":["Nacional"],"inLanguage":"es"},{"@type":"WebPage","@id":"https:\/\/www.eldiario.net\/portal\/2024\/10\/29\/nuevo-distribuidor-se-entregara-el-primer-semestre-del-proximo-ano\/","url":"https:\/\/www.eldiario.net\/portal\/2024\/10\/29\/nuevo-distribuidor-se-entregara-el-primer-semestre-del-proximo-ano\/","name":"Nuevo distribuidor se entregar\u00e1 el primer semestre del pr\u00f3ximo a\u00f1o - El Diario - Bolivia","isPartOf":{"@id":"https:\/\/www.eldiario.net\/portal\/#website"},"primaryImageOfPage":{"@id":"https:\/\/www.eldiario.net\/portal\/2024\/10\/29\/nuevo-distribuidor-se-entregara-el-primer-semestre-del-proximo-ano\/#primaryimage"},"image":{"@id":"https:\/\/www.eldiario.net\/portal\/2024\/10\/29\/nuevo-distribuidor-se-entregara-el-primer-semestre-del-proximo-ano\/#primaryimage"},"thumbnailUrl":"https:\/\/www.eldiario.net\/portal\/wp-content\/uploads\/2024\/10\/NUEVO-FOTO.jpg","datePublished":"2024-10-29T10:04:25+00:00","breadcrumb":{"@id":"https:\/\/www.eldiario.net\/portal\/2024\/10\/29\/nuevo-distribuidor-se-entregara-el-primer-semestre-del-proximo-ano\/#breadcrumb"},"inLanguage":"es","potentialAction":[{"@type":"ReadAction","target":["https:\/\/www.eldiario.net\/portal\/2024\/10\/29\/nuevo-distribuidor-se-entregara-el-primer-semestre-del-proximo-ano\/"]}]},{"@type":"ImageObject","inLanguage":"es","@id":"https:\/\/www.eldiario.net\/portal\/2024\/10\/29\/nuevo-distribuidor-se-entregara-el-primer-semestre-del-proximo-ano\/#primaryimage","url":"https:\/\/www.eldiario.net\/portal\/wp-content\/uploads\/2024\/10\/NUEVO-FOTO.jpg","contentUrl":"https:\/\/www.eldiario.net\/portal\/wp-content\/uploads\/2024\/10\/NUEVO-FOTO.jpg","width":1200,"height":960,"caption":"EL NUEVO DISTRIBUIDOR SER\u00c1 UNA OBRA QUE MEJORAR\u00c1 EL TR\u00c1FICO VEHICULAR. FOTO: GAMC"},{"@type":"BreadcrumbList","@id":"https:\/\/www.eldiario.net\/portal\/2024\/10\/29\/nuevo-distribuidor-se-entregara-el-primer-semestre-del-proximo-ano\/#breadcrumb","itemListElement":[{"@type":"ListItem","position":1,"name":"Portada","item":"https:\/\/www.eldiario.net\/portal\/"},{"@type":"ListItem","position":2,"name":"Nuevo distribuidor se entregar\u00e1 el primer semestre del pr\u00f3ximo a\u00f1o"}]},{"@type":"WebSite","@id":"https:\/\/www.eldiario.net\/portal\/#website","url":"https:\/\/www.eldiario.net\/portal\/","name":"El Diario - Decano de la prensa nacional","description":"El Diario - Decano de la prensa nacional","publisher":{"@id":"https:\/\/www.eldiario.net\/portal\/#organization"},"potentialAction":[{"@type":"SearchAction","target":{"@type":"EntryPoint","urlTemplate":"https:\/\/www.eldiario.net\/portal\/?s={search_term_string}"},"query-input":{"@type":"PropertyValueSpecification","valueRequired":true,"valueName":"search_term_string"}}],"inLanguage":"es"},{"@type":"Organization","@id":"https:\/\/www.eldiario.net\/portal\/#organization","name":"El Diario - Decano de la prensa nacional","url":"https:\/\/www.eldiario.net\/portal\/","logo":{"@type":"ImageObject","inLanguage":"es","@id":"https:\/\/www.eldiario.net\/portal\/#\/schema\/logo\/image\/","url":"https:\/\/www.eldiario.net\/portal\/wp-content\/uploads\/2023\/07\/logo_ED.jpg","contentUrl":"https:\/\/www.eldiario.net\/portal\/wp-content\/uploads\/2023\/07\/logo_ED.jpg","width":272,"height":52,"caption":"El Diario - Decano de la prensa nacional"},"image":{"@id":"https:\/\/www.eldiario.net\/portal\/#\/schema\/logo\/image\/"},"sameAs":["https:\/\/www.facebook.com\/eldiario.bolivia\/","https:\/\/x.com\/eldiario_net"]},{"@type":"Person","@id":"https:\/\/www.eldiario.net\/portal\/#\/schema\/person\/f46445640444750d7d753ccd04ae01b7","name":"Jeanette","image":{"@type":"ImageObject","inLanguage":"es","@id":"https:\/\/secure.gravatar.com\/avatar\/3ea2118a5f7dad2b7138b1187a6b7ee55f160b9968b66013c3a3ef39dd7e5798?s=96&d=mm&r=g","url":"https:\/\/secure.gravatar.com\/avatar\/3ea2118a5f7dad2b7138b1187a6b7ee55f160b9968b66013c3a3ef39dd7e5798?s=96&d=mm&r=g","contentUrl":"https:\/\/secure.gravatar.com\/avatar\/3ea2118a5f7dad2b7138b1187a6b7ee55f160b9968b66013c3a3ef39dd7e5798?s=96&d=mm&r=g","caption":"Jeanette"},"sameAs":["https:\/\/www.eldiario.net\/portal"],"url":"https:\/\/www.eldiario.net\/portal\/author\/jeanette\/"}]}},"_links":{"self":[{"href":"https:\/\/www.eldiario.net\/portal\/wp-json\/wp\/v2\/posts\/257216","targetHints":{"allow":["GET"]}}],"collection":[{"href":"https:\/\/www.eldiario.net\/portal\/wp-json\/wp\/v2\/posts"}],"about":[{"href":"https:\/\/www.eldiario.net\/portal\/wp-json\/wp\/v2\/types\/post"}],"author":[{"embeddable":true,"href":"https:\/\/www.eldiario.net\/portal\/wp-json\/wp\/v2\/users\/1"}],"replies":[{"embeddable":true,"href":"https:\/\/www.eldiario.net\/portal\/wp-json\/wp\/v2\/comments?post=257216"}],"version-history":[{"count":2,"href":"https:\/\/www.eldiario.net\/portal\/wp-json\/wp\/v2\/posts\/257216\/revisions"}],"predecessor-version":[{"id":257219,"href":"https:\/\/www.eldiario.net\/portal\/wp-json\/wp\/v2\/posts\/257216\/revisions\/257219"}],"wp:featuredmedia":[{"embeddable":true,"href":"https:\/\/www.eldiario.net\/portal\/wp-json\/wp\/v2\/media\/257217"}],"wp:attachment":[{"href":"https:\/\/www.eldiario.net\/portal\/wp-json\/wp\/v2\/media?parent=257216"}],"wp:term":[{"taxonomy":"category","embeddable":true,"href":"https:\/\/www.eldiario.net\/portal\/wp-json\/wp\/v2\/categories?post=257216"},{"taxonomy":"post_tag","embeddable":true,"href":"https:\/\/www.eldiario.net\/portal\/wp-json\/wp\/v2\/tags?post=257216"}],"curies":[{"name":"wp","href":"https:\/\/api.w.org\/{rel}","templated":true}]}}