{"id":257213,"date":"2024-10-29T06:03:36","date_gmt":"2024-10-29T10:03:36","guid":{"rendered":"https:\/\/www.eldiario.net\/portal\/?p=257213"},"modified":"2024-10-29T06:03:36","modified_gmt":"2024-10-29T10:03:36","slug":"civicos-piden-al-gobierno-aplicar-estado-de-excepcion","status":"publish","type":"post","link":"https:\/\/www.eldiario.net\/portal\/2024\/10\/29\/civicos-piden-al-gobierno-aplicar-estado-de-excepcion\/","title":{"rendered":"C\u00edvicos piden al Gobierno  aplicar estado de excepci\u00f3n"},"content":{"rendered":"<p>Los c\u00edvicos de Cochabamba piden que se pueda aplicar un estado de excepci\u00f3n para liberar las carreteras que llevan bloqueadas desde hace 15 d\u00edas.<\/p>\n<p>\u201cLa \u00fanica forma de poder generar la liberaci\u00f3n, es que si la Polic\u00eda no ha tenido la capacidad de liberar es que el Gobierno declare un estado de excepci\u00f3n en el departamento de Cochabamba y as\u00ed pueda intervenirse (de manera) legal y tener las v\u00edas despejadas\u201d, indic\u00f3 el presidente del Comit\u00e9 C\u00edvico de Cochabamba, Apolinar Rivera.<\/p>\n<p>El c\u00edvico tambi\u00e9n se\u00f1al\u00f3 que se buscar evitar confrontaci\u00f3n entre los vecinos y los bloqueadores.<\/p>\n<p>\u201cDesde el Comit\u00e9 C\u00edvico no vamos a alentar en ning\u00fan momento ning\u00fan tipo de confrontaci\u00f3n. Estos dos sectores del masismo que se est\u00e1n confrontando deben resolver su tema, pero debemos mantener una compostura de no ir a confrontar\u201d, agreg\u00f3.<\/p>\n<p>Para Rivera, el sector evista del MAS busca que \u201cse desborde y se degenere este movimiento por la democracia para hacer alg\u00fan tipo de movidas pol\u00edticas\u201d.<\/p>\n<p>Ayer se cumplieron 15 d\u00edas de la extrema medida de presi\u00f3n que instalaron los sectores evistas tras advertir con bloqueos si se emit\u00eda una orden de aprehensi\u00f3n sobre el expresidente Evo Morales, investigado por un caso de presunta trata y tr\u00e1fico de personas.<\/p>\n<p>El viernes se registraron enfrentamientos entre los polic\u00edas que llegaron hasta el puente de Parotani, con gases lacrim\u00f3genos y maquinar\u00eda pesada, para despejar la v\u00eda que conecta Cochabamba con el occidente del pa\u00eds. Sin embargo, los bloqueadores se escondieron en los cerros y respondieron con explosivos y piedras haciendo que los polic\u00edas dejen el lugar llev\u00e1ndose un uniformado gravemente herido por una detonaci\u00f3n.<\/p>\n<p>El domingo, horas antes de la publicaci\u00f3n de una investigaci\u00f3n de un periodista espa\u00f1ol sobre las denuncias contra Morales, el expresidente afirm\u00f3 haber sido v\u00edctima de un ataque cuando se dirig\u00eda hace la radio donde cada domingo emite un programa. Tras esto se increment\u00f3 la tensi\u00f3n en la zona.<\/p>\n<p>El ministro de Gobierno, Eduardo Del Castillo, ayer se\u00f1al\u00f3 que Morales y su equipo evadieron un control policial lo que deriv\u00f3 en una persecuci\u00f3n. Seg\u00fan el titular de la cartera de Estado, el l\u00edder del MAS dispar\u00f3 contra los polic\u00edas y estos respondieron con proyectiles. Del Castillo afirm\u00f3 que los polic\u00edas no notaron que se trataba del expresidente. (Cochabamba, agencias)<\/p>\n","protected":false},"excerpt":{"rendered":"<p>Los c\u00edvicos de Cochabamba piden que se pueda aplicar un estado de excepci\u00f3n para liberar las carreteras que llevan bloqueadas desde hace 15 d\u00edas. \u201cLa \u00fanica forma de poder generar la liberaci\u00f3n, es que si la Polic\u00eda no ha tenido la capacidad de liberar es que el Gobierno declare un estado de excepci\u00f3n en el [&hellip;]<\/p>\n","protected":false},"author":1,"featured_media":257214,"comment_status":"closed","ping_status":"open","sticky":false,"template":"","format":"standard","meta":{"_acf_changed":false,"footnotes":""},"categories":[12],"tags":[],"class_list":["post-257213","post","type-post","status-publish","format-standard","has-post-thumbnail","category-nacional"],"acf":{"antetitulo":"Cochabamba"},"yoast_head":"<!-- This site is optimized with the Yoast SEO plugin v28.3 - https:\/\/yoast.com\/product\/yoast-seo-wordpress\/ -->\n<title>C\u00edvicos piden al Gobierno aplicar estado de excepci\u00f3n - El Diario - Bolivia<\/title>\n<meta name=\"robots\" content=\"index, follow, max-snippet:-1, max-image-preview:large, max-video-preview:-1\" \/>\n<link rel=\"canonical\" href=\"https:\/\/www.eldiario.net\/portal\/2024\/10\/29\/civicos-piden-al-gobierno-aplicar-estado-de-excepcion\/\" \/>\n<meta property=\"og:locale\" content=\"es_ES\" \/>\n<meta property=\"og:type\" content=\"article\" \/>\n<meta property=\"og:title\" content=\"C\u00edvicos piden al Gobierno aplicar estado de excepci\u00f3n - El Diario - Bolivia\" \/>\n<meta property=\"og:description\" content=\"Los c\u00edvicos de Cochabamba piden que se pueda aplicar un estado de excepci\u00f3n para liberar las carreteras que llevan bloqueadas desde hace 15 d\u00edas. \u201cLa \u00fanica forma de poder generar la liberaci\u00f3n, es que si la Polic\u00eda no ha tenido la capacidad de liberar es que el Gobierno declare un estado de excepci\u00f3n en el [&hellip;]\" \/>\n<meta property=\"og:url\" content=\"https:\/\/www.eldiario.net\/portal\/2024\/10\/29\/civicos-piden-al-gobierno-aplicar-estado-de-excepcion\/\" \/>\n<meta property=\"og:site_name\" content=\"El Diario - Bolivia\" \/>\n<meta property=\"article:publisher\" content=\"https:\/\/www.facebook.com\/eldiario.bolivia\/\" \/>\n<meta property=\"article:published_time\" content=\"2024-10-29T10:03:36+00:00\" \/>\n<meta property=\"og:image\" content=\"https:\/\/www.eldiario.net\/portal\/wp-content\/uploads\/2024\/10\/PIDEN-FOTO.jpg\" \/>\n\t<meta property=\"og:image:width\" content=\"1280\" \/>\n\t<meta property=\"og:image:height\" content=\"545\" \/>\n\t<meta property=\"og:image:type\" content=\"image\/jpeg\" \/>\n<meta name=\"author\" content=\"Jeanette\" \/>\n<meta name=\"twitter:card\" content=\"summary_large_image\" \/>\n<meta name=\"twitter:creator\" content=\"@eldiario_net\" \/>\n<meta name=\"twitter:site\" content=\"@eldiario_net\" \/>\n<meta name=\"twitter:label1\" content=\"Escrito por\" \/>\n\t<meta name=\"twitter:data1\" content=\"Jeanette\" \/>\n\t<meta name=\"twitter:label2\" content=\"Tiempo de lectura\" \/>\n\t<meta name=\"twitter:data2\" content=\"2 minutos\" \/>\n<script type=\"application\/ld+json\" class=\"yoast-schema-graph\">{\"@context\":\"https:\\\/\\\/schema.org\",\"@graph\":[{\"@type\":\"Article\",\"@id\":\"https:\\\/\\\/www.eldiario.net\\\/portal\\\/2024\\\/10\\\/29\\\/civicos-piden-al-gobierno-aplicar-estado-de-excepcion\\\/#article\",\"isPartOf\":{\"@id\":\"https:\\\/\\\/www.eldiario.net\\\/portal\\\/2024\\\/10\\\/29\\\/civicos-piden-al-gobierno-aplicar-estado-de-excepcion\\\/\"},\"author\":{\"name\":\"Jeanette\",\"@id\":\"https:\\\/\\\/www.eldiario.net\\\/portal\\\/#\\\/schema\\\/person\\\/f46445640444750d7d753ccd04ae01b7\"},\"headline\":\"C\u00edvicos piden al Gobierno aplicar estado de excepci\u00f3n\",\"datePublished\":\"2024-10-29T10:03:36+00:00\",\"mainEntityOfPage\":{\"@id\":\"https:\\\/\\\/www.eldiario.net\\\/portal\\\/2024\\\/10\\\/29\\\/civicos-piden-al-gobierno-aplicar-estado-de-excepcion\\\/\"},\"wordCount\":427,\"publisher\":{\"@id\":\"https:\\\/\\\/www.eldiario.net\\\/portal\\\/#organization\"},\"image\":{\"@id\":\"https:\\\/\\\/www.eldiario.net\\\/portal\\\/2024\\\/10\\\/29\\\/civicos-piden-al-gobierno-aplicar-estado-de-excepcion\\\/#primaryimage\"},\"thumbnailUrl\":\"https:\\\/\\\/www.eldiario.net\\\/portal\\\/wp-content\\\/uploads\\\/2024\\\/10\\\/PIDEN-FOTO.jpg\",\"articleSection\":[\"Nacional\"],\"inLanguage\":\"es\"},{\"@type\":\"WebPage\",\"@id\":\"https:\\\/\\\/www.eldiario.net\\\/portal\\\/2024\\\/10\\\/29\\\/civicos-piden-al-gobierno-aplicar-estado-de-excepcion\\\/\",\"url\":\"https:\\\/\\\/www.eldiario.net\\\/portal\\\/2024\\\/10\\\/29\\\/civicos-piden-al-gobierno-aplicar-estado-de-excepcion\\\/\",\"name\":\"C\u00edvicos piden al Gobierno aplicar estado de excepci\u00f3n - El Diario - Bolivia\",\"isPartOf\":{\"@id\":\"https:\\\/\\\/www.eldiario.net\\\/portal\\\/#website\"},\"primaryImageOfPage\":{\"@id\":\"https:\\\/\\\/www.eldiario.net\\\/portal\\\/2024\\\/10\\\/29\\\/civicos-piden-al-gobierno-aplicar-estado-de-excepcion\\\/#primaryimage\"},\"image\":{\"@id\":\"https:\\\/\\\/www.eldiario.net\\\/portal\\\/2024\\\/10\\\/29\\\/civicos-piden-al-gobierno-aplicar-estado-de-excepcion\\\/#primaryimage\"},\"thumbnailUrl\":\"https:\\\/\\\/www.eldiario.net\\\/portal\\\/wp-content\\\/uploads\\\/2024\\\/10\\\/PIDEN-FOTO.jpg\",\"datePublished\":\"2024-10-29T10:03:36+00:00\",\"breadcrumb\":{\"@id\":\"https:\\\/\\\/www.eldiario.net\\\/portal\\\/2024\\\/10\\\/29\\\/civicos-piden-al-gobierno-aplicar-estado-de-excepcion\\\/#breadcrumb\"},\"inLanguage\":\"es\",\"potentialAction\":[{\"@type\":\"ReadAction\",\"target\":[\"https:\\\/\\\/www.eldiario.net\\\/portal\\\/2024\\\/10\\\/29\\\/civicos-piden-al-gobierno-aplicar-estado-de-excepcion\\\/\"]}]},{\"@type\":\"ImageObject\",\"inLanguage\":\"es\",\"@id\":\"https:\\\/\\\/www.eldiario.net\\\/portal\\\/2024\\\/10\\\/29\\\/civicos-piden-al-gobierno-aplicar-estado-de-excepcion\\\/#primaryimage\",\"url\":\"https:\\\/\\\/www.eldiario.net\\\/portal\\\/wp-content\\\/uploads\\\/2024\\\/10\\\/PIDEN-FOTO.jpg\",\"contentUrl\":\"https:\\\/\\\/www.eldiario.net\\\/portal\\\/wp-content\\\/uploads\\\/2024\\\/10\\\/PIDEN-FOTO.jpg\",\"width\":1280,\"height\":545,\"caption\":\"BLOQUEO A LA ALTURA DE VINTO. FOTO: UNITEL\"},{\"@type\":\"BreadcrumbList\",\"@id\":\"https:\\\/\\\/www.eldiario.net\\\/portal\\\/2024\\\/10\\\/29\\\/civicos-piden-al-gobierno-aplicar-estado-de-excepcion\\\/#breadcrumb\",\"itemListElement\":[{\"@type\":\"ListItem\",\"position\":1,\"name\":\"Portada\",\"item\":\"https:\\\/\\\/www.eldiario.net\\\/portal\\\/\"},{\"@type\":\"ListItem\",\"position\":2,\"name\":\"C\u00edvicos piden al Gobierno aplicar estado de excepci\u00f3n\"}]},{\"@type\":\"WebSite\",\"@id\":\"https:\\\/\\\/www.eldiario.net\\\/portal\\\/#website\",\"url\":\"https:\\\/\\\/www.eldiario.net\\\/portal\\\/\",\"name\":\"El Diario - Decano de la prensa nacional\",\"description\":\"El Diario - Decano de la prensa nacional\",\"publisher\":{\"@id\":\"https:\\\/\\\/www.eldiario.net\\\/portal\\\/#organization\"},\"potentialAction\":[{\"@type\":\"SearchAction\",\"target\":{\"@type\":\"EntryPoint\",\"urlTemplate\":\"https:\\\/\\\/www.eldiario.net\\\/portal\\\/?s={search_term_string}\"},\"query-input\":{\"@type\":\"PropertyValueSpecification\",\"valueRequired\":true,\"valueName\":\"search_term_string\"}}],\"inLanguage\":\"es\"},{\"@type\":\"Organization\",\"@id\":\"https:\\\/\\\/www.eldiario.net\\\/portal\\\/#organization\",\"name\":\"El Diario - Decano de la prensa nacional\",\"url\":\"https:\\\/\\\/www.eldiario.net\\\/portal\\\/\",\"logo\":{\"@type\":\"ImageObject\",\"inLanguage\":\"es\",\"@id\":\"https:\\\/\\\/www.eldiario.net\\\/portal\\\/#\\\/schema\\\/logo\\\/image\\\/\",\"url\":\"https:\\\/\\\/www.eldiario.net\\\/portal\\\/wp-content\\\/uploads\\\/2023\\\/07\\\/logo_ED.jpg\",\"contentUrl\":\"https:\\\/\\\/www.eldiario.net\\\/portal\\\/wp-content\\\/uploads\\\/2023\\\/07\\\/logo_ED.jpg\",\"width\":272,\"height\":52,\"caption\":\"El Diario - Decano de la prensa nacional\"},\"image\":{\"@id\":\"https:\\\/\\\/www.eldiario.net\\\/portal\\\/#\\\/schema\\\/logo\\\/image\\\/\"},\"sameAs\":[\"https:\\\/\\\/www.facebook.com\\\/eldiario.bolivia\\\/\",\"https:\\\/\\\/x.com\\\/eldiario_net\"]},{\"@type\":\"Person\",\"@id\":\"https:\\\/\\\/www.eldiario.net\\\/portal\\\/#\\\/schema\\\/person\\\/f46445640444750d7d753ccd04ae01b7\",\"name\":\"Jeanette\",\"image\":{\"@type\":\"ImageObject\",\"inLanguage\":\"es\",\"@id\":\"https:\\\/\\\/secure.gravatar.com\\\/avatar\\\/3ea2118a5f7dad2b7138b1187a6b7ee55f160b9968b66013c3a3ef39dd7e5798?s=96&d=mm&r=g\",\"url\":\"https:\\\/\\\/secure.gravatar.com\\\/avatar\\\/3ea2118a5f7dad2b7138b1187a6b7ee55f160b9968b66013c3a3ef39dd7e5798?s=96&d=mm&r=g\",\"contentUrl\":\"https:\\\/\\\/secure.gravatar.com\\\/avatar\\\/3ea2118a5f7dad2b7138b1187a6b7ee55f160b9968b66013c3a3ef39dd7e5798?s=96&d=mm&r=g\",\"caption\":\"Jeanette\"},\"sameAs\":[\"https:\\\/\\\/www.eldiario.net\\\/portal\"],\"url\":\"https:\\\/\\\/www.eldiario.net\\\/portal\\\/author\\\/jeanette\\\/\"}]}<\/script>\n<!-- \/ Yoast SEO plugin. -->","yoast_head_json":{"title":"C\u00edvicos piden al Gobierno aplicar estado de excepci\u00f3n - El Diario - Bolivia","robots":{"index":"index","follow":"follow","max-snippet":"max-snippet:-1","max-image-preview":"max-image-preview:large","max-video-preview":"max-video-preview:-1"},"canonical":"https:\/\/www.eldiario.net\/portal\/2024\/10\/29\/civicos-piden-al-gobierno-aplicar-estado-de-excepcion\/","og_locale":"es_ES","og_type":"article","og_title":"C\u00edvicos piden al Gobierno aplicar estado de excepci\u00f3n - El Diario - Bolivia","og_description":"Los c\u00edvicos de Cochabamba piden que se pueda aplicar un estado de excepci\u00f3n para liberar las carreteras que llevan bloqueadas desde hace 15 d\u00edas. \u201cLa \u00fanica forma de poder generar la liberaci\u00f3n, es que si la Polic\u00eda no ha tenido la capacidad de liberar es que el Gobierno declare un estado de excepci\u00f3n en el [&hellip;]","og_url":"https:\/\/www.eldiario.net\/portal\/2024\/10\/29\/civicos-piden-al-gobierno-aplicar-estado-de-excepcion\/","og_site_name":"El Diario - Bolivia","article_publisher":"https:\/\/www.facebook.com\/eldiario.bolivia\/","article_published_time":"2024-10-29T10:03:36+00:00","og_image":[{"width":1280,"height":545,"url":"https:\/\/www.eldiario.net\/portal\/wp-content\/uploads\/2024\/10\/PIDEN-FOTO.jpg","type":"image\/jpeg"}],"author":"Jeanette","twitter_card":"summary_large_image","twitter_creator":"@eldiario_net","twitter_site":"@eldiario_net","twitter_misc":{"Escrito por":"Jeanette","Tiempo de lectura":"2 minutos"},"schema":{"@context":"https:\/\/schema.org","@graph":[{"@type":"Article","@id":"https:\/\/www.eldiario.net\/portal\/2024\/10\/29\/civicos-piden-al-gobierno-aplicar-estado-de-excepcion\/#article","isPartOf":{"@id":"https:\/\/www.eldiario.net\/portal\/2024\/10\/29\/civicos-piden-al-gobierno-aplicar-estado-de-excepcion\/"},"author":{"name":"Jeanette","@id":"https:\/\/www.eldiario.net\/portal\/#\/schema\/person\/f46445640444750d7d753ccd04ae01b7"},"headline":"C\u00edvicos piden al Gobierno aplicar estado de excepci\u00f3n","datePublished":"2024-10-29T10:03:36+00:00","mainEntityOfPage":{"@id":"https:\/\/www.eldiario.net\/portal\/2024\/10\/29\/civicos-piden-al-gobierno-aplicar-estado-de-excepcion\/"},"wordCount":427,"publisher":{"@id":"https:\/\/www.eldiario.net\/portal\/#organization"},"image":{"@id":"https:\/\/www.eldiario.net\/portal\/2024\/10\/29\/civicos-piden-al-gobierno-aplicar-estado-de-excepcion\/#primaryimage"},"thumbnailUrl":"https:\/\/www.eldiario.net\/portal\/wp-content\/uploads\/2024\/10\/PIDEN-FOTO.jpg","articleSection":["Nacional"],"inLanguage":"es"},{"@type":"WebPage","@id":"https:\/\/www.eldiario.net\/portal\/2024\/10\/29\/civicos-piden-al-gobierno-aplicar-estado-de-excepcion\/","url":"https:\/\/www.eldiario.net\/portal\/2024\/10\/29\/civicos-piden-al-gobierno-aplicar-estado-de-excepcion\/","name":"C\u00edvicos piden al Gobierno aplicar estado de excepci\u00f3n - El Diario - Bolivia","isPartOf":{"@id":"https:\/\/www.eldiario.net\/portal\/#website"},"primaryImageOfPage":{"@id":"https:\/\/www.eldiario.net\/portal\/2024\/10\/29\/civicos-piden-al-gobierno-aplicar-estado-de-excepcion\/#primaryimage"},"image":{"@id":"https:\/\/www.eldiario.net\/portal\/2024\/10\/29\/civicos-piden-al-gobierno-aplicar-estado-de-excepcion\/#primaryimage"},"thumbnailUrl":"https:\/\/www.eldiario.net\/portal\/wp-content\/uploads\/2024\/10\/PIDEN-FOTO.jpg","datePublished":"2024-10-29T10:03:36+00:00","breadcrumb":{"@id":"https:\/\/www.eldiario.net\/portal\/2024\/10\/29\/civicos-piden-al-gobierno-aplicar-estado-de-excepcion\/#breadcrumb"},"inLanguage":"es","potentialAction":[{"@type":"ReadAction","target":["https:\/\/www.eldiario.net\/portal\/2024\/10\/29\/civicos-piden-al-gobierno-aplicar-estado-de-excepcion\/"]}]},{"@type":"ImageObject","inLanguage":"es","@id":"https:\/\/www.eldiario.net\/portal\/2024\/10\/29\/civicos-piden-al-gobierno-aplicar-estado-de-excepcion\/#primaryimage","url":"https:\/\/www.eldiario.net\/portal\/wp-content\/uploads\/2024\/10\/PIDEN-FOTO.jpg","contentUrl":"https:\/\/www.eldiario.net\/portal\/wp-content\/uploads\/2024\/10\/PIDEN-FOTO.jpg","width":1280,"height":545,"caption":"BLOQUEO A LA ALTURA DE VINTO. FOTO: UNITEL"},{"@type":"BreadcrumbList","@id":"https:\/\/www.eldiario.net\/portal\/2024\/10\/29\/civicos-piden-al-gobierno-aplicar-estado-de-excepcion\/#breadcrumb","itemListElement":[{"@type":"ListItem","position":1,"name":"Portada","item":"https:\/\/www.eldiario.net\/portal\/"},{"@type":"ListItem","position":2,"name":"C\u00edvicos piden al Gobierno aplicar estado de excepci\u00f3n"}]},{"@type":"WebSite","@id":"https:\/\/www.eldiario.net\/portal\/#website","url":"https:\/\/www.eldiario.net\/portal\/","name":"El Diario - Decano de la prensa nacional","description":"El Diario - Decano de la prensa nacional","publisher":{"@id":"https:\/\/www.eldiario.net\/portal\/#organization"},"potentialAction":[{"@type":"SearchAction","target":{"@type":"EntryPoint","urlTemplate":"https:\/\/www.eldiario.net\/portal\/?s={search_term_string}"},"query-input":{"@type":"PropertyValueSpecification","valueRequired":true,"valueName":"search_term_string"}}],"inLanguage":"es"},{"@type":"Organization","@id":"https:\/\/www.eldiario.net\/portal\/#organization","name":"El Diario - Decano de la prensa nacional","url":"https:\/\/www.eldiario.net\/portal\/","logo":{"@type":"ImageObject","inLanguage":"es","@id":"https:\/\/www.eldiario.net\/portal\/#\/schema\/logo\/image\/","url":"https:\/\/www.eldiario.net\/portal\/wp-content\/uploads\/2023\/07\/logo_ED.jpg","contentUrl":"https:\/\/www.eldiario.net\/portal\/wp-content\/uploads\/2023\/07\/logo_ED.jpg","width":272,"height":52,"caption":"El Diario - Decano de la prensa nacional"},"image":{"@id":"https:\/\/www.eldiario.net\/portal\/#\/schema\/logo\/image\/"},"sameAs":["https:\/\/www.facebook.com\/eldiario.bolivia\/","https:\/\/x.com\/eldiario_net"]},{"@type":"Person","@id":"https:\/\/www.eldiario.net\/portal\/#\/schema\/person\/f46445640444750d7d753ccd04ae01b7","name":"Jeanette","image":{"@type":"ImageObject","inLanguage":"es","@id":"https:\/\/secure.gravatar.com\/avatar\/3ea2118a5f7dad2b7138b1187a6b7ee55f160b9968b66013c3a3ef39dd7e5798?s=96&d=mm&r=g","url":"https:\/\/secure.gravatar.com\/avatar\/3ea2118a5f7dad2b7138b1187a6b7ee55f160b9968b66013c3a3ef39dd7e5798?s=96&d=mm&r=g","contentUrl":"https:\/\/secure.gravatar.com\/avatar\/3ea2118a5f7dad2b7138b1187a6b7ee55f160b9968b66013c3a3ef39dd7e5798?s=96&d=mm&r=g","caption":"Jeanette"},"sameAs":["https:\/\/www.eldiario.net\/portal"],"url":"https:\/\/www.eldiario.net\/portal\/author\/jeanette\/"}]}},"_links":{"self":[{"href":"https:\/\/www.eldiario.net\/portal\/wp-json\/wp\/v2\/posts\/257213","targetHints":{"allow":["GET"]}}],"collection":[{"href":"https:\/\/www.eldiario.net\/portal\/wp-json\/wp\/v2\/posts"}],"about":[{"href":"https:\/\/www.eldiario.net\/portal\/wp-json\/wp\/v2\/types\/post"}],"author":[{"embeddable":true,"href":"https:\/\/www.eldiario.net\/portal\/wp-json\/wp\/v2\/users\/1"}],"replies":[{"embeddable":true,"href":"https:\/\/www.eldiario.net\/portal\/wp-json\/wp\/v2\/comments?post=257213"}],"version-history":[{"count":1,"href":"https:\/\/www.eldiario.net\/portal\/wp-json\/wp\/v2\/posts\/257213\/revisions"}],"predecessor-version":[{"id":257215,"href":"https:\/\/www.eldiario.net\/portal\/wp-json\/wp\/v2\/posts\/257213\/revisions\/257215"}],"wp:featuredmedia":[{"embeddable":true,"href":"https:\/\/www.eldiario.net\/portal\/wp-json\/wp\/v2\/media\/257214"}],"wp:attachment":[{"href":"https:\/\/www.eldiario.net\/portal\/wp-json\/wp\/v2\/media?parent=257213"}],"wp:term":[{"taxonomy":"category","embeddable":true,"href":"https:\/\/www.eldiario.net\/portal\/wp-json\/wp\/v2\/categories?post=257213"},{"taxonomy":"post_tag","embeddable":true,"href":"https:\/\/www.eldiario.net\/portal\/wp-json\/wp\/v2\/tags?post=257213"}],"curies":[{"name":"wp","href":"https:\/\/api.w.org\/{rel}","templated":true}]}}