{"id":257210,"date":"2024-10-29T06:02:54","date_gmt":"2024-10-29T10:02:54","guid":{"rendered":"https:\/\/www.eldiario.net\/portal\/?p=257210"},"modified":"2024-10-29T06:02:54","modified_gmt":"2024-10-29T10:02:54","slug":"periodista-ya-no-continuara-en-el-caso-las-londras","status":"publish","type":"post","link":"https:\/\/www.eldiario.net\/portal\/2024\/10\/29\/periodista-ya-no-continuara-en-el-caso-las-londras\/","title":{"rendered":"Periodista ya no continuar\u00e1  en el caso Las Londras"},"content":{"rendered":"<p>Con la voz quebrada y resignado, el periodista cruce\u00f1o Percy Su\u00e1rez decidi\u00f3 ya no continuar m\u00e1s en el caso Las Londras, ocurrido el 28 de octubre de 2021, por falta de justicia para sancionar a los responsables del hecho.<\/p>\n<p>Se cumplieron ayer tres a\u00f1os de aquella jornada cuando un grupo de 17 personas, entre periodistas, polic\u00edas y civiles, fueron secuestrados, agredidos y enca\u00f1onados con armas de fuego en medio de un conflicto de tierras.<\/p>\n<p>\u201cLevanto las manos y no voy a pelear m\u00e1s porque es una injusticia, no se me va a hacer justicia, perd\u00ed la fe en la justicia, pero no voy a perder la fe en Dios que \u00e9l me har\u00e1 justicia en su momento\u201d, lament\u00f3 a Erbol.<\/p>\n<p>Entre los motivos que lo obligaron a retirarse del caso son por la falta de apoyo de las diferentes instituciones como la Fiscal\u00eda, Polic\u00eda y el Ministerio de Gobierno que, en su momento, garantizaron coadyuvar para que se den con los responsables.<\/p>\n<p>A ello se suma la falta de apoyo del medio televisivo, donde trabaja en ese entonces y la distancia del juzgado de Concepci\u00f3n, donde radica el caso, a 500 kil\u00f3metros de la capital cruce\u00f1a.<\/p>\n<p>\u201cMe voy adolorido, con l\u00e1grimas en los ojos, porque no avanz\u00f3 este caso y luego me dicen que yo tengo que ir a notificar a mi agresor\u201d, cuestion\u00f3.<\/p>\n<p>Su\u00e1rez record\u00f3 que en el caso hubo pruebas e indicios que debieron ser tomados en cuenta para encarcelar a los autores, pero lament\u00f3 que no haya habido avances e incluso sospecha que existe una supuesta protecci\u00f3n a los autores del ataque.<\/p>\n<p>Sixto C., Paulino C. V., Nelson R. E. y Martin T. V. fueron algunos de los investigados en el caso por los delitos secuestro y tortura, pero un juez determin\u00f3 que se defiendan en libertad.<\/p>\n<p>Mediante un comunicado, la Asociaci\u00f3n Nacional de Periodistas de Bolivia (ANPB) y las nueve asociaciones departamentales, alertaron sobre el peligro de extinci\u00f3n del proceso judicial por la falta de avances en la investigaci\u00f3n.<\/p>\n<p>\u201cAnte esa situaci\u00f3n demandamos al Gobierno cumplir con su deber de garantizar justicia y de contribuir con la persecuci\u00f3n de los responsables de la tentativa de asesinato a periodistas y exigimos a la Fiscal\u00eda General del Estado asumir un rol activo en la acci\u00f3n penal hasta el logro de una sentencia que haga justicia\u201d, insta ANPB. (Erbol)<\/p>\n","protected":false},"excerpt":{"rendered":"<p>Con la voz quebrada y resignado, el periodista cruce\u00f1o Percy Su\u00e1rez decidi\u00f3 ya no continuar m\u00e1s en el caso Las Londras, ocurrido el 28 de octubre de 2021, por falta de justicia para sancionar a los responsables del hecho. Se cumplieron ayer tres a\u00f1os de aquella jornada cuando un grupo de 17 personas, entre periodistas, [&hellip;]<\/p>\n","protected":false},"author":1,"featured_media":257211,"comment_status":"closed","ping_status":"open","sticky":false,"template":"","format":"standard","meta":{"_acf_changed":false,"footnotes":""},"categories":[12],"tags":[],"class_list":["post-257210","post","type-post","status-publish","format-standard","has-post-thumbnail","category-nacional"],"acf":{"antetitulo":""},"yoast_head":"<!-- This site is optimized with the Yoast SEO plugin v28.4 - https:\/\/yoast.com\/product\/yoast-seo-wordpress\/ -->\n<title>Periodista ya no continuar\u00e1 en el caso Las Londras - El Diario - Bolivia<\/title>\n<meta name=\"robots\" content=\"index, follow, max-snippet:-1, max-image-preview:large, max-video-preview:-1\" \/>\n<link rel=\"canonical\" href=\"https:\/\/www.eldiario.net\/portal\/2024\/10\/29\/periodista-ya-no-continuara-en-el-caso-las-londras\/\" \/>\n<meta property=\"og:locale\" content=\"es_ES\" \/>\n<meta property=\"og:type\" content=\"article\" \/>\n<meta property=\"og:title\" content=\"Periodista ya no continuar\u00e1 en el caso Las Londras - El Diario - Bolivia\" \/>\n<meta property=\"og:description\" content=\"Con la voz quebrada y resignado, el periodista cruce\u00f1o Percy Su\u00e1rez decidi\u00f3 ya no continuar m\u00e1s en el caso Las Londras, ocurrido el 28 de octubre de 2021, por falta de justicia para sancionar a los responsables del hecho. Se cumplieron ayer tres a\u00f1os de aquella jornada cuando un grupo de 17 personas, entre periodistas, [&hellip;]\" \/>\n<meta property=\"og:url\" content=\"https:\/\/www.eldiario.net\/portal\/2024\/10\/29\/periodista-ya-no-continuara-en-el-caso-las-londras\/\" \/>\n<meta property=\"og:site_name\" content=\"El Diario - Bolivia\" \/>\n<meta property=\"article:publisher\" content=\"https:\/\/www.facebook.com\/eldiario.bolivia\/\" \/>\n<meta property=\"article:published_time\" content=\"2024-10-29T10:02:54+00:00\" \/>\n<meta property=\"og:image\" content=\"https:\/\/www.eldiario.net\/portal\/wp-content\/uploads\/2024\/10\/PTAA-FOTO.jpg\" \/>\n\t<meta property=\"og:image:width\" content=\"1000\" \/>\n\t<meta property=\"og:image:height\" content=\"563\" \/>\n\t<meta property=\"og:image:type\" content=\"image\/jpeg\" \/>\n<meta name=\"author\" content=\"Jeanette\" \/>\n<meta name=\"twitter:card\" content=\"summary_large_image\" \/>\n<meta name=\"twitter:creator\" content=\"@eldiario_net\" \/>\n<meta name=\"twitter:site\" content=\"@eldiario_net\" \/>\n<meta name=\"twitter:label1\" content=\"Escrito por\" \/>\n\t<meta name=\"twitter:data1\" content=\"Jeanette\" \/>\n\t<meta name=\"twitter:label2\" content=\"Tiempo de lectura\" \/>\n\t<meta name=\"twitter:data2\" content=\"2 minutos\" \/>\n<script type=\"application\/ld+json\" class=\"yoast-schema-graph\">{\"@context\":\"https:\\\/\\\/schema.org\",\"@graph\":[{\"@type\":\"Article\",\"@id\":\"https:\\\/\\\/www.eldiario.net\\\/portal\\\/2024\\\/10\\\/29\\\/periodista-ya-no-continuara-en-el-caso-las-londras\\\/#article\",\"isPartOf\":{\"@id\":\"https:\\\/\\\/www.eldiario.net\\\/portal\\\/2024\\\/10\\\/29\\\/periodista-ya-no-continuara-en-el-caso-las-londras\\\/\"},\"author\":{\"name\":\"Jeanette\",\"@id\":\"https:\\\/\\\/www.eldiario.net\\\/portal\\\/#\\\/schema\\\/person\\\/f46445640444750d7d753ccd04ae01b7\"},\"headline\":\"Periodista ya no continuar\u00e1 en el caso Las Londras\",\"datePublished\":\"2024-10-29T10:02:54+00:00\",\"mainEntityOfPage\":{\"@id\":\"https:\\\/\\\/www.eldiario.net\\\/portal\\\/2024\\\/10\\\/29\\\/periodista-ya-no-continuara-en-el-caso-las-londras\\\/\"},\"wordCount\":417,\"publisher\":{\"@id\":\"https:\\\/\\\/www.eldiario.net\\\/portal\\\/#organization\"},\"image\":{\"@id\":\"https:\\\/\\\/www.eldiario.net\\\/portal\\\/2024\\\/10\\\/29\\\/periodista-ya-no-continuara-en-el-caso-las-londras\\\/#primaryimage\"},\"thumbnailUrl\":\"https:\\\/\\\/www.eldiario.net\\\/portal\\\/wp-content\\\/uploads\\\/2024\\\/10\\\/PTAA-FOTO.jpg\",\"articleSection\":[\"Nacional\"],\"inLanguage\":\"es\"},{\"@type\":\"WebPage\",\"@id\":\"https:\\\/\\\/www.eldiario.net\\\/portal\\\/2024\\\/10\\\/29\\\/periodista-ya-no-continuara-en-el-caso-las-londras\\\/\",\"url\":\"https:\\\/\\\/www.eldiario.net\\\/portal\\\/2024\\\/10\\\/29\\\/periodista-ya-no-continuara-en-el-caso-las-londras\\\/\",\"name\":\"Periodista ya no continuar\u00e1 en el caso Las Londras - El Diario - Bolivia\",\"isPartOf\":{\"@id\":\"https:\\\/\\\/www.eldiario.net\\\/portal\\\/#website\"},\"primaryImageOfPage\":{\"@id\":\"https:\\\/\\\/www.eldiario.net\\\/portal\\\/2024\\\/10\\\/29\\\/periodista-ya-no-continuara-en-el-caso-las-londras\\\/#primaryimage\"},\"image\":{\"@id\":\"https:\\\/\\\/www.eldiario.net\\\/portal\\\/2024\\\/10\\\/29\\\/periodista-ya-no-continuara-en-el-caso-las-londras\\\/#primaryimage\"},\"thumbnailUrl\":\"https:\\\/\\\/www.eldiario.net\\\/portal\\\/wp-content\\\/uploads\\\/2024\\\/10\\\/PTAA-FOTO.jpg\",\"datePublished\":\"2024-10-29T10:02:54+00:00\",\"breadcrumb\":{\"@id\":\"https:\\\/\\\/www.eldiario.net\\\/portal\\\/2024\\\/10\\\/29\\\/periodista-ya-no-continuara-en-el-caso-las-londras\\\/#breadcrumb\"},\"inLanguage\":\"es\",\"potentialAction\":[{\"@type\":\"ReadAction\",\"target\":[\"https:\\\/\\\/www.eldiario.net\\\/portal\\\/2024\\\/10\\\/29\\\/periodista-ya-no-continuara-en-el-caso-las-londras\\\/\"]}]},{\"@type\":\"ImageObject\",\"inLanguage\":\"es\",\"@id\":\"https:\\\/\\\/www.eldiario.net\\\/portal\\\/2024\\\/10\\\/29\\\/periodista-ya-no-continuara-en-el-caso-las-londras\\\/#primaryimage\",\"url\":\"https:\\\/\\\/www.eldiario.net\\\/portal\\\/wp-content\\\/uploads\\\/2024\\\/10\\\/PTAA-FOTO.jpg\",\"contentUrl\":\"https:\\\/\\\/www.eldiario.net\\\/portal\\\/wp-content\\\/uploads\\\/2024\\\/10\\\/PTAA-FOTO.jpg\",\"width\":1000,\"height\":563,\"caption\":\"Paulino C. V., uno de los implicados en el caso que apuntaba a los periodistas. Foto: Erbol\"},{\"@type\":\"BreadcrumbList\",\"@id\":\"https:\\\/\\\/www.eldiario.net\\\/portal\\\/2024\\\/10\\\/29\\\/periodista-ya-no-continuara-en-el-caso-las-londras\\\/#breadcrumb\",\"itemListElement\":[{\"@type\":\"ListItem\",\"position\":1,\"name\":\"Portada\",\"item\":\"https:\\\/\\\/www.eldiario.net\\\/portal\\\/\"},{\"@type\":\"ListItem\",\"position\":2,\"name\":\"Periodista ya no continuar\u00e1 en el caso Las Londras\"}]},{\"@type\":\"WebSite\",\"@id\":\"https:\\\/\\\/www.eldiario.net\\\/portal\\\/#website\",\"url\":\"https:\\\/\\\/www.eldiario.net\\\/portal\\\/\",\"name\":\"El Diario - Decano de la prensa nacional\",\"description\":\"El Diario - Decano de la prensa nacional\",\"publisher\":{\"@id\":\"https:\\\/\\\/www.eldiario.net\\\/portal\\\/#organization\"},\"potentialAction\":[{\"@type\":\"SearchAction\",\"target\":{\"@type\":\"EntryPoint\",\"urlTemplate\":\"https:\\\/\\\/www.eldiario.net\\\/portal\\\/?s={search_term_string}\"},\"query-input\":{\"@type\":\"PropertyValueSpecification\",\"valueRequired\":true,\"valueName\":\"search_term_string\"}}],\"inLanguage\":\"es\"},{\"@type\":\"Organization\",\"@id\":\"https:\\\/\\\/www.eldiario.net\\\/portal\\\/#organization\",\"name\":\"El Diario - Decano de la prensa nacional\",\"url\":\"https:\\\/\\\/www.eldiario.net\\\/portal\\\/\",\"logo\":{\"@type\":\"ImageObject\",\"inLanguage\":\"es\",\"@id\":\"https:\\\/\\\/www.eldiario.net\\\/portal\\\/#\\\/schema\\\/logo\\\/image\\\/\",\"url\":\"https:\\\/\\\/www.eldiario.net\\\/portal\\\/wp-content\\\/uploads\\\/2023\\\/07\\\/logo_ED.jpg\",\"contentUrl\":\"https:\\\/\\\/www.eldiario.net\\\/portal\\\/wp-content\\\/uploads\\\/2023\\\/07\\\/logo_ED.jpg\",\"width\":272,\"height\":52,\"caption\":\"El Diario - Decano de la prensa nacional\"},\"image\":{\"@id\":\"https:\\\/\\\/www.eldiario.net\\\/portal\\\/#\\\/schema\\\/logo\\\/image\\\/\"},\"sameAs\":[\"https:\\\/\\\/www.facebook.com\\\/eldiario.bolivia\\\/\",\"https:\\\/\\\/x.com\\\/eldiario_net\"]},{\"@type\":\"Person\",\"@id\":\"https:\\\/\\\/www.eldiario.net\\\/portal\\\/#\\\/schema\\\/person\\\/f46445640444750d7d753ccd04ae01b7\",\"name\":\"Jeanette\",\"image\":{\"@type\":\"ImageObject\",\"inLanguage\":\"es\",\"@id\":\"https:\\\/\\\/secure.gravatar.com\\\/avatar\\\/3ea2118a5f7dad2b7138b1187a6b7ee55f160b9968b66013c3a3ef39dd7e5798?s=96&d=mm&r=g\",\"url\":\"https:\\\/\\\/secure.gravatar.com\\\/avatar\\\/3ea2118a5f7dad2b7138b1187a6b7ee55f160b9968b66013c3a3ef39dd7e5798?s=96&d=mm&r=g\",\"contentUrl\":\"https:\\\/\\\/secure.gravatar.com\\\/avatar\\\/3ea2118a5f7dad2b7138b1187a6b7ee55f160b9968b66013c3a3ef39dd7e5798?s=96&d=mm&r=g\",\"caption\":\"Jeanette\"},\"sameAs\":[\"https:\\\/\\\/www.eldiario.net\\\/portal\"],\"url\":\"https:\\\/\\\/www.eldiario.net\\\/portal\\\/author\\\/jeanette\\\/\"}]}<\/script>\n<!-- \/ Yoast SEO plugin. -->","yoast_head_json":{"title":"Periodista ya no continuar\u00e1 en el caso Las Londras - El Diario - Bolivia","robots":{"index":"index","follow":"follow","max-snippet":"max-snippet:-1","max-image-preview":"max-image-preview:large","max-video-preview":"max-video-preview:-1"},"canonical":"https:\/\/www.eldiario.net\/portal\/2024\/10\/29\/periodista-ya-no-continuara-en-el-caso-las-londras\/","og_locale":"es_ES","og_type":"article","og_title":"Periodista ya no continuar\u00e1 en el caso Las Londras - El Diario - Bolivia","og_description":"Con la voz quebrada y resignado, el periodista cruce\u00f1o Percy Su\u00e1rez decidi\u00f3 ya no continuar m\u00e1s en el caso Las Londras, ocurrido el 28 de octubre de 2021, por falta de justicia para sancionar a los responsables del hecho. Se cumplieron ayer tres a\u00f1os de aquella jornada cuando un grupo de 17 personas, entre periodistas, [&hellip;]","og_url":"https:\/\/www.eldiario.net\/portal\/2024\/10\/29\/periodista-ya-no-continuara-en-el-caso-las-londras\/","og_site_name":"El Diario - Bolivia","article_publisher":"https:\/\/www.facebook.com\/eldiario.bolivia\/","article_published_time":"2024-10-29T10:02:54+00:00","og_image":[{"width":1000,"height":563,"url":"https:\/\/www.eldiario.net\/portal\/wp-content\/uploads\/2024\/10\/PTAA-FOTO.jpg","type":"image\/jpeg"}],"author":"Jeanette","twitter_card":"summary_large_image","twitter_creator":"@eldiario_net","twitter_site":"@eldiario_net","twitter_misc":{"Escrito por":"Jeanette","Tiempo de lectura":"2 minutos"},"schema":{"@context":"https:\/\/schema.org","@graph":[{"@type":"Article","@id":"https:\/\/www.eldiario.net\/portal\/2024\/10\/29\/periodista-ya-no-continuara-en-el-caso-las-londras\/#article","isPartOf":{"@id":"https:\/\/www.eldiario.net\/portal\/2024\/10\/29\/periodista-ya-no-continuara-en-el-caso-las-londras\/"},"author":{"name":"Jeanette","@id":"https:\/\/www.eldiario.net\/portal\/#\/schema\/person\/f46445640444750d7d753ccd04ae01b7"},"headline":"Periodista ya no continuar\u00e1 en el caso Las Londras","datePublished":"2024-10-29T10:02:54+00:00","mainEntityOfPage":{"@id":"https:\/\/www.eldiario.net\/portal\/2024\/10\/29\/periodista-ya-no-continuara-en-el-caso-las-londras\/"},"wordCount":417,"publisher":{"@id":"https:\/\/www.eldiario.net\/portal\/#organization"},"image":{"@id":"https:\/\/www.eldiario.net\/portal\/2024\/10\/29\/periodista-ya-no-continuara-en-el-caso-las-londras\/#primaryimage"},"thumbnailUrl":"https:\/\/www.eldiario.net\/portal\/wp-content\/uploads\/2024\/10\/PTAA-FOTO.jpg","articleSection":["Nacional"],"inLanguage":"es"},{"@type":"WebPage","@id":"https:\/\/www.eldiario.net\/portal\/2024\/10\/29\/periodista-ya-no-continuara-en-el-caso-las-londras\/","url":"https:\/\/www.eldiario.net\/portal\/2024\/10\/29\/periodista-ya-no-continuara-en-el-caso-las-londras\/","name":"Periodista ya no continuar\u00e1 en el caso Las Londras - El Diario - Bolivia","isPartOf":{"@id":"https:\/\/www.eldiario.net\/portal\/#website"},"primaryImageOfPage":{"@id":"https:\/\/www.eldiario.net\/portal\/2024\/10\/29\/periodista-ya-no-continuara-en-el-caso-las-londras\/#primaryimage"},"image":{"@id":"https:\/\/www.eldiario.net\/portal\/2024\/10\/29\/periodista-ya-no-continuara-en-el-caso-las-londras\/#primaryimage"},"thumbnailUrl":"https:\/\/www.eldiario.net\/portal\/wp-content\/uploads\/2024\/10\/PTAA-FOTO.jpg","datePublished":"2024-10-29T10:02:54+00:00","breadcrumb":{"@id":"https:\/\/www.eldiario.net\/portal\/2024\/10\/29\/periodista-ya-no-continuara-en-el-caso-las-londras\/#breadcrumb"},"inLanguage":"es","potentialAction":[{"@type":"ReadAction","target":["https:\/\/www.eldiario.net\/portal\/2024\/10\/29\/periodista-ya-no-continuara-en-el-caso-las-londras\/"]}]},{"@type":"ImageObject","inLanguage":"es","@id":"https:\/\/www.eldiario.net\/portal\/2024\/10\/29\/periodista-ya-no-continuara-en-el-caso-las-londras\/#primaryimage","url":"https:\/\/www.eldiario.net\/portal\/wp-content\/uploads\/2024\/10\/PTAA-FOTO.jpg","contentUrl":"https:\/\/www.eldiario.net\/portal\/wp-content\/uploads\/2024\/10\/PTAA-FOTO.jpg","width":1000,"height":563,"caption":"Paulino C. V., uno de los implicados en el caso que apuntaba a los periodistas. Foto: Erbol"},{"@type":"BreadcrumbList","@id":"https:\/\/www.eldiario.net\/portal\/2024\/10\/29\/periodista-ya-no-continuara-en-el-caso-las-londras\/#breadcrumb","itemListElement":[{"@type":"ListItem","position":1,"name":"Portada","item":"https:\/\/www.eldiario.net\/portal\/"},{"@type":"ListItem","position":2,"name":"Periodista ya no continuar\u00e1 en el caso Las Londras"}]},{"@type":"WebSite","@id":"https:\/\/www.eldiario.net\/portal\/#website","url":"https:\/\/www.eldiario.net\/portal\/","name":"El Diario - Decano de la prensa nacional","description":"El Diario - Decano de la prensa nacional","publisher":{"@id":"https:\/\/www.eldiario.net\/portal\/#organization"},"potentialAction":[{"@type":"SearchAction","target":{"@type":"EntryPoint","urlTemplate":"https:\/\/www.eldiario.net\/portal\/?s={search_term_string}"},"query-input":{"@type":"PropertyValueSpecification","valueRequired":true,"valueName":"search_term_string"}}],"inLanguage":"es"},{"@type":"Organization","@id":"https:\/\/www.eldiario.net\/portal\/#organization","name":"El Diario - Decano de la prensa nacional","url":"https:\/\/www.eldiario.net\/portal\/","logo":{"@type":"ImageObject","inLanguage":"es","@id":"https:\/\/www.eldiario.net\/portal\/#\/schema\/logo\/image\/","url":"https:\/\/www.eldiario.net\/portal\/wp-content\/uploads\/2023\/07\/logo_ED.jpg","contentUrl":"https:\/\/www.eldiario.net\/portal\/wp-content\/uploads\/2023\/07\/logo_ED.jpg","width":272,"height":52,"caption":"El Diario - Decano de la prensa nacional"},"image":{"@id":"https:\/\/www.eldiario.net\/portal\/#\/schema\/logo\/image\/"},"sameAs":["https:\/\/www.facebook.com\/eldiario.bolivia\/","https:\/\/x.com\/eldiario_net"]},{"@type":"Person","@id":"https:\/\/www.eldiario.net\/portal\/#\/schema\/person\/f46445640444750d7d753ccd04ae01b7","name":"Jeanette","image":{"@type":"ImageObject","inLanguage":"es","@id":"https:\/\/secure.gravatar.com\/avatar\/3ea2118a5f7dad2b7138b1187a6b7ee55f160b9968b66013c3a3ef39dd7e5798?s=96&d=mm&r=g","url":"https:\/\/secure.gravatar.com\/avatar\/3ea2118a5f7dad2b7138b1187a6b7ee55f160b9968b66013c3a3ef39dd7e5798?s=96&d=mm&r=g","contentUrl":"https:\/\/secure.gravatar.com\/avatar\/3ea2118a5f7dad2b7138b1187a6b7ee55f160b9968b66013c3a3ef39dd7e5798?s=96&d=mm&r=g","caption":"Jeanette"},"sameAs":["https:\/\/www.eldiario.net\/portal"],"url":"https:\/\/www.eldiario.net\/portal\/author\/jeanette\/"}]}},"_links":{"self":[{"href":"https:\/\/www.eldiario.net\/portal\/wp-json\/wp\/v2\/posts\/257210","targetHints":{"allow":["GET"]}}],"collection":[{"href":"https:\/\/www.eldiario.net\/portal\/wp-json\/wp\/v2\/posts"}],"about":[{"href":"https:\/\/www.eldiario.net\/portal\/wp-json\/wp\/v2\/types\/post"}],"author":[{"embeddable":true,"href":"https:\/\/www.eldiario.net\/portal\/wp-json\/wp\/v2\/users\/1"}],"replies":[{"embeddable":true,"href":"https:\/\/www.eldiario.net\/portal\/wp-json\/wp\/v2\/comments?post=257210"}],"version-history":[{"count":1,"href":"https:\/\/www.eldiario.net\/portal\/wp-json\/wp\/v2\/posts\/257210\/revisions"}],"predecessor-version":[{"id":257212,"href":"https:\/\/www.eldiario.net\/portal\/wp-json\/wp\/v2\/posts\/257210\/revisions\/257212"}],"wp:featuredmedia":[{"embeddable":true,"href":"https:\/\/www.eldiario.net\/portal\/wp-json\/wp\/v2\/media\/257211"}],"wp:attachment":[{"href":"https:\/\/www.eldiario.net\/portal\/wp-json\/wp\/v2\/media?parent=257210"}],"wp:term":[{"taxonomy":"category","embeddable":true,"href":"https:\/\/www.eldiario.net\/portal\/wp-json\/wp\/v2\/categories?post=257210"},{"taxonomy":"post_tag","embeddable":true,"href":"https:\/\/www.eldiario.net\/portal\/wp-json\/wp\/v2\/tags?post=257210"}],"curies":[{"name":"wp","href":"https:\/\/api.w.org\/{rel}","templated":true}]}}