{"id":257207,"date":"2024-10-29T06:02:24","date_gmt":"2024-10-29T10:02:24","guid":{"rendered":"https:\/\/www.eldiario.net\/portal\/?p=257207"},"modified":"2024-10-29T06:02:24","modified_gmt":"2024-10-29T10:02:24","slug":"evo-morales-califica-al-trabajo-de-medios-privados-de-inmoral-y-repugnante","status":"publish","type":"post","link":"https:\/\/www.eldiario.net\/portal\/2024\/10\/29\/evo-morales-califica-al-trabajo-de-medios-privados-de-inmoral-y-repugnante\/","title":{"rendered":"Evo Morales califica al trabajo de medios  privados de \u201cinmoral\u201d y \u201crepugnante\u201d"},"content":{"rendered":"<p>De \u201cinmoral y repugnante\u201d calific\u00f3 el expresidente Evo Morales al trabajo de medios privados que observaron detalles en las im\u00e1genes difundidas por el propio pol\u00edtico al denunciar un supuesto atentado, el domingo 27, mientras recorr\u00eda en autom\u00f3vil una carretera principal en la regi\u00f3n del Chapare, en el departamento de Cochabamba.<\/p>\n<p>Varios medios difundieron im\u00e1genes extra\u00eddas de los videos presentados a las 7.00 horas por Morales en su programa radial que tambi\u00e9n se transmite por Facebook, y los internautas dirigieron su atenci\u00f3n a las diferencias de la vestimenta del conductor (o los conductores), que ayudaron en la huida de Morales durante una persecuci\u00f3n que involucra a polic\u00edas.<\/p>\n<p>\u00bfPor qu\u00e9 el chofer herido en el presunto atentado al expresidente Evo Morales se cambi\u00f3 la polera y el pantal\u00f3n en plena persecuci\u00f3n y ataque armado?, pregunt\u00f3 una agencia de noticias y la interrogante tambi\u00e9n se extendi\u00f3 a trav\u00e9s de otro mensaje divulgado por Radio Televisi\u00f3n Popular (RTP) en su cuenta de X.com.<\/p>\n<p>La respuesta lleg\u00f3 a las 20.07 horas del domingo, desde la cuenta de @evoespueblo:<\/p>\n<p>\u201cEs realmente inmoral y repugnante lo que hacen algunos medios de comunicaci\u00f3n solo por la pauta publicitaria que les da el gobierno. Ellos saben que utilizamos dos veh\u00edculos y dos conductores para escapar de las balas. Uno de los veh\u00edculos recibi\u00f3 4 disparos y el segundo 14. De estos \u00faltimos, 2 alcanzaron al conductor quien se salv\u00f3 de milagro\u201d.<\/p>\n<p>El mensaje de la cuenta de Morales reproduce el mensaje de RTP que acompa\u00f1a dos fotograf\u00edas con las diferencias.<\/p>\n<p>La agresi\u00f3n verbal del expresidente ante una duda planteada en el \u00e1mbito informativo lleg\u00f3 cargada de otras afirmaciones: \u201cEl periodismo a sueldo no es periodismo, es un peligro para la democracia\u201d, escribi\u00f3.<\/p>\n<p>Reci\u00e9n un d\u00eda despu\u00e9s, en otro mensaje publicado en Radio Kawsachun Coca, Morales revel\u00f3 los nombres de los conductores (Franklin Bernab\u00e9 e Iber Rodr\u00edguez), y precisa que \u201cpese a las heridas, se encuentran bien de salud\u201d.<\/p>\n<p>Por primera vez menciona a la mujer que se hallaba en el veh\u00edculo que lo transportaba, Cesia Vargas, de quien refiere que \u201c\u2026su tranquilidad en un momento tan dram\u00e1tico ayud\u00f3 mucho\u201d.<\/p>\n<p>A su mensaje de agresi\u00f3n verbal, agreg\u00f3 la captura de pantalla de una noticia publicada en el diario cruce\u00f1o El Deber en la que militantes del oficialista Movimiento al Socialismo (MAS) califican al incidente registrado el domingo de \u201cautoatentado o conflicto narco\u2026\u201d.<\/p>\n<p>La elecci\u00f3n de diversas fuentes para informar sobre un hecho noticioso es una labor protegida por la libertad de prensa, y por tanto cuestionarla es una forma de censura, expres\u00f3 la Asociaci\u00f3n Nacional de la Prensa (ANP) que representa a los principales diarios de Bolivia.<\/p>\n<p>El lunes por la ma\u00f1ana, Morales atac\u00f3 nuevamente a los medios.<\/p>\n<p>\u201cLa mentira organizada del gobierno y sus medios de comunicaci\u00f3n pagados se esfuerzan todav\u00eda por desviar la verdad sobre el atentado criminal que sufrimos este domingo\u2026\u201d, se\u00f1ala su mensaje en su cuenta @evoespueblo. (ANP)<\/p>\n","protected":false},"excerpt":{"rendered":"<p>De \u201cinmoral y repugnante\u201d calific\u00f3 el expresidente Evo Morales al trabajo de medios privados que observaron detalles en las im\u00e1genes difundidas por el propio pol\u00edtico al denunciar un supuesto atentado, el domingo 27, mientras recorr\u00eda en autom\u00f3vil una carretera principal en la regi\u00f3n del Chapare, en el departamento de Cochabamba. Varios medios difundieron im\u00e1genes extra\u00eddas [&hellip;]<\/p>\n","protected":false},"author":1,"featured_media":257208,"comment_status":"closed","ping_status":"open","sticky":false,"template":"","format":"standard","meta":{"_acf_changed":false,"footnotes":""},"categories":[12],"tags":[],"class_list":["post-257207","post","type-post","status-publish","format-standard","has-post-thumbnail","category-nacional"],"acf":{"antetitulo":""},"yoast_head":"<!-- This site is optimized with the Yoast SEO plugin v28.3 - https:\/\/yoast.com\/product\/yoast-seo-wordpress\/ -->\n<title>Evo Morales califica al trabajo de medios privados de \u201cinmoral\u201d y \u201crepugnante\u201d - El Diario - Bolivia<\/title>\n<meta name=\"robots\" content=\"index, follow, max-snippet:-1, max-image-preview:large, max-video-preview:-1\" \/>\n<link rel=\"canonical\" href=\"https:\/\/www.eldiario.net\/portal\/2024\/10\/29\/evo-morales-califica-al-trabajo-de-medios-privados-de-inmoral-y-repugnante\/\" \/>\n<meta property=\"og:locale\" content=\"es_ES\" \/>\n<meta property=\"og:type\" content=\"article\" \/>\n<meta property=\"og:title\" content=\"Evo Morales califica al trabajo de medios privados de \u201cinmoral\u201d y \u201crepugnante\u201d - El Diario - Bolivia\" \/>\n<meta property=\"og:description\" content=\"De \u201cinmoral y repugnante\u201d calific\u00f3 el expresidente Evo Morales al trabajo de medios privados que observaron detalles en las im\u00e1genes difundidas por el propio pol\u00edtico al denunciar un supuesto atentado, el domingo 27, mientras recorr\u00eda en autom\u00f3vil una carretera principal en la regi\u00f3n del Chapare, en el departamento de Cochabamba. Varios medios difundieron im\u00e1genes extra\u00eddas [&hellip;]\" \/>\n<meta property=\"og:url\" content=\"https:\/\/www.eldiario.net\/portal\/2024\/10\/29\/evo-morales-califica-al-trabajo-de-medios-privados-de-inmoral-y-repugnante\/\" \/>\n<meta property=\"og:site_name\" content=\"El Diario - Bolivia\" \/>\n<meta property=\"article:publisher\" content=\"https:\/\/www.facebook.com\/eldiario.bolivia\/\" \/>\n<meta property=\"article:published_time\" content=\"2024-10-29T10:02:24+00:00\" \/>\n<meta property=\"og:image\" content=\"https:\/\/www.eldiario.net\/portal\/wp-content\/uploads\/2024\/10\/evo-prensa.jpg\" \/>\n\t<meta property=\"og:image:width\" content=\"1200\" \/>\n\t<meta property=\"og:image:height\" content=\"782\" \/>\n\t<meta property=\"og:image:type\" content=\"image\/jpeg\" \/>\n<meta name=\"author\" content=\"Jeanette\" \/>\n<meta name=\"twitter:card\" content=\"summary_large_image\" \/>\n<meta name=\"twitter:creator\" content=\"@eldiario_net\" \/>\n<meta name=\"twitter:site\" content=\"@eldiario_net\" \/>\n<meta name=\"twitter:label1\" content=\"Escrito por\" \/>\n\t<meta name=\"twitter:data1\" content=\"Jeanette\" \/>\n\t<meta name=\"twitter:label2\" content=\"Tiempo de lectura\" \/>\n\t<meta name=\"twitter:data2\" content=\"3 minutos\" \/>\n<script type=\"application\/ld+json\" class=\"yoast-schema-graph\">{\"@context\":\"https:\\\/\\\/schema.org\",\"@graph\":[{\"@type\":\"Article\",\"@id\":\"https:\\\/\\\/www.eldiario.net\\\/portal\\\/2024\\\/10\\\/29\\\/evo-morales-califica-al-trabajo-de-medios-privados-de-inmoral-y-repugnante\\\/#article\",\"isPartOf\":{\"@id\":\"https:\\\/\\\/www.eldiario.net\\\/portal\\\/2024\\\/10\\\/29\\\/evo-morales-califica-al-trabajo-de-medios-privados-de-inmoral-y-repugnante\\\/\"},\"author\":{\"name\":\"Jeanette\",\"@id\":\"https:\\\/\\\/www.eldiario.net\\\/portal\\\/#\\\/schema\\\/person\\\/f46445640444750d7d753ccd04ae01b7\"},\"headline\":\"Evo Morales califica al trabajo de medios privados de \u201cinmoral\u201d y \u201crepugnante\u201d\",\"datePublished\":\"2024-10-29T10:02:24+00:00\",\"mainEntityOfPage\":{\"@id\":\"https:\\\/\\\/www.eldiario.net\\\/portal\\\/2024\\\/10\\\/29\\\/evo-morales-califica-al-trabajo-de-medios-privados-de-inmoral-y-repugnante\\\/\"},\"wordCount\":525,\"publisher\":{\"@id\":\"https:\\\/\\\/www.eldiario.net\\\/portal\\\/#organization\"},\"image\":{\"@id\":\"https:\\\/\\\/www.eldiario.net\\\/portal\\\/2024\\\/10\\\/29\\\/evo-morales-califica-al-trabajo-de-medios-privados-de-inmoral-y-repugnante\\\/#primaryimage\"},\"thumbnailUrl\":\"https:\\\/\\\/www.eldiario.net\\\/portal\\\/wp-content\\\/uploads\\\/2024\\\/10\\\/evo-prensa.jpg\",\"articleSection\":[\"Nacional\"],\"inLanguage\":\"es\"},{\"@type\":\"WebPage\",\"@id\":\"https:\\\/\\\/www.eldiario.net\\\/portal\\\/2024\\\/10\\\/29\\\/evo-morales-califica-al-trabajo-de-medios-privados-de-inmoral-y-repugnante\\\/\",\"url\":\"https:\\\/\\\/www.eldiario.net\\\/portal\\\/2024\\\/10\\\/29\\\/evo-morales-califica-al-trabajo-de-medios-privados-de-inmoral-y-repugnante\\\/\",\"name\":\"Evo Morales califica al trabajo de medios privados de \u201cinmoral\u201d y \u201crepugnante\u201d - El Diario - Bolivia\",\"isPartOf\":{\"@id\":\"https:\\\/\\\/www.eldiario.net\\\/portal\\\/#website\"},\"primaryImageOfPage\":{\"@id\":\"https:\\\/\\\/www.eldiario.net\\\/portal\\\/2024\\\/10\\\/29\\\/evo-morales-califica-al-trabajo-de-medios-privados-de-inmoral-y-repugnante\\\/#primaryimage\"},\"image\":{\"@id\":\"https:\\\/\\\/www.eldiario.net\\\/portal\\\/2024\\\/10\\\/29\\\/evo-morales-califica-al-trabajo-de-medios-privados-de-inmoral-y-repugnante\\\/#primaryimage\"},\"thumbnailUrl\":\"https:\\\/\\\/www.eldiario.net\\\/portal\\\/wp-content\\\/uploads\\\/2024\\\/10\\\/evo-prensa.jpg\",\"datePublished\":\"2024-10-29T10:02:24+00:00\",\"breadcrumb\":{\"@id\":\"https:\\\/\\\/www.eldiario.net\\\/portal\\\/2024\\\/10\\\/29\\\/evo-morales-califica-al-trabajo-de-medios-privados-de-inmoral-y-repugnante\\\/#breadcrumb\"},\"inLanguage\":\"es\",\"potentialAction\":[{\"@type\":\"ReadAction\",\"target\":[\"https:\\\/\\\/www.eldiario.net\\\/portal\\\/2024\\\/10\\\/29\\\/evo-morales-califica-al-trabajo-de-medios-privados-de-inmoral-y-repugnante\\\/\"]}]},{\"@type\":\"ImageObject\",\"inLanguage\":\"es\",\"@id\":\"https:\\\/\\\/www.eldiario.net\\\/portal\\\/2024\\\/10\\\/29\\\/evo-morales-califica-al-trabajo-de-medios-privados-de-inmoral-y-repugnante\\\/#primaryimage\",\"url\":\"https:\\\/\\\/www.eldiario.net\\\/portal\\\/wp-content\\\/uploads\\\/2024\\\/10\\\/evo-prensa.jpg\",\"contentUrl\":\"https:\\\/\\\/www.eldiario.net\\\/portal\\\/wp-content\\\/uploads\\\/2024\\\/10\\\/evo-prensa.jpg\",\"width\":1200,\"height\":782,\"caption\":\"Captura de pantalla del mensaje divulgado por el expresidente Evo Morales en su cuenta de X.com. Foto: RRSS\"},{\"@type\":\"BreadcrumbList\",\"@id\":\"https:\\\/\\\/www.eldiario.net\\\/portal\\\/2024\\\/10\\\/29\\\/evo-morales-califica-al-trabajo-de-medios-privados-de-inmoral-y-repugnante\\\/#breadcrumb\",\"itemListElement\":[{\"@type\":\"ListItem\",\"position\":1,\"name\":\"Portada\",\"item\":\"https:\\\/\\\/www.eldiario.net\\\/portal\\\/\"},{\"@type\":\"ListItem\",\"position\":2,\"name\":\"Evo Morales califica al trabajo de medios privados de \u201cinmoral\u201d y \u201crepugnante\u201d\"}]},{\"@type\":\"WebSite\",\"@id\":\"https:\\\/\\\/www.eldiario.net\\\/portal\\\/#website\",\"url\":\"https:\\\/\\\/www.eldiario.net\\\/portal\\\/\",\"name\":\"El Diario - Decano de la prensa nacional\",\"description\":\"El Diario - Decano de la prensa nacional\",\"publisher\":{\"@id\":\"https:\\\/\\\/www.eldiario.net\\\/portal\\\/#organization\"},\"potentialAction\":[{\"@type\":\"SearchAction\",\"target\":{\"@type\":\"EntryPoint\",\"urlTemplate\":\"https:\\\/\\\/www.eldiario.net\\\/portal\\\/?s={search_term_string}\"},\"query-input\":{\"@type\":\"PropertyValueSpecification\",\"valueRequired\":true,\"valueName\":\"search_term_string\"}}],\"inLanguage\":\"es\"},{\"@type\":\"Organization\",\"@id\":\"https:\\\/\\\/www.eldiario.net\\\/portal\\\/#organization\",\"name\":\"El Diario - Decano de la prensa nacional\",\"url\":\"https:\\\/\\\/www.eldiario.net\\\/portal\\\/\",\"logo\":{\"@type\":\"ImageObject\",\"inLanguage\":\"es\",\"@id\":\"https:\\\/\\\/www.eldiario.net\\\/portal\\\/#\\\/schema\\\/logo\\\/image\\\/\",\"url\":\"https:\\\/\\\/www.eldiario.net\\\/portal\\\/wp-content\\\/uploads\\\/2023\\\/07\\\/logo_ED.jpg\",\"contentUrl\":\"https:\\\/\\\/www.eldiario.net\\\/portal\\\/wp-content\\\/uploads\\\/2023\\\/07\\\/logo_ED.jpg\",\"width\":272,\"height\":52,\"caption\":\"El Diario - Decano de la prensa nacional\"},\"image\":{\"@id\":\"https:\\\/\\\/www.eldiario.net\\\/portal\\\/#\\\/schema\\\/logo\\\/image\\\/\"},\"sameAs\":[\"https:\\\/\\\/www.facebook.com\\\/eldiario.bolivia\\\/\",\"https:\\\/\\\/x.com\\\/eldiario_net\"]},{\"@type\":\"Person\",\"@id\":\"https:\\\/\\\/www.eldiario.net\\\/portal\\\/#\\\/schema\\\/person\\\/f46445640444750d7d753ccd04ae01b7\",\"name\":\"Jeanette\",\"image\":{\"@type\":\"ImageObject\",\"inLanguage\":\"es\",\"@id\":\"https:\\\/\\\/secure.gravatar.com\\\/avatar\\\/3ea2118a5f7dad2b7138b1187a6b7ee55f160b9968b66013c3a3ef39dd7e5798?s=96&d=mm&r=g\",\"url\":\"https:\\\/\\\/secure.gravatar.com\\\/avatar\\\/3ea2118a5f7dad2b7138b1187a6b7ee55f160b9968b66013c3a3ef39dd7e5798?s=96&d=mm&r=g\",\"contentUrl\":\"https:\\\/\\\/secure.gravatar.com\\\/avatar\\\/3ea2118a5f7dad2b7138b1187a6b7ee55f160b9968b66013c3a3ef39dd7e5798?s=96&d=mm&r=g\",\"caption\":\"Jeanette\"},\"sameAs\":[\"https:\\\/\\\/www.eldiario.net\\\/portal\"],\"url\":\"https:\\\/\\\/www.eldiario.net\\\/portal\\\/author\\\/jeanette\\\/\"}]}<\/script>\n<!-- \/ Yoast SEO plugin. -->","yoast_head_json":{"title":"Evo Morales califica al trabajo de medios privados de \u201cinmoral\u201d y \u201crepugnante\u201d - El Diario - Bolivia","robots":{"index":"index","follow":"follow","max-snippet":"max-snippet:-1","max-image-preview":"max-image-preview:large","max-video-preview":"max-video-preview:-1"},"canonical":"https:\/\/www.eldiario.net\/portal\/2024\/10\/29\/evo-morales-califica-al-trabajo-de-medios-privados-de-inmoral-y-repugnante\/","og_locale":"es_ES","og_type":"article","og_title":"Evo Morales califica al trabajo de medios privados de \u201cinmoral\u201d y \u201crepugnante\u201d - El Diario - Bolivia","og_description":"De \u201cinmoral y repugnante\u201d calific\u00f3 el expresidente Evo Morales al trabajo de medios privados que observaron detalles en las im\u00e1genes difundidas por el propio pol\u00edtico al denunciar un supuesto atentado, el domingo 27, mientras recorr\u00eda en autom\u00f3vil una carretera principal en la regi\u00f3n del Chapare, en el departamento de Cochabamba. Varios medios difundieron im\u00e1genes extra\u00eddas [&hellip;]","og_url":"https:\/\/www.eldiario.net\/portal\/2024\/10\/29\/evo-morales-califica-al-trabajo-de-medios-privados-de-inmoral-y-repugnante\/","og_site_name":"El Diario - Bolivia","article_publisher":"https:\/\/www.facebook.com\/eldiario.bolivia\/","article_published_time":"2024-10-29T10:02:24+00:00","og_image":[{"width":1200,"height":782,"url":"https:\/\/www.eldiario.net\/portal\/wp-content\/uploads\/2024\/10\/evo-prensa.jpg","type":"image\/jpeg"}],"author":"Jeanette","twitter_card":"summary_large_image","twitter_creator":"@eldiario_net","twitter_site":"@eldiario_net","twitter_misc":{"Escrito por":"Jeanette","Tiempo de lectura":"3 minutos"},"schema":{"@context":"https:\/\/schema.org","@graph":[{"@type":"Article","@id":"https:\/\/www.eldiario.net\/portal\/2024\/10\/29\/evo-morales-califica-al-trabajo-de-medios-privados-de-inmoral-y-repugnante\/#article","isPartOf":{"@id":"https:\/\/www.eldiario.net\/portal\/2024\/10\/29\/evo-morales-califica-al-trabajo-de-medios-privados-de-inmoral-y-repugnante\/"},"author":{"name":"Jeanette","@id":"https:\/\/www.eldiario.net\/portal\/#\/schema\/person\/f46445640444750d7d753ccd04ae01b7"},"headline":"Evo Morales califica al trabajo de medios privados de \u201cinmoral\u201d y \u201crepugnante\u201d","datePublished":"2024-10-29T10:02:24+00:00","mainEntityOfPage":{"@id":"https:\/\/www.eldiario.net\/portal\/2024\/10\/29\/evo-morales-califica-al-trabajo-de-medios-privados-de-inmoral-y-repugnante\/"},"wordCount":525,"publisher":{"@id":"https:\/\/www.eldiario.net\/portal\/#organization"},"image":{"@id":"https:\/\/www.eldiario.net\/portal\/2024\/10\/29\/evo-morales-califica-al-trabajo-de-medios-privados-de-inmoral-y-repugnante\/#primaryimage"},"thumbnailUrl":"https:\/\/www.eldiario.net\/portal\/wp-content\/uploads\/2024\/10\/evo-prensa.jpg","articleSection":["Nacional"],"inLanguage":"es"},{"@type":"WebPage","@id":"https:\/\/www.eldiario.net\/portal\/2024\/10\/29\/evo-morales-califica-al-trabajo-de-medios-privados-de-inmoral-y-repugnante\/","url":"https:\/\/www.eldiario.net\/portal\/2024\/10\/29\/evo-morales-califica-al-trabajo-de-medios-privados-de-inmoral-y-repugnante\/","name":"Evo Morales califica al trabajo de medios privados de \u201cinmoral\u201d y \u201crepugnante\u201d - El Diario - Bolivia","isPartOf":{"@id":"https:\/\/www.eldiario.net\/portal\/#website"},"primaryImageOfPage":{"@id":"https:\/\/www.eldiario.net\/portal\/2024\/10\/29\/evo-morales-califica-al-trabajo-de-medios-privados-de-inmoral-y-repugnante\/#primaryimage"},"image":{"@id":"https:\/\/www.eldiario.net\/portal\/2024\/10\/29\/evo-morales-califica-al-trabajo-de-medios-privados-de-inmoral-y-repugnante\/#primaryimage"},"thumbnailUrl":"https:\/\/www.eldiario.net\/portal\/wp-content\/uploads\/2024\/10\/evo-prensa.jpg","datePublished":"2024-10-29T10:02:24+00:00","breadcrumb":{"@id":"https:\/\/www.eldiario.net\/portal\/2024\/10\/29\/evo-morales-califica-al-trabajo-de-medios-privados-de-inmoral-y-repugnante\/#breadcrumb"},"inLanguage":"es","potentialAction":[{"@type":"ReadAction","target":["https:\/\/www.eldiario.net\/portal\/2024\/10\/29\/evo-morales-califica-al-trabajo-de-medios-privados-de-inmoral-y-repugnante\/"]}]},{"@type":"ImageObject","inLanguage":"es","@id":"https:\/\/www.eldiario.net\/portal\/2024\/10\/29\/evo-morales-califica-al-trabajo-de-medios-privados-de-inmoral-y-repugnante\/#primaryimage","url":"https:\/\/www.eldiario.net\/portal\/wp-content\/uploads\/2024\/10\/evo-prensa.jpg","contentUrl":"https:\/\/www.eldiario.net\/portal\/wp-content\/uploads\/2024\/10\/evo-prensa.jpg","width":1200,"height":782,"caption":"Captura de pantalla del mensaje divulgado por el expresidente Evo Morales en su cuenta de X.com. Foto: RRSS"},{"@type":"BreadcrumbList","@id":"https:\/\/www.eldiario.net\/portal\/2024\/10\/29\/evo-morales-califica-al-trabajo-de-medios-privados-de-inmoral-y-repugnante\/#breadcrumb","itemListElement":[{"@type":"ListItem","position":1,"name":"Portada","item":"https:\/\/www.eldiario.net\/portal\/"},{"@type":"ListItem","position":2,"name":"Evo Morales califica al trabajo de medios privados de \u201cinmoral\u201d y \u201crepugnante\u201d"}]},{"@type":"WebSite","@id":"https:\/\/www.eldiario.net\/portal\/#website","url":"https:\/\/www.eldiario.net\/portal\/","name":"El Diario - Decano de la prensa nacional","description":"El Diario - Decano de la prensa nacional","publisher":{"@id":"https:\/\/www.eldiario.net\/portal\/#organization"},"potentialAction":[{"@type":"SearchAction","target":{"@type":"EntryPoint","urlTemplate":"https:\/\/www.eldiario.net\/portal\/?s={search_term_string}"},"query-input":{"@type":"PropertyValueSpecification","valueRequired":true,"valueName":"search_term_string"}}],"inLanguage":"es"},{"@type":"Organization","@id":"https:\/\/www.eldiario.net\/portal\/#organization","name":"El Diario - Decano de la prensa nacional","url":"https:\/\/www.eldiario.net\/portal\/","logo":{"@type":"ImageObject","inLanguage":"es","@id":"https:\/\/www.eldiario.net\/portal\/#\/schema\/logo\/image\/","url":"https:\/\/www.eldiario.net\/portal\/wp-content\/uploads\/2023\/07\/logo_ED.jpg","contentUrl":"https:\/\/www.eldiario.net\/portal\/wp-content\/uploads\/2023\/07\/logo_ED.jpg","width":272,"height":52,"caption":"El Diario - Decano de la prensa nacional"},"image":{"@id":"https:\/\/www.eldiario.net\/portal\/#\/schema\/logo\/image\/"},"sameAs":["https:\/\/www.facebook.com\/eldiario.bolivia\/","https:\/\/x.com\/eldiario_net"]},{"@type":"Person","@id":"https:\/\/www.eldiario.net\/portal\/#\/schema\/person\/f46445640444750d7d753ccd04ae01b7","name":"Jeanette","image":{"@type":"ImageObject","inLanguage":"es","@id":"https:\/\/secure.gravatar.com\/avatar\/3ea2118a5f7dad2b7138b1187a6b7ee55f160b9968b66013c3a3ef39dd7e5798?s=96&d=mm&r=g","url":"https:\/\/secure.gravatar.com\/avatar\/3ea2118a5f7dad2b7138b1187a6b7ee55f160b9968b66013c3a3ef39dd7e5798?s=96&d=mm&r=g","contentUrl":"https:\/\/secure.gravatar.com\/avatar\/3ea2118a5f7dad2b7138b1187a6b7ee55f160b9968b66013c3a3ef39dd7e5798?s=96&d=mm&r=g","caption":"Jeanette"},"sameAs":["https:\/\/www.eldiario.net\/portal"],"url":"https:\/\/www.eldiario.net\/portal\/author\/jeanette\/"}]}},"_links":{"self":[{"href":"https:\/\/www.eldiario.net\/portal\/wp-json\/wp\/v2\/posts\/257207","targetHints":{"allow":["GET"]}}],"collection":[{"href":"https:\/\/www.eldiario.net\/portal\/wp-json\/wp\/v2\/posts"}],"about":[{"href":"https:\/\/www.eldiario.net\/portal\/wp-json\/wp\/v2\/types\/post"}],"author":[{"embeddable":true,"href":"https:\/\/www.eldiario.net\/portal\/wp-json\/wp\/v2\/users\/1"}],"replies":[{"embeddable":true,"href":"https:\/\/www.eldiario.net\/portal\/wp-json\/wp\/v2\/comments?post=257207"}],"version-history":[{"count":1,"href":"https:\/\/www.eldiario.net\/portal\/wp-json\/wp\/v2\/posts\/257207\/revisions"}],"predecessor-version":[{"id":257209,"href":"https:\/\/www.eldiario.net\/portal\/wp-json\/wp\/v2\/posts\/257207\/revisions\/257209"}],"wp:featuredmedia":[{"embeddable":true,"href":"https:\/\/www.eldiario.net\/portal\/wp-json\/wp\/v2\/media\/257208"}],"wp:attachment":[{"href":"https:\/\/www.eldiario.net\/portal\/wp-json\/wp\/v2\/media?parent=257207"}],"wp:term":[{"taxonomy":"category","embeddable":true,"href":"https:\/\/www.eldiario.net\/portal\/wp-json\/wp\/v2\/categories?post=257207"},{"taxonomy":"post_tag","embeddable":true,"href":"https:\/\/www.eldiario.net\/portal\/wp-json\/wp\/v2\/tags?post=257207"}],"curies":[{"name":"wp","href":"https:\/\/api.w.org\/{rel}","templated":true}]}}