{"id":257204,"date":"2024-10-29T06:00:42","date_gmt":"2024-10-29T10:00:42","guid":{"rendered":"https:\/\/www.eldiario.net\/portal\/?p=257204"},"modified":"2024-10-29T06:00:42","modified_gmt":"2024-10-29T10:00:42","slug":"activan-comite-educativo-que-socializara-prevencion-de-embarazos-adolescentes","status":"publish","type":"post","link":"https:\/\/www.eldiario.net\/portal\/2024\/10\/29\/activan-comite-educativo-que-socializara-prevencion-de-embarazos-adolescentes\/","title":{"rendered":"Activan comit\u00e9 educativo que socializar\u00e1  prevenci\u00f3n de embarazos adolescentes"},"content":{"rendered":"<p>Con la presentaci\u00f3n de un proyecto de trabajo y la participaci\u00f3n de varias instancias municipales y Organizaciones No Gubernamentales (ONG) que trabajan en temas de prevenci\u00f3n y capacitaci\u00f3n de embarazos adolescentes, se conform\u00f3 el Comit\u00e9 de Educaci\u00f3n para la Prevenci\u00f3n de Embarazos en Adolescentes de la ciudad de El Alto, mismo que recorrer\u00e1 los 14 distritos de esta urbe.<\/p>\n<p>La jefa de la Unidad de Promoci\u00f3n y Prevenci\u00f3n del municipio alte\u00f1o, Estefan\u00eda Callisaya, indic\u00f3 que su dependencia, en coordinaci\u00f3n con la Unidad de la Juventud, present\u00f3 la propuesta para el comit\u00e9, aprovechando los distintos servicios que presta la Alcald\u00eda en relaci\u00f3n a la juventud.<\/p>\n<p>\u201cRealizamos la atenci\u00f3n integral a nuestros adolescentes con m\u00e9dicos, asesor\u00eda m\u00e9dica, campa\u00f1as sobre m\u00e9todos anticonceptivos y charlas. Tambi\u00e9n contamos con el consultorio GAIE (Gabinete de Atenci\u00f3n Integral a Estudiantes), un consultorio con psic\u00f3logos especializados en adolescentes\u201d, detall\u00f3 la funcionaria municipal.<\/p>\n<p>En tanto, el director de Atenci\u00f3n en Servicios de Educaci\u00f3n, Cristian Tancara, explic\u00f3 que el comit\u00e9 se encargar\u00e1 de realizar charlas, cursos y capacitaciones en unidades educativas de los 14 distritos, y que se armaron mesas t\u00e9cnicas para construir un cronograma y alcanzar los objetivos.<\/p>\n<p>\u201cVamos a ir a los 14 distritos con nuestro equipo. Este comit\u00e9 se encargar\u00e1 tambi\u00e9n de resaltar la importancia del deporte y de la prevenci\u00f3n del alcoholismo y las drogas. Los que conformamos este equipo son las secretar\u00edas de Salud y Educaci\u00f3n, la ONG Save the Children Bolivia, Cemse (Centro de Multiservicios Educativos) y otras\u201d, afirm\u00f3 Tancara.<\/p>\n<p>Por su parte, el representante del Cemse, Joaqu\u00edn Mamani, apunt\u00f3 que si bien se avanz\u00f3 en el trabajo a\u00fan hay tareas pendientes, como lograr la integraci\u00f3n de las instituciones p\u00fablicas, privadas y no gubernamentales para promover la prevenci\u00f3n de embarazos en adolescentes.<\/p>\n<p>\u201cAcabamos de escuchar informaci\u00f3n del Fondo de Poblaci\u00f3n de las Naciones Unidas, que indica que el departamento de La Paz ocupa el cuarto lugar a nivel nacional en embarazos adolescentes, lo cual sigue siendo preocupante\u201d, puntualiz\u00f3 Mamani. El objetivo es bajar de ese cuarto lugar, por ello se realizar\u00e1n estos trabajos de prevenci\u00f3n.<\/p>\n","protected":false},"excerpt":{"rendered":"<p>Con la presentaci\u00f3n de un proyecto de trabajo y la participaci\u00f3n de varias instancias municipales y Organizaciones No Gubernamentales (ONG) que trabajan en temas de prevenci\u00f3n y capacitaci\u00f3n de embarazos adolescentes, se conform\u00f3 el Comit\u00e9 de Educaci\u00f3n para la Prevenci\u00f3n de Embarazos en Adolescentes de la ciudad de El Alto, mismo que recorrer\u00e1 los 14 [&hellip;]<\/p>\n","protected":false},"author":1,"featured_media":257205,"comment_status":"closed","ping_status":"open","sticky":false,"template":"","format":"standard","meta":{"_acf_changed":false,"footnotes":""},"categories":[12],"tags":[],"class_list":["post-257204","post","type-post","status-publish","format-standard","has-post-thumbnail","category-nacional"],"acf":{"antetitulo":""},"yoast_head":"<!-- This site is optimized with the Yoast SEO plugin v28.3 - https:\/\/yoast.com\/product\/yoast-seo-wordpress\/ -->\n<title>Activan comit\u00e9 educativo que socializar\u00e1 prevenci\u00f3n de embarazos adolescentes - El Diario - Bolivia<\/title>\n<meta name=\"robots\" content=\"index, follow, max-snippet:-1, max-image-preview:large, max-video-preview:-1\" \/>\n<link rel=\"canonical\" href=\"https:\/\/www.eldiario.net\/portal\/2024\/10\/29\/activan-comite-educativo-que-socializara-prevencion-de-embarazos-adolescentes\/\" \/>\n<meta property=\"og:locale\" content=\"es_ES\" \/>\n<meta property=\"og:type\" content=\"article\" \/>\n<meta property=\"og:title\" content=\"Activan comit\u00e9 educativo que socializar\u00e1 prevenci\u00f3n de embarazos adolescentes - El Diario - Bolivia\" \/>\n<meta property=\"og:description\" content=\"Con la presentaci\u00f3n de un proyecto de trabajo y la participaci\u00f3n de varias instancias municipales y Organizaciones No Gubernamentales (ONG) que trabajan en temas de prevenci\u00f3n y capacitaci\u00f3n de embarazos adolescentes, se conform\u00f3 el Comit\u00e9 de Educaci\u00f3n para la Prevenci\u00f3n de Embarazos en Adolescentes de la ciudad de El Alto, mismo que recorrer\u00e1 los 14 [&hellip;]\" \/>\n<meta property=\"og:url\" content=\"https:\/\/www.eldiario.net\/portal\/2024\/10\/29\/activan-comite-educativo-que-socializara-prevencion-de-embarazos-adolescentes\/\" \/>\n<meta property=\"og:site_name\" content=\"El Diario - Bolivia\" \/>\n<meta property=\"article:publisher\" content=\"https:\/\/www.facebook.com\/eldiario.bolivia\/\" \/>\n<meta property=\"article:published_time\" content=\"2024-10-29T10:00:42+00:00\" \/>\n<meta property=\"og:image\" content=\"https:\/\/www.eldiario.net\/portal\/wp-content\/uploads\/2024\/10\/EMBA-FOTO.jpeg\" \/>\n\t<meta property=\"og:image:width\" content=\"1600\" \/>\n\t<meta property=\"og:image:height\" content=\"1200\" \/>\n\t<meta property=\"og:image:type\" content=\"image\/jpeg\" \/>\n<meta name=\"author\" content=\"Jeanette\" \/>\n<meta name=\"twitter:card\" content=\"summary_large_image\" \/>\n<meta name=\"twitter:creator\" content=\"@eldiario_net\" \/>\n<meta name=\"twitter:site\" content=\"@eldiario_net\" \/>\n<meta name=\"twitter:label1\" content=\"Escrito por\" \/>\n\t<meta name=\"twitter:data1\" content=\"Jeanette\" \/>\n\t<meta name=\"twitter:label2\" content=\"Tiempo de lectura\" \/>\n\t<meta name=\"twitter:data2\" content=\"2 minutos\" \/>\n<script type=\"application\/ld+json\" class=\"yoast-schema-graph\">{\"@context\":\"https:\\\/\\\/schema.org\",\"@graph\":[{\"@type\":\"Article\",\"@id\":\"https:\\\/\\\/www.eldiario.net\\\/portal\\\/2024\\\/10\\\/29\\\/activan-comite-educativo-que-socializara-prevencion-de-embarazos-adolescentes\\\/#article\",\"isPartOf\":{\"@id\":\"https:\\\/\\\/www.eldiario.net\\\/portal\\\/2024\\\/10\\\/29\\\/activan-comite-educativo-que-socializara-prevencion-de-embarazos-adolescentes\\\/\"},\"author\":{\"name\":\"Jeanette\",\"@id\":\"https:\\\/\\\/www.eldiario.net\\\/portal\\\/#\\\/schema\\\/person\\\/f46445640444750d7d753ccd04ae01b7\"},\"headline\":\"Activan comit\u00e9 educativo que socializar\u00e1 prevenci\u00f3n de embarazos adolescentes\",\"datePublished\":\"2024-10-29T10:00:42+00:00\",\"mainEntityOfPage\":{\"@id\":\"https:\\\/\\\/www.eldiario.net\\\/portal\\\/2024\\\/10\\\/29\\\/activan-comite-educativo-que-socializara-prevencion-de-embarazos-adolescentes\\\/\"},\"wordCount\":386,\"publisher\":{\"@id\":\"https:\\\/\\\/www.eldiario.net\\\/portal\\\/#organization\"},\"image\":{\"@id\":\"https:\\\/\\\/www.eldiario.net\\\/portal\\\/2024\\\/10\\\/29\\\/activan-comite-educativo-que-socializara-prevencion-de-embarazos-adolescentes\\\/#primaryimage\"},\"thumbnailUrl\":\"https:\\\/\\\/www.eldiario.net\\\/portal\\\/wp-content\\\/uploads\\\/2024\\\/10\\\/EMBA-FOTO.jpeg\",\"articleSection\":[\"Nacional\"],\"inLanguage\":\"es\"},{\"@type\":\"WebPage\",\"@id\":\"https:\\\/\\\/www.eldiario.net\\\/portal\\\/2024\\\/10\\\/29\\\/activan-comite-educativo-que-socializara-prevencion-de-embarazos-adolescentes\\\/\",\"url\":\"https:\\\/\\\/www.eldiario.net\\\/portal\\\/2024\\\/10\\\/29\\\/activan-comite-educativo-que-socializara-prevencion-de-embarazos-adolescentes\\\/\",\"name\":\"Activan comit\u00e9 educativo que socializar\u00e1 prevenci\u00f3n de embarazos adolescentes - El Diario - Bolivia\",\"isPartOf\":{\"@id\":\"https:\\\/\\\/www.eldiario.net\\\/portal\\\/#website\"},\"primaryImageOfPage\":{\"@id\":\"https:\\\/\\\/www.eldiario.net\\\/portal\\\/2024\\\/10\\\/29\\\/activan-comite-educativo-que-socializara-prevencion-de-embarazos-adolescentes\\\/#primaryimage\"},\"image\":{\"@id\":\"https:\\\/\\\/www.eldiario.net\\\/portal\\\/2024\\\/10\\\/29\\\/activan-comite-educativo-que-socializara-prevencion-de-embarazos-adolescentes\\\/#primaryimage\"},\"thumbnailUrl\":\"https:\\\/\\\/www.eldiario.net\\\/portal\\\/wp-content\\\/uploads\\\/2024\\\/10\\\/EMBA-FOTO.jpeg\",\"datePublished\":\"2024-10-29T10:00:42+00:00\",\"breadcrumb\":{\"@id\":\"https:\\\/\\\/www.eldiario.net\\\/portal\\\/2024\\\/10\\\/29\\\/activan-comite-educativo-que-socializara-prevencion-de-embarazos-adolescentes\\\/#breadcrumb\"},\"inLanguage\":\"es\",\"potentialAction\":[{\"@type\":\"ReadAction\",\"target\":[\"https:\\\/\\\/www.eldiario.net\\\/portal\\\/2024\\\/10\\\/29\\\/activan-comite-educativo-que-socializara-prevencion-de-embarazos-adolescentes\\\/\"]}]},{\"@type\":\"ImageObject\",\"inLanguage\":\"es\",\"@id\":\"https:\\\/\\\/www.eldiario.net\\\/portal\\\/2024\\\/10\\\/29\\\/activan-comite-educativo-que-socializara-prevencion-de-embarazos-adolescentes\\\/#primaryimage\",\"url\":\"https:\\\/\\\/www.eldiario.net\\\/portal\\\/wp-content\\\/uploads\\\/2024\\\/10\\\/EMBA-FOTO.jpeg\",\"contentUrl\":\"https:\\\/\\\/www.eldiario.net\\\/portal\\\/wp-content\\\/uploads\\\/2024\\\/10\\\/EMBA-FOTO.jpeg\",\"width\":1600,\"height\":1200,\"caption\":\"El comit\u00e9 se encargar\u00e1 de organizar actividades al respecto. Cr\u00e9dito: Gamea\"},{\"@type\":\"BreadcrumbList\",\"@id\":\"https:\\\/\\\/www.eldiario.net\\\/portal\\\/2024\\\/10\\\/29\\\/activan-comite-educativo-que-socializara-prevencion-de-embarazos-adolescentes\\\/#breadcrumb\",\"itemListElement\":[{\"@type\":\"ListItem\",\"position\":1,\"name\":\"Portada\",\"item\":\"https:\\\/\\\/www.eldiario.net\\\/portal\\\/\"},{\"@type\":\"ListItem\",\"position\":2,\"name\":\"Activan comit\u00e9 educativo que socializar\u00e1 prevenci\u00f3n de embarazos adolescentes\"}]},{\"@type\":\"WebSite\",\"@id\":\"https:\\\/\\\/www.eldiario.net\\\/portal\\\/#website\",\"url\":\"https:\\\/\\\/www.eldiario.net\\\/portal\\\/\",\"name\":\"El Diario - Decano de la prensa nacional\",\"description\":\"El Diario - Decano de la prensa nacional\",\"publisher\":{\"@id\":\"https:\\\/\\\/www.eldiario.net\\\/portal\\\/#organization\"},\"potentialAction\":[{\"@type\":\"SearchAction\",\"target\":{\"@type\":\"EntryPoint\",\"urlTemplate\":\"https:\\\/\\\/www.eldiario.net\\\/portal\\\/?s={search_term_string}\"},\"query-input\":{\"@type\":\"PropertyValueSpecification\",\"valueRequired\":true,\"valueName\":\"search_term_string\"}}],\"inLanguage\":\"es\"},{\"@type\":\"Organization\",\"@id\":\"https:\\\/\\\/www.eldiario.net\\\/portal\\\/#organization\",\"name\":\"El Diario - Decano de la prensa nacional\",\"url\":\"https:\\\/\\\/www.eldiario.net\\\/portal\\\/\",\"logo\":{\"@type\":\"ImageObject\",\"inLanguage\":\"es\",\"@id\":\"https:\\\/\\\/www.eldiario.net\\\/portal\\\/#\\\/schema\\\/logo\\\/image\\\/\",\"url\":\"https:\\\/\\\/www.eldiario.net\\\/portal\\\/wp-content\\\/uploads\\\/2023\\\/07\\\/logo_ED.jpg\",\"contentUrl\":\"https:\\\/\\\/www.eldiario.net\\\/portal\\\/wp-content\\\/uploads\\\/2023\\\/07\\\/logo_ED.jpg\",\"width\":272,\"height\":52,\"caption\":\"El Diario - Decano de la prensa nacional\"},\"image\":{\"@id\":\"https:\\\/\\\/www.eldiario.net\\\/portal\\\/#\\\/schema\\\/logo\\\/image\\\/\"},\"sameAs\":[\"https:\\\/\\\/www.facebook.com\\\/eldiario.bolivia\\\/\",\"https:\\\/\\\/x.com\\\/eldiario_net\"]},{\"@type\":\"Person\",\"@id\":\"https:\\\/\\\/www.eldiario.net\\\/portal\\\/#\\\/schema\\\/person\\\/f46445640444750d7d753ccd04ae01b7\",\"name\":\"Jeanette\",\"image\":{\"@type\":\"ImageObject\",\"inLanguage\":\"es\",\"@id\":\"https:\\\/\\\/secure.gravatar.com\\\/avatar\\\/3ea2118a5f7dad2b7138b1187a6b7ee55f160b9968b66013c3a3ef39dd7e5798?s=96&d=mm&r=g\",\"url\":\"https:\\\/\\\/secure.gravatar.com\\\/avatar\\\/3ea2118a5f7dad2b7138b1187a6b7ee55f160b9968b66013c3a3ef39dd7e5798?s=96&d=mm&r=g\",\"contentUrl\":\"https:\\\/\\\/secure.gravatar.com\\\/avatar\\\/3ea2118a5f7dad2b7138b1187a6b7ee55f160b9968b66013c3a3ef39dd7e5798?s=96&d=mm&r=g\",\"caption\":\"Jeanette\"},\"sameAs\":[\"https:\\\/\\\/www.eldiario.net\\\/portal\"],\"url\":\"https:\\\/\\\/www.eldiario.net\\\/portal\\\/author\\\/jeanette\\\/\"}]}<\/script>\n<!-- \/ Yoast SEO plugin. -->","yoast_head_json":{"title":"Activan comit\u00e9 educativo que socializar\u00e1 prevenci\u00f3n de embarazos adolescentes - El Diario - Bolivia","robots":{"index":"index","follow":"follow","max-snippet":"max-snippet:-1","max-image-preview":"max-image-preview:large","max-video-preview":"max-video-preview:-1"},"canonical":"https:\/\/www.eldiario.net\/portal\/2024\/10\/29\/activan-comite-educativo-que-socializara-prevencion-de-embarazos-adolescentes\/","og_locale":"es_ES","og_type":"article","og_title":"Activan comit\u00e9 educativo que socializar\u00e1 prevenci\u00f3n de embarazos adolescentes - El Diario - Bolivia","og_description":"Con la presentaci\u00f3n de un proyecto de trabajo y la participaci\u00f3n de varias instancias municipales y Organizaciones No Gubernamentales (ONG) que trabajan en temas de prevenci\u00f3n y capacitaci\u00f3n de embarazos adolescentes, se conform\u00f3 el Comit\u00e9 de Educaci\u00f3n para la Prevenci\u00f3n de Embarazos en Adolescentes de la ciudad de El Alto, mismo que recorrer\u00e1 los 14 [&hellip;]","og_url":"https:\/\/www.eldiario.net\/portal\/2024\/10\/29\/activan-comite-educativo-que-socializara-prevencion-de-embarazos-adolescentes\/","og_site_name":"El Diario - Bolivia","article_publisher":"https:\/\/www.facebook.com\/eldiario.bolivia\/","article_published_time":"2024-10-29T10:00:42+00:00","og_image":[{"width":1600,"height":1200,"url":"https:\/\/www.eldiario.net\/portal\/wp-content\/uploads\/2024\/10\/EMBA-FOTO.jpeg","type":"image\/jpeg"}],"author":"Jeanette","twitter_card":"summary_large_image","twitter_creator":"@eldiario_net","twitter_site":"@eldiario_net","twitter_misc":{"Escrito por":"Jeanette","Tiempo de lectura":"2 minutos"},"schema":{"@context":"https:\/\/schema.org","@graph":[{"@type":"Article","@id":"https:\/\/www.eldiario.net\/portal\/2024\/10\/29\/activan-comite-educativo-que-socializara-prevencion-de-embarazos-adolescentes\/#article","isPartOf":{"@id":"https:\/\/www.eldiario.net\/portal\/2024\/10\/29\/activan-comite-educativo-que-socializara-prevencion-de-embarazos-adolescentes\/"},"author":{"name":"Jeanette","@id":"https:\/\/www.eldiario.net\/portal\/#\/schema\/person\/f46445640444750d7d753ccd04ae01b7"},"headline":"Activan comit\u00e9 educativo que socializar\u00e1 prevenci\u00f3n de embarazos adolescentes","datePublished":"2024-10-29T10:00:42+00:00","mainEntityOfPage":{"@id":"https:\/\/www.eldiario.net\/portal\/2024\/10\/29\/activan-comite-educativo-que-socializara-prevencion-de-embarazos-adolescentes\/"},"wordCount":386,"publisher":{"@id":"https:\/\/www.eldiario.net\/portal\/#organization"},"image":{"@id":"https:\/\/www.eldiario.net\/portal\/2024\/10\/29\/activan-comite-educativo-que-socializara-prevencion-de-embarazos-adolescentes\/#primaryimage"},"thumbnailUrl":"https:\/\/www.eldiario.net\/portal\/wp-content\/uploads\/2024\/10\/EMBA-FOTO.jpeg","articleSection":["Nacional"],"inLanguage":"es"},{"@type":"WebPage","@id":"https:\/\/www.eldiario.net\/portal\/2024\/10\/29\/activan-comite-educativo-que-socializara-prevencion-de-embarazos-adolescentes\/","url":"https:\/\/www.eldiario.net\/portal\/2024\/10\/29\/activan-comite-educativo-que-socializara-prevencion-de-embarazos-adolescentes\/","name":"Activan comit\u00e9 educativo que socializar\u00e1 prevenci\u00f3n de embarazos adolescentes - El Diario - Bolivia","isPartOf":{"@id":"https:\/\/www.eldiario.net\/portal\/#website"},"primaryImageOfPage":{"@id":"https:\/\/www.eldiario.net\/portal\/2024\/10\/29\/activan-comite-educativo-que-socializara-prevencion-de-embarazos-adolescentes\/#primaryimage"},"image":{"@id":"https:\/\/www.eldiario.net\/portal\/2024\/10\/29\/activan-comite-educativo-que-socializara-prevencion-de-embarazos-adolescentes\/#primaryimage"},"thumbnailUrl":"https:\/\/www.eldiario.net\/portal\/wp-content\/uploads\/2024\/10\/EMBA-FOTO.jpeg","datePublished":"2024-10-29T10:00:42+00:00","breadcrumb":{"@id":"https:\/\/www.eldiario.net\/portal\/2024\/10\/29\/activan-comite-educativo-que-socializara-prevencion-de-embarazos-adolescentes\/#breadcrumb"},"inLanguage":"es","potentialAction":[{"@type":"ReadAction","target":["https:\/\/www.eldiario.net\/portal\/2024\/10\/29\/activan-comite-educativo-que-socializara-prevencion-de-embarazos-adolescentes\/"]}]},{"@type":"ImageObject","inLanguage":"es","@id":"https:\/\/www.eldiario.net\/portal\/2024\/10\/29\/activan-comite-educativo-que-socializara-prevencion-de-embarazos-adolescentes\/#primaryimage","url":"https:\/\/www.eldiario.net\/portal\/wp-content\/uploads\/2024\/10\/EMBA-FOTO.jpeg","contentUrl":"https:\/\/www.eldiario.net\/portal\/wp-content\/uploads\/2024\/10\/EMBA-FOTO.jpeg","width":1600,"height":1200,"caption":"El comit\u00e9 se encargar\u00e1 de organizar actividades al respecto. Cr\u00e9dito: Gamea"},{"@type":"BreadcrumbList","@id":"https:\/\/www.eldiario.net\/portal\/2024\/10\/29\/activan-comite-educativo-que-socializara-prevencion-de-embarazos-adolescentes\/#breadcrumb","itemListElement":[{"@type":"ListItem","position":1,"name":"Portada","item":"https:\/\/www.eldiario.net\/portal\/"},{"@type":"ListItem","position":2,"name":"Activan comit\u00e9 educativo que socializar\u00e1 prevenci\u00f3n de embarazos adolescentes"}]},{"@type":"WebSite","@id":"https:\/\/www.eldiario.net\/portal\/#website","url":"https:\/\/www.eldiario.net\/portal\/","name":"El Diario - Decano de la prensa nacional","description":"El Diario - Decano de la prensa nacional","publisher":{"@id":"https:\/\/www.eldiario.net\/portal\/#organization"},"potentialAction":[{"@type":"SearchAction","target":{"@type":"EntryPoint","urlTemplate":"https:\/\/www.eldiario.net\/portal\/?s={search_term_string}"},"query-input":{"@type":"PropertyValueSpecification","valueRequired":true,"valueName":"search_term_string"}}],"inLanguage":"es"},{"@type":"Organization","@id":"https:\/\/www.eldiario.net\/portal\/#organization","name":"El Diario - Decano de la prensa nacional","url":"https:\/\/www.eldiario.net\/portal\/","logo":{"@type":"ImageObject","inLanguage":"es","@id":"https:\/\/www.eldiario.net\/portal\/#\/schema\/logo\/image\/","url":"https:\/\/www.eldiario.net\/portal\/wp-content\/uploads\/2023\/07\/logo_ED.jpg","contentUrl":"https:\/\/www.eldiario.net\/portal\/wp-content\/uploads\/2023\/07\/logo_ED.jpg","width":272,"height":52,"caption":"El Diario - Decano de la prensa nacional"},"image":{"@id":"https:\/\/www.eldiario.net\/portal\/#\/schema\/logo\/image\/"},"sameAs":["https:\/\/www.facebook.com\/eldiario.bolivia\/","https:\/\/x.com\/eldiario_net"]},{"@type":"Person","@id":"https:\/\/www.eldiario.net\/portal\/#\/schema\/person\/f46445640444750d7d753ccd04ae01b7","name":"Jeanette","image":{"@type":"ImageObject","inLanguage":"es","@id":"https:\/\/secure.gravatar.com\/avatar\/3ea2118a5f7dad2b7138b1187a6b7ee55f160b9968b66013c3a3ef39dd7e5798?s=96&d=mm&r=g","url":"https:\/\/secure.gravatar.com\/avatar\/3ea2118a5f7dad2b7138b1187a6b7ee55f160b9968b66013c3a3ef39dd7e5798?s=96&d=mm&r=g","contentUrl":"https:\/\/secure.gravatar.com\/avatar\/3ea2118a5f7dad2b7138b1187a6b7ee55f160b9968b66013c3a3ef39dd7e5798?s=96&d=mm&r=g","caption":"Jeanette"},"sameAs":["https:\/\/www.eldiario.net\/portal"],"url":"https:\/\/www.eldiario.net\/portal\/author\/jeanette\/"}]}},"_links":{"self":[{"href":"https:\/\/www.eldiario.net\/portal\/wp-json\/wp\/v2\/posts\/257204","targetHints":{"allow":["GET"]}}],"collection":[{"href":"https:\/\/www.eldiario.net\/portal\/wp-json\/wp\/v2\/posts"}],"about":[{"href":"https:\/\/www.eldiario.net\/portal\/wp-json\/wp\/v2\/types\/post"}],"author":[{"embeddable":true,"href":"https:\/\/www.eldiario.net\/portal\/wp-json\/wp\/v2\/users\/1"}],"replies":[{"embeddable":true,"href":"https:\/\/www.eldiario.net\/portal\/wp-json\/wp\/v2\/comments?post=257204"}],"version-history":[{"count":1,"href":"https:\/\/www.eldiario.net\/portal\/wp-json\/wp\/v2\/posts\/257204\/revisions"}],"predecessor-version":[{"id":257206,"href":"https:\/\/www.eldiario.net\/portal\/wp-json\/wp\/v2\/posts\/257204\/revisions\/257206"}],"wp:featuredmedia":[{"embeddable":true,"href":"https:\/\/www.eldiario.net\/portal\/wp-json\/wp\/v2\/media\/257205"}],"wp:attachment":[{"href":"https:\/\/www.eldiario.net\/portal\/wp-json\/wp\/v2\/media?parent=257204"}],"wp:term":[{"taxonomy":"category","embeddable":true,"href":"https:\/\/www.eldiario.net\/portal\/wp-json\/wp\/v2\/categories?post=257204"},{"taxonomy":"post_tag","embeddable":true,"href":"https:\/\/www.eldiario.net\/portal\/wp-json\/wp\/v2\/tags?post=257204"}],"curies":[{"name":"wp","href":"https:\/\/api.w.org\/{rel}","templated":true}]}}