{"id":257201,"date":"2024-10-29T06:00:15","date_gmt":"2024-10-29T10:00:15","guid":{"rendered":"https:\/\/www.eldiario.net\/portal\/?p=257201"},"modified":"2024-10-29T06:00:15","modified_gmt":"2024-10-29T10:00:15","slug":"lustracalzados-definen-subir-a-bs-2-la-lustrada","status":"publish","type":"post","link":"https:\/\/www.eldiario.net\/portal\/2024\/10\/29\/lustracalzados-definen-subir-a-bs-2-la-lustrada\/","title":{"rendered":"Lustracalzados definen  subir a Bs 2 la \u201clustrada\u201d"},"content":{"rendered":"<p>La Federaci\u00f3n de Lustracalzados Regional El Alto, ante la actual realidad del pa\u00eds y el incremento de la canasta familiar y de los insumos como cremas, tintas, cepillos y otros elementos importantes para cumplir su labor defini\u00f3 cobrar Bs 2 por la \u201clustrada\u201d de calzado. La medida entra en vigencia desde este lunes.<\/p>\n<p>\u201cDesde el a\u00f1o 2011, el sector informal no ha incrementado hasta la fecha la lustrada 1.50 (bolivianos) por tanto rogamos a la poblaci\u00f3n, a nuestra clientela, que los art\u00edculos ha incrementado en un 50 por ciento, por eso (\u2026) a partir de la fecha ya cobraremos dos bolivianos la lustrada, pedimos a la poblaci\u00f3n alte\u00f1a que nos comprenda\u201d, se\u00f1al\u00f3 el secretario ejecutivo de ese sector, Francisco Callisaya.<\/p>\n<p>Detall\u00f3 que ese monto es para la lustrada de calzados negro o caf\u00e9; en tanto que los de tono canela y amarillo tendr\u00e1n un precio de Bs 3 y las botas, Bs 4.<\/p>\n<p>De acuerdo con el dirigente, la medida fue asumida en un ampliado del Noveno Congreso donde participaron las 12 asociaciones afiliadas a la Federaci\u00f3n de Lustracalzados Regional El Alto. En el encuentro se analiz\u00f3 y debati\u00f3 sobre la realidad y la coyuntura econ\u00f3mica que atraviesa el Estado Plurinacional de Bolivia por lo que las bases se pronunciaron y emitieron un voto resolutivo.<\/p>\n<p>\u201cAnte el incremento de la canasta familiar y la subida de los insumos para hacer nuestro trabajo cotidiano como cremas, tintas se ha incrementado en un 50 por ciento. Antes compr\u00e1bamos una crema con cinco bolivianos y a la fecha cuesta 15 bolivianos, los tintes que us\u00e1bamos se ha disparado con su precio, los cepillos se han incrementado en un 50 por ciento\u201d, justific\u00f3 Callisaya.<\/p>\n<p>Adem\u00e1s, exigi\u00f3 a las autoridades y al Gobierno \u201cponer orden\u201d porque todo est\u00e1 subiendo y el trabajador por cuenta propia siente el incremento de los productos de la canasta familiar, tambi\u00e9n pidi\u00f3 a Evo Morales \u201csentarse a dialogar porque los que estamos sufriendo somos nosotros los que vivimos del d\u00eda a d\u00eda\u201d.<\/p>\n<p>&nbsp;<\/p>\n","protected":false},"excerpt":{"rendered":"<p>La Federaci\u00f3n de Lustracalzados Regional El Alto, ante la actual realidad del pa\u00eds y el incremento de la canasta familiar y de los insumos como cremas, tintas, cepillos y otros elementos importantes para cumplir su labor defini\u00f3 cobrar Bs 2 por la \u201clustrada\u201d de calzado. La medida entra en vigencia desde este lunes. \u201cDesde el [&hellip;]<\/p>\n","protected":false},"author":1,"featured_media":257202,"comment_status":"closed","ping_status":"open","sticky":false,"template":"","format":"standard","meta":{"_acf_changed":false,"footnotes":""},"categories":[12],"tags":[],"class_list":["post-257201","post","type-post","status-publish","format-standard","has-post-thumbnail","category-nacional"],"acf":{"antetitulo":"Piden al Gobierno \u201cponer orden\u201d"},"yoast_head":"<!-- This site is optimized with the Yoast SEO plugin v28.4 - https:\/\/yoast.com\/product\/yoast-seo-wordpress\/ -->\n<title>Lustracalzados definen subir a Bs 2 la \u201clustrada\u201d - El Diario - Bolivia<\/title>\n<meta name=\"robots\" content=\"index, follow, max-snippet:-1, max-image-preview:large, max-video-preview:-1\" \/>\n<link rel=\"canonical\" href=\"https:\/\/www.eldiario.net\/portal\/2024\/10\/29\/lustracalzados-definen-subir-a-bs-2-la-lustrada\/\" \/>\n<meta property=\"og:locale\" content=\"es_ES\" \/>\n<meta property=\"og:type\" content=\"article\" \/>\n<meta property=\"og:title\" content=\"Lustracalzados definen subir a Bs 2 la \u201clustrada\u201d - El Diario - Bolivia\" \/>\n<meta property=\"og:description\" content=\"La Federaci\u00f3n de Lustracalzados Regional El Alto, ante la actual realidad del pa\u00eds y el incremento de la canasta familiar y de los insumos como cremas, tintas, cepillos y otros elementos importantes para cumplir su labor defini\u00f3 cobrar Bs 2 por la \u201clustrada\u201d de calzado. La medida entra en vigencia desde este lunes. \u201cDesde el [&hellip;]\" \/>\n<meta property=\"og:url\" content=\"https:\/\/www.eldiario.net\/portal\/2024\/10\/29\/lustracalzados-definen-subir-a-bs-2-la-lustrada\/\" \/>\n<meta property=\"og:site_name\" content=\"El Diario - Bolivia\" \/>\n<meta property=\"article:publisher\" content=\"https:\/\/www.facebook.com\/eldiario.bolivia\/\" \/>\n<meta property=\"article:published_time\" content=\"2024-10-29T10:00:15+00:00\" \/>\n<meta property=\"og:image\" content=\"https:\/\/www.eldiario.net\/portal\/wp-content\/uploads\/2024\/10\/LUSTRA-FOTO.jpeg\" \/>\n\t<meta property=\"og:image:width\" content=\"1066\" \/>\n\t<meta property=\"og:image:height\" content=\"624\" \/>\n\t<meta property=\"og:image:type\" content=\"image\/jpeg\" \/>\n<meta name=\"author\" content=\"Jeanette\" \/>\n<meta name=\"twitter:card\" content=\"summary_large_image\" \/>\n<meta name=\"twitter:creator\" content=\"@eldiario_net\" \/>\n<meta name=\"twitter:site\" content=\"@eldiario_net\" \/>\n<meta name=\"twitter:label1\" content=\"Escrito por\" \/>\n\t<meta name=\"twitter:data1\" content=\"Jeanette\" \/>\n\t<meta name=\"twitter:label2\" content=\"Tiempo de lectura\" \/>\n\t<meta name=\"twitter:data2\" content=\"2 minutos\" \/>\n<script type=\"application\/ld+json\" class=\"yoast-schema-graph\">{\"@context\":\"https:\\\/\\\/schema.org\",\"@graph\":[{\"@type\":\"Article\",\"@id\":\"https:\\\/\\\/www.eldiario.net\\\/portal\\\/2024\\\/10\\\/29\\\/lustracalzados-definen-subir-a-bs-2-la-lustrada\\\/#article\",\"isPartOf\":{\"@id\":\"https:\\\/\\\/www.eldiario.net\\\/portal\\\/2024\\\/10\\\/29\\\/lustracalzados-definen-subir-a-bs-2-la-lustrada\\\/\"},\"author\":{\"name\":\"Jeanette\",\"@id\":\"https:\\\/\\\/www.eldiario.net\\\/portal\\\/#\\\/schema\\\/person\\\/f46445640444750d7d753ccd04ae01b7\"},\"headline\":\"Lustracalzados definen subir a Bs 2 la \u201clustrada\u201d\",\"datePublished\":\"2024-10-29T10:00:15+00:00\",\"mainEntityOfPage\":{\"@id\":\"https:\\\/\\\/www.eldiario.net\\\/portal\\\/2024\\\/10\\\/29\\\/lustracalzados-definen-subir-a-bs-2-la-lustrada\\\/\"},\"wordCount\":346,\"publisher\":{\"@id\":\"https:\\\/\\\/www.eldiario.net\\\/portal\\\/#organization\"},\"image\":{\"@id\":\"https:\\\/\\\/www.eldiario.net\\\/portal\\\/2024\\\/10\\\/29\\\/lustracalzados-definen-subir-a-bs-2-la-lustrada\\\/#primaryimage\"},\"thumbnailUrl\":\"https:\\\/\\\/www.eldiario.net\\\/portal\\\/wp-content\\\/uploads\\\/2024\\\/10\\\/LUSTRA-FOTO.jpeg\",\"articleSection\":[\"Nacional\"],\"inLanguage\":\"es\"},{\"@type\":\"WebPage\",\"@id\":\"https:\\\/\\\/www.eldiario.net\\\/portal\\\/2024\\\/10\\\/29\\\/lustracalzados-definen-subir-a-bs-2-la-lustrada\\\/\",\"url\":\"https:\\\/\\\/www.eldiario.net\\\/portal\\\/2024\\\/10\\\/29\\\/lustracalzados-definen-subir-a-bs-2-la-lustrada\\\/\",\"name\":\"Lustracalzados definen subir a Bs 2 la \u201clustrada\u201d - El Diario - Bolivia\",\"isPartOf\":{\"@id\":\"https:\\\/\\\/www.eldiario.net\\\/portal\\\/#website\"},\"primaryImageOfPage\":{\"@id\":\"https:\\\/\\\/www.eldiario.net\\\/portal\\\/2024\\\/10\\\/29\\\/lustracalzados-definen-subir-a-bs-2-la-lustrada\\\/#primaryimage\"},\"image\":{\"@id\":\"https:\\\/\\\/www.eldiario.net\\\/portal\\\/2024\\\/10\\\/29\\\/lustracalzados-definen-subir-a-bs-2-la-lustrada\\\/#primaryimage\"},\"thumbnailUrl\":\"https:\\\/\\\/www.eldiario.net\\\/portal\\\/wp-content\\\/uploads\\\/2024\\\/10\\\/LUSTRA-FOTO.jpeg\",\"datePublished\":\"2024-10-29T10:00:15+00:00\",\"breadcrumb\":{\"@id\":\"https:\\\/\\\/www.eldiario.net\\\/portal\\\/2024\\\/10\\\/29\\\/lustracalzados-definen-subir-a-bs-2-la-lustrada\\\/#breadcrumb\"},\"inLanguage\":\"es\",\"potentialAction\":[{\"@type\":\"ReadAction\",\"target\":[\"https:\\\/\\\/www.eldiario.net\\\/portal\\\/2024\\\/10\\\/29\\\/lustracalzados-definen-subir-a-bs-2-la-lustrada\\\/\"]}]},{\"@type\":\"ImageObject\",\"inLanguage\":\"es\",\"@id\":\"https:\\\/\\\/www.eldiario.net\\\/portal\\\/2024\\\/10\\\/29\\\/lustracalzados-definen-subir-a-bs-2-la-lustrada\\\/#primaryimage\",\"url\":\"https:\\\/\\\/www.eldiario.net\\\/portal\\\/wp-content\\\/uploads\\\/2024\\\/10\\\/LUSTRA-FOTO.jpeg\",\"contentUrl\":\"https:\\\/\\\/www.eldiario.net\\\/portal\\\/wp-content\\\/uploads\\\/2024\\\/10\\\/LUSTRA-FOTO.jpeg\",\"width\":1066,\"height\":624,\"caption\":\"El secretario ejecutivo de los lustracalzados de El Alto, Francisco Callisaya. Cr\u00e9dito: El Diario\"},{\"@type\":\"BreadcrumbList\",\"@id\":\"https:\\\/\\\/www.eldiario.net\\\/portal\\\/2024\\\/10\\\/29\\\/lustracalzados-definen-subir-a-bs-2-la-lustrada\\\/#breadcrumb\",\"itemListElement\":[{\"@type\":\"ListItem\",\"position\":1,\"name\":\"Portada\",\"item\":\"https:\\\/\\\/www.eldiario.net\\\/portal\\\/\"},{\"@type\":\"ListItem\",\"position\":2,\"name\":\"Lustracalzados definen subir a Bs 2 la \u201clustrada\u201d\"}]},{\"@type\":\"WebSite\",\"@id\":\"https:\\\/\\\/www.eldiario.net\\\/portal\\\/#website\",\"url\":\"https:\\\/\\\/www.eldiario.net\\\/portal\\\/\",\"name\":\"El Diario - Decano de la prensa nacional\",\"description\":\"El Diario - Decano de la prensa nacional\",\"publisher\":{\"@id\":\"https:\\\/\\\/www.eldiario.net\\\/portal\\\/#organization\"},\"potentialAction\":[{\"@type\":\"SearchAction\",\"target\":{\"@type\":\"EntryPoint\",\"urlTemplate\":\"https:\\\/\\\/www.eldiario.net\\\/portal\\\/?s={search_term_string}\"},\"query-input\":{\"@type\":\"PropertyValueSpecification\",\"valueRequired\":true,\"valueName\":\"search_term_string\"}}],\"inLanguage\":\"es\"},{\"@type\":\"Organization\",\"@id\":\"https:\\\/\\\/www.eldiario.net\\\/portal\\\/#organization\",\"name\":\"El Diario - Decano de la prensa nacional\",\"url\":\"https:\\\/\\\/www.eldiario.net\\\/portal\\\/\",\"logo\":{\"@type\":\"ImageObject\",\"inLanguage\":\"es\",\"@id\":\"https:\\\/\\\/www.eldiario.net\\\/portal\\\/#\\\/schema\\\/logo\\\/image\\\/\",\"url\":\"https:\\\/\\\/www.eldiario.net\\\/portal\\\/wp-content\\\/uploads\\\/2023\\\/07\\\/logo_ED.jpg\",\"contentUrl\":\"https:\\\/\\\/www.eldiario.net\\\/portal\\\/wp-content\\\/uploads\\\/2023\\\/07\\\/logo_ED.jpg\",\"width\":272,\"height\":52,\"caption\":\"El Diario - Decano de la prensa nacional\"},\"image\":{\"@id\":\"https:\\\/\\\/www.eldiario.net\\\/portal\\\/#\\\/schema\\\/logo\\\/image\\\/\"},\"sameAs\":[\"https:\\\/\\\/www.facebook.com\\\/eldiario.bolivia\\\/\",\"https:\\\/\\\/x.com\\\/eldiario_net\"]},{\"@type\":\"Person\",\"@id\":\"https:\\\/\\\/www.eldiario.net\\\/portal\\\/#\\\/schema\\\/person\\\/f46445640444750d7d753ccd04ae01b7\",\"name\":\"Jeanette\",\"image\":{\"@type\":\"ImageObject\",\"inLanguage\":\"es\",\"@id\":\"https:\\\/\\\/secure.gravatar.com\\\/avatar\\\/3ea2118a5f7dad2b7138b1187a6b7ee55f160b9968b66013c3a3ef39dd7e5798?s=96&d=mm&r=g\",\"url\":\"https:\\\/\\\/secure.gravatar.com\\\/avatar\\\/3ea2118a5f7dad2b7138b1187a6b7ee55f160b9968b66013c3a3ef39dd7e5798?s=96&d=mm&r=g\",\"contentUrl\":\"https:\\\/\\\/secure.gravatar.com\\\/avatar\\\/3ea2118a5f7dad2b7138b1187a6b7ee55f160b9968b66013c3a3ef39dd7e5798?s=96&d=mm&r=g\",\"caption\":\"Jeanette\"},\"sameAs\":[\"https:\\\/\\\/www.eldiario.net\\\/portal\"],\"url\":\"https:\\\/\\\/www.eldiario.net\\\/portal\\\/author\\\/jeanette\\\/\"}]}<\/script>\n<!-- \/ Yoast SEO plugin. -->","yoast_head_json":{"title":"Lustracalzados definen subir a Bs 2 la \u201clustrada\u201d - El Diario - Bolivia","robots":{"index":"index","follow":"follow","max-snippet":"max-snippet:-1","max-image-preview":"max-image-preview:large","max-video-preview":"max-video-preview:-1"},"canonical":"https:\/\/www.eldiario.net\/portal\/2024\/10\/29\/lustracalzados-definen-subir-a-bs-2-la-lustrada\/","og_locale":"es_ES","og_type":"article","og_title":"Lustracalzados definen subir a Bs 2 la \u201clustrada\u201d - El Diario - Bolivia","og_description":"La Federaci\u00f3n de Lustracalzados Regional El Alto, ante la actual realidad del pa\u00eds y el incremento de la canasta familiar y de los insumos como cremas, tintas, cepillos y otros elementos importantes para cumplir su labor defini\u00f3 cobrar Bs 2 por la \u201clustrada\u201d de calzado. La medida entra en vigencia desde este lunes. \u201cDesde el [&hellip;]","og_url":"https:\/\/www.eldiario.net\/portal\/2024\/10\/29\/lustracalzados-definen-subir-a-bs-2-la-lustrada\/","og_site_name":"El Diario - Bolivia","article_publisher":"https:\/\/www.facebook.com\/eldiario.bolivia\/","article_published_time":"2024-10-29T10:00:15+00:00","og_image":[{"width":1066,"height":624,"url":"https:\/\/www.eldiario.net\/portal\/wp-content\/uploads\/2024\/10\/LUSTRA-FOTO.jpeg","type":"image\/jpeg"}],"author":"Jeanette","twitter_card":"summary_large_image","twitter_creator":"@eldiario_net","twitter_site":"@eldiario_net","twitter_misc":{"Escrito por":"Jeanette","Tiempo de lectura":"2 minutos"},"schema":{"@context":"https:\/\/schema.org","@graph":[{"@type":"Article","@id":"https:\/\/www.eldiario.net\/portal\/2024\/10\/29\/lustracalzados-definen-subir-a-bs-2-la-lustrada\/#article","isPartOf":{"@id":"https:\/\/www.eldiario.net\/portal\/2024\/10\/29\/lustracalzados-definen-subir-a-bs-2-la-lustrada\/"},"author":{"name":"Jeanette","@id":"https:\/\/www.eldiario.net\/portal\/#\/schema\/person\/f46445640444750d7d753ccd04ae01b7"},"headline":"Lustracalzados definen subir a Bs 2 la \u201clustrada\u201d","datePublished":"2024-10-29T10:00:15+00:00","mainEntityOfPage":{"@id":"https:\/\/www.eldiario.net\/portal\/2024\/10\/29\/lustracalzados-definen-subir-a-bs-2-la-lustrada\/"},"wordCount":346,"publisher":{"@id":"https:\/\/www.eldiario.net\/portal\/#organization"},"image":{"@id":"https:\/\/www.eldiario.net\/portal\/2024\/10\/29\/lustracalzados-definen-subir-a-bs-2-la-lustrada\/#primaryimage"},"thumbnailUrl":"https:\/\/www.eldiario.net\/portal\/wp-content\/uploads\/2024\/10\/LUSTRA-FOTO.jpeg","articleSection":["Nacional"],"inLanguage":"es"},{"@type":"WebPage","@id":"https:\/\/www.eldiario.net\/portal\/2024\/10\/29\/lustracalzados-definen-subir-a-bs-2-la-lustrada\/","url":"https:\/\/www.eldiario.net\/portal\/2024\/10\/29\/lustracalzados-definen-subir-a-bs-2-la-lustrada\/","name":"Lustracalzados definen subir a Bs 2 la \u201clustrada\u201d - El Diario - Bolivia","isPartOf":{"@id":"https:\/\/www.eldiario.net\/portal\/#website"},"primaryImageOfPage":{"@id":"https:\/\/www.eldiario.net\/portal\/2024\/10\/29\/lustracalzados-definen-subir-a-bs-2-la-lustrada\/#primaryimage"},"image":{"@id":"https:\/\/www.eldiario.net\/portal\/2024\/10\/29\/lustracalzados-definen-subir-a-bs-2-la-lustrada\/#primaryimage"},"thumbnailUrl":"https:\/\/www.eldiario.net\/portal\/wp-content\/uploads\/2024\/10\/LUSTRA-FOTO.jpeg","datePublished":"2024-10-29T10:00:15+00:00","breadcrumb":{"@id":"https:\/\/www.eldiario.net\/portal\/2024\/10\/29\/lustracalzados-definen-subir-a-bs-2-la-lustrada\/#breadcrumb"},"inLanguage":"es","potentialAction":[{"@type":"ReadAction","target":["https:\/\/www.eldiario.net\/portal\/2024\/10\/29\/lustracalzados-definen-subir-a-bs-2-la-lustrada\/"]}]},{"@type":"ImageObject","inLanguage":"es","@id":"https:\/\/www.eldiario.net\/portal\/2024\/10\/29\/lustracalzados-definen-subir-a-bs-2-la-lustrada\/#primaryimage","url":"https:\/\/www.eldiario.net\/portal\/wp-content\/uploads\/2024\/10\/LUSTRA-FOTO.jpeg","contentUrl":"https:\/\/www.eldiario.net\/portal\/wp-content\/uploads\/2024\/10\/LUSTRA-FOTO.jpeg","width":1066,"height":624,"caption":"El secretario ejecutivo de los lustracalzados de El Alto, Francisco Callisaya. Cr\u00e9dito: El Diario"},{"@type":"BreadcrumbList","@id":"https:\/\/www.eldiario.net\/portal\/2024\/10\/29\/lustracalzados-definen-subir-a-bs-2-la-lustrada\/#breadcrumb","itemListElement":[{"@type":"ListItem","position":1,"name":"Portada","item":"https:\/\/www.eldiario.net\/portal\/"},{"@type":"ListItem","position":2,"name":"Lustracalzados definen subir a Bs 2 la \u201clustrada\u201d"}]},{"@type":"WebSite","@id":"https:\/\/www.eldiario.net\/portal\/#website","url":"https:\/\/www.eldiario.net\/portal\/","name":"El Diario - Decano de la prensa nacional","description":"El Diario - Decano de la prensa nacional","publisher":{"@id":"https:\/\/www.eldiario.net\/portal\/#organization"},"potentialAction":[{"@type":"SearchAction","target":{"@type":"EntryPoint","urlTemplate":"https:\/\/www.eldiario.net\/portal\/?s={search_term_string}"},"query-input":{"@type":"PropertyValueSpecification","valueRequired":true,"valueName":"search_term_string"}}],"inLanguage":"es"},{"@type":"Organization","@id":"https:\/\/www.eldiario.net\/portal\/#organization","name":"El Diario - Decano de la prensa nacional","url":"https:\/\/www.eldiario.net\/portal\/","logo":{"@type":"ImageObject","inLanguage":"es","@id":"https:\/\/www.eldiario.net\/portal\/#\/schema\/logo\/image\/","url":"https:\/\/www.eldiario.net\/portal\/wp-content\/uploads\/2023\/07\/logo_ED.jpg","contentUrl":"https:\/\/www.eldiario.net\/portal\/wp-content\/uploads\/2023\/07\/logo_ED.jpg","width":272,"height":52,"caption":"El Diario - Decano de la prensa nacional"},"image":{"@id":"https:\/\/www.eldiario.net\/portal\/#\/schema\/logo\/image\/"},"sameAs":["https:\/\/www.facebook.com\/eldiario.bolivia\/","https:\/\/x.com\/eldiario_net"]},{"@type":"Person","@id":"https:\/\/www.eldiario.net\/portal\/#\/schema\/person\/f46445640444750d7d753ccd04ae01b7","name":"Jeanette","image":{"@type":"ImageObject","inLanguage":"es","@id":"https:\/\/secure.gravatar.com\/avatar\/3ea2118a5f7dad2b7138b1187a6b7ee55f160b9968b66013c3a3ef39dd7e5798?s=96&d=mm&r=g","url":"https:\/\/secure.gravatar.com\/avatar\/3ea2118a5f7dad2b7138b1187a6b7ee55f160b9968b66013c3a3ef39dd7e5798?s=96&d=mm&r=g","contentUrl":"https:\/\/secure.gravatar.com\/avatar\/3ea2118a5f7dad2b7138b1187a6b7ee55f160b9968b66013c3a3ef39dd7e5798?s=96&d=mm&r=g","caption":"Jeanette"},"sameAs":["https:\/\/www.eldiario.net\/portal"],"url":"https:\/\/www.eldiario.net\/portal\/author\/jeanette\/"}]}},"_links":{"self":[{"href":"https:\/\/www.eldiario.net\/portal\/wp-json\/wp\/v2\/posts\/257201","targetHints":{"allow":["GET"]}}],"collection":[{"href":"https:\/\/www.eldiario.net\/portal\/wp-json\/wp\/v2\/posts"}],"about":[{"href":"https:\/\/www.eldiario.net\/portal\/wp-json\/wp\/v2\/types\/post"}],"author":[{"embeddable":true,"href":"https:\/\/www.eldiario.net\/portal\/wp-json\/wp\/v2\/users\/1"}],"replies":[{"embeddable":true,"href":"https:\/\/www.eldiario.net\/portal\/wp-json\/wp\/v2\/comments?post=257201"}],"version-history":[{"count":1,"href":"https:\/\/www.eldiario.net\/portal\/wp-json\/wp\/v2\/posts\/257201\/revisions"}],"predecessor-version":[{"id":257203,"href":"https:\/\/www.eldiario.net\/portal\/wp-json\/wp\/v2\/posts\/257201\/revisions\/257203"}],"wp:featuredmedia":[{"embeddable":true,"href":"https:\/\/www.eldiario.net\/portal\/wp-json\/wp\/v2\/media\/257202"}],"wp:attachment":[{"href":"https:\/\/www.eldiario.net\/portal\/wp-json\/wp\/v2\/media?parent=257201"}],"wp:term":[{"taxonomy":"category","embeddable":true,"href":"https:\/\/www.eldiario.net\/portal\/wp-json\/wp\/v2\/categories?post=257201"},{"taxonomy":"post_tag","embeddable":true,"href":"https:\/\/www.eldiario.net\/portal\/wp-json\/wp\/v2\/tags?post=257201"}],"curies":[{"name":"wp","href":"https:\/\/api.w.org\/{rel}","templated":true}]}}