{"id":257198,"date":"2024-10-29T05:59:39","date_gmt":"2024-10-29T09:59:39","guid":{"rendered":"https:\/\/www.eldiario.net\/portal\/?p=257198"},"modified":"2024-10-29T05:59:39","modified_gmt":"2024-10-29T09:59:39","slug":"sujeto-clava-un-cuchillo-en-el-rostro-de-su-amigo","status":"publish","type":"post","link":"https:\/\/www.eldiario.net\/portal\/2024\/10\/29\/sujeto-clava-un-cuchillo-en-el-rostro-de-su-amigo\/","title":{"rendered":"Sujeto clava un cuchillo en el rostro de su amigo"},"content":{"rendered":"<p>Debido al consumo de bebidas alcoh\u00f3licas y problemas entre dos amigos, en la ciudad de El Alto, un hombre de 26 a\u00f1os clav\u00f3 un cuchillo en la cara de su amigo luego de una discusi\u00f3n. El herido fue trasladado a un centro m\u00e9dico, en tanto que el causante de la lesi\u00f3n se encuentra con detenci\u00f3n preventiva.<\/p>\n<p>El director regional de la Fuerza Especial de Lucha Contra el Crimen (Felcc) de El Alto, Carlos Ibarra, inform\u00f3 que la v\u00edctima es un hombre de 33 a\u00f1os. El hecho se produjo el 19 de octubre.<\/p>\n<p>Detall\u00f3 que personal de la Divisi\u00f3n Homicidios se constituy\u00f3 al Hospital del Norte a objeto de verificar que una persona hab\u00eda sido agredida en la cara con un cuchillo de cocina.<\/p>\n<p>\u201cLos m\u00e9dicos indicaron que la persona (al llegar) se encontraba todav\u00eda con el arma incrustada en el rostro. Se tuvo que practicar una intervenci\u00f3n quir\u00fargica para sacarle el arma punzocortante que compromet\u00eda diferentes regiones en la parte del rostro\u201d, explic\u00f3 el jefe policial.<\/p>\n<p>Este hecho se produjo cuando los involucrados en compa\u00f1\u00eda de otros amigos, se reunieron en la casa de la ahora v\u00edctima para consumir bebidas alcoh\u00f3licas, donde el autor del hecho Rodrigo G. C. causo la herida con un cuchillo de cocina al due\u00f1o de casa caus\u00e1ndole un trauma facial.<\/p>\n<p>Adem\u00e1s, la Polic\u00eda tom\u00f3 las declaraciones a los testigos, quienes corroboraron que el agresor es Rodrigo (26).<\/p>\n<p>Realizadas las investigaciones necesarias, la imputaci\u00f3n del Ministerio P\u00fablico fue por homicidio en grado de tentativa. En audiencia de medidas cautelares se determin\u00f3 la detenci\u00f3n preventiva del acusado por el lapso de seis meses en el recinto penitenciario de San Pedro.<\/p>\n","protected":false},"excerpt":{"rendered":"<p>Debido al consumo de bebidas alcoh\u00f3licas y problemas entre dos amigos, en la ciudad de El Alto, un hombre de 26 a\u00f1os clav\u00f3 un cuchillo en la cara de su amigo luego de una discusi\u00f3n. El herido fue trasladado a un centro m\u00e9dico, en tanto que el causante de la lesi\u00f3n se encuentra con detenci\u00f3n [&hellip;]<\/p>\n","protected":false},"author":1,"featured_media":257199,"comment_status":"closed","ping_status":"open","sticky":false,"template":"","format":"standard","meta":{"_acf_changed":false,"footnotes":""},"categories":[12],"tags":[],"class_list":["post-257198","post","type-post","status-publish","format-standard","has-post-thumbnail","category-nacional"],"acf":{"antetitulo":"Durante una pelea"},"yoast_head":"<!-- This site is optimized with the Yoast SEO plugin v28.4 - https:\/\/yoast.com\/product\/yoast-seo-wordpress\/ -->\n<title>Sujeto clava un cuchillo en el rostro de su amigo - El Diario - Bolivia<\/title>\n<meta name=\"robots\" content=\"index, follow, max-snippet:-1, max-image-preview:large, max-video-preview:-1\" \/>\n<link rel=\"canonical\" href=\"https:\/\/www.eldiario.net\/portal\/2024\/10\/29\/sujeto-clava-un-cuchillo-en-el-rostro-de-su-amigo\/\" \/>\n<meta property=\"og:locale\" content=\"es_ES\" \/>\n<meta property=\"og:type\" content=\"article\" \/>\n<meta property=\"og:title\" content=\"Sujeto clava un cuchillo en el rostro de su amigo - El Diario - Bolivia\" \/>\n<meta property=\"og:description\" content=\"Debido al consumo de bebidas alcoh\u00f3licas y problemas entre dos amigos, en la ciudad de El Alto, un hombre de 26 a\u00f1os clav\u00f3 un cuchillo en la cara de su amigo luego de una discusi\u00f3n. El herido fue trasladado a un centro m\u00e9dico, en tanto que el causante de la lesi\u00f3n se encuentra con detenci\u00f3n [&hellip;]\" \/>\n<meta property=\"og:url\" content=\"https:\/\/www.eldiario.net\/portal\/2024\/10\/29\/sujeto-clava-un-cuchillo-en-el-rostro-de-su-amigo\/\" \/>\n<meta property=\"og:site_name\" content=\"El Diario - Bolivia\" \/>\n<meta property=\"article:publisher\" content=\"https:\/\/www.facebook.com\/eldiario.bolivia\/\" \/>\n<meta property=\"article:published_time\" content=\"2024-10-29T09:59:39+00:00\" \/>\n<meta property=\"og:image\" content=\"https:\/\/www.eldiario.net\/portal\/wp-content\/uploads\/2024\/10\/SEGU-FOTO.jpeg\" \/>\n\t<meta property=\"og:image:width\" content=\"990\" \/>\n\t<meta property=\"og:image:height\" content=\"556\" \/>\n\t<meta property=\"og:image:type\" content=\"image\/jpeg\" \/>\n<meta name=\"author\" content=\"Jeanette\" \/>\n<meta name=\"twitter:card\" content=\"summary_large_image\" \/>\n<meta name=\"twitter:creator\" content=\"@eldiario_net\" \/>\n<meta name=\"twitter:site\" content=\"@eldiario_net\" \/>\n<meta name=\"twitter:label1\" content=\"Escrito por\" \/>\n\t<meta name=\"twitter:data1\" content=\"Jeanette\" \/>\n\t<meta name=\"twitter:label2\" content=\"Tiempo de lectura\" \/>\n\t<meta name=\"twitter:data2\" content=\"2 minutos\" \/>\n<script type=\"application\/ld+json\" class=\"yoast-schema-graph\">{\"@context\":\"https:\\\/\\\/schema.org\",\"@graph\":[{\"@type\":\"Article\",\"@id\":\"https:\\\/\\\/www.eldiario.net\\\/portal\\\/2024\\\/10\\\/29\\\/sujeto-clava-un-cuchillo-en-el-rostro-de-su-amigo\\\/#article\",\"isPartOf\":{\"@id\":\"https:\\\/\\\/www.eldiario.net\\\/portal\\\/2024\\\/10\\\/29\\\/sujeto-clava-un-cuchillo-en-el-rostro-de-su-amigo\\\/\"},\"author\":{\"name\":\"Jeanette\",\"@id\":\"https:\\\/\\\/www.eldiario.net\\\/portal\\\/#\\\/schema\\\/person\\\/f46445640444750d7d753ccd04ae01b7\"},\"headline\":\"Sujeto clava un cuchillo en el rostro de su amigo\",\"datePublished\":\"2024-10-29T09:59:39+00:00\",\"mainEntityOfPage\":{\"@id\":\"https:\\\/\\\/www.eldiario.net\\\/portal\\\/2024\\\/10\\\/29\\\/sujeto-clava-un-cuchillo-en-el-rostro-de-su-amigo\\\/\"},\"wordCount\":304,\"publisher\":{\"@id\":\"https:\\\/\\\/www.eldiario.net\\\/portal\\\/#organization\"},\"image\":{\"@id\":\"https:\\\/\\\/www.eldiario.net\\\/portal\\\/2024\\\/10\\\/29\\\/sujeto-clava-un-cuchillo-en-el-rostro-de-su-amigo\\\/#primaryimage\"},\"thumbnailUrl\":\"https:\\\/\\\/www.eldiario.net\\\/portal\\\/wp-content\\\/uploads\\\/2024\\\/10\\\/SEGU-FOTO.jpeg\",\"articleSection\":[\"Nacional\"],\"inLanguage\":\"es\"},{\"@type\":\"WebPage\",\"@id\":\"https:\\\/\\\/www.eldiario.net\\\/portal\\\/2024\\\/10\\\/29\\\/sujeto-clava-un-cuchillo-en-el-rostro-de-su-amigo\\\/\",\"url\":\"https:\\\/\\\/www.eldiario.net\\\/portal\\\/2024\\\/10\\\/29\\\/sujeto-clava-un-cuchillo-en-el-rostro-de-su-amigo\\\/\",\"name\":\"Sujeto clava un cuchillo en el rostro de su amigo - El Diario - Bolivia\",\"isPartOf\":{\"@id\":\"https:\\\/\\\/www.eldiario.net\\\/portal\\\/#website\"},\"primaryImageOfPage\":{\"@id\":\"https:\\\/\\\/www.eldiario.net\\\/portal\\\/2024\\\/10\\\/29\\\/sujeto-clava-un-cuchillo-en-el-rostro-de-su-amigo\\\/#primaryimage\"},\"image\":{\"@id\":\"https:\\\/\\\/www.eldiario.net\\\/portal\\\/2024\\\/10\\\/29\\\/sujeto-clava-un-cuchillo-en-el-rostro-de-su-amigo\\\/#primaryimage\"},\"thumbnailUrl\":\"https:\\\/\\\/www.eldiario.net\\\/portal\\\/wp-content\\\/uploads\\\/2024\\\/10\\\/SEGU-FOTO.jpeg\",\"datePublished\":\"2024-10-29T09:59:39+00:00\",\"breadcrumb\":{\"@id\":\"https:\\\/\\\/www.eldiario.net\\\/portal\\\/2024\\\/10\\\/29\\\/sujeto-clava-un-cuchillo-en-el-rostro-de-su-amigo\\\/#breadcrumb\"},\"inLanguage\":\"es\",\"potentialAction\":[{\"@type\":\"ReadAction\",\"target\":[\"https:\\\/\\\/www.eldiario.net\\\/portal\\\/2024\\\/10\\\/29\\\/sujeto-clava-un-cuchillo-en-el-rostro-de-su-amigo\\\/\"]}]},{\"@type\":\"ImageObject\",\"inLanguage\":\"es\",\"@id\":\"https:\\\/\\\/www.eldiario.net\\\/portal\\\/2024\\\/10\\\/29\\\/sujeto-clava-un-cuchillo-en-el-rostro-de-su-amigo\\\/#primaryimage\",\"url\":\"https:\\\/\\\/www.eldiario.net\\\/portal\\\/wp-content\\\/uploads\\\/2024\\\/10\\\/SEGU-FOTO.jpeg\",\"contentUrl\":\"https:\\\/\\\/www.eldiario.net\\\/portal\\\/wp-content\\\/uploads\\\/2024\\\/10\\\/SEGU-FOTO.jpeg\",\"width\":990,\"height\":556,\"caption\":\"El agresor se encuentra en celdas. Cr\u00e9dito: Referencial\"},{\"@type\":\"BreadcrumbList\",\"@id\":\"https:\\\/\\\/www.eldiario.net\\\/portal\\\/2024\\\/10\\\/29\\\/sujeto-clava-un-cuchillo-en-el-rostro-de-su-amigo\\\/#breadcrumb\",\"itemListElement\":[{\"@type\":\"ListItem\",\"position\":1,\"name\":\"Portada\",\"item\":\"https:\\\/\\\/www.eldiario.net\\\/portal\\\/\"},{\"@type\":\"ListItem\",\"position\":2,\"name\":\"Sujeto clava un cuchillo en el rostro de su amigo\"}]},{\"@type\":\"WebSite\",\"@id\":\"https:\\\/\\\/www.eldiario.net\\\/portal\\\/#website\",\"url\":\"https:\\\/\\\/www.eldiario.net\\\/portal\\\/\",\"name\":\"El Diario - Decano de la prensa nacional\",\"description\":\"El Diario - Decano de la prensa nacional\",\"publisher\":{\"@id\":\"https:\\\/\\\/www.eldiario.net\\\/portal\\\/#organization\"},\"potentialAction\":[{\"@type\":\"SearchAction\",\"target\":{\"@type\":\"EntryPoint\",\"urlTemplate\":\"https:\\\/\\\/www.eldiario.net\\\/portal\\\/?s={search_term_string}\"},\"query-input\":{\"@type\":\"PropertyValueSpecification\",\"valueRequired\":true,\"valueName\":\"search_term_string\"}}],\"inLanguage\":\"es\"},{\"@type\":\"Organization\",\"@id\":\"https:\\\/\\\/www.eldiario.net\\\/portal\\\/#organization\",\"name\":\"El Diario - Decano de la prensa nacional\",\"url\":\"https:\\\/\\\/www.eldiario.net\\\/portal\\\/\",\"logo\":{\"@type\":\"ImageObject\",\"inLanguage\":\"es\",\"@id\":\"https:\\\/\\\/www.eldiario.net\\\/portal\\\/#\\\/schema\\\/logo\\\/image\\\/\",\"url\":\"https:\\\/\\\/www.eldiario.net\\\/portal\\\/wp-content\\\/uploads\\\/2023\\\/07\\\/logo_ED.jpg\",\"contentUrl\":\"https:\\\/\\\/www.eldiario.net\\\/portal\\\/wp-content\\\/uploads\\\/2023\\\/07\\\/logo_ED.jpg\",\"width\":272,\"height\":52,\"caption\":\"El Diario - Decano de la prensa nacional\"},\"image\":{\"@id\":\"https:\\\/\\\/www.eldiario.net\\\/portal\\\/#\\\/schema\\\/logo\\\/image\\\/\"},\"sameAs\":[\"https:\\\/\\\/www.facebook.com\\\/eldiario.bolivia\\\/\",\"https:\\\/\\\/x.com\\\/eldiario_net\"]},{\"@type\":\"Person\",\"@id\":\"https:\\\/\\\/www.eldiario.net\\\/portal\\\/#\\\/schema\\\/person\\\/f46445640444750d7d753ccd04ae01b7\",\"name\":\"Jeanette\",\"image\":{\"@type\":\"ImageObject\",\"inLanguage\":\"es\",\"@id\":\"https:\\\/\\\/secure.gravatar.com\\\/avatar\\\/3ea2118a5f7dad2b7138b1187a6b7ee55f160b9968b66013c3a3ef39dd7e5798?s=96&d=mm&r=g\",\"url\":\"https:\\\/\\\/secure.gravatar.com\\\/avatar\\\/3ea2118a5f7dad2b7138b1187a6b7ee55f160b9968b66013c3a3ef39dd7e5798?s=96&d=mm&r=g\",\"contentUrl\":\"https:\\\/\\\/secure.gravatar.com\\\/avatar\\\/3ea2118a5f7dad2b7138b1187a6b7ee55f160b9968b66013c3a3ef39dd7e5798?s=96&d=mm&r=g\",\"caption\":\"Jeanette\"},\"sameAs\":[\"https:\\\/\\\/www.eldiario.net\\\/portal\"],\"url\":\"https:\\\/\\\/www.eldiario.net\\\/portal\\\/author\\\/jeanette\\\/\"}]}<\/script>\n<!-- \/ Yoast SEO plugin. -->","yoast_head_json":{"title":"Sujeto clava un cuchillo en el rostro de su amigo - El Diario - Bolivia","robots":{"index":"index","follow":"follow","max-snippet":"max-snippet:-1","max-image-preview":"max-image-preview:large","max-video-preview":"max-video-preview:-1"},"canonical":"https:\/\/www.eldiario.net\/portal\/2024\/10\/29\/sujeto-clava-un-cuchillo-en-el-rostro-de-su-amigo\/","og_locale":"es_ES","og_type":"article","og_title":"Sujeto clava un cuchillo en el rostro de su amigo - El Diario - Bolivia","og_description":"Debido al consumo de bebidas alcoh\u00f3licas y problemas entre dos amigos, en la ciudad de El Alto, un hombre de 26 a\u00f1os clav\u00f3 un cuchillo en la cara de su amigo luego de una discusi\u00f3n. El herido fue trasladado a un centro m\u00e9dico, en tanto que el causante de la lesi\u00f3n se encuentra con detenci\u00f3n [&hellip;]","og_url":"https:\/\/www.eldiario.net\/portal\/2024\/10\/29\/sujeto-clava-un-cuchillo-en-el-rostro-de-su-amigo\/","og_site_name":"El Diario - Bolivia","article_publisher":"https:\/\/www.facebook.com\/eldiario.bolivia\/","article_published_time":"2024-10-29T09:59:39+00:00","og_image":[{"width":990,"height":556,"url":"https:\/\/www.eldiario.net\/portal\/wp-content\/uploads\/2024\/10\/SEGU-FOTO.jpeg","type":"image\/jpeg"}],"author":"Jeanette","twitter_card":"summary_large_image","twitter_creator":"@eldiario_net","twitter_site":"@eldiario_net","twitter_misc":{"Escrito por":"Jeanette","Tiempo de lectura":"2 minutos"},"schema":{"@context":"https:\/\/schema.org","@graph":[{"@type":"Article","@id":"https:\/\/www.eldiario.net\/portal\/2024\/10\/29\/sujeto-clava-un-cuchillo-en-el-rostro-de-su-amigo\/#article","isPartOf":{"@id":"https:\/\/www.eldiario.net\/portal\/2024\/10\/29\/sujeto-clava-un-cuchillo-en-el-rostro-de-su-amigo\/"},"author":{"name":"Jeanette","@id":"https:\/\/www.eldiario.net\/portal\/#\/schema\/person\/f46445640444750d7d753ccd04ae01b7"},"headline":"Sujeto clava un cuchillo en el rostro de su amigo","datePublished":"2024-10-29T09:59:39+00:00","mainEntityOfPage":{"@id":"https:\/\/www.eldiario.net\/portal\/2024\/10\/29\/sujeto-clava-un-cuchillo-en-el-rostro-de-su-amigo\/"},"wordCount":304,"publisher":{"@id":"https:\/\/www.eldiario.net\/portal\/#organization"},"image":{"@id":"https:\/\/www.eldiario.net\/portal\/2024\/10\/29\/sujeto-clava-un-cuchillo-en-el-rostro-de-su-amigo\/#primaryimage"},"thumbnailUrl":"https:\/\/www.eldiario.net\/portal\/wp-content\/uploads\/2024\/10\/SEGU-FOTO.jpeg","articleSection":["Nacional"],"inLanguage":"es"},{"@type":"WebPage","@id":"https:\/\/www.eldiario.net\/portal\/2024\/10\/29\/sujeto-clava-un-cuchillo-en-el-rostro-de-su-amigo\/","url":"https:\/\/www.eldiario.net\/portal\/2024\/10\/29\/sujeto-clava-un-cuchillo-en-el-rostro-de-su-amigo\/","name":"Sujeto clava un cuchillo en el rostro de su amigo - El Diario - Bolivia","isPartOf":{"@id":"https:\/\/www.eldiario.net\/portal\/#website"},"primaryImageOfPage":{"@id":"https:\/\/www.eldiario.net\/portal\/2024\/10\/29\/sujeto-clava-un-cuchillo-en-el-rostro-de-su-amigo\/#primaryimage"},"image":{"@id":"https:\/\/www.eldiario.net\/portal\/2024\/10\/29\/sujeto-clava-un-cuchillo-en-el-rostro-de-su-amigo\/#primaryimage"},"thumbnailUrl":"https:\/\/www.eldiario.net\/portal\/wp-content\/uploads\/2024\/10\/SEGU-FOTO.jpeg","datePublished":"2024-10-29T09:59:39+00:00","breadcrumb":{"@id":"https:\/\/www.eldiario.net\/portal\/2024\/10\/29\/sujeto-clava-un-cuchillo-en-el-rostro-de-su-amigo\/#breadcrumb"},"inLanguage":"es","potentialAction":[{"@type":"ReadAction","target":["https:\/\/www.eldiario.net\/portal\/2024\/10\/29\/sujeto-clava-un-cuchillo-en-el-rostro-de-su-amigo\/"]}]},{"@type":"ImageObject","inLanguage":"es","@id":"https:\/\/www.eldiario.net\/portal\/2024\/10\/29\/sujeto-clava-un-cuchillo-en-el-rostro-de-su-amigo\/#primaryimage","url":"https:\/\/www.eldiario.net\/portal\/wp-content\/uploads\/2024\/10\/SEGU-FOTO.jpeg","contentUrl":"https:\/\/www.eldiario.net\/portal\/wp-content\/uploads\/2024\/10\/SEGU-FOTO.jpeg","width":990,"height":556,"caption":"El agresor se encuentra en celdas. Cr\u00e9dito: Referencial"},{"@type":"BreadcrumbList","@id":"https:\/\/www.eldiario.net\/portal\/2024\/10\/29\/sujeto-clava-un-cuchillo-en-el-rostro-de-su-amigo\/#breadcrumb","itemListElement":[{"@type":"ListItem","position":1,"name":"Portada","item":"https:\/\/www.eldiario.net\/portal\/"},{"@type":"ListItem","position":2,"name":"Sujeto clava un cuchillo en el rostro de su amigo"}]},{"@type":"WebSite","@id":"https:\/\/www.eldiario.net\/portal\/#website","url":"https:\/\/www.eldiario.net\/portal\/","name":"El Diario - Decano de la prensa nacional","description":"El Diario - Decano de la prensa nacional","publisher":{"@id":"https:\/\/www.eldiario.net\/portal\/#organization"},"potentialAction":[{"@type":"SearchAction","target":{"@type":"EntryPoint","urlTemplate":"https:\/\/www.eldiario.net\/portal\/?s={search_term_string}"},"query-input":{"@type":"PropertyValueSpecification","valueRequired":true,"valueName":"search_term_string"}}],"inLanguage":"es"},{"@type":"Organization","@id":"https:\/\/www.eldiario.net\/portal\/#organization","name":"El Diario - Decano de la prensa nacional","url":"https:\/\/www.eldiario.net\/portal\/","logo":{"@type":"ImageObject","inLanguage":"es","@id":"https:\/\/www.eldiario.net\/portal\/#\/schema\/logo\/image\/","url":"https:\/\/www.eldiario.net\/portal\/wp-content\/uploads\/2023\/07\/logo_ED.jpg","contentUrl":"https:\/\/www.eldiario.net\/portal\/wp-content\/uploads\/2023\/07\/logo_ED.jpg","width":272,"height":52,"caption":"El Diario - Decano de la prensa nacional"},"image":{"@id":"https:\/\/www.eldiario.net\/portal\/#\/schema\/logo\/image\/"},"sameAs":["https:\/\/www.facebook.com\/eldiario.bolivia\/","https:\/\/x.com\/eldiario_net"]},{"@type":"Person","@id":"https:\/\/www.eldiario.net\/portal\/#\/schema\/person\/f46445640444750d7d753ccd04ae01b7","name":"Jeanette","image":{"@type":"ImageObject","inLanguage":"es","@id":"https:\/\/secure.gravatar.com\/avatar\/3ea2118a5f7dad2b7138b1187a6b7ee55f160b9968b66013c3a3ef39dd7e5798?s=96&d=mm&r=g","url":"https:\/\/secure.gravatar.com\/avatar\/3ea2118a5f7dad2b7138b1187a6b7ee55f160b9968b66013c3a3ef39dd7e5798?s=96&d=mm&r=g","contentUrl":"https:\/\/secure.gravatar.com\/avatar\/3ea2118a5f7dad2b7138b1187a6b7ee55f160b9968b66013c3a3ef39dd7e5798?s=96&d=mm&r=g","caption":"Jeanette"},"sameAs":["https:\/\/www.eldiario.net\/portal"],"url":"https:\/\/www.eldiario.net\/portal\/author\/jeanette\/"}]}},"_links":{"self":[{"href":"https:\/\/www.eldiario.net\/portal\/wp-json\/wp\/v2\/posts\/257198","targetHints":{"allow":["GET"]}}],"collection":[{"href":"https:\/\/www.eldiario.net\/portal\/wp-json\/wp\/v2\/posts"}],"about":[{"href":"https:\/\/www.eldiario.net\/portal\/wp-json\/wp\/v2\/types\/post"}],"author":[{"embeddable":true,"href":"https:\/\/www.eldiario.net\/portal\/wp-json\/wp\/v2\/users\/1"}],"replies":[{"embeddable":true,"href":"https:\/\/www.eldiario.net\/portal\/wp-json\/wp\/v2\/comments?post=257198"}],"version-history":[{"count":1,"href":"https:\/\/www.eldiario.net\/portal\/wp-json\/wp\/v2\/posts\/257198\/revisions"}],"predecessor-version":[{"id":257200,"href":"https:\/\/www.eldiario.net\/portal\/wp-json\/wp\/v2\/posts\/257198\/revisions\/257200"}],"wp:featuredmedia":[{"embeddable":true,"href":"https:\/\/www.eldiario.net\/portal\/wp-json\/wp\/v2\/media\/257199"}],"wp:attachment":[{"href":"https:\/\/www.eldiario.net\/portal\/wp-json\/wp\/v2\/media?parent=257198"}],"wp:term":[{"taxonomy":"category","embeddable":true,"href":"https:\/\/www.eldiario.net\/portal\/wp-json\/wp\/v2\/categories?post=257198"},{"taxonomy":"post_tag","embeddable":true,"href":"https:\/\/www.eldiario.net\/portal\/wp-json\/wp\/v2\/tags?post=257198"}],"curies":[{"name":"wp","href":"https:\/\/api.w.org\/{rel}","templated":true}]}}