{"id":257195,"date":"2024-10-29T05:58:38","date_gmt":"2024-10-29T09:58:38","guid":{"rendered":"https:\/\/www.eldiario.net\/portal\/?p=257195"},"modified":"2024-10-29T08:30:21","modified_gmt":"2024-10-29T12:30:21","slug":"defensor-no-vela-por-los-intereses-del-pueblo","status":"publish","type":"post","link":"https:\/\/www.eldiario.net\/portal\/2024\/10\/29\/defensor-no-vela-por-los-intereses-del-pueblo\/","title":{"rendered":"Defensor no vela por  los intereses del pueblo"},"content":{"rendered":"<p>Asegurando que la Defensor\u00eda no estar\u00eda cumpliendo con su funci\u00f3n establecida por la Constituci\u00f3n Pol\u00edtica del Estado (CPE), el diputado del ala \u201carcista\u201d en el Movimiento al Socialismo (MAS), Juan Jos\u00e9 J\u00e1uregui, cuestion\u00f3 la postura asumida por el Defensor del Pueblo, Pedro Callisaya, por no velar los intereses de la poblaci\u00f3n perjudicada a causa de los bloqueos \u201cevistas\u201d en la regi\u00f3n del tr\u00f3pico de Cochabamba.<\/p>\n<p>En declaraciones a medios de prensa, J\u00e1uregui cuestion\u00f3 la posici\u00f3n asumida por la Defensor\u00eda al momento de abordar los conflictos en la zona del tr\u00f3pico y los perjuicios provocados por los bloqueos ejecutados por el \u201cevismo\u201d.<\/p>\n<p>Para el diputado, el ente defensorial estar\u00eda incumpliendo con su rol constitucional que es asumir la defensa de la sociedad ante la vulneraci\u00f3n de sus derechos y garant\u00edas.<\/p>\n<p>\u201cLa Defensor\u00eda debe hablar por el pueblo, no olvidemos que, seg\u00fan la Constituci\u00f3n Pol\u00edtica del Estado, existen dos entidades que se encargan de la defensa de la sociedad, una es la Defensor\u00eda del Pueblo y la otra es el Ministerio P\u00fablico\u201d, precis\u00f3 J\u00e1uregui<\/p>\n<p>En ese contexto, asegur\u00f3 que las acciones de la Defensor\u00eda ante los bloqueos que perjudican la econom\u00eda y el derecho al libre tr\u00e1nsito de la poblaci\u00f3n por territorio nacional deber\u00edan estar enfocados<\/p>\n<p>\u201cNo est\u00e1 cumpliendo sus funciones como prev\u00e9 la Constituci\u00f3n Pol\u00edtica, lastimosamente es una labor deficiente que esperemos que en alg\u00fan momento puedan reflexionar y asuman su responsabilidad de defender al pueblo\u201d, agreg\u00f3.<\/p>\n<p>&nbsp;<\/p>\n<p>Sobre los pedidos de distintos sectores al Gobierno para disponer un desbloqueo en los puntos de conflicto, J\u00e1uregui lament\u00f3 que se trate de minimizar las gestiones y trabajos de distintas autoridades para garantizar el libre tr\u00e1nsito en distintos puntos del pa\u00eds. \u201cEl caso de Cochabamba es un caso singular por la radicalidad que se est\u00e1 observando en los puntos de bloqueo\u201d, concluy\u00f3.<\/p>\n<p>El pasado viernes, tras una jornada de enfrentamientos entre las fuerzas del orden y bloqueadores \u201cevistas\u201d en la localidad de Parotani, el defensor del Pueblo, Pedro Callisaya, hizo referencia al posible fallecimiento de una mujer, sin presentar pruebas. Ante esa aseveraci\u00f3n, el ministro de Gobierno, Eduardo del Castillo, pidi\u00f3 responsabilidad al momento de revelar datos sin previa verificaci\u00f3n.<\/p>\n","protected":false},"excerpt":{"rendered":"<p>Asegurando que la Defensor\u00eda no estar\u00eda cumpliendo con su funci\u00f3n establecida por la Constituci\u00f3n Pol\u00edtica del Estado (CPE), el diputado del ala \u201carcista\u201d en el Movimiento al Socialismo (MAS), Juan Jos\u00e9 J\u00e1uregui, cuestion\u00f3 la postura asumida por el Defensor del Pueblo, Pedro Callisaya, por no velar los intereses de la poblaci\u00f3n perjudicada a causa de [&hellip;]<\/p>\n","protected":false},"author":1,"featured_media":257196,"comment_status":"closed","ping_status":"open","sticky":false,"template":"","format":"standard","meta":{"_acf_changed":false,"footnotes":""},"categories":[14],"tags":[],"class_list":["post-257195","post","type-post","status-publish","format-standard","has-post-thumbnail","category-politica"],"acf":{"antetitulo":"Ven labor deficiente"},"yoast_head":"<!-- This site is optimized with the Yoast SEO plugin v28.4 - https:\/\/yoast.com\/product\/yoast-seo-wordpress\/ -->\n<title>Defensor no vela por los intereses del pueblo - El Diario - Bolivia<\/title>\n<meta name=\"robots\" content=\"index, follow, max-snippet:-1, max-image-preview:large, max-video-preview:-1\" \/>\n<link rel=\"canonical\" href=\"https:\/\/www.eldiario.net\/portal\/2024\/10\/29\/defensor-no-vela-por-los-intereses-del-pueblo\/\" \/>\n<meta property=\"og:locale\" content=\"es_ES\" \/>\n<meta property=\"og:type\" content=\"article\" \/>\n<meta property=\"og:title\" content=\"Defensor no vela por los intereses del pueblo - El Diario - Bolivia\" \/>\n<meta property=\"og:description\" content=\"Asegurando que la Defensor\u00eda no estar\u00eda cumpliendo con su funci\u00f3n establecida por la Constituci\u00f3n Pol\u00edtica del Estado (CPE), el diputado del ala \u201carcista\u201d en el Movimiento al Socialismo (MAS), Juan Jos\u00e9 J\u00e1uregui, cuestion\u00f3 la postura asumida por el Defensor del Pueblo, Pedro Callisaya, por no velar los intereses de la poblaci\u00f3n perjudicada a causa de [&hellip;]\" \/>\n<meta property=\"og:url\" content=\"https:\/\/www.eldiario.net\/portal\/2024\/10\/29\/defensor-no-vela-por-los-intereses-del-pueblo\/\" \/>\n<meta property=\"og:site_name\" content=\"El Diario - Bolivia\" \/>\n<meta property=\"article:publisher\" content=\"https:\/\/www.facebook.com\/eldiario.bolivia\/\" \/>\n<meta property=\"article:published_time\" content=\"2024-10-29T09:58:38+00:00\" \/>\n<meta property=\"article:modified_time\" content=\"2024-10-29T12:30:21+00:00\" \/>\n<meta property=\"og:image\" content=\"https:\/\/www.eldiario.net\/portal\/wp-content\/uploads\/2024\/10\/DEFENSOR-FOTO.jpg\" \/>\n\t<meta property=\"og:image:width\" content=\"731\" \/>\n\t<meta property=\"og:image:height\" content=\"489\" \/>\n\t<meta property=\"og:image:type\" content=\"image\/jpeg\" \/>\n<meta name=\"author\" content=\"Jeanette\" \/>\n<meta name=\"twitter:card\" content=\"summary_large_image\" \/>\n<meta name=\"twitter:creator\" content=\"@eldiario_net\" \/>\n<meta name=\"twitter:site\" content=\"@eldiario_net\" \/>\n<meta name=\"twitter:label1\" content=\"Escrito por\" \/>\n\t<meta name=\"twitter:data1\" content=\"Jeanette\" \/>\n\t<meta name=\"twitter:label2\" content=\"Tiempo de lectura\" \/>\n\t<meta name=\"twitter:data2\" content=\"2 minutos\" \/>\n<script type=\"application\/ld+json\" class=\"yoast-schema-graph\">{\"@context\":\"https:\\\/\\\/schema.org\",\"@graph\":[{\"@type\":\"Article\",\"@id\":\"https:\\\/\\\/www.eldiario.net\\\/portal\\\/2024\\\/10\\\/29\\\/defensor-no-vela-por-los-intereses-del-pueblo\\\/#article\",\"isPartOf\":{\"@id\":\"https:\\\/\\\/www.eldiario.net\\\/portal\\\/2024\\\/10\\\/29\\\/defensor-no-vela-por-los-intereses-del-pueblo\\\/\"},\"author\":{\"name\":\"Jeanette\",\"@id\":\"https:\\\/\\\/www.eldiario.net\\\/portal\\\/#\\\/schema\\\/person\\\/f46445640444750d7d753ccd04ae01b7\"},\"headline\":\"Defensor no vela por los intereses del pueblo\",\"datePublished\":\"2024-10-29T09:58:38+00:00\",\"dateModified\":\"2024-10-29T12:30:21+00:00\",\"mainEntityOfPage\":{\"@id\":\"https:\\\/\\\/www.eldiario.net\\\/portal\\\/2024\\\/10\\\/29\\\/defensor-no-vela-por-los-intereses-del-pueblo\\\/\"},\"wordCount\":401,\"publisher\":{\"@id\":\"https:\\\/\\\/www.eldiario.net\\\/portal\\\/#organization\"},\"image\":{\"@id\":\"https:\\\/\\\/www.eldiario.net\\\/portal\\\/2024\\\/10\\\/29\\\/defensor-no-vela-por-los-intereses-del-pueblo\\\/#primaryimage\"},\"thumbnailUrl\":\"https:\\\/\\\/www.eldiario.net\\\/portal\\\/wp-content\\\/uploads\\\/2024\\\/10\\\/DEFENSOR-FOTO.jpg\",\"articleSection\":[\"Pol\u00edtica\"],\"inLanguage\":\"es\"},{\"@type\":\"WebPage\",\"@id\":\"https:\\\/\\\/www.eldiario.net\\\/portal\\\/2024\\\/10\\\/29\\\/defensor-no-vela-por-los-intereses-del-pueblo\\\/\",\"url\":\"https:\\\/\\\/www.eldiario.net\\\/portal\\\/2024\\\/10\\\/29\\\/defensor-no-vela-por-los-intereses-del-pueblo\\\/\",\"name\":\"Defensor no vela por los intereses del pueblo - El Diario - Bolivia\",\"isPartOf\":{\"@id\":\"https:\\\/\\\/www.eldiario.net\\\/portal\\\/#website\"},\"primaryImageOfPage\":{\"@id\":\"https:\\\/\\\/www.eldiario.net\\\/portal\\\/2024\\\/10\\\/29\\\/defensor-no-vela-por-los-intereses-del-pueblo\\\/#primaryimage\"},\"image\":{\"@id\":\"https:\\\/\\\/www.eldiario.net\\\/portal\\\/2024\\\/10\\\/29\\\/defensor-no-vela-por-los-intereses-del-pueblo\\\/#primaryimage\"},\"thumbnailUrl\":\"https:\\\/\\\/www.eldiario.net\\\/portal\\\/wp-content\\\/uploads\\\/2024\\\/10\\\/DEFENSOR-FOTO.jpg\",\"datePublished\":\"2024-10-29T09:58:38+00:00\",\"dateModified\":\"2024-10-29T12:30:21+00:00\",\"breadcrumb\":{\"@id\":\"https:\\\/\\\/www.eldiario.net\\\/portal\\\/2024\\\/10\\\/29\\\/defensor-no-vela-por-los-intereses-del-pueblo\\\/#breadcrumb\"},\"inLanguage\":\"es\",\"potentialAction\":[{\"@type\":\"ReadAction\",\"target\":[\"https:\\\/\\\/www.eldiario.net\\\/portal\\\/2024\\\/10\\\/29\\\/defensor-no-vela-por-los-intereses-del-pueblo\\\/\"]}]},{\"@type\":\"ImageObject\",\"inLanguage\":\"es\",\"@id\":\"https:\\\/\\\/www.eldiario.net\\\/portal\\\/2024\\\/10\\\/29\\\/defensor-no-vela-por-los-intereses-del-pueblo\\\/#primaryimage\",\"url\":\"https:\\\/\\\/www.eldiario.net\\\/portal\\\/wp-content\\\/uploads\\\/2024\\\/10\\\/DEFENSOR-FOTO.jpg\",\"contentUrl\":\"https:\\\/\\\/www.eldiario.net\\\/portal\\\/wp-content\\\/uploads\\\/2024\\\/10\\\/DEFENSOR-FOTO.jpg\",\"width\":731,\"height\":489,\"caption\":\"Diputado Juan Jos\u00e9 J\u00e1uregui (MAS) CREDITOS \\\/ RRSS\"},{\"@type\":\"BreadcrumbList\",\"@id\":\"https:\\\/\\\/www.eldiario.net\\\/portal\\\/2024\\\/10\\\/29\\\/defensor-no-vela-por-los-intereses-del-pueblo\\\/#breadcrumb\",\"itemListElement\":[{\"@type\":\"ListItem\",\"position\":1,\"name\":\"Portada\",\"item\":\"https:\\\/\\\/www.eldiario.net\\\/portal\\\/\"},{\"@type\":\"ListItem\",\"position\":2,\"name\":\"Defensor no vela por los intereses del pueblo\"}]},{\"@type\":\"WebSite\",\"@id\":\"https:\\\/\\\/www.eldiario.net\\\/portal\\\/#website\",\"url\":\"https:\\\/\\\/www.eldiario.net\\\/portal\\\/\",\"name\":\"El Diario - Decano de la prensa nacional\",\"description\":\"El Diario - Decano de la prensa nacional\",\"publisher\":{\"@id\":\"https:\\\/\\\/www.eldiario.net\\\/portal\\\/#organization\"},\"potentialAction\":[{\"@type\":\"SearchAction\",\"target\":{\"@type\":\"EntryPoint\",\"urlTemplate\":\"https:\\\/\\\/www.eldiario.net\\\/portal\\\/?s={search_term_string}\"},\"query-input\":{\"@type\":\"PropertyValueSpecification\",\"valueRequired\":true,\"valueName\":\"search_term_string\"}}],\"inLanguage\":\"es\"},{\"@type\":\"Organization\",\"@id\":\"https:\\\/\\\/www.eldiario.net\\\/portal\\\/#organization\",\"name\":\"El Diario - Decano de la prensa nacional\",\"url\":\"https:\\\/\\\/www.eldiario.net\\\/portal\\\/\",\"logo\":{\"@type\":\"ImageObject\",\"inLanguage\":\"es\",\"@id\":\"https:\\\/\\\/www.eldiario.net\\\/portal\\\/#\\\/schema\\\/logo\\\/image\\\/\",\"url\":\"https:\\\/\\\/www.eldiario.net\\\/portal\\\/wp-content\\\/uploads\\\/2023\\\/07\\\/logo_ED.jpg\",\"contentUrl\":\"https:\\\/\\\/www.eldiario.net\\\/portal\\\/wp-content\\\/uploads\\\/2023\\\/07\\\/logo_ED.jpg\",\"width\":272,\"height\":52,\"caption\":\"El Diario - Decano de la prensa nacional\"},\"image\":{\"@id\":\"https:\\\/\\\/www.eldiario.net\\\/portal\\\/#\\\/schema\\\/logo\\\/image\\\/\"},\"sameAs\":[\"https:\\\/\\\/www.facebook.com\\\/eldiario.bolivia\\\/\",\"https:\\\/\\\/x.com\\\/eldiario_net\"]},{\"@type\":\"Person\",\"@id\":\"https:\\\/\\\/www.eldiario.net\\\/portal\\\/#\\\/schema\\\/person\\\/f46445640444750d7d753ccd04ae01b7\",\"name\":\"Jeanette\",\"image\":{\"@type\":\"ImageObject\",\"inLanguage\":\"es\",\"@id\":\"https:\\\/\\\/secure.gravatar.com\\\/avatar\\\/3ea2118a5f7dad2b7138b1187a6b7ee55f160b9968b66013c3a3ef39dd7e5798?s=96&d=mm&r=g\",\"url\":\"https:\\\/\\\/secure.gravatar.com\\\/avatar\\\/3ea2118a5f7dad2b7138b1187a6b7ee55f160b9968b66013c3a3ef39dd7e5798?s=96&d=mm&r=g\",\"contentUrl\":\"https:\\\/\\\/secure.gravatar.com\\\/avatar\\\/3ea2118a5f7dad2b7138b1187a6b7ee55f160b9968b66013c3a3ef39dd7e5798?s=96&d=mm&r=g\",\"caption\":\"Jeanette\"},\"sameAs\":[\"https:\\\/\\\/www.eldiario.net\\\/portal\"],\"url\":\"https:\\\/\\\/www.eldiario.net\\\/portal\\\/author\\\/jeanette\\\/\"}]}<\/script>\n<!-- \/ Yoast SEO plugin. -->","yoast_head_json":{"title":"Defensor no vela por los intereses del pueblo - El Diario - Bolivia","robots":{"index":"index","follow":"follow","max-snippet":"max-snippet:-1","max-image-preview":"max-image-preview:large","max-video-preview":"max-video-preview:-1"},"canonical":"https:\/\/www.eldiario.net\/portal\/2024\/10\/29\/defensor-no-vela-por-los-intereses-del-pueblo\/","og_locale":"es_ES","og_type":"article","og_title":"Defensor no vela por los intereses del pueblo - El Diario - Bolivia","og_description":"Asegurando que la Defensor\u00eda no estar\u00eda cumpliendo con su funci\u00f3n establecida por la Constituci\u00f3n Pol\u00edtica del Estado (CPE), el diputado del ala \u201carcista\u201d en el Movimiento al Socialismo (MAS), Juan Jos\u00e9 J\u00e1uregui, cuestion\u00f3 la postura asumida por el Defensor del Pueblo, Pedro Callisaya, por no velar los intereses de la poblaci\u00f3n perjudicada a causa de [&hellip;]","og_url":"https:\/\/www.eldiario.net\/portal\/2024\/10\/29\/defensor-no-vela-por-los-intereses-del-pueblo\/","og_site_name":"El Diario - Bolivia","article_publisher":"https:\/\/www.facebook.com\/eldiario.bolivia\/","article_published_time":"2024-10-29T09:58:38+00:00","article_modified_time":"2024-10-29T12:30:21+00:00","og_image":[{"width":731,"height":489,"url":"https:\/\/www.eldiario.net\/portal\/wp-content\/uploads\/2024\/10\/DEFENSOR-FOTO.jpg","type":"image\/jpeg"}],"author":"Jeanette","twitter_card":"summary_large_image","twitter_creator":"@eldiario_net","twitter_site":"@eldiario_net","twitter_misc":{"Escrito por":"Jeanette","Tiempo de lectura":"2 minutos"},"schema":{"@context":"https:\/\/schema.org","@graph":[{"@type":"Article","@id":"https:\/\/www.eldiario.net\/portal\/2024\/10\/29\/defensor-no-vela-por-los-intereses-del-pueblo\/#article","isPartOf":{"@id":"https:\/\/www.eldiario.net\/portal\/2024\/10\/29\/defensor-no-vela-por-los-intereses-del-pueblo\/"},"author":{"name":"Jeanette","@id":"https:\/\/www.eldiario.net\/portal\/#\/schema\/person\/f46445640444750d7d753ccd04ae01b7"},"headline":"Defensor no vela por los intereses del pueblo","datePublished":"2024-10-29T09:58:38+00:00","dateModified":"2024-10-29T12:30:21+00:00","mainEntityOfPage":{"@id":"https:\/\/www.eldiario.net\/portal\/2024\/10\/29\/defensor-no-vela-por-los-intereses-del-pueblo\/"},"wordCount":401,"publisher":{"@id":"https:\/\/www.eldiario.net\/portal\/#organization"},"image":{"@id":"https:\/\/www.eldiario.net\/portal\/2024\/10\/29\/defensor-no-vela-por-los-intereses-del-pueblo\/#primaryimage"},"thumbnailUrl":"https:\/\/www.eldiario.net\/portal\/wp-content\/uploads\/2024\/10\/DEFENSOR-FOTO.jpg","articleSection":["Pol\u00edtica"],"inLanguage":"es"},{"@type":"WebPage","@id":"https:\/\/www.eldiario.net\/portal\/2024\/10\/29\/defensor-no-vela-por-los-intereses-del-pueblo\/","url":"https:\/\/www.eldiario.net\/portal\/2024\/10\/29\/defensor-no-vela-por-los-intereses-del-pueblo\/","name":"Defensor no vela por los intereses del pueblo - El Diario - Bolivia","isPartOf":{"@id":"https:\/\/www.eldiario.net\/portal\/#website"},"primaryImageOfPage":{"@id":"https:\/\/www.eldiario.net\/portal\/2024\/10\/29\/defensor-no-vela-por-los-intereses-del-pueblo\/#primaryimage"},"image":{"@id":"https:\/\/www.eldiario.net\/portal\/2024\/10\/29\/defensor-no-vela-por-los-intereses-del-pueblo\/#primaryimage"},"thumbnailUrl":"https:\/\/www.eldiario.net\/portal\/wp-content\/uploads\/2024\/10\/DEFENSOR-FOTO.jpg","datePublished":"2024-10-29T09:58:38+00:00","dateModified":"2024-10-29T12:30:21+00:00","breadcrumb":{"@id":"https:\/\/www.eldiario.net\/portal\/2024\/10\/29\/defensor-no-vela-por-los-intereses-del-pueblo\/#breadcrumb"},"inLanguage":"es","potentialAction":[{"@type":"ReadAction","target":["https:\/\/www.eldiario.net\/portal\/2024\/10\/29\/defensor-no-vela-por-los-intereses-del-pueblo\/"]}]},{"@type":"ImageObject","inLanguage":"es","@id":"https:\/\/www.eldiario.net\/portal\/2024\/10\/29\/defensor-no-vela-por-los-intereses-del-pueblo\/#primaryimage","url":"https:\/\/www.eldiario.net\/portal\/wp-content\/uploads\/2024\/10\/DEFENSOR-FOTO.jpg","contentUrl":"https:\/\/www.eldiario.net\/portal\/wp-content\/uploads\/2024\/10\/DEFENSOR-FOTO.jpg","width":731,"height":489,"caption":"Diputado Juan Jos\u00e9 J\u00e1uregui (MAS) CREDITOS \/ RRSS"},{"@type":"BreadcrumbList","@id":"https:\/\/www.eldiario.net\/portal\/2024\/10\/29\/defensor-no-vela-por-los-intereses-del-pueblo\/#breadcrumb","itemListElement":[{"@type":"ListItem","position":1,"name":"Portada","item":"https:\/\/www.eldiario.net\/portal\/"},{"@type":"ListItem","position":2,"name":"Defensor no vela por los intereses del pueblo"}]},{"@type":"WebSite","@id":"https:\/\/www.eldiario.net\/portal\/#website","url":"https:\/\/www.eldiario.net\/portal\/","name":"El Diario - Decano de la prensa nacional","description":"El Diario - Decano de la prensa nacional","publisher":{"@id":"https:\/\/www.eldiario.net\/portal\/#organization"},"potentialAction":[{"@type":"SearchAction","target":{"@type":"EntryPoint","urlTemplate":"https:\/\/www.eldiario.net\/portal\/?s={search_term_string}"},"query-input":{"@type":"PropertyValueSpecification","valueRequired":true,"valueName":"search_term_string"}}],"inLanguage":"es"},{"@type":"Organization","@id":"https:\/\/www.eldiario.net\/portal\/#organization","name":"El Diario - Decano de la prensa nacional","url":"https:\/\/www.eldiario.net\/portal\/","logo":{"@type":"ImageObject","inLanguage":"es","@id":"https:\/\/www.eldiario.net\/portal\/#\/schema\/logo\/image\/","url":"https:\/\/www.eldiario.net\/portal\/wp-content\/uploads\/2023\/07\/logo_ED.jpg","contentUrl":"https:\/\/www.eldiario.net\/portal\/wp-content\/uploads\/2023\/07\/logo_ED.jpg","width":272,"height":52,"caption":"El Diario - Decano de la prensa nacional"},"image":{"@id":"https:\/\/www.eldiario.net\/portal\/#\/schema\/logo\/image\/"},"sameAs":["https:\/\/www.facebook.com\/eldiario.bolivia\/","https:\/\/x.com\/eldiario_net"]},{"@type":"Person","@id":"https:\/\/www.eldiario.net\/portal\/#\/schema\/person\/f46445640444750d7d753ccd04ae01b7","name":"Jeanette","image":{"@type":"ImageObject","inLanguage":"es","@id":"https:\/\/secure.gravatar.com\/avatar\/3ea2118a5f7dad2b7138b1187a6b7ee55f160b9968b66013c3a3ef39dd7e5798?s=96&d=mm&r=g","url":"https:\/\/secure.gravatar.com\/avatar\/3ea2118a5f7dad2b7138b1187a6b7ee55f160b9968b66013c3a3ef39dd7e5798?s=96&d=mm&r=g","contentUrl":"https:\/\/secure.gravatar.com\/avatar\/3ea2118a5f7dad2b7138b1187a6b7ee55f160b9968b66013c3a3ef39dd7e5798?s=96&d=mm&r=g","caption":"Jeanette"},"sameAs":["https:\/\/www.eldiario.net\/portal"],"url":"https:\/\/www.eldiario.net\/portal\/author\/jeanette\/"}]}},"_links":{"self":[{"href":"https:\/\/www.eldiario.net\/portal\/wp-json\/wp\/v2\/posts\/257195","targetHints":{"allow":["GET"]}}],"collection":[{"href":"https:\/\/www.eldiario.net\/portal\/wp-json\/wp\/v2\/posts"}],"about":[{"href":"https:\/\/www.eldiario.net\/portal\/wp-json\/wp\/v2\/types\/post"}],"author":[{"embeddable":true,"href":"https:\/\/www.eldiario.net\/portal\/wp-json\/wp\/v2\/users\/1"}],"replies":[{"embeddable":true,"href":"https:\/\/www.eldiario.net\/portal\/wp-json\/wp\/v2\/comments?post=257195"}],"version-history":[{"count":2,"href":"https:\/\/www.eldiario.net\/portal\/wp-json\/wp\/v2\/posts\/257195\/revisions"}],"predecessor-version":[{"id":257316,"href":"https:\/\/www.eldiario.net\/portal\/wp-json\/wp\/v2\/posts\/257195\/revisions\/257316"}],"wp:featuredmedia":[{"embeddable":true,"href":"https:\/\/www.eldiario.net\/portal\/wp-json\/wp\/v2\/media\/257196"}],"wp:attachment":[{"href":"https:\/\/www.eldiario.net\/portal\/wp-json\/wp\/v2\/media?parent=257195"}],"wp:term":[{"taxonomy":"category","embeddable":true,"href":"https:\/\/www.eldiario.net\/portal\/wp-json\/wp\/v2\/categories?post=257195"},{"taxonomy":"post_tag","embeddable":true,"href":"https:\/\/www.eldiario.net\/portal\/wp-json\/wp\/v2\/tags?post=257195"}],"curies":[{"name":"wp","href":"https:\/\/api.w.org\/{rel}","templated":true}]}}