{"id":257192,"date":"2024-10-29T05:58:05","date_gmt":"2024-10-29T09:58:05","guid":{"rendered":"https:\/\/www.eldiario.net\/portal\/?p=257192"},"modified":"2024-10-29T05:58:05","modified_gmt":"2024-10-29T09:58:05","slug":"advierten-tentacion-en-opositores-para-asumir-presidencia-del-senado","status":"publish","type":"post","link":"https:\/\/www.eldiario.net\/portal\/2024\/10\/29\/advierten-tentacion-en-opositores-para-asumir-presidencia-del-senado\/","title":{"rendered":"Advierten \u201ctentaci\u00f3n\u201d en opositores para asumir presidencia del Senado"},"content":{"rendered":"<p>Observando algunas \u201ctentaciones\u201d de asamble\u00edstas opositores para asumir la presidencia del Senado aprovechando la divisi\u00f3n interna en el Movimiento al Socialismo (MAS), el senador por Comunidad Ciudadana (CC), Rodrigo Paz Pereira, advirti\u00f3 que esta posibilidad va contra la norma y dar\u00eda paso a una maniobra pol\u00edtica del \u201cevismo\u201d para retornar al poder en corto tiempo.<\/p>\n<p>En rueda de prensa, Paz alert\u00f3 sobre una tentaci\u00f3n en las fuerzas de oposici\u00f3n para tratar de tomar la presidencia en la C\u00e1mara Alta, aprovechando la ruptura masista y promoviendo algunas alianzas que posibiliten a un legislador de oposici\u00f3n acceder a este cargo en la directiva camaral.<\/p>\n<p>En criterio del senador representante de Tarija, esta posibilidad ser\u00eda un grave error en la oposici\u00f3n, tomando en cuenta que quien asuma esta presidencia estar\u00eda en la l\u00ednea de sucesi\u00f3n constitucional, y un hipot\u00e9tico acortamiento en el mandato de la actual administraci\u00f3n lo dejar\u00eda a la cabeza de un gobierno con crisis pol\u00edtica y econ\u00f3mica, posiblemente aprovechada por el masismo para retomar el poder en corto tiempo.<\/p>\n<p>\u201cMe parece un grave error (\u2026), ahora que tenemos crisis pol\u00edtica y crisis econ\u00f3mica, si alguien de la oposici\u00f3n asume la presidencia del Senado no vaya a ser que en dos o tres meses el presidente se vaya y ese senador se quede como presidente, y con la crisis pol\u00edtica venga el evismo a recuperar el poder en poco tiempo\u201d, dijo.<\/p>\n<p>Asimismo, adelantando que, si estas \u201ctentaciones\u201d llegan a materializarse, votar\u00e1 por una de las opciones del oficialismo, como corresponde, Paz revel\u00f3 que, en la gesti\u00f3n pasada, no apoy\u00f3 el acuerdo entre su bancada y el ala \u201cevista\u201d del MAS para permitir la reelecci\u00f3n de Andr\u00f3nico Rodriguez para la legislatura 2023-2024.<\/p>\n<p>&nbsp;<\/p>\n<p>\u201cDe nada ha servido tener un acuerdo con el se\u00f1or Andr\u00f3nico y una bancada que parec\u00eda coherente, si luego de un a\u00f1o el pa\u00eds est\u00e1 m\u00e1s pobre, bloqueado, sin comercio. \u00bfDe qu\u00e9 ha sido bueno ese acuerdo?\u201d, cuestion\u00f3 Paz, reiterando que la norma no permite que un opositor asuma una presidencia camaral.<\/p>\n","protected":false},"excerpt":{"rendered":"<p>Observando algunas \u201ctentaciones\u201d de asamble\u00edstas opositores para asumir la presidencia del Senado aprovechando la divisi\u00f3n interna en el Movimiento al Socialismo (MAS), el senador por Comunidad Ciudadana (CC), Rodrigo Paz Pereira, advirti\u00f3 que esta posibilidad va contra la norma y dar\u00eda paso a una maniobra pol\u00edtica del \u201cevismo\u201d para retornar al poder en corto tiempo. [&hellip;]<\/p>\n","protected":false},"author":1,"featured_media":257193,"comment_status":"closed","ping_status":"open","sticky":false,"template":"","format":"standard","meta":{"_acf_changed":false,"footnotes":""},"categories":[14],"tags":[],"class_list":["post-257192","post","type-post","status-publish","format-standard","has-post-thumbnail","category-politica"],"acf":{"antetitulo":"Normativas no lo permiten"},"yoast_head":"<!-- This site is optimized with the Yoast SEO plugin v28.4 - https:\/\/yoast.com\/product\/yoast-seo-wordpress\/ -->\n<title>Advierten \u201ctentaci\u00f3n\u201d en opositores para asumir presidencia del Senado - El Diario - Bolivia<\/title>\n<meta name=\"robots\" content=\"index, follow, max-snippet:-1, max-image-preview:large, max-video-preview:-1\" \/>\n<link rel=\"canonical\" href=\"https:\/\/www.eldiario.net\/portal\/2024\/10\/29\/advierten-tentacion-en-opositores-para-asumir-presidencia-del-senado\/\" \/>\n<meta property=\"og:locale\" content=\"es_ES\" \/>\n<meta property=\"og:type\" content=\"article\" \/>\n<meta property=\"og:title\" content=\"Advierten \u201ctentaci\u00f3n\u201d en opositores para asumir presidencia del Senado - El Diario - Bolivia\" \/>\n<meta property=\"og:description\" content=\"Observando algunas \u201ctentaciones\u201d de asamble\u00edstas opositores para asumir la presidencia del Senado aprovechando la divisi\u00f3n interna en el Movimiento al Socialismo (MAS), el senador por Comunidad Ciudadana (CC), Rodrigo Paz Pereira, advirti\u00f3 que esta posibilidad va contra la norma y dar\u00eda paso a una maniobra pol\u00edtica del \u201cevismo\u201d para retornar al poder en corto tiempo. [&hellip;]\" \/>\n<meta property=\"og:url\" content=\"https:\/\/www.eldiario.net\/portal\/2024\/10\/29\/advierten-tentacion-en-opositores-para-asumir-presidencia-del-senado\/\" \/>\n<meta property=\"og:site_name\" content=\"El Diario - Bolivia\" \/>\n<meta property=\"article:publisher\" content=\"https:\/\/www.facebook.com\/eldiario.bolivia\/\" \/>\n<meta property=\"article:published_time\" content=\"2024-10-29T09:58:05+00:00\" \/>\n<meta property=\"og:image\" content=\"https:\/\/www.eldiario.net\/portal\/wp-content\/uploads\/2024\/10\/PAZ-FOTO.jpg\" \/>\n\t<meta property=\"og:image:width\" content=\"1461\" \/>\n\t<meta property=\"og:image:height\" content=\"993\" \/>\n\t<meta property=\"og:image:type\" content=\"image\/jpeg\" \/>\n<meta name=\"author\" content=\"Jeanette\" \/>\n<meta name=\"twitter:card\" content=\"summary_large_image\" \/>\n<meta name=\"twitter:creator\" content=\"@eldiario_net\" \/>\n<meta name=\"twitter:site\" content=\"@eldiario_net\" \/>\n<meta name=\"twitter:label1\" content=\"Escrito por\" \/>\n\t<meta name=\"twitter:data1\" content=\"Jeanette\" \/>\n\t<meta name=\"twitter:label2\" content=\"Tiempo de lectura\" \/>\n\t<meta name=\"twitter:data2\" content=\"2 minutos\" \/>\n<script type=\"application\/ld+json\" class=\"yoast-schema-graph\">{\"@context\":\"https:\\\/\\\/schema.org\",\"@graph\":[{\"@type\":\"Article\",\"@id\":\"https:\\\/\\\/www.eldiario.net\\\/portal\\\/2024\\\/10\\\/29\\\/advierten-tentacion-en-opositores-para-asumir-presidencia-del-senado\\\/#article\",\"isPartOf\":{\"@id\":\"https:\\\/\\\/www.eldiario.net\\\/portal\\\/2024\\\/10\\\/29\\\/advierten-tentacion-en-opositores-para-asumir-presidencia-del-senado\\\/\"},\"author\":{\"name\":\"Jeanette\",\"@id\":\"https:\\\/\\\/www.eldiario.net\\\/portal\\\/#\\\/schema\\\/person\\\/f46445640444750d7d753ccd04ae01b7\"},\"headline\":\"Advierten \u201ctentaci\u00f3n\u201d en opositores para asumir presidencia del Senado\",\"datePublished\":\"2024-10-29T09:58:05+00:00\",\"mainEntityOfPage\":{\"@id\":\"https:\\\/\\\/www.eldiario.net\\\/portal\\\/2024\\\/10\\\/29\\\/advierten-tentacion-en-opositores-para-asumir-presidencia-del-senado\\\/\"},\"wordCount\":373,\"publisher\":{\"@id\":\"https:\\\/\\\/www.eldiario.net\\\/portal\\\/#organization\"},\"image\":{\"@id\":\"https:\\\/\\\/www.eldiario.net\\\/portal\\\/2024\\\/10\\\/29\\\/advierten-tentacion-en-opositores-para-asumir-presidencia-del-senado\\\/#primaryimage\"},\"thumbnailUrl\":\"https:\\\/\\\/www.eldiario.net\\\/portal\\\/wp-content\\\/uploads\\\/2024\\\/10\\\/PAZ-FOTO.jpg\",\"articleSection\":[\"Pol\u00edtica\"],\"inLanguage\":\"es\"},{\"@type\":\"WebPage\",\"@id\":\"https:\\\/\\\/www.eldiario.net\\\/portal\\\/2024\\\/10\\\/29\\\/advierten-tentacion-en-opositores-para-asumir-presidencia-del-senado\\\/\",\"url\":\"https:\\\/\\\/www.eldiario.net\\\/portal\\\/2024\\\/10\\\/29\\\/advierten-tentacion-en-opositores-para-asumir-presidencia-del-senado\\\/\",\"name\":\"Advierten \u201ctentaci\u00f3n\u201d en opositores para asumir presidencia del Senado - El Diario - Bolivia\",\"isPartOf\":{\"@id\":\"https:\\\/\\\/www.eldiario.net\\\/portal\\\/#website\"},\"primaryImageOfPage\":{\"@id\":\"https:\\\/\\\/www.eldiario.net\\\/portal\\\/2024\\\/10\\\/29\\\/advierten-tentacion-en-opositores-para-asumir-presidencia-del-senado\\\/#primaryimage\"},\"image\":{\"@id\":\"https:\\\/\\\/www.eldiario.net\\\/portal\\\/2024\\\/10\\\/29\\\/advierten-tentacion-en-opositores-para-asumir-presidencia-del-senado\\\/#primaryimage\"},\"thumbnailUrl\":\"https:\\\/\\\/www.eldiario.net\\\/portal\\\/wp-content\\\/uploads\\\/2024\\\/10\\\/PAZ-FOTO.jpg\",\"datePublished\":\"2024-10-29T09:58:05+00:00\",\"breadcrumb\":{\"@id\":\"https:\\\/\\\/www.eldiario.net\\\/portal\\\/2024\\\/10\\\/29\\\/advierten-tentacion-en-opositores-para-asumir-presidencia-del-senado\\\/#breadcrumb\"},\"inLanguage\":\"es\",\"potentialAction\":[{\"@type\":\"ReadAction\",\"target\":[\"https:\\\/\\\/www.eldiario.net\\\/portal\\\/2024\\\/10\\\/29\\\/advierten-tentacion-en-opositores-para-asumir-presidencia-del-senado\\\/\"]}]},{\"@type\":\"ImageObject\",\"inLanguage\":\"es\",\"@id\":\"https:\\\/\\\/www.eldiario.net\\\/portal\\\/2024\\\/10\\\/29\\\/advierten-tentacion-en-opositores-para-asumir-presidencia-del-senado\\\/#primaryimage\",\"url\":\"https:\\\/\\\/www.eldiario.net\\\/portal\\\/wp-content\\\/uploads\\\/2024\\\/10\\\/PAZ-FOTO.jpg\",\"contentUrl\":\"https:\\\/\\\/www.eldiario.net\\\/portal\\\/wp-content\\\/uploads\\\/2024\\\/10\\\/PAZ-FOTO.jpg\",\"width\":1461,\"height\":993,\"caption\":\"Senador Rodrigo Paz Pereira (CC) CREDITOS \\\/ RRSS\"},{\"@type\":\"BreadcrumbList\",\"@id\":\"https:\\\/\\\/www.eldiario.net\\\/portal\\\/2024\\\/10\\\/29\\\/advierten-tentacion-en-opositores-para-asumir-presidencia-del-senado\\\/#breadcrumb\",\"itemListElement\":[{\"@type\":\"ListItem\",\"position\":1,\"name\":\"Portada\",\"item\":\"https:\\\/\\\/www.eldiario.net\\\/portal\\\/\"},{\"@type\":\"ListItem\",\"position\":2,\"name\":\"Advierten \u201ctentaci\u00f3n\u201d en opositores para asumir presidencia del Senado\"}]},{\"@type\":\"WebSite\",\"@id\":\"https:\\\/\\\/www.eldiario.net\\\/portal\\\/#website\",\"url\":\"https:\\\/\\\/www.eldiario.net\\\/portal\\\/\",\"name\":\"El Diario - Decano de la prensa nacional\",\"description\":\"El Diario - Decano de la prensa nacional\",\"publisher\":{\"@id\":\"https:\\\/\\\/www.eldiario.net\\\/portal\\\/#organization\"},\"potentialAction\":[{\"@type\":\"SearchAction\",\"target\":{\"@type\":\"EntryPoint\",\"urlTemplate\":\"https:\\\/\\\/www.eldiario.net\\\/portal\\\/?s={search_term_string}\"},\"query-input\":{\"@type\":\"PropertyValueSpecification\",\"valueRequired\":true,\"valueName\":\"search_term_string\"}}],\"inLanguage\":\"es\"},{\"@type\":\"Organization\",\"@id\":\"https:\\\/\\\/www.eldiario.net\\\/portal\\\/#organization\",\"name\":\"El Diario - Decano de la prensa nacional\",\"url\":\"https:\\\/\\\/www.eldiario.net\\\/portal\\\/\",\"logo\":{\"@type\":\"ImageObject\",\"inLanguage\":\"es\",\"@id\":\"https:\\\/\\\/www.eldiario.net\\\/portal\\\/#\\\/schema\\\/logo\\\/image\\\/\",\"url\":\"https:\\\/\\\/www.eldiario.net\\\/portal\\\/wp-content\\\/uploads\\\/2023\\\/07\\\/logo_ED.jpg\",\"contentUrl\":\"https:\\\/\\\/www.eldiario.net\\\/portal\\\/wp-content\\\/uploads\\\/2023\\\/07\\\/logo_ED.jpg\",\"width\":272,\"height\":52,\"caption\":\"El Diario - Decano de la prensa nacional\"},\"image\":{\"@id\":\"https:\\\/\\\/www.eldiario.net\\\/portal\\\/#\\\/schema\\\/logo\\\/image\\\/\"},\"sameAs\":[\"https:\\\/\\\/www.facebook.com\\\/eldiario.bolivia\\\/\",\"https:\\\/\\\/x.com\\\/eldiario_net\"]},{\"@type\":\"Person\",\"@id\":\"https:\\\/\\\/www.eldiario.net\\\/portal\\\/#\\\/schema\\\/person\\\/f46445640444750d7d753ccd04ae01b7\",\"name\":\"Jeanette\",\"image\":{\"@type\":\"ImageObject\",\"inLanguage\":\"es\",\"@id\":\"https:\\\/\\\/secure.gravatar.com\\\/avatar\\\/3ea2118a5f7dad2b7138b1187a6b7ee55f160b9968b66013c3a3ef39dd7e5798?s=96&d=mm&r=g\",\"url\":\"https:\\\/\\\/secure.gravatar.com\\\/avatar\\\/3ea2118a5f7dad2b7138b1187a6b7ee55f160b9968b66013c3a3ef39dd7e5798?s=96&d=mm&r=g\",\"contentUrl\":\"https:\\\/\\\/secure.gravatar.com\\\/avatar\\\/3ea2118a5f7dad2b7138b1187a6b7ee55f160b9968b66013c3a3ef39dd7e5798?s=96&d=mm&r=g\",\"caption\":\"Jeanette\"},\"sameAs\":[\"https:\\\/\\\/www.eldiario.net\\\/portal\"],\"url\":\"https:\\\/\\\/www.eldiario.net\\\/portal\\\/author\\\/jeanette\\\/\"}]}<\/script>\n<!-- \/ Yoast SEO plugin. -->","yoast_head_json":{"title":"Advierten \u201ctentaci\u00f3n\u201d en opositores para asumir presidencia del Senado - El Diario - Bolivia","robots":{"index":"index","follow":"follow","max-snippet":"max-snippet:-1","max-image-preview":"max-image-preview:large","max-video-preview":"max-video-preview:-1"},"canonical":"https:\/\/www.eldiario.net\/portal\/2024\/10\/29\/advierten-tentacion-en-opositores-para-asumir-presidencia-del-senado\/","og_locale":"es_ES","og_type":"article","og_title":"Advierten \u201ctentaci\u00f3n\u201d en opositores para asumir presidencia del Senado - El Diario - Bolivia","og_description":"Observando algunas \u201ctentaciones\u201d de asamble\u00edstas opositores para asumir la presidencia del Senado aprovechando la divisi\u00f3n interna en el Movimiento al Socialismo (MAS), el senador por Comunidad Ciudadana (CC), Rodrigo Paz Pereira, advirti\u00f3 que esta posibilidad va contra la norma y dar\u00eda paso a una maniobra pol\u00edtica del \u201cevismo\u201d para retornar al poder en corto tiempo. [&hellip;]","og_url":"https:\/\/www.eldiario.net\/portal\/2024\/10\/29\/advierten-tentacion-en-opositores-para-asumir-presidencia-del-senado\/","og_site_name":"El Diario - Bolivia","article_publisher":"https:\/\/www.facebook.com\/eldiario.bolivia\/","article_published_time":"2024-10-29T09:58:05+00:00","og_image":[{"width":1461,"height":993,"url":"https:\/\/www.eldiario.net\/portal\/wp-content\/uploads\/2024\/10\/PAZ-FOTO.jpg","type":"image\/jpeg"}],"author":"Jeanette","twitter_card":"summary_large_image","twitter_creator":"@eldiario_net","twitter_site":"@eldiario_net","twitter_misc":{"Escrito por":"Jeanette","Tiempo de lectura":"2 minutos"},"schema":{"@context":"https:\/\/schema.org","@graph":[{"@type":"Article","@id":"https:\/\/www.eldiario.net\/portal\/2024\/10\/29\/advierten-tentacion-en-opositores-para-asumir-presidencia-del-senado\/#article","isPartOf":{"@id":"https:\/\/www.eldiario.net\/portal\/2024\/10\/29\/advierten-tentacion-en-opositores-para-asumir-presidencia-del-senado\/"},"author":{"name":"Jeanette","@id":"https:\/\/www.eldiario.net\/portal\/#\/schema\/person\/f46445640444750d7d753ccd04ae01b7"},"headline":"Advierten \u201ctentaci\u00f3n\u201d en opositores para asumir presidencia del Senado","datePublished":"2024-10-29T09:58:05+00:00","mainEntityOfPage":{"@id":"https:\/\/www.eldiario.net\/portal\/2024\/10\/29\/advierten-tentacion-en-opositores-para-asumir-presidencia-del-senado\/"},"wordCount":373,"publisher":{"@id":"https:\/\/www.eldiario.net\/portal\/#organization"},"image":{"@id":"https:\/\/www.eldiario.net\/portal\/2024\/10\/29\/advierten-tentacion-en-opositores-para-asumir-presidencia-del-senado\/#primaryimage"},"thumbnailUrl":"https:\/\/www.eldiario.net\/portal\/wp-content\/uploads\/2024\/10\/PAZ-FOTO.jpg","articleSection":["Pol\u00edtica"],"inLanguage":"es"},{"@type":"WebPage","@id":"https:\/\/www.eldiario.net\/portal\/2024\/10\/29\/advierten-tentacion-en-opositores-para-asumir-presidencia-del-senado\/","url":"https:\/\/www.eldiario.net\/portal\/2024\/10\/29\/advierten-tentacion-en-opositores-para-asumir-presidencia-del-senado\/","name":"Advierten \u201ctentaci\u00f3n\u201d en opositores para asumir presidencia del Senado - El Diario - Bolivia","isPartOf":{"@id":"https:\/\/www.eldiario.net\/portal\/#website"},"primaryImageOfPage":{"@id":"https:\/\/www.eldiario.net\/portal\/2024\/10\/29\/advierten-tentacion-en-opositores-para-asumir-presidencia-del-senado\/#primaryimage"},"image":{"@id":"https:\/\/www.eldiario.net\/portal\/2024\/10\/29\/advierten-tentacion-en-opositores-para-asumir-presidencia-del-senado\/#primaryimage"},"thumbnailUrl":"https:\/\/www.eldiario.net\/portal\/wp-content\/uploads\/2024\/10\/PAZ-FOTO.jpg","datePublished":"2024-10-29T09:58:05+00:00","breadcrumb":{"@id":"https:\/\/www.eldiario.net\/portal\/2024\/10\/29\/advierten-tentacion-en-opositores-para-asumir-presidencia-del-senado\/#breadcrumb"},"inLanguage":"es","potentialAction":[{"@type":"ReadAction","target":["https:\/\/www.eldiario.net\/portal\/2024\/10\/29\/advierten-tentacion-en-opositores-para-asumir-presidencia-del-senado\/"]}]},{"@type":"ImageObject","inLanguage":"es","@id":"https:\/\/www.eldiario.net\/portal\/2024\/10\/29\/advierten-tentacion-en-opositores-para-asumir-presidencia-del-senado\/#primaryimage","url":"https:\/\/www.eldiario.net\/portal\/wp-content\/uploads\/2024\/10\/PAZ-FOTO.jpg","contentUrl":"https:\/\/www.eldiario.net\/portal\/wp-content\/uploads\/2024\/10\/PAZ-FOTO.jpg","width":1461,"height":993,"caption":"Senador Rodrigo Paz Pereira (CC) CREDITOS \/ RRSS"},{"@type":"BreadcrumbList","@id":"https:\/\/www.eldiario.net\/portal\/2024\/10\/29\/advierten-tentacion-en-opositores-para-asumir-presidencia-del-senado\/#breadcrumb","itemListElement":[{"@type":"ListItem","position":1,"name":"Portada","item":"https:\/\/www.eldiario.net\/portal\/"},{"@type":"ListItem","position":2,"name":"Advierten \u201ctentaci\u00f3n\u201d en opositores para asumir presidencia del Senado"}]},{"@type":"WebSite","@id":"https:\/\/www.eldiario.net\/portal\/#website","url":"https:\/\/www.eldiario.net\/portal\/","name":"El Diario - Decano de la prensa nacional","description":"El Diario - Decano de la prensa nacional","publisher":{"@id":"https:\/\/www.eldiario.net\/portal\/#organization"},"potentialAction":[{"@type":"SearchAction","target":{"@type":"EntryPoint","urlTemplate":"https:\/\/www.eldiario.net\/portal\/?s={search_term_string}"},"query-input":{"@type":"PropertyValueSpecification","valueRequired":true,"valueName":"search_term_string"}}],"inLanguage":"es"},{"@type":"Organization","@id":"https:\/\/www.eldiario.net\/portal\/#organization","name":"El Diario - Decano de la prensa nacional","url":"https:\/\/www.eldiario.net\/portal\/","logo":{"@type":"ImageObject","inLanguage":"es","@id":"https:\/\/www.eldiario.net\/portal\/#\/schema\/logo\/image\/","url":"https:\/\/www.eldiario.net\/portal\/wp-content\/uploads\/2023\/07\/logo_ED.jpg","contentUrl":"https:\/\/www.eldiario.net\/portal\/wp-content\/uploads\/2023\/07\/logo_ED.jpg","width":272,"height":52,"caption":"El Diario - Decano de la prensa nacional"},"image":{"@id":"https:\/\/www.eldiario.net\/portal\/#\/schema\/logo\/image\/"},"sameAs":["https:\/\/www.facebook.com\/eldiario.bolivia\/","https:\/\/x.com\/eldiario_net"]},{"@type":"Person","@id":"https:\/\/www.eldiario.net\/portal\/#\/schema\/person\/f46445640444750d7d753ccd04ae01b7","name":"Jeanette","image":{"@type":"ImageObject","inLanguage":"es","@id":"https:\/\/secure.gravatar.com\/avatar\/3ea2118a5f7dad2b7138b1187a6b7ee55f160b9968b66013c3a3ef39dd7e5798?s=96&d=mm&r=g","url":"https:\/\/secure.gravatar.com\/avatar\/3ea2118a5f7dad2b7138b1187a6b7ee55f160b9968b66013c3a3ef39dd7e5798?s=96&d=mm&r=g","contentUrl":"https:\/\/secure.gravatar.com\/avatar\/3ea2118a5f7dad2b7138b1187a6b7ee55f160b9968b66013c3a3ef39dd7e5798?s=96&d=mm&r=g","caption":"Jeanette"},"sameAs":["https:\/\/www.eldiario.net\/portal"],"url":"https:\/\/www.eldiario.net\/portal\/author\/jeanette\/"}]}},"_links":{"self":[{"href":"https:\/\/www.eldiario.net\/portal\/wp-json\/wp\/v2\/posts\/257192","targetHints":{"allow":["GET"]}}],"collection":[{"href":"https:\/\/www.eldiario.net\/portal\/wp-json\/wp\/v2\/posts"}],"about":[{"href":"https:\/\/www.eldiario.net\/portal\/wp-json\/wp\/v2\/types\/post"}],"author":[{"embeddable":true,"href":"https:\/\/www.eldiario.net\/portal\/wp-json\/wp\/v2\/users\/1"}],"replies":[{"embeddable":true,"href":"https:\/\/www.eldiario.net\/portal\/wp-json\/wp\/v2\/comments?post=257192"}],"version-history":[{"count":1,"href":"https:\/\/www.eldiario.net\/portal\/wp-json\/wp\/v2\/posts\/257192\/revisions"}],"predecessor-version":[{"id":257194,"href":"https:\/\/www.eldiario.net\/portal\/wp-json\/wp\/v2\/posts\/257192\/revisions\/257194"}],"wp:featuredmedia":[{"embeddable":true,"href":"https:\/\/www.eldiario.net\/portal\/wp-json\/wp\/v2\/media\/257193"}],"wp:attachment":[{"href":"https:\/\/www.eldiario.net\/portal\/wp-json\/wp\/v2\/media?parent=257192"}],"wp:term":[{"taxonomy":"category","embeddable":true,"href":"https:\/\/www.eldiario.net\/portal\/wp-json\/wp\/v2\/categories?post=257192"},{"taxonomy":"post_tag","embeddable":true,"href":"https:\/\/www.eldiario.net\/portal\/wp-json\/wp\/v2\/tags?post=257192"}],"curies":[{"name":"wp","href":"https:\/\/api.w.org\/{rel}","templated":true}]}}