{"id":257186,"date":"2024-10-29T05:56:58","date_gmt":"2024-10-29T09:56:58","guid":{"rendered":"https:\/\/www.eldiario.net\/portal\/?p=257186"},"modified":"2024-10-29T05:56:58","modified_gmt":"2024-10-29T09:56:58","slug":"pueblo-boliviano-no-tiene-nada-que-ver-en-las-disputas-masistas","status":"publish","type":"post","link":"https:\/\/www.eldiario.net\/portal\/2024\/10\/29\/pueblo-boliviano-no-tiene-nada-que-ver-en-las-disputas-masistas\/","title":{"rendered":"Pueblo boliviano no tiene nada  que ver en las disputas masistas"},"content":{"rendered":"<p>Recordando que el Movimiento al Socialismo (MAS) tiene un amplio historial de montajes, el jefe de la bancada de Creemos en el Senado, Henry Montero, se\u00f1al\u00f3 que el partido en funci\u00f3n de gobierno hoy recurre a la violencia interna por la disputa del poder pol\u00edtico y la impunidad, provocando que el pueblo boliviano sufra las consecuencias de una pelea interna en la que nada tiene que ver.<\/p>\n<p>\u201cAqu\u00ed hay dos personajes que est\u00e1n sacando r\u00e9ditos del sufrimiento de los bolivianos, \u00e9se personaje es el nefasto Evo Morales que, por supuesto, est\u00e1 esperando victimizarse ante la poblaci\u00f3n boliviana de qu\u00e9 casi lo acribillan y, el otro personaje, el incapaz del presidente Arce de podernos sacar de esta crisis, le sirve de cortina de humo. No esperen que haya una investigaci\u00f3n clara\u201d, se\u00f1al\u00f3 Montero.<\/p>\n<p>El legislador explic\u00f3 que el pueblo boliviano sufre las consecuencias de la mala administraci\u00f3n del MAS por los 18 a\u00f1os de gobierno, que varios sectores desde los productores campesinos, gremiales, transportistas, emprendedores, empresarios y otros piden levantar los bloqueos y solucionar sus peleas internamente porque los bolivianos llegaron al extremo de comer el pollo como un lujo.<\/p>\n<p>\u201cLa violencia del masismo en las calles que sufrimos la oposici\u00f3n. Pero, el masismo tiene la historia de montar escenarios que vamos a recordar a los bolivianos: el caso Porvenir, el caso terrorismo y el del 26 de junio (la toma militar de la plaza Murillo) que no deja investigar a la Comisi\u00f3n Especial del Senado, y hoy este caso (del supuesto atentado), realmente hay muchas dudas\u201d, sostuvo.<\/p>\n<p>Montero pidi\u00f3 a los bolivianos que votaron por el MAS a reflexionar y desechar en las pr\u00f3ximas elecciones al partido pol\u00edtico que a nombre de los pobres se enriquecieron por la v\u00eda de la corrupci\u00f3n, los desfalcos, las prebendas y la impunidad.<\/p>\n","protected":false},"excerpt":{"rendered":"<p>Recordando que el Movimiento al Socialismo (MAS) tiene un amplio historial de montajes, el jefe de la bancada de Creemos en el Senado, Henry Montero, se\u00f1al\u00f3 que el partido en funci\u00f3n de gobierno hoy recurre a la violencia interna por la disputa del poder pol\u00edtico y la impunidad, provocando que el pueblo boliviano sufra las [&hellip;]<\/p>\n","protected":false},"author":1,"featured_media":257187,"comment_status":"closed","ping_status":"open","sticky":false,"template":"","format":"standard","meta":{"_acf_changed":false,"footnotes":""},"categories":[14],"tags":[],"class_list":["post-257186","post","type-post","status-publish","format-standard","has-post-thumbnail","category-politica"],"acf":{"antetitulo":"Dos personajes buscan r\u00e9dito pol\u00edtico"},"yoast_head":"<!-- This site is optimized with the Yoast SEO plugin v28.4 - https:\/\/yoast.com\/product\/yoast-seo-wordpress\/ -->\n<title>Pueblo boliviano no tiene nada que ver en las disputas masistas - El Diario - Bolivia<\/title>\n<meta name=\"robots\" content=\"index, follow, max-snippet:-1, max-image-preview:large, max-video-preview:-1\" \/>\n<link rel=\"canonical\" href=\"https:\/\/www.eldiario.net\/portal\/2024\/10\/29\/pueblo-boliviano-no-tiene-nada-que-ver-en-las-disputas-masistas\/\" \/>\n<meta property=\"og:locale\" content=\"es_ES\" \/>\n<meta property=\"og:type\" content=\"article\" \/>\n<meta property=\"og:title\" content=\"Pueblo boliviano no tiene nada que ver en las disputas masistas - El Diario - Bolivia\" \/>\n<meta property=\"og:description\" content=\"Recordando que el Movimiento al Socialismo (MAS) tiene un amplio historial de montajes, el jefe de la bancada de Creemos en el Senado, Henry Montero, se\u00f1al\u00f3 que el partido en funci\u00f3n de gobierno hoy recurre a la violencia interna por la disputa del poder pol\u00edtico y la impunidad, provocando que el pueblo boliviano sufra las [&hellip;]\" \/>\n<meta property=\"og:url\" content=\"https:\/\/www.eldiario.net\/portal\/2024\/10\/29\/pueblo-boliviano-no-tiene-nada-que-ver-en-las-disputas-masistas\/\" \/>\n<meta property=\"og:site_name\" content=\"El Diario - Bolivia\" \/>\n<meta property=\"article:publisher\" content=\"https:\/\/www.facebook.com\/eldiario.bolivia\/\" \/>\n<meta property=\"article:published_time\" content=\"2024-10-29T09:56:58+00:00\" \/>\n<meta property=\"og:image\" content=\"https:\/\/www.eldiario.net\/portal\/wp-content\/uploads\/2024\/10\/PUEBLO-FOTO.jpg\" \/>\n\t<meta property=\"og:image:width\" content=\"1497\" \/>\n\t<meta property=\"og:image:height\" content=\"970\" \/>\n\t<meta property=\"og:image:type\" content=\"image\/jpeg\" \/>\n<meta name=\"author\" content=\"Jeanette\" \/>\n<meta name=\"twitter:card\" content=\"summary_large_image\" \/>\n<meta name=\"twitter:creator\" content=\"@eldiario_net\" \/>\n<meta name=\"twitter:site\" content=\"@eldiario_net\" \/>\n<meta name=\"twitter:label1\" content=\"Escrito por\" \/>\n\t<meta name=\"twitter:data1\" content=\"Jeanette\" \/>\n\t<meta name=\"twitter:label2\" content=\"Tiempo de lectura\" \/>\n\t<meta name=\"twitter:data2\" content=\"2 minutos\" \/>\n<script type=\"application\/ld+json\" class=\"yoast-schema-graph\">{\"@context\":\"https:\\\/\\\/schema.org\",\"@graph\":[{\"@type\":\"Article\",\"@id\":\"https:\\\/\\\/www.eldiario.net\\\/portal\\\/2024\\\/10\\\/29\\\/pueblo-boliviano-no-tiene-nada-que-ver-en-las-disputas-masistas\\\/#article\",\"isPartOf\":{\"@id\":\"https:\\\/\\\/www.eldiario.net\\\/portal\\\/2024\\\/10\\\/29\\\/pueblo-boliviano-no-tiene-nada-que-ver-en-las-disputas-masistas\\\/\"},\"author\":{\"name\":\"Jeanette\",\"@id\":\"https:\\\/\\\/www.eldiario.net\\\/portal\\\/#\\\/schema\\\/person\\\/f46445640444750d7d753ccd04ae01b7\"},\"headline\":\"Pueblo boliviano no tiene nada que ver en las disputas masistas\",\"datePublished\":\"2024-10-29T09:56:58+00:00\",\"mainEntityOfPage\":{\"@id\":\"https:\\\/\\\/www.eldiario.net\\\/portal\\\/2024\\\/10\\\/29\\\/pueblo-boliviano-no-tiene-nada-que-ver-en-las-disputas-masistas\\\/\"},\"wordCount\":324,\"publisher\":{\"@id\":\"https:\\\/\\\/www.eldiario.net\\\/portal\\\/#organization\"},\"image\":{\"@id\":\"https:\\\/\\\/www.eldiario.net\\\/portal\\\/2024\\\/10\\\/29\\\/pueblo-boliviano-no-tiene-nada-que-ver-en-las-disputas-masistas\\\/#primaryimage\"},\"thumbnailUrl\":\"https:\\\/\\\/www.eldiario.net\\\/portal\\\/wp-content\\\/uploads\\\/2024\\\/10\\\/PUEBLO-FOTO.jpg\",\"articleSection\":[\"Pol\u00edtica\"],\"inLanguage\":\"es\"},{\"@type\":\"WebPage\",\"@id\":\"https:\\\/\\\/www.eldiario.net\\\/portal\\\/2024\\\/10\\\/29\\\/pueblo-boliviano-no-tiene-nada-que-ver-en-las-disputas-masistas\\\/\",\"url\":\"https:\\\/\\\/www.eldiario.net\\\/portal\\\/2024\\\/10\\\/29\\\/pueblo-boliviano-no-tiene-nada-que-ver-en-las-disputas-masistas\\\/\",\"name\":\"Pueblo boliviano no tiene nada que ver en las disputas masistas - El Diario - Bolivia\",\"isPartOf\":{\"@id\":\"https:\\\/\\\/www.eldiario.net\\\/portal\\\/#website\"},\"primaryImageOfPage\":{\"@id\":\"https:\\\/\\\/www.eldiario.net\\\/portal\\\/2024\\\/10\\\/29\\\/pueblo-boliviano-no-tiene-nada-que-ver-en-las-disputas-masistas\\\/#primaryimage\"},\"image\":{\"@id\":\"https:\\\/\\\/www.eldiario.net\\\/portal\\\/2024\\\/10\\\/29\\\/pueblo-boliviano-no-tiene-nada-que-ver-en-las-disputas-masistas\\\/#primaryimage\"},\"thumbnailUrl\":\"https:\\\/\\\/www.eldiario.net\\\/portal\\\/wp-content\\\/uploads\\\/2024\\\/10\\\/PUEBLO-FOTO.jpg\",\"datePublished\":\"2024-10-29T09:56:58+00:00\",\"breadcrumb\":{\"@id\":\"https:\\\/\\\/www.eldiario.net\\\/portal\\\/2024\\\/10\\\/29\\\/pueblo-boliviano-no-tiene-nada-que-ver-en-las-disputas-masistas\\\/#breadcrumb\"},\"inLanguage\":\"es\",\"potentialAction\":[{\"@type\":\"ReadAction\",\"target\":[\"https:\\\/\\\/www.eldiario.net\\\/portal\\\/2024\\\/10\\\/29\\\/pueblo-boliviano-no-tiene-nada-que-ver-en-las-disputas-masistas\\\/\"]}]},{\"@type\":\"ImageObject\",\"inLanguage\":\"es\",\"@id\":\"https:\\\/\\\/www.eldiario.net\\\/portal\\\/2024\\\/10\\\/29\\\/pueblo-boliviano-no-tiene-nada-que-ver-en-las-disputas-masistas\\\/#primaryimage\",\"url\":\"https:\\\/\\\/www.eldiario.net\\\/portal\\\/wp-content\\\/uploads\\\/2024\\\/10\\\/PUEBLO-FOTO.jpg\",\"contentUrl\":\"https:\\\/\\\/www.eldiario.net\\\/portal\\\/wp-content\\\/uploads\\\/2024\\\/10\\\/PUEBLO-FOTO.jpg\",\"width\":1497,\"height\":970,\"caption\":\"Senador Henry Montero (Creemos) CREDITOS \\\/ RRSS\"},{\"@type\":\"BreadcrumbList\",\"@id\":\"https:\\\/\\\/www.eldiario.net\\\/portal\\\/2024\\\/10\\\/29\\\/pueblo-boliviano-no-tiene-nada-que-ver-en-las-disputas-masistas\\\/#breadcrumb\",\"itemListElement\":[{\"@type\":\"ListItem\",\"position\":1,\"name\":\"Portada\",\"item\":\"https:\\\/\\\/www.eldiario.net\\\/portal\\\/\"},{\"@type\":\"ListItem\",\"position\":2,\"name\":\"Pueblo boliviano no tiene nada que ver en las disputas masistas\"}]},{\"@type\":\"WebSite\",\"@id\":\"https:\\\/\\\/www.eldiario.net\\\/portal\\\/#website\",\"url\":\"https:\\\/\\\/www.eldiario.net\\\/portal\\\/\",\"name\":\"El Diario - Decano de la prensa nacional\",\"description\":\"El Diario - Decano de la prensa nacional\",\"publisher\":{\"@id\":\"https:\\\/\\\/www.eldiario.net\\\/portal\\\/#organization\"},\"potentialAction\":[{\"@type\":\"SearchAction\",\"target\":{\"@type\":\"EntryPoint\",\"urlTemplate\":\"https:\\\/\\\/www.eldiario.net\\\/portal\\\/?s={search_term_string}\"},\"query-input\":{\"@type\":\"PropertyValueSpecification\",\"valueRequired\":true,\"valueName\":\"search_term_string\"}}],\"inLanguage\":\"es\"},{\"@type\":\"Organization\",\"@id\":\"https:\\\/\\\/www.eldiario.net\\\/portal\\\/#organization\",\"name\":\"El Diario - Decano de la prensa nacional\",\"url\":\"https:\\\/\\\/www.eldiario.net\\\/portal\\\/\",\"logo\":{\"@type\":\"ImageObject\",\"inLanguage\":\"es\",\"@id\":\"https:\\\/\\\/www.eldiario.net\\\/portal\\\/#\\\/schema\\\/logo\\\/image\\\/\",\"url\":\"https:\\\/\\\/www.eldiario.net\\\/portal\\\/wp-content\\\/uploads\\\/2023\\\/07\\\/logo_ED.jpg\",\"contentUrl\":\"https:\\\/\\\/www.eldiario.net\\\/portal\\\/wp-content\\\/uploads\\\/2023\\\/07\\\/logo_ED.jpg\",\"width\":272,\"height\":52,\"caption\":\"El Diario - Decano de la prensa nacional\"},\"image\":{\"@id\":\"https:\\\/\\\/www.eldiario.net\\\/portal\\\/#\\\/schema\\\/logo\\\/image\\\/\"},\"sameAs\":[\"https:\\\/\\\/www.facebook.com\\\/eldiario.bolivia\\\/\",\"https:\\\/\\\/x.com\\\/eldiario_net\"]},{\"@type\":\"Person\",\"@id\":\"https:\\\/\\\/www.eldiario.net\\\/portal\\\/#\\\/schema\\\/person\\\/f46445640444750d7d753ccd04ae01b7\",\"name\":\"Jeanette\",\"image\":{\"@type\":\"ImageObject\",\"inLanguage\":\"es\",\"@id\":\"https:\\\/\\\/secure.gravatar.com\\\/avatar\\\/3ea2118a5f7dad2b7138b1187a6b7ee55f160b9968b66013c3a3ef39dd7e5798?s=96&d=mm&r=g\",\"url\":\"https:\\\/\\\/secure.gravatar.com\\\/avatar\\\/3ea2118a5f7dad2b7138b1187a6b7ee55f160b9968b66013c3a3ef39dd7e5798?s=96&d=mm&r=g\",\"contentUrl\":\"https:\\\/\\\/secure.gravatar.com\\\/avatar\\\/3ea2118a5f7dad2b7138b1187a6b7ee55f160b9968b66013c3a3ef39dd7e5798?s=96&d=mm&r=g\",\"caption\":\"Jeanette\"},\"sameAs\":[\"https:\\\/\\\/www.eldiario.net\\\/portal\"],\"url\":\"https:\\\/\\\/www.eldiario.net\\\/portal\\\/author\\\/jeanette\\\/\"}]}<\/script>\n<!-- \/ Yoast SEO plugin. -->","yoast_head_json":{"title":"Pueblo boliviano no tiene nada que ver en las disputas masistas - El Diario - Bolivia","robots":{"index":"index","follow":"follow","max-snippet":"max-snippet:-1","max-image-preview":"max-image-preview:large","max-video-preview":"max-video-preview:-1"},"canonical":"https:\/\/www.eldiario.net\/portal\/2024\/10\/29\/pueblo-boliviano-no-tiene-nada-que-ver-en-las-disputas-masistas\/","og_locale":"es_ES","og_type":"article","og_title":"Pueblo boliviano no tiene nada que ver en las disputas masistas - El Diario - Bolivia","og_description":"Recordando que el Movimiento al Socialismo (MAS) tiene un amplio historial de montajes, el jefe de la bancada de Creemos en el Senado, Henry Montero, se\u00f1al\u00f3 que el partido en funci\u00f3n de gobierno hoy recurre a la violencia interna por la disputa del poder pol\u00edtico y la impunidad, provocando que el pueblo boliviano sufra las [&hellip;]","og_url":"https:\/\/www.eldiario.net\/portal\/2024\/10\/29\/pueblo-boliviano-no-tiene-nada-que-ver-en-las-disputas-masistas\/","og_site_name":"El Diario - Bolivia","article_publisher":"https:\/\/www.facebook.com\/eldiario.bolivia\/","article_published_time":"2024-10-29T09:56:58+00:00","og_image":[{"width":1497,"height":970,"url":"https:\/\/www.eldiario.net\/portal\/wp-content\/uploads\/2024\/10\/PUEBLO-FOTO.jpg","type":"image\/jpeg"}],"author":"Jeanette","twitter_card":"summary_large_image","twitter_creator":"@eldiario_net","twitter_site":"@eldiario_net","twitter_misc":{"Escrito por":"Jeanette","Tiempo de lectura":"2 minutos"},"schema":{"@context":"https:\/\/schema.org","@graph":[{"@type":"Article","@id":"https:\/\/www.eldiario.net\/portal\/2024\/10\/29\/pueblo-boliviano-no-tiene-nada-que-ver-en-las-disputas-masistas\/#article","isPartOf":{"@id":"https:\/\/www.eldiario.net\/portal\/2024\/10\/29\/pueblo-boliviano-no-tiene-nada-que-ver-en-las-disputas-masistas\/"},"author":{"name":"Jeanette","@id":"https:\/\/www.eldiario.net\/portal\/#\/schema\/person\/f46445640444750d7d753ccd04ae01b7"},"headline":"Pueblo boliviano no tiene nada que ver en las disputas masistas","datePublished":"2024-10-29T09:56:58+00:00","mainEntityOfPage":{"@id":"https:\/\/www.eldiario.net\/portal\/2024\/10\/29\/pueblo-boliviano-no-tiene-nada-que-ver-en-las-disputas-masistas\/"},"wordCount":324,"publisher":{"@id":"https:\/\/www.eldiario.net\/portal\/#organization"},"image":{"@id":"https:\/\/www.eldiario.net\/portal\/2024\/10\/29\/pueblo-boliviano-no-tiene-nada-que-ver-en-las-disputas-masistas\/#primaryimage"},"thumbnailUrl":"https:\/\/www.eldiario.net\/portal\/wp-content\/uploads\/2024\/10\/PUEBLO-FOTO.jpg","articleSection":["Pol\u00edtica"],"inLanguage":"es"},{"@type":"WebPage","@id":"https:\/\/www.eldiario.net\/portal\/2024\/10\/29\/pueblo-boliviano-no-tiene-nada-que-ver-en-las-disputas-masistas\/","url":"https:\/\/www.eldiario.net\/portal\/2024\/10\/29\/pueblo-boliviano-no-tiene-nada-que-ver-en-las-disputas-masistas\/","name":"Pueblo boliviano no tiene nada que ver en las disputas masistas - El Diario - Bolivia","isPartOf":{"@id":"https:\/\/www.eldiario.net\/portal\/#website"},"primaryImageOfPage":{"@id":"https:\/\/www.eldiario.net\/portal\/2024\/10\/29\/pueblo-boliviano-no-tiene-nada-que-ver-en-las-disputas-masistas\/#primaryimage"},"image":{"@id":"https:\/\/www.eldiario.net\/portal\/2024\/10\/29\/pueblo-boliviano-no-tiene-nada-que-ver-en-las-disputas-masistas\/#primaryimage"},"thumbnailUrl":"https:\/\/www.eldiario.net\/portal\/wp-content\/uploads\/2024\/10\/PUEBLO-FOTO.jpg","datePublished":"2024-10-29T09:56:58+00:00","breadcrumb":{"@id":"https:\/\/www.eldiario.net\/portal\/2024\/10\/29\/pueblo-boliviano-no-tiene-nada-que-ver-en-las-disputas-masistas\/#breadcrumb"},"inLanguage":"es","potentialAction":[{"@type":"ReadAction","target":["https:\/\/www.eldiario.net\/portal\/2024\/10\/29\/pueblo-boliviano-no-tiene-nada-que-ver-en-las-disputas-masistas\/"]}]},{"@type":"ImageObject","inLanguage":"es","@id":"https:\/\/www.eldiario.net\/portal\/2024\/10\/29\/pueblo-boliviano-no-tiene-nada-que-ver-en-las-disputas-masistas\/#primaryimage","url":"https:\/\/www.eldiario.net\/portal\/wp-content\/uploads\/2024\/10\/PUEBLO-FOTO.jpg","contentUrl":"https:\/\/www.eldiario.net\/portal\/wp-content\/uploads\/2024\/10\/PUEBLO-FOTO.jpg","width":1497,"height":970,"caption":"Senador Henry Montero (Creemos) CREDITOS \/ RRSS"},{"@type":"BreadcrumbList","@id":"https:\/\/www.eldiario.net\/portal\/2024\/10\/29\/pueblo-boliviano-no-tiene-nada-que-ver-en-las-disputas-masistas\/#breadcrumb","itemListElement":[{"@type":"ListItem","position":1,"name":"Portada","item":"https:\/\/www.eldiario.net\/portal\/"},{"@type":"ListItem","position":2,"name":"Pueblo boliviano no tiene nada que ver en las disputas masistas"}]},{"@type":"WebSite","@id":"https:\/\/www.eldiario.net\/portal\/#website","url":"https:\/\/www.eldiario.net\/portal\/","name":"El Diario - Decano de la prensa nacional","description":"El Diario - Decano de la prensa nacional","publisher":{"@id":"https:\/\/www.eldiario.net\/portal\/#organization"},"potentialAction":[{"@type":"SearchAction","target":{"@type":"EntryPoint","urlTemplate":"https:\/\/www.eldiario.net\/portal\/?s={search_term_string}"},"query-input":{"@type":"PropertyValueSpecification","valueRequired":true,"valueName":"search_term_string"}}],"inLanguage":"es"},{"@type":"Organization","@id":"https:\/\/www.eldiario.net\/portal\/#organization","name":"El Diario - Decano de la prensa nacional","url":"https:\/\/www.eldiario.net\/portal\/","logo":{"@type":"ImageObject","inLanguage":"es","@id":"https:\/\/www.eldiario.net\/portal\/#\/schema\/logo\/image\/","url":"https:\/\/www.eldiario.net\/portal\/wp-content\/uploads\/2023\/07\/logo_ED.jpg","contentUrl":"https:\/\/www.eldiario.net\/portal\/wp-content\/uploads\/2023\/07\/logo_ED.jpg","width":272,"height":52,"caption":"El Diario - Decano de la prensa nacional"},"image":{"@id":"https:\/\/www.eldiario.net\/portal\/#\/schema\/logo\/image\/"},"sameAs":["https:\/\/www.facebook.com\/eldiario.bolivia\/","https:\/\/x.com\/eldiario_net"]},{"@type":"Person","@id":"https:\/\/www.eldiario.net\/portal\/#\/schema\/person\/f46445640444750d7d753ccd04ae01b7","name":"Jeanette","image":{"@type":"ImageObject","inLanguage":"es","@id":"https:\/\/secure.gravatar.com\/avatar\/3ea2118a5f7dad2b7138b1187a6b7ee55f160b9968b66013c3a3ef39dd7e5798?s=96&d=mm&r=g","url":"https:\/\/secure.gravatar.com\/avatar\/3ea2118a5f7dad2b7138b1187a6b7ee55f160b9968b66013c3a3ef39dd7e5798?s=96&d=mm&r=g","contentUrl":"https:\/\/secure.gravatar.com\/avatar\/3ea2118a5f7dad2b7138b1187a6b7ee55f160b9968b66013c3a3ef39dd7e5798?s=96&d=mm&r=g","caption":"Jeanette"},"sameAs":["https:\/\/www.eldiario.net\/portal"],"url":"https:\/\/www.eldiario.net\/portal\/author\/jeanette\/"}]}},"_links":{"self":[{"href":"https:\/\/www.eldiario.net\/portal\/wp-json\/wp\/v2\/posts\/257186","targetHints":{"allow":["GET"]}}],"collection":[{"href":"https:\/\/www.eldiario.net\/portal\/wp-json\/wp\/v2\/posts"}],"about":[{"href":"https:\/\/www.eldiario.net\/portal\/wp-json\/wp\/v2\/types\/post"}],"author":[{"embeddable":true,"href":"https:\/\/www.eldiario.net\/portal\/wp-json\/wp\/v2\/users\/1"}],"replies":[{"embeddable":true,"href":"https:\/\/www.eldiario.net\/portal\/wp-json\/wp\/v2\/comments?post=257186"}],"version-history":[{"count":1,"href":"https:\/\/www.eldiario.net\/portal\/wp-json\/wp\/v2\/posts\/257186\/revisions"}],"predecessor-version":[{"id":257188,"href":"https:\/\/www.eldiario.net\/portal\/wp-json\/wp\/v2\/posts\/257186\/revisions\/257188"}],"wp:featuredmedia":[{"embeddable":true,"href":"https:\/\/www.eldiario.net\/portal\/wp-json\/wp\/v2\/media\/257187"}],"wp:attachment":[{"href":"https:\/\/www.eldiario.net\/portal\/wp-json\/wp\/v2\/media?parent=257186"}],"wp:term":[{"taxonomy":"category","embeddable":true,"href":"https:\/\/www.eldiario.net\/portal\/wp-json\/wp\/v2\/categories?post=257186"},{"taxonomy":"post_tag","embeddable":true,"href":"https:\/\/www.eldiario.net\/portal\/wp-json\/wp\/v2\/tags?post=257186"}],"curies":[{"name":"wp","href":"https:\/\/api.w.org\/{rel}","templated":true}]}}