{"id":257183,"date":"2024-10-29T05:55:57","date_gmt":"2024-10-29T09:55:57","guid":{"rendered":"https:\/\/www.eldiario.net\/portal\/?p=257183"},"modified":"2024-10-29T05:55:57","modified_gmt":"2024-10-29T09:55:57","slug":"policia-aprehende-a-14-personas-en-bloqueo-de-ruta-la-paz-oruro","status":"publish","type":"post","link":"https:\/\/www.eldiario.net\/portal\/2024\/10\/29\/policia-aprehende-a-14-personas-en-bloqueo-de-ruta-la-paz-oruro\/","title":{"rendered":"Polic\u00eda aprehende a 14 personas en bloqueo de ruta La Paz-Oruro"},"content":{"rendered":"<p>La Polic\u00eda intervino ayer un bloqueo de organizaciones sociales simpatizantes del \u201cevismo\u201d en el sector de Panduro, en la carretera La Paz-Oruro, inform\u00f3 el comandante departamental de la Polic\u00eda, Gunther Agudo, logrando la aprehensi\u00f3n de 14 personas.<\/p>\n<p>En el intento de bloqueo participaron aproximadamente 80 personas que interrumpieron el tr\u00e1fico vehicular; sin embargo, un contingente de efectivos del orden intervino y levant\u00f3 la medida, aprehendiendo a nueve varones y cinco mujeres junto a un promontorio de tierra que obstru\u00eda la carretera entre ambos departamentos.<\/p>\n<p>\u201cNosotros, como Polic\u00eda Boliviana, y m\u00e1s que todo el Comando Departamental de Polic\u00eda de La Paz, estamos realizando patrullajes permanentes en las diferentes rutas para evitar que exista este perjuicio para la sociedad\u201d, a\u00f1adi\u00f3 Agudo.<\/p>\n<p>Los detenidos fueron remitidos hasta dependencias de la Fuerza Especial de Lucha Contra el Crimen (Felcc) de El Alto para el inicio de la investigaci\u00f3n por \u201catentar\u201d contra la libre circulaci\u00f3n de veh\u00edculos.<\/p>\n<p>Seg\u00fan el \u00faltimo reporte de transitabilidad de la Administradora Boliviana de Carreteras (ABC), se registran 23 puntos de bloqueo en el pa\u00eds, donde 19 de ellos est\u00e1n instalados a lo largo del departamento de Cochabamba, uno en el l\u00edmite con Santa Cruz, dos en Oruro y uno en Potos\u00ed.<\/p>\n<p>&nbsp;<\/p>\n<p>LIBERAN A 39 BLOQUEADORES<\/p>\n<p>En tanto, un juzgado de Cochabamba determin\u00f3 otorgar la libertad con medidas sustitutivas a 37 personas anteriormente detenidas el pasado viernes, en la intervenci\u00f3n policial al bloqueo del puente K&#8217;ora en Vinto, inform\u00f3 el abogado, Manuel Mariscal.<\/p>\n<p>Aunque sus defendidos estar\u00e1n en libertad, recibieron arraigo y una fianza de Bs 1.000, adem\u00e1s de que deben presentarse cada 15 d\u00edas ante el Ministerio P\u00fablico, inform\u00f3 el abogado, a tiempo de agregar que sufrieron la vulneraci\u00f3n de sus derechos y que fueron imputados con hechos alejados de la realidad.<\/p>\n<p>Consider\u00f3 que en la audiencia del domingo existi\u00f3 odio y racismo hacia los imputados y que las medidas cautelares en su contra fueron excesivas, por lo cual se present\u00f3 una apelaci\u00f3n.<\/p>\n<p>El bloqueo de caminos, iniciado hace 16 d\u00edas por la facci\u00f3n \u201cevista\u201d para pedir soluciones a la crisis econ\u00f3mica y el cese de procesos contra\u00a0Evo Morales, se radicaliz\u00f3 hace unos d\u00edas pidiendo la renuncia del presidente, Luis Arce. (EL DIARIO, Erbol y agencias)<\/p>\n","protected":false},"excerpt":{"rendered":"<p>La Polic\u00eda intervino ayer un bloqueo de organizaciones sociales simpatizantes del \u201cevismo\u201d en el sector de Panduro, en la carretera La Paz-Oruro, inform\u00f3 el comandante departamental de la Polic\u00eda, Gunther Agudo, logrando la aprehensi\u00f3n de 14 personas. En el intento de bloqueo participaron aproximadamente 80 personas que interrumpieron el tr\u00e1fico vehicular; sin embargo, un contingente [&hellip;]<\/p>\n","protected":false},"author":1,"featured_media":257184,"comment_status":"closed","ping_status":"open","sticky":false,"template":"","format":"standard","meta":{"_acf_changed":false,"footnotes":""},"categories":[39],"tags":[],"class_list":["post-257183","post","type-post","status-publish","format-standard","has-post-thumbnail","category-sociedad"],"acf":{"antetitulo":""},"yoast_head":"<!-- This site is optimized with the Yoast SEO plugin v28.4 - https:\/\/yoast.com\/product\/yoast-seo-wordpress\/ -->\n<title>Polic\u00eda aprehende a 14 personas en bloqueo de ruta La Paz-Oruro - El Diario - Bolivia<\/title>\n<meta name=\"robots\" content=\"index, follow, max-snippet:-1, max-image-preview:large, max-video-preview:-1\" \/>\n<link rel=\"canonical\" href=\"https:\/\/www.eldiario.net\/portal\/2024\/10\/29\/policia-aprehende-a-14-personas-en-bloqueo-de-ruta-la-paz-oruro\/\" \/>\n<meta property=\"og:locale\" content=\"es_ES\" \/>\n<meta property=\"og:type\" content=\"article\" \/>\n<meta property=\"og:title\" content=\"Polic\u00eda aprehende a 14 personas en bloqueo de ruta La Paz-Oruro - El Diario - Bolivia\" \/>\n<meta property=\"og:description\" content=\"La Polic\u00eda intervino ayer un bloqueo de organizaciones sociales simpatizantes del \u201cevismo\u201d en el sector de Panduro, en la carretera La Paz-Oruro, inform\u00f3 el comandante departamental de la Polic\u00eda, Gunther Agudo, logrando la aprehensi\u00f3n de 14 personas. En el intento de bloqueo participaron aproximadamente 80 personas que interrumpieron el tr\u00e1fico vehicular; sin embargo, un contingente [&hellip;]\" \/>\n<meta property=\"og:url\" content=\"https:\/\/www.eldiario.net\/portal\/2024\/10\/29\/policia-aprehende-a-14-personas-en-bloqueo-de-ruta-la-paz-oruro\/\" \/>\n<meta property=\"og:site_name\" content=\"El Diario - Bolivia\" \/>\n<meta property=\"article:publisher\" content=\"https:\/\/www.facebook.com\/eldiario.bolivia\/\" \/>\n<meta property=\"article:published_time\" content=\"2024-10-29T09:55:57+00:00\" \/>\n<meta property=\"og:image\" content=\"https:\/\/www.eldiario.net\/portal\/wp-content\/uploads\/2024\/10\/BLOQUEO-FOTO-3.jpg\" \/>\n\t<meta property=\"og:image:width\" content=\"1326\" \/>\n\t<meta property=\"og:image:height\" content=\"756\" \/>\n\t<meta property=\"og:image:type\" content=\"image\/jpeg\" \/>\n<meta name=\"author\" content=\"Jeanette\" \/>\n<meta name=\"twitter:card\" content=\"summary_large_image\" \/>\n<meta name=\"twitter:creator\" content=\"@eldiario_net\" \/>\n<meta name=\"twitter:site\" content=\"@eldiario_net\" \/>\n<meta name=\"twitter:label1\" content=\"Escrito por\" \/>\n\t<meta name=\"twitter:data1\" content=\"Jeanette\" \/>\n\t<meta name=\"twitter:label2\" content=\"Tiempo de lectura\" \/>\n\t<meta name=\"twitter:data2\" content=\"2 minutos\" \/>\n<script type=\"application\/ld+json\" class=\"yoast-schema-graph\">{\"@context\":\"https:\\\/\\\/schema.org\",\"@graph\":[{\"@type\":\"Article\",\"@id\":\"https:\\\/\\\/www.eldiario.net\\\/portal\\\/2024\\\/10\\\/29\\\/policia-aprehende-a-14-personas-en-bloqueo-de-ruta-la-paz-oruro\\\/#article\",\"isPartOf\":{\"@id\":\"https:\\\/\\\/www.eldiario.net\\\/portal\\\/2024\\\/10\\\/29\\\/policia-aprehende-a-14-personas-en-bloqueo-de-ruta-la-paz-oruro\\\/\"},\"author\":{\"name\":\"Jeanette\",\"@id\":\"https:\\\/\\\/www.eldiario.net\\\/portal\\\/#\\\/schema\\\/person\\\/f46445640444750d7d753ccd04ae01b7\"},\"headline\":\"Polic\u00eda aprehende a 14 personas en bloqueo de ruta La Paz-Oruro\",\"datePublished\":\"2024-10-29T09:55:57+00:00\",\"mainEntityOfPage\":{\"@id\":\"https:\\\/\\\/www.eldiario.net\\\/portal\\\/2024\\\/10\\\/29\\\/policia-aprehende-a-14-personas-en-bloqueo-de-ruta-la-paz-oruro\\\/\"},\"wordCount\":398,\"publisher\":{\"@id\":\"https:\\\/\\\/www.eldiario.net\\\/portal\\\/#organization\"},\"image\":{\"@id\":\"https:\\\/\\\/www.eldiario.net\\\/portal\\\/2024\\\/10\\\/29\\\/policia-aprehende-a-14-personas-en-bloqueo-de-ruta-la-paz-oruro\\\/#primaryimage\"},\"thumbnailUrl\":\"https:\\\/\\\/www.eldiario.net\\\/portal\\\/wp-content\\\/uploads\\\/2024\\\/10\\\/BLOQUEO-FOTO-3.jpg\",\"articleSection\":[\"Sociedad - Seguridad\"],\"inLanguage\":\"es\"},{\"@type\":\"WebPage\",\"@id\":\"https:\\\/\\\/www.eldiario.net\\\/portal\\\/2024\\\/10\\\/29\\\/policia-aprehende-a-14-personas-en-bloqueo-de-ruta-la-paz-oruro\\\/\",\"url\":\"https:\\\/\\\/www.eldiario.net\\\/portal\\\/2024\\\/10\\\/29\\\/policia-aprehende-a-14-personas-en-bloqueo-de-ruta-la-paz-oruro\\\/\",\"name\":\"Polic\u00eda aprehende a 14 personas en bloqueo de ruta La Paz-Oruro - El Diario - Bolivia\",\"isPartOf\":{\"@id\":\"https:\\\/\\\/www.eldiario.net\\\/portal\\\/#website\"},\"primaryImageOfPage\":{\"@id\":\"https:\\\/\\\/www.eldiario.net\\\/portal\\\/2024\\\/10\\\/29\\\/policia-aprehende-a-14-personas-en-bloqueo-de-ruta-la-paz-oruro\\\/#primaryimage\"},\"image\":{\"@id\":\"https:\\\/\\\/www.eldiario.net\\\/portal\\\/2024\\\/10\\\/29\\\/policia-aprehende-a-14-personas-en-bloqueo-de-ruta-la-paz-oruro\\\/#primaryimage\"},\"thumbnailUrl\":\"https:\\\/\\\/www.eldiario.net\\\/portal\\\/wp-content\\\/uploads\\\/2024\\\/10\\\/BLOQUEO-FOTO-3.jpg\",\"datePublished\":\"2024-10-29T09:55:57+00:00\",\"breadcrumb\":{\"@id\":\"https:\\\/\\\/www.eldiario.net\\\/portal\\\/2024\\\/10\\\/29\\\/policia-aprehende-a-14-personas-en-bloqueo-de-ruta-la-paz-oruro\\\/#breadcrumb\"},\"inLanguage\":\"es\",\"potentialAction\":[{\"@type\":\"ReadAction\",\"target\":[\"https:\\\/\\\/www.eldiario.net\\\/portal\\\/2024\\\/10\\\/29\\\/policia-aprehende-a-14-personas-en-bloqueo-de-ruta-la-paz-oruro\\\/\"]}]},{\"@type\":\"ImageObject\",\"inLanguage\":\"es\",\"@id\":\"https:\\\/\\\/www.eldiario.net\\\/portal\\\/2024\\\/10\\\/29\\\/policia-aprehende-a-14-personas-en-bloqueo-de-ruta-la-paz-oruro\\\/#primaryimage\",\"url\":\"https:\\\/\\\/www.eldiario.net\\\/portal\\\/wp-content\\\/uploads\\\/2024\\\/10\\\/BLOQUEO-FOTO-3.jpg\",\"contentUrl\":\"https:\\\/\\\/www.eldiario.net\\\/portal\\\/wp-content\\\/uploads\\\/2024\\\/10\\\/BLOQUEO-FOTO-3.jpg\",\"width\":1326,\"height\":756,\"caption\":\"Bloqueo en el sector de Panduro, carretera La Paz-Oruro. Foto: Radio P\u00edo XII\"},{\"@type\":\"BreadcrumbList\",\"@id\":\"https:\\\/\\\/www.eldiario.net\\\/portal\\\/2024\\\/10\\\/29\\\/policia-aprehende-a-14-personas-en-bloqueo-de-ruta-la-paz-oruro\\\/#breadcrumb\",\"itemListElement\":[{\"@type\":\"ListItem\",\"position\":1,\"name\":\"Portada\",\"item\":\"https:\\\/\\\/www.eldiario.net\\\/portal\\\/\"},{\"@type\":\"ListItem\",\"position\":2,\"name\":\"Polic\u00eda aprehende a 14 personas en bloqueo de ruta La Paz-Oruro\"}]},{\"@type\":\"WebSite\",\"@id\":\"https:\\\/\\\/www.eldiario.net\\\/portal\\\/#website\",\"url\":\"https:\\\/\\\/www.eldiario.net\\\/portal\\\/\",\"name\":\"El Diario - Decano de la prensa nacional\",\"description\":\"El Diario - Decano de la prensa nacional\",\"publisher\":{\"@id\":\"https:\\\/\\\/www.eldiario.net\\\/portal\\\/#organization\"},\"potentialAction\":[{\"@type\":\"SearchAction\",\"target\":{\"@type\":\"EntryPoint\",\"urlTemplate\":\"https:\\\/\\\/www.eldiario.net\\\/portal\\\/?s={search_term_string}\"},\"query-input\":{\"@type\":\"PropertyValueSpecification\",\"valueRequired\":true,\"valueName\":\"search_term_string\"}}],\"inLanguage\":\"es\"},{\"@type\":\"Organization\",\"@id\":\"https:\\\/\\\/www.eldiario.net\\\/portal\\\/#organization\",\"name\":\"El Diario - Decano de la prensa nacional\",\"url\":\"https:\\\/\\\/www.eldiario.net\\\/portal\\\/\",\"logo\":{\"@type\":\"ImageObject\",\"inLanguage\":\"es\",\"@id\":\"https:\\\/\\\/www.eldiario.net\\\/portal\\\/#\\\/schema\\\/logo\\\/image\\\/\",\"url\":\"https:\\\/\\\/www.eldiario.net\\\/portal\\\/wp-content\\\/uploads\\\/2023\\\/07\\\/logo_ED.jpg\",\"contentUrl\":\"https:\\\/\\\/www.eldiario.net\\\/portal\\\/wp-content\\\/uploads\\\/2023\\\/07\\\/logo_ED.jpg\",\"width\":272,\"height\":52,\"caption\":\"El Diario - Decano de la prensa nacional\"},\"image\":{\"@id\":\"https:\\\/\\\/www.eldiario.net\\\/portal\\\/#\\\/schema\\\/logo\\\/image\\\/\"},\"sameAs\":[\"https:\\\/\\\/www.facebook.com\\\/eldiario.bolivia\\\/\",\"https:\\\/\\\/x.com\\\/eldiario_net\"]},{\"@type\":\"Person\",\"@id\":\"https:\\\/\\\/www.eldiario.net\\\/portal\\\/#\\\/schema\\\/person\\\/f46445640444750d7d753ccd04ae01b7\",\"name\":\"Jeanette\",\"image\":{\"@type\":\"ImageObject\",\"inLanguage\":\"es\",\"@id\":\"https:\\\/\\\/secure.gravatar.com\\\/avatar\\\/3ea2118a5f7dad2b7138b1187a6b7ee55f160b9968b66013c3a3ef39dd7e5798?s=96&d=mm&r=g\",\"url\":\"https:\\\/\\\/secure.gravatar.com\\\/avatar\\\/3ea2118a5f7dad2b7138b1187a6b7ee55f160b9968b66013c3a3ef39dd7e5798?s=96&d=mm&r=g\",\"contentUrl\":\"https:\\\/\\\/secure.gravatar.com\\\/avatar\\\/3ea2118a5f7dad2b7138b1187a6b7ee55f160b9968b66013c3a3ef39dd7e5798?s=96&d=mm&r=g\",\"caption\":\"Jeanette\"},\"sameAs\":[\"https:\\\/\\\/www.eldiario.net\\\/portal\"],\"url\":\"https:\\\/\\\/www.eldiario.net\\\/portal\\\/author\\\/jeanette\\\/\"}]}<\/script>\n<!-- \/ Yoast SEO plugin. -->","yoast_head_json":{"title":"Polic\u00eda aprehende a 14 personas en bloqueo de ruta La Paz-Oruro - El Diario - Bolivia","robots":{"index":"index","follow":"follow","max-snippet":"max-snippet:-1","max-image-preview":"max-image-preview:large","max-video-preview":"max-video-preview:-1"},"canonical":"https:\/\/www.eldiario.net\/portal\/2024\/10\/29\/policia-aprehende-a-14-personas-en-bloqueo-de-ruta-la-paz-oruro\/","og_locale":"es_ES","og_type":"article","og_title":"Polic\u00eda aprehende a 14 personas en bloqueo de ruta La Paz-Oruro - El Diario - Bolivia","og_description":"La Polic\u00eda intervino ayer un bloqueo de organizaciones sociales simpatizantes del \u201cevismo\u201d en el sector de Panduro, en la carretera La Paz-Oruro, inform\u00f3 el comandante departamental de la Polic\u00eda, Gunther Agudo, logrando la aprehensi\u00f3n de 14 personas. En el intento de bloqueo participaron aproximadamente 80 personas que interrumpieron el tr\u00e1fico vehicular; sin embargo, un contingente [&hellip;]","og_url":"https:\/\/www.eldiario.net\/portal\/2024\/10\/29\/policia-aprehende-a-14-personas-en-bloqueo-de-ruta-la-paz-oruro\/","og_site_name":"El Diario - Bolivia","article_publisher":"https:\/\/www.facebook.com\/eldiario.bolivia\/","article_published_time":"2024-10-29T09:55:57+00:00","og_image":[{"width":1326,"height":756,"url":"https:\/\/www.eldiario.net\/portal\/wp-content\/uploads\/2024\/10\/BLOQUEO-FOTO-3.jpg","type":"image\/jpeg"}],"author":"Jeanette","twitter_card":"summary_large_image","twitter_creator":"@eldiario_net","twitter_site":"@eldiario_net","twitter_misc":{"Escrito por":"Jeanette","Tiempo de lectura":"2 minutos"},"schema":{"@context":"https:\/\/schema.org","@graph":[{"@type":"Article","@id":"https:\/\/www.eldiario.net\/portal\/2024\/10\/29\/policia-aprehende-a-14-personas-en-bloqueo-de-ruta-la-paz-oruro\/#article","isPartOf":{"@id":"https:\/\/www.eldiario.net\/portal\/2024\/10\/29\/policia-aprehende-a-14-personas-en-bloqueo-de-ruta-la-paz-oruro\/"},"author":{"name":"Jeanette","@id":"https:\/\/www.eldiario.net\/portal\/#\/schema\/person\/f46445640444750d7d753ccd04ae01b7"},"headline":"Polic\u00eda aprehende a 14 personas en bloqueo de ruta La Paz-Oruro","datePublished":"2024-10-29T09:55:57+00:00","mainEntityOfPage":{"@id":"https:\/\/www.eldiario.net\/portal\/2024\/10\/29\/policia-aprehende-a-14-personas-en-bloqueo-de-ruta-la-paz-oruro\/"},"wordCount":398,"publisher":{"@id":"https:\/\/www.eldiario.net\/portal\/#organization"},"image":{"@id":"https:\/\/www.eldiario.net\/portal\/2024\/10\/29\/policia-aprehende-a-14-personas-en-bloqueo-de-ruta-la-paz-oruro\/#primaryimage"},"thumbnailUrl":"https:\/\/www.eldiario.net\/portal\/wp-content\/uploads\/2024\/10\/BLOQUEO-FOTO-3.jpg","articleSection":["Sociedad - Seguridad"],"inLanguage":"es"},{"@type":"WebPage","@id":"https:\/\/www.eldiario.net\/portal\/2024\/10\/29\/policia-aprehende-a-14-personas-en-bloqueo-de-ruta-la-paz-oruro\/","url":"https:\/\/www.eldiario.net\/portal\/2024\/10\/29\/policia-aprehende-a-14-personas-en-bloqueo-de-ruta-la-paz-oruro\/","name":"Polic\u00eda aprehende a 14 personas en bloqueo de ruta La Paz-Oruro - El Diario - Bolivia","isPartOf":{"@id":"https:\/\/www.eldiario.net\/portal\/#website"},"primaryImageOfPage":{"@id":"https:\/\/www.eldiario.net\/portal\/2024\/10\/29\/policia-aprehende-a-14-personas-en-bloqueo-de-ruta-la-paz-oruro\/#primaryimage"},"image":{"@id":"https:\/\/www.eldiario.net\/portal\/2024\/10\/29\/policia-aprehende-a-14-personas-en-bloqueo-de-ruta-la-paz-oruro\/#primaryimage"},"thumbnailUrl":"https:\/\/www.eldiario.net\/portal\/wp-content\/uploads\/2024\/10\/BLOQUEO-FOTO-3.jpg","datePublished":"2024-10-29T09:55:57+00:00","breadcrumb":{"@id":"https:\/\/www.eldiario.net\/portal\/2024\/10\/29\/policia-aprehende-a-14-personas-en-bloqueo-de-ruta-la-paz-oruro\/#breadcrumb"},"inLanguage":"es","potentialAction":[{"@type":"ReadAction","target":["https:\/\/www.eldiario.net\/portal\/2024\/10\/29\/policia-aprehende-a-14-personas-en-bloqueo-de-ruta-la-paz-oruro\/"]}]},{"@type":"ImageObject","inLanguage":"es","@id":"https:\/\/www.eldiario.net\/portal\/2024\/10\/29\/policia-aprehende-a-14-personas-en-bloqueo-de-ruta-la-paz-oruro\/#primaryimage","url":"https:\/\/www.eldiario.net\/portal\/wp-content\/uploads\/2024\/10\/BLOQUEO-FOTO-3.jpg","contentUrl":"https:\/\/www.eldiario.net\/portal\/wp-content\/uploads\/2024\/10\/BLOQUEO-FOTO-3.jpg","width":1326,"height":756,"caption":"Bloqueo en el sector de Panduro, carretera La Paz-Oruro. Foto: Radio P\u00edo XII"},{"@type":"BreadcrumbList","@id":"https:\/\/www.eldiario.net\/portal\/2024\/10\/29\/policia-aprehende-a-14-personas-en-bloqueo-de-ruta-la-paz-oruro\/#breadcrumb","itemListElement":[{"@type":"ListItem","position":1,"name":"Portada","item":"https:\/\/www.eldiario.net\/portal\/"},{"@type":"ListItem","position":2,"name":"Polic\u00eda aprehende a 14 personas en bloqueo de ruta La Paz-Oruro"}]},{"@type":"WebSite","@id":"https:\/\/www.eldiario.net\/portal\/#website","url":"https:\/\/www.eldiario.net\/portal\/","name":"El Diario - Decano de la prensa nacional","description":"El Diario - Decano de la prensa nacional","publisher":{"@id":"https:\/\/www.eldiario.net\/portal\/#organization"},"potentialAction":[{"@type":"SearchAction","target":{"@type":"EntryPoint","urlTemplate":"https:\/\/www.eldiario.net\/portal\/?s={search_term_string}"},"query-input":{"@type":"PropertyValueSpecification","valueRequired":true,"valueName":"search_term_string"}}],"inLanguage":"es"},{"@type":"Organization","@id":"https:\/\/www.eldiario.net\/portal\/#organization","name":"El Diario - Decano de la prensa nacional","url":"https:\/\/www.eldiario.net\/portal\/","logo":{"@type":"ImageObject","inLanguage":"es","@id":"https:\/\/www.eldiario.net\/portal\/#\/schema\/logo\/image\/","url":"https:\/\/www.eldiario.net\/portal\/wp-content\/uploads\/2023\/07\/logo_ED.jpg","contentUrl":"https:\/\/www.eldiario.net\/portal\/wp-content\/uploads\/2023\/07\/logo_ED.jpg","width":272,"height":52,"caption":"El Diario - Decano de la prensa nacional"},"image":{"@id":"https:\/\/www.eldiario.net\/portal\/#\/schema\/logo\/image\/"},"sameAs":["https:\/\/www.facebook.com\/eldiario.bolivia\/","https:\/\/x.com\/eldiario_net"]},{"@type":"Person","@id":"https:\/\/www.eldiario.net\/portal\/#\/schema\/person\/f46445640444750d7d753ccd04ae01b7","name":"Jeanette","image":{"@type":"ImageObject","inLanguage":"es","@id":"https:\/\/secure.gravatar.com\/avatar\/3ea2118a5f7dad2b7138b1187a6b7ee55f160b9968b66013c3a3ef39dd7e5798?s=96&d=mm&r=g","url":"https:\/\/secure.gravatar.com\/avatar\/3ea2118a5f7dad2b7138b1187a6b7ee55f160b9968b66013c3a3ef39dd7e5798?s=96&d=mm&r=g","contentUrl":"https:\/\/secure.gravatar.com\/avatar\/3ea2118a5f7dad2b7138b1187a6b7ee55f160b9968b66013c3a3ef39dd7e5798?s=96&d=mm&r=g","caption":"Jeanette"},"sameAs":["https:\/\/www.eldiario.net\/portal"],"url":"https:\/\/www.eldiario.net\/portal\/author\/jeanette\/"}]}},"_links":{"self":[{"href":"https:\/\/www.eldiario.net\/portal\/wp-json\/wp\/v2\/posts\/257183","targetHints":{"allow":["GET"]}}],"collection":[{"href":"https:\/\/www.eldiario.net\/portal\/wp-json\/wp\/v2\/posts"}],"about":[{"href":"https:\/\/www.eldiario.net\/portal\/wp-json\/wp\/v2\/types\/post"}],"author":[{"embeddable":true,"href":"https:\/\/www.eldiario.net\/portal\/wp-json\/wp\/v2\/users\/1"}],"replies":[{"embeddable":true,"href":"https:\/\/www.eldiario.net\/portal\/wp-json\/wp\/v2\/comments?post=257183"}],"version-history":[{"count":1,"href":"https:\/\/www.eldiario.net\/portal\/wp-json\/wp\/v2\/posts\/257183\/revisions"}],"predecessor-version":[{"id":257185,"href":"https:\/\/www.eldiario.net\/portal\/wp-json\/wp\/v2\/posts\/257183\/revisions\/257185"}],"wp:featuredmedia":[{"embeddable":true,"href":"https:\/\/www.eldiario.net\/portal\/wp-json\/wp\/v2\/media\/257184"}],"wp:attachment":[{"href":"https:\/\/www.eldiario.net\/portal\/wp-json\/wp\/v2\/media?parent=257183"}],"wp:term":[{"taxonomy":"category","embeddable":true,"href":"https:\/\/www.eldiario.net\/portal\/wp-json\/wp\/v2\/categories?post=257183"},{"taxonomy":"post_tag","embeddable":true,"href":"https:\/\/www.eldiario.net\/portal\/wp-json\/wp\/v2\/tags?post=257183"}],"curies":[{"name":"wp","href":"https:\/\/api.w.org\/{rel}","templated":true}]}}