{"id":257180,"date":"2024-10-29T05:55:28","date_gmt":"2024-10-29T09:55:28","guid":{"rendered":"https:\/\/www.eldiario.net\/portal\/?p=257180"},"modified":"2024-10-29T05:55:28","modified_gmt":"2024-10-29T09:55:28","slug":"gobierno-confirma-que-policia-persiguio-a-morales-luego-de-que-evadio-una-requisa","status":"publish","type":"post","link":"https:\/\/www.eldiario.net\/portal\/2024\/10\/29\/gobierno-confirma-que-policia-persiguio-a-morales-luego-de-que-evadio-una-requisa\/","title":{"rendered":"Gobierno confirma que Polic\u00eda persigui\u00f3 a Morales luego de que evadi\u00f3 una requisa"},"content":{"rendered":"<p>A tiempo de explicar el supuesto atentado que denunci\u00f3 Evo Morales el domingo, el ministro de Gobierno, Eduardo Del Castillo, inform\u00f3 que una persecuci\u00f3n acaeci\u00f3 luego de que el expresidente evadiera un control policial a bordo de su veh\u00edculo; la versi\u00f3n de la autoridad se\u00f1ala que Morales, junto con sus secuaces, dispararon a los efectivos e incluso llegaron a atropellar a uno de ellos y desafi\u00f3 al expresidente a someter el veh\u00edculo a una prueba de microaspirado para averiguar qu\u00e9 esconde.<\/p>\n<p>En conferencia de prensa, Del Castillo se\u00f1al\u00f3 que a las 05:00 del domingo, se instal\u00f3 un puesto de control antidrogas en la carretera Villa Tunari-Shinaota, por donde pas\u00f3 el veh\u00edculo de Morales, aunque la fuerza antidrogas no lo sab\u00eda ese momento.<\/p>\n<p>Una vez ah\u00ed, en lugar de detenerse, el veh\u00edculo \u201cimprime mayor velocidad, sacan armas de fuego en contra de la humanidad y la integridad de la Polic\u00eda Boliviana y realizan disparos desde su veh\u00edculo, poniendo en riesgo la vida y la integridad de los efectivos y veh\u00edculos destinados a la lucha contra el narcotr\u00e1fico\u201d, explic\u00f3 el ministro.<\/p>\n<p>Iniciada la persecuci\u00f3n, un efectivo fue atropellado por el veh\u00edculo que hu\u00eda y result\u00f3 con una fractura de tibia y peron\u00e9 en la pierna izquierda. Del Castillo agreg\u00f3 que, al notar los disparos desde el veh\u00edculo infractor, los uniformados se detuvieron, reagruparon y solicitaron refuerzo a la Novena Divisi\u00f3n del Ej\u00e9rcito.<\/p>\n<p>Luego, los veh\u00edculos policiales y los agentes fueron evacuados hacia el cuartel, a donde seguidores \u201cevistas\u201d de Villa Tunari acudieron para secuestrar dos veh\u00edculos policiales con el fin de eliminar las supuestas pruebas del delito. Seg\u00fan el ministro de Gobierno, reci\u00e9n se enteraron de que el expresidente estaba a bordo de ese veh\u00edculo horas m\u00e1s tarde, tras denunciar sobre el supuesto atentado en sus redes sociales.<\/p>\n<p>El domingo, Morales denunci\u00f3 un atentado contra su vida cuando se dirig\u00eda a Lauca \u00d1 para asistir a su programa radial en Radio Kawsachun Coca (RKC). El expresidente denunci\u00f3 que el veh\u00edculo en el que viajaba recibi\u00f3 varios disparos y que su conductor result\u00f3 supuestamente herido en la cabeza y otras partes del cuerpo. Sin embargo, Morales sali\u00f3 ileso del incidente.<\/p>\n<p>&nbsp;<\/p>\n<p>ACUSACIONES<\/p>\n<p>La autoridad asegur\u00f3 que Morales debe responder a la justicia boliviana por el delito de asesinato en grado de tentativa que \u00e9l mismo habr\u00eda confesado en sus declaraciones a RKC. Agreg\u00f3 que una denuncia de la Polic\u00eda fue presentada el mismo d\u00eda.<\/p>\n<p>Asimismo, desafi\u00f3 al l\u00edder cocalero y su s\u00e9quito someterse a una prueba de microaspirado, denominado espectrofotometr\u00eda de absorci\u00f3n at\u00f3mica, o la prueba del guantelete de parafina, para descartar o confirmar la existencia de estupefacientes al interior de la camioneta Toyota Hilux. Cuestion\u00f3 qu\u00e9 es lo que se ocult\u00f3 en el veh\u00edculo para evadir el supuesto punto de control.<\/p>\n<p>\u201c\u00bfQu\u00e9 clase de expresidente dispara con armas de fuego a efectivos policiales para evitar pasar por un control antinarc\u00f3ticos y bloquea carreteras para defender el estupro?\u201d, cuestion\u00f3 Del Castillo en sus redes sociales.<\/p>\n","protected":false},"excerpt":{"rendered":"<p>A tiempo de explicar el supuesto atentado que denunci\u00f3 Evo Morales el domingo, el ministro de Gobierno, Eduardo Del Castillo, inform\u00f3 que una persecuci\u00f3n acaeci\u00f3 luego de que el expresidente evadiera un control policial a bordo de su veh\u00edculo; la versi\u00f3n de la autoridad se\u00f1ala que Morales, junto con sus secuaces, dispararon a los efectivos [&hellip;]<\/p>\n","protected":false},"author":1,"featured_media":257181,"comment_status":"closed","ping_status":"open","sticky":false,"template":"","format":"standard","meta":{"_acf_changed":false,"footnotes":""},"categories":[39],"tags":[],"class_list":["post-257180","post","type-post","status-publish","format-standard","has-post-thumbnail","category-sociedad"],"acf":{"antetitulo":"Supuesto atentado"},"yoast_head":"<!-- This site is optimized with the Yoast SEO plugin v28.4 - https:\/\/yoast.com\/product\/yoast-seo-wordpress\/ -->\n<title>Gobierno confirma que Polic\u00eda persigui\u00f3 a Morales luego de que evadi\u00f3 una requisa - El Diario - Bolivia<\/title>\n<meta name=\"robots\" content=\"index, follow, max-snippet:-1, max-image-preview:large, max-video-preview:-1\" \/>\n<link rel=\"canonical\" href=\"https:\/\/www.eldiario.net\/portal\/2024\/10\/29\/gobierno-confirma-que-policia-persiguio-a-morales-luego-de-que-evadio-una-requisa\/\" \/>\n<meta property=\"og:locale\" content=\"es_ES\" \/>\n<meta property=\"og:type\" content=\"article\" \/>\n<meta property=\"og:title\" content=\"Gobierno confirma que Polic\u00eda persigui\u00f3 a Morales luego de que evadi\u00f3 una requisa - El Diario - Bolivia\" \/>\n<meta property=\"og:description\" content=\"A tiempo de explicar el supuesto atentado que denunci\u00f3 Evo Morales el domingo, el ministro de Gobierno, Eduardo Del Castillo, inform\u00f3 que una persecuci\u00f3n acaeci\u00f3 luego de que el expresidente evadiera un control policial a bordo de su veh\u00edculo; la versi\u00f3n de la autoridad se\u00f1ala que Morales, junto con sus secuaces, dispararon a los efectivos [&hellip;]\" \/>\n<meta property=\"og:url\" content=\"https:\/\/www.eldiario.net\/portal\/2024\/10\/29\/gobierno-confirma-que-policia-persiguio-a-morales-luego-de-que-evadio-una-requisa\/\" \/>\n<meta property=\"og:site_name\" content=\"El Diario - Bolivia\" \/>\n<meta property=\"article:publisher\" content=\"https:\/\/www.facebook.com\/eldiario.bolivia\/\" \/>\n<meta property=\"article:published_time\" content=\"2024-10-29T09:55:28+00:00\" \/>\n<meta property=\"og:image\" content=\"https:\/\/www.eldiario.net\/portal\/wp-content\/uploads\/2024\/10\/CASTILLO-FOTO.jpg\" \/>\n\t<meta property=\"og:image:width\" content=\"720\" \/>\n\t<meta property=\"og:image:height\" content=\"400\" \/>\n\t<meta property=\"og:image:type\" content=\"image\/jpeg\" \/>\n<meta name=\"author\" content=\"Jeanette\" \/>\n<meta name=\"twitter:card\" content=\"summary_large_image\" \/>\n<meta name=\"twitter:creator\" content=\"@eldiario_net\" \/>\n<meta name=\"twitter:site\" content=\"@eldiario_net\" \/>\n<meta name=\"twitter:label1\" content=\"Escrito por\" \/>\n\t<meta name=\"twitter:data1\" content=\"Jeanette\" \/>\n\t<meta name=\"twitter:label2\" content=\"Tiempo de lectura\" \/>\n\t<meta name=\"twitter:data2\" content=\"3 minutos\" \/>\n<script type=\"application\/ld+json\" class=\"yoast-schema-graph\">{\"@context\":\"https:\\\/\\\/schema.org\",\"@graph\":[{\"@type\":\"Article\",\"@id\":\"https:\\\/\\\/www.eldiario.net\\\/portal\\\/2024\\\/10\\\/29\\\/gobierno-confirma-que-policia-persiguio-a-morales-luego-de-que-evadio-una-requisa\\\/#article\",\"isPartOf\":{\"@id\":\"https:\\\/\\\/www.eldiario.net\\\/portal\\\/2024\\\/10\\\/29\\\/gobierno-confirma-que-policia-persiguio-a-morales-luego-de-que-evadio-una-requisa\\\/\"},\"author\":{\"name\":\"Jeanette\",\"@id\":\"https:\\\/\\\/www.eldiario.net\\\/portal\\\/#\\\/schema\\\/person\\\/f46445640444750d7d753ccd04ae01b7\"},\"headline\":\"Gobierno confirma que Polic\u00eda persigui\u00f3 a Morales luego de que evadi\u00f3 una requisa\",\"datePublished\":\"2024-10-29T09:55:28+00:00\",\"mainEntityOfPage\":{\"@id\":\"https:\\\/\\\/www.eldiario.net\\\/portal\\\/2024\\\/10\\\/29\\\/gobierno-confirma-que-policia-persiguio-a-morales-luego-de-que-evadio-una-requisa\\\/\"},\"wordCount\":541,\"publisher\":{\"@id\":\"https:\\\/\\\/www.eldiario.net\\\/portal\\\/#organization\"},\"image\":{\"@id\":\"https:\\\/\\\/www.eldiario.net\\\/portal\\\/2024\\\/10\\\/29\\\/gobierno-confirma-que-policia-persiguio-a-morales-luego-de-que-evadio-una-requisa\\\/#primaryimage\"},\"thumbnailUrl\":\"https:\\\/\\\/www.eldiario.net\\\/portal\\\/wp-content\\\/uploads\\\/2024\\\/10\\\/CASTILLO-FOTO.jpg\",\"articleSection\":[\"Sociedad - Seguridad\"],\"inLanguage\":\"es\"},{\"@type\":\"WebPage\",\"@id\":\"https:\\\/\\\/www.eldiario.net\\\/portal\\\/2024\\\/10\\\/29\\\/gobierno-confirma-que-policia-persiguio-a-morales-luego-de-que-evadio-una-requisa\\\/\",\"url\":\"https:\\\/\\\/www.eldiario.net\\\/portal\\\/2024\\\/10\\\/29\\\/gobierno-confirma-que-policia-persiguio-a-morales-luego-de-que-evadio-una-requisa\\\/\",\"name\":\"Gobierno confirma que Polic\u00eda persigui\u00f3 a Morales luego de que evadi\u00f3 una requisa - El Diario - Bolivia\",\"isPartOf\":{\"@id\":\"https:\\\/\\\/www.eldiario.net\\\/portal\\\/#website\"},\"primaryImageOfPage\":{\"@id\":\"https:\\\/\\\/www.eldiario.net\\\/portal\\\/2024\\\/10\\\/29\\\/gobierno-confirma-que-policia-persiguio-a-morales-luego-de-que-evadio-una-requisa\\\/#primaryimage\"},\"image\":{\"@id\":\"https:\\\/\\\/www.eldiario.net\\\/portal\\\/2024\\\/10\\\/29\\\/gobierno-confirma-que-policia-persiguio-a-morales-luego-de-que-evadio-una-requisa\\\/#primaryimage\"},\"thumbnailUrl\":\"https:\\\/\\\/www.eldiario.net\\\/portal\\\/wp-content\\\/uploads\\\/2024\\\/10\\\/CASTILLO-FOTO.jpg\",\"datePublished\":\"2024-10-29T09:55:28+00:00\",\"breadcrumb\":{\"@id\":\"https:\\\/\\\/www.eldiario.net\\\/portal\\\/2024\\\/10\\\/29\\\/gobierno-confirma-que-policia-persiguio-a-morales-luego-de-que-evadio-una-requisa\\\/#breadcrumb\"},\"inLanguage\":\"es\",\"potentialAction\":[{\"@type\":\"ReadAction\",\"target\":[\"https:\\\/\\\/www.eldiario.net\\\/portal\\\/2024\\\/10\\\/29\\\/gobierno-confirma-que-policia-persiguio-a-morales-luego-de-que-evadio-una-requisa\\\/\"]}]},{\"@type\":\"ImageObject\",\"inLanguage\":\"es\",\"@id\":\"https:\\\/\\\/www.eldiario.net\\\/portal\\\/2024\\\/10\\\/29\\\/gobierno-confirma-que-policia-persiguio-a-morales-luego-de-que-evadio-una-requisa\\\/#primaryimage\",\"url\":\"https:\\\/\\\/www.eldiario.net\\\/portal\\\/wp-content\\\/uploads\\\/2024\\\/10\\\/CASTILLO-FOTO.jpg\",\"contentUrl\":\"https:\\\/\\\/www.eldiario.net\\\/portal\\\/wp-content\\\/uploads\\\/2024\\\/10\\\/CASTILLO-FOTO.jpg\",\"width\":720,\"height\":400,\"caption\":\"El ministro de Gobierno, Eduardo Del Castillo, ayer en conferencia. Foto: APG\"},{\"@type\":\"BreadcrumbList\",\"@id\":\"https:\\\/\\\/www.eldiario.net\\\/portal\\\/2024\\\/10\\\/29\\\/gobierno-confirma-que-policia-persiguio-a-morales-luego-de-que-evadio-una-requisa\\\/#breadcrumb\",\"itemListElement\":[{\"@type\":\"ListItem\",\"position\":1,\"name\":\"Portada\",\"item\":\"https:\\\/\\\/www.eldiario.net\\\/portal\\\/\"},{\"@type\":\"ListItem\",\"position\":2,\"name\":\"Gobierno confirma que Polic\u00eda persigui\u00f3 a Morales luego de que evadi\u00f3 una requisa\"}]},{\"@type\":\"WebSite\",\"@id\":\"https:\\\/\\\/www.eldiario.net\\\/portal\\\/#website\",\"url\":\"https:\\\/\\\/www.eldiario.net\\\/portal\\\/\",\"name\":\"El Diario - Decano de la prensa nacional\",\"description\":\"El Diario - Decano de la prensa nacional\",\"publisher\":{\"@id\":\"https:\\\/\\\/www.eldiario.net\\\/portal\\\/#organization\"},\"potentialAction\":[{\"@type\":\"SearchAction\",\"target\":{\"@type\":\"EntryPoint\",\"urlTemplate\":\"https:\\\/\\\/www.eldiario.net\\\/portal\\\/?s={search_term_string}\"},\"query-input\":{\"@type\":\"PropertyValueSpecification\",\"valueRequired\":true,\"valueName\":\"search_term_string\"}}],\"inLanguage\":\"es\"},{\"@type\":\"Organization\",\"@id\":\"https:\\\/\\\/www.eldiario.net\\\/portal\\\/#organization\",\"name\":\"El Diario - Decano de la prensa nacional\",\"url\":\"https:\\\/\\\/www.eldiario.net\\\/portal\\\/\",\"logo\":{\"@type\":\"ImageObject\",\"inLanguage\":\"es\",\"@id\":\"https:\\\/\\\/www.eldiario.net\\\/portal\\\/#\\\/schema\\\/logo\\\/image\\\/\",\"url\":\"https:\\\/\\\/www.eldiario.net\\\/portal\\\/wp-content\\\/uploads\\\/2023\\\/07\\\/logo_ED.jpg\",\"contentUrl\":\"https:\\\/\\\/www.eldiario.net\\\/portal\\\/wp-content\\\/uploads\\\/2023\\\/07\\\/logo_ED.jpg\",\"width\":272,\"height\":52,\"caption\":\"El Diario - Decano de la prensa nacional\"},\"image\":{\"@id\":\"https:\\\/\\\/www.eldiario.net\\\/portal\\\/#\\\/schema\\\/logo\\\/image\\\/\"},\"sameAs\":[\"https:\\\/\\\/www.facebook.com\\\/eldiario.bolivia\\\/\",\"https:\\\/\\\/x.com\\\/eldiario_net\"]},{\"@type\":\"Person\",\"@id\":\"https:\\\/\\\/www.eldiario.net\\\/portal\\\/#\\\/schema\\\/person\\\/f46445640444750d7d753ccd04ae01b7\",\"name\":\"Jeanette\",\"image\":{\"@type\":\"ImageObject\",\"inLanguage\":\"es\",\"@id\":\"https:\\\/\\\/secure.gravatar.com\\\/avatar\\\/3ea2118a5f7dad2b7138b1187a6b7ee55f160b9968b66013c3a3ef39dd7e5798?s=96&d=mm&r=g\",\"url\":\"https:\\\/\\\/secure.gravatar.com\\\/avatar\\\/3ea2118a5f7dad2b7138b1187a6b7ee55f160b9968b66013c3a3ef39dd7e5798?s=96&d=mm&r=g\",\"contentUrl\":\"https:\\\/\\\/secure.gravatar.com\\\/avatar\\\/3ea2118a5f7dad2b7138b1187a6b7ee55f160b9968b66013c3a3ef39dd7e5798?s=96&d=mm&r=g\",\"caption\":\"Jeanette\"},\"sameAs\":[\"https:\\\/\\\/www.eldiario.net\\\/portal\"],\"url\":\"https:\\\/\\\/www.eldiario.net\\\/portal\\\/author\\\/jeanette\\\/\"}]}<\/script>\n<!-- \/ Yoast SEO plugin. -->","yoast_head_json":{"title":"Gobierno confirma que Polic\u00eda persigui\u00f3 a Morales luego de que evadi\u00f3 una requisa - El Diario - Bolivia","robots":{"index":"index","follow":"follow","max-snippet":"max-snippet:-1","max-image-preview":"max-image-preview:large","max-video-preview":"max-video-preview:-1"},"canonical":"https:\/\/www.eldiario.net\/portal\/2024\/10\/29\/gobierno-confirma-que-policia-persiguio-a-morales-luego-de-que-evadio-una-requisa\/","og_locale":"es_ES","og_type":"article","og_title":"Gobierno confirma que Polic\u00eda persigui\u00f3 a Morales luego de que evadi\u00f3 una requisa - El Diario - Bolivia","og_description":"A tiempo de explicar el supuesto atentado que denunci\u00f3 Evo Morales el domingo, el ministro de Gobierno, Eduardo Del Castillo, inform\u00f3 que una persecuci\u00f3n acaeci\u00f3 luego de que el expresidente evadiera un control policial a bordo de su veh\u00edculo; la versi\u00f3n de la autoridad se\u00f1ala que Morales, junto con sus secuaces, dispararon a los efectivos [&hellip;]","og_url":"https:\/\/www.eldiario.net\/portal\/2024\/10\/29\/gobierno-confirma-que-policia-persiguio-a-morales-luego-de-que-evadio-una-requisa\/","og_site_name":"El Diario - Bolivia","article_publisher":"https:\/\/www.facebook.com\/eldiario.bolivia\/","article_published_time":"2024-10-29T09:55:28+00:00","og_image":[{"width":720,"height":400,"url":"https:\/\/www.eldiario.net\/portal\/wp-content\/uploads\/2024\/10\/CASTILLO-FOTO.jpg","type":"image\/jpeg"}],"author":"Jeanette","twitter_card":"summary_large_image","twitter_creator":"@eldiario_net","twitter_site":"@eldiario_net","twitter_misc":{"Escrito por":"Jeanette","Tiempo de lectura":"3 minutos"},"schema":{"@context":"https:\/\/schema.org","@graph":[{"@type":"Article","@id":"https:\/\/www.eldiario.net\/portal\/2024\/10\/29\/gobierno-confirma-que-policia-persiguio-a-morales-luego-de-que-evadio-una-requisa\/#article","isPartOf":{"@id":"https:\/\/www.eldiario.net\/portal\/2024\/10\/29\/gobierno-confirma-que-policia-persiguio-a-morales-luego-de-que-evadio-una-requisa\/"},"author":{"name":"Jeanette","@id":"https:\/\/www.eldiario.net\/portal\/#\/schema\/person\/f46445640444750d7d753ccd04ae01b7"},"headline":"Gobierno confirma que Polic\u00eda persigui\u00f3 a Morales luego de que evadi\u00f3 una requisa","datePublished":"2024-10-29T09:55:28+00:00","mainEntityOfPage":{"@id":"https:\/\/www.eldiario.net\/portal\/2024\/10\/29\/gobierno-confirma-que-policia-persiguio-a-morales-luego-de-que-evadio-una-requisa\/"},"wordCount":541,"publisher":{"@id":"https:\/\/www.eldiario.net\/portal\/#organization"},"image":{"@id":"https:\/\/www.eldiario.net\/portal\/2024\/10\/29\/gobierno-confirma-que-policia-persiguio-a-morales-luego-de-que-evadio-una-requisa\/#primaryimage"},"thumbnailUrl":"https:\/\/www.eldiario.net\/portal\/wp-content\/uploads\/2024\/10\/CASTILLO-FOTO.jpg","articleSection":["Sociedad - Seguridad"],"inLanguage":"es"},{"@type":"WebPage","@id":"https:\/\/www.eldiario.net\/portal\/2024\/10\/29\/gobierno-confirma-que-policia-persiguio-a-morales-luego-de-que-evadio-una-requisa\/","url":"https:\/\/www.eldiario.net\/portal\/2024\/10\/29\/gobierno-confirma-que-policia-persiguio-a-morales-luego-de-que-evadio-una-requisa\/","name":"Gobierno confirma que Polic\u00eda persigui\u00f3 a Morales luego de que evadi\u00f3 una requisa - El Diario - Bolivia","isPartOf":{"@id":"https:\/\/www.eldiario.net\/portal\/#website"},"primaryImageOfPage":{"@id":"https:\/\/www.eldiario.net\/portal\/2024\/10\/29\/gobierno-confirma-que-policia-persiguio-a-morales-luego-de-que-evadio-una-requisa\/#primaryimage"},"image":{"@id":"https:\/\/www.eldiario.net\/portal\/2024\/10\/29\/gobierno-confirma-que-policia-persiguio-a-morales-luego-de-que-evadio-una-requisa\/#primaryimage"},"thumbnailUrl":"https:\/\/www.eldiario.net\/portal\/wp-content\/uploads\/2024\/10\/CASTILLO-FOTO.jpg","datePublished":"2024-10-29T09:55:28+00:00","breadcrumb":{"@id":"https:\/\/www.eldiario.net\/portal\/2024\/10\/29\/gobierno-confirma-que-policia-persiguio-a-morales-luego-de-que-evadio-una-requisa\/#breadcrumb"},"inLanguage":"es","potentialAction":[{"@type":"ReadAction","target":["https:\/\/www.eldiario.net\/portal\/2024\/10\/29\/gobierno-confirma-que-policia-persiguio-a-morales-luego-de-que-evadio-una-requisa\/"]}]},{"@type":"ImageObject","inLanguage":"es","@id":"https:\/\/www.eldiario.net\/portal\/2024\/10\/29\/gobierno-confirma-que-policia-persiguio-a-morales-luego-de-que-evadio-una-requisa\/#primaryimage","url":"https:\/\/www.eldiario.net\/portal\/wp-content\/uploads\/2024\/10\/CASTILLO-FOTO.jpg","contentUrl":"https:\/\/www.eldiario.net\/portal\/wp-content\/uploads\/2024\/10\/CASTILLO-FOTO.jpg","width":720,"height":400,"caption":"El ministro de Gobierno, Eduardo Del Castillo, ayer en conferencia. Foto: APG"},{"@type":"BreadcrumbList","@id":"https:\/\/www.eldiario.net\/portal\/2024\/10\/29\/gobierno-confirma-que-policia-persiguio-a-morales-luego-de-que-evadio-una-requisa\/#breadcrumb","itemListElement":[{"@type":"ListItem","position":1,"name":"Portada","item":"https:\/\/www.eldiario.net\/portal\/"},{"@type":"ListItem","position":2,"name":"Gobierno confirma que Polic\u00eda persigui\u00f3 a Morales luego de que evadi\u00f3 una requisa"}]},{"@type":"WebSite","@id":"https:\/\/www.eldiario.net\/portal\/#website","url":"https:\/\/www.eldiario.net\/portal\/","name":"El Diario - Decano de la prensa nacional","description":"El Diario - Decano de la prensa nacional","publisher":{"@id":"https:\/\/www.eldiario.net\/portal\/#organization"},"potentialAction":[{"@type":"SearchAction","target":{"@type":"EntryPoint","urlTemplate":"https:\/\/www.eldiario.net\/portal\/?s={search_term_string}"},"query-input":{"@type":"PropertyValueSpecification","valueRequired":true,"valueName":"search_term_string"}}],"inLanguage":"es"},{"@type":"Organization","@id":"https:\/\/www.eldiario.net\/portal\/#organization","name":"El Diario - Decano de la prensa nacional","url":"https:\/\/www.eldiario.net\/portal\/","logo":{"@type":"ImageObject","inLanguage":"es","@id":"https:\/\/www.eldiario.net\/portal\/#\/schema\/logo\/image\/","url":"https:\/\/www.eldiario.net\/portal\/wp-content\/uploads\/2023\/07\/logo_ED.jpg","contentUrl":"https:\/\/www.eldiario.net\/portal\/wp-content\/uploads\/2023\/07\/logo_ED.jpg","width":272,"height":52,"caption":"El Diario - Decano de la prensa nacional"},"image":{"@id":"https:\/\/www.eldiario.net\/portal\/#\/schema\/logo\/image\/"},"sameAs":["https:\/\/www.facebook.com\/eldiario.bolivia\/","https:\/\/x.com\/eldiario_net"]},{"@type":"Person","@id":"https:\/\/www.eldiario.net\/portal\/#\/schema\/person\/f46445640444750d7d753ccd04ae01b7","name":"Jeanette","image":{"@type":"ImageObject","inLanguage":"es","@id":"https:\/\/secure.gravatar.com\/avatar\/3ea2118a5f7dad2b7138b1187a6b7ee55f160b9968b66013c3a3ef39dd7e5798?s=96&d=mm&r=g","url":"https:\/\/secure.gravatar.com\/avatar\/3ea2118a5f7dad2b7138b1187a6b7ee55f160b9968b66013c3a3ef39dd7e5798?s=96&d=mm&r=g","contentUrl":"https:\/\/secure.gravatar.com\/avatar\/3ea2118a5f7dad2b7138b1187a6b7ee55f160b9968b66013c3a3ef39dd7e5798?s=96&d=mm&r=g","caption":"Jeanette"},"sameAs":["https:\/\/www.eldiario.net\/portal"],"url":"https:\/\/www.eldiario.net\/portal\/author\/jeanette\/"}]}},"_links":{"self":[{"href":"https:\/\/www.eldiario.net\/portal\/wp-json\/wp\/v2\/posts\/257180","targetHints":{"allow":["GET"]}}],"collection":[{"href":"https:\/\/www.eldiario.net\/portal\/wp-json\/wp\/v2\/posts"}],"about":[{"href":"https:\/\/www.eldiario.net\/portal\/wp-json\/wp\/v2\/types\/post"}],"author":[{"embeddable":true,"href":"https:\/\/www.eldiario.net\/portal\/wp-json\/wp\/v2\/users\/1"}],"replies":[{"embeddable":true,"href":"https:\/\/www.eldiario.net\/portal\/wp-json\/wp\/v2\/comments?post=257180"}],"version-history":[{"count":1,"href":"https:\/\/www.eldiario.net\/portal\/wp-json\/wp\/v2\/posts\/257180\/revisions"}],"predecessor-version":[{"id":257182,"href":"https:\/\/www.eldiario.net\/portal\/wp-json\/wp\/v2\/posts\/257180\/revisions\/257182"}],"wp:featuredmedia":[{"embeddable":true,"href":"https:\/\/www.eldiario.net\/portal\/wp-json\/wp\/v2\/media\/257181"}],"wp:attachment":[{"href":"https:\/\/www.eldiario.net\/portal\/wp-json\/wp\/v2\/media?parent=257180"}],"wp:term":[{"taxonomy":"category","embeddable":true,"href":"https:\/\/www.eldiario.net\/portal\/wp-json\/wp\/v2\/categories?post=257180"},{"taxonomy":"post_tag","embeddable":true,"href":"https:\/\/www.eldiario.net\/portal\/wp-json\/wp\/v2\/tags?post=257180"}],"curies":[{"name":"wp","href":"https:\/\/api.w.org\/{rel}","templated":true}]}}