{"id":257174,"date":"2024-10-29T05:53:47","date_gmt":"2024-10-29T09:53:47","guid":{"rendered":"https:\/\/www.eldiario.net\/portal\/?p=257174"},"modified":"2024-10-29T05:53:47","modified_gmt":"2024-10-29T09:53:47","slug":"gobierno-ve-extremo-declarar-estado-de-excepcion-en-chapare","status":"publish","type":"post","link":"https:\/\/www.eldiario.net\/portal\/2024\/10\/29\/gobierno-ve-extremo-declarar-estado-de-excepcion-en-chapare\/","title":{"rendered":"Gobierno ve \u201cextremo\u201d declarar estado de excepci\u00f3n en Chapare"},"content":{"rendered":"<p>Consultado sobre la posibilidad de declarar estado de excepci\u00f3n en la regi\u00f3n cochabambina donde ocurren bloqueos desde hace 16 d\u00edas, el ministro de Defensa, Edmundo Novillo, se\u00f1al\u00f3 que primero se deben cumplir procedimientos constitucionales y legales para efectuarse esta medida, a la que calific\u00f3 como un\u00a0\u201cextremo\u201d en el que se hace uso de la fuerza proporcional para restablecer el orden p\u00fablico.<\/p>\n<p>\u201cUn estado de excepci\u00f3n es un recurso extremo al que podemos acudir, con procedimientos constitucionales y legales, y con el uso proporcional de la fuerza para restablecer la paz social. Las Fuerzas Armadas (FFAA) pueden coadyuvar en el desbloqueo de los caminos, este es otro camino que\u00a0estamos considerando\u00a0en esta situaci\u00f3n cr\u00edtica\u201d, declar\u00f3 Novillo ayer en conferencia de prensa.<\/p>\n<p>Sin embargo, aclar\u00f3 que las\u00a0FFAA \u201cpueden coadyuvar\u201d en despejar las carreteras ante la persistencia de los bloqueos del ala \u2018evista\u2019, ya que como Gobierno \u201cno caer\u00e1n en el juego\u201d de quienes est\u00e1n provocando y mandando a bloquear. \u201cLo que buscan es muertos, ba\u00f1os de sangre y apoyo para cumplir su objetivo de golpe de Estado\u201d, expres\u00f3 el ministro.<\/p>\n<p>La autoridad se sum\u00f3 a lo expuesto por otras autoridades del Ejecutivo al desmentir \u201crotundamente\u201d las acusaciones del expresidente, Evo Morales, de haber ejecutado un operativo para asesinarlo.<\/p>\n<p>Inst\u00f3 a los bloqueadores a considerar un cuarto intermedio, advirtiendo que el Gobierno tomar\u00e1 medidas si no se respeta el derecho al libre tr\u00e1nsito: \u201cEntendemos el derecho a la protesta, pero cuando se vulneran derechos colectivos como el abastecimiento de alimentos y el libre tr\u00e1nsito, nos vemos en la obligaci\u00f3n de intervenir\u201d.<\/p>\n","protected":false},"excerpt":{"rendered":"<p>Consultado sobre la posibilidad de declarar estado de excepci\u00f3n en la regi\u00f3n cochabambina donde ocurren bloqueos desde hace 16 d\u00edas, el ministro de Defensa, Edmundo Novillo, se\u00f1al\u00f3 que primero se deben cumplir procedimientos constitucionales y legales para efectuarse esta medida, a la que calific\u00f3 como un\u00a0\u201cextremo\u201d en el que se hace uso de la fuerza [&hellip;]<\/p>\n","protected":false},"author":1,"featured_media":257175,"comment_status":"closed","ping_status":"open","sticky":false,"template":"","format":"standard","meta":{"_acf_changed":false,"footnotes":""},"categories":[39],"tags":[],"class_list":["post-257174","post","type-post","status-publish","format-standard","has-post-thumbnail","category-sociedad"],"acf":{"antetitulo":""},"yoast_head":"<!-- This site is optimized with the Yoast SEO plugin v28.4 - https:\/\/yoast.com\/product\/yoast-seo-wordpress\/ -->\n<title>Gobierno ve \u201cextremo\u201d declarar estado de excepci\u00f3n en Chapare - El Diario - Bolivia<\/title>\n<meta name=\"robots\" content=\"index, follow, max-snippet:-1, max-image-preview:large, max-video-preview:-1\" \/>\n<link rel=\"canonical\" href=\"https:\/\/www.eldiario.net\/portal\/2024\/10\/29\/gobierno-ve-extremo-declarar-estado-de-excepcion-en-chapare\/\" \/>\n<meta property=\"og:locale\" content=\"es_ES\" \/>\n<meta property=\"og:type\" content=\"article\" \/>\n<meta property=\"og:title\" content=\"Gobierno ve \u201cextremo\u201d declarar estado de excepci\u00f3n en Chapare - El Diario - Bolivia\" \/>\n<meta property=\"og:description\" content=\"Consultado sobre la posibilidad de declarar estado de excepci\u00f3n en la regi\u00f3n cochabambina donde ocurren bloqueos desde hace 16 d\u00edas, el ministro de Defensa, Edmundo Novillo, se\u00f1al\u00f3 que primero se deben cumplir procedimientos constitucionales y legales para efectuarse esta medida, a la que calific\u00f3 como un\u00a0\u201cextremo\u201d en el que se hace uso de la fuerza [&hellip;]\" \/>\n<meta property=\"og:url\" content=\"https:\/\/www.eldiario.net\/portal\/2024\/10\/29\/gobierno-ve-extremo-declarar-estado-de-excepcion-en-chapare\/\" \/>\n<meta property=\"og:site_name\" content=\"El Diario - Bolivia\" \/>\n<meta property=\"article:publisher\" content=\"https:\/\/www.facebook.com\/eldiario.bolivia\/\" \/>\n<meta property=\"article:published_time\" content=\"2024-10-29T09:53:47+00:00\" \/>\n<meta property=\"og:image\" content=\"https:\/\/www.eldiario.net\/portal\/wp-content\/uploads\/2024\/10\/NOVILLO-FOTO.jpg\" \/>\n\t<meta property=\"og:image:width\" content=\"602\" \/>\n\t<meta property=\"og:image:height\" content=\"399\" \/>\n\t<meta property=\"og:image:type\" content=\"image\/jpeg\" \/>\n<meta name=\"author\" content=\"Jeanette\" \/>\n<meta name=\"twitter:card\" content=\"summary_large_image\" \/>\n<meta name=\"twitter:creator\" content=\"@eldiario_net\" \/>\n<meta name=\"twitter:site\" content=\"@eldiario_net\" \/>\n<meta name=\"twitter:label1\" content=\"Escrito por\" \/>\n\t<meta name=\"twitter:data1\" content=\"Jeanette\" \/>\n\t<meta name=\"twitter:label2\" content=\"Tiempo de lectura\" \/>\n\t<meta name=\"twitter:data2\" content=\"2 minutos\" \/>\n<script type=\"application\/ld+json\" class=\"yoast-schema-graph\">{\"@context\":\"https:\\\/\\\/schema.org\",\"@graph\":[{\"@type\":\"Article\",\"@id\":\"https:\\\/\\\/www.eldiario.net\\\/portal\\\/2024\\\/10\\\/29\\\/gobierno-ve-extremo-declarar-estado-de-excepcion-en-chapare\\\/#article\",\"isPartOf\":{\"@id\":\"https:\\\/\\\/www.eldiario.net\\\/portal\\\/2024\\\/10\\\/29\\\/gobierno-ve-extremo-declarar-estado-de-excepcion-en-chapare\\\/\"},\"author\":{\"name\":\"Jeanette\",\"@id\":\"https:\\\/\\\/www.eldiario.net\\\/portal\\\/#\\\/schema\\\/person\\\/f46445640444750d7d753ccd04ae01b7\"},\"headline\":\"Gobierno ve \u201cextremo\u201d declarar estado de excepci\u00f3n en Chapare\",\"datePublished\":\"2024-10-29T09:53:47+00:00\",\"mainEntityOfPage\":{\"@id\":\"https:\\\/\\\/www.eldiario.net\\\/portal\\\/2024\\\/10\\\/29\\\/gobierno-ve-extremo-declarar-estado-de-excepcion-en-chapare\\\/\"},\"wordCount\":284,\"publisher\":{\"@id\":\"https:\\\/\\\/www.eldiario.net\\\/portal\\\/#organization\"},\"image\":{\"@id\":\"https:\\\/\\\/www.eldiario.net\\\/portal\\\/2024\\\/10\\\/29\\\/gobierno-ve-extremo-declarar-estado-de-excepcion-en-chapare\\\/#primaryimage\"},\"thumbnailUrl\":\"https:\\\/\\\/www.eldiario.net\\\/portal\\\/wp-content\\\/uploads\\\/2024\\\/10\\\/NOVILLO-FOTO.jpg\",\"articleSection\":[\"Sociedad - Seguridad\"],\"inLanguage\":\"es\"},{\"@type\":\"WebPage\",\"@id\":\"https:\\\/\\\/www.eldiario.net\\\/portal\\\/2024\\\/10\\\/29\\\/gobierno-ve-extremo-declarar-estado-de-excepcion-en-chapare\\\/\",\"url\":\"https:\\\/\\\/www.eldiario.net\\\/portal\\\/2024\\\/10\\\/29\\\/gobierno-ve-extremo-declarar-estado-de-excepcion-en-chapare\\\/\",\"name\":\"Gobierno ve \u201cextremo\u201d declarar estado de excepci\u00f3n en Chapare - El Diario - Bolivia\",\"isPartOf\":{\"@id\":\"https:\\\/\\\/www.eldiario.net\\\/portal\\\/#website\"},\"primaryImageOfPage\":{\"@id\":\"https:\\\/\\\/www.eldiario.net\\\/portal\\\/2024\\\/10\\\/29\\\/gobierno-ve-extremo-declarar-estado-de-excepcion-en-chapare\\\/#primaryimage\"},\"image\":{\"@id\":\"https:\\\/\\\/www.eldiario.net\\\/portal\\\/2024\\\/10\\\/29\\\/gobierno-ve-extremo-declarar-estado-de-excepcion-en-chapare\\\/#primaryimage\"},\"thumbnailUrl\":\"https:\\\/\\\/www.eldiario.net\\\/portal\\\/wp-content\\\/uploads\\\/2024\\\/10\\\/NOVILLO-FOTO.jpg\",\"datePublished\":\"2024-10-29T09:53:47+00:00\",\"breadcrumb\":{\"@id\":\"https:\\\/\\\/www.eldiario.net\\\/portal\\\/2024\\\/10\\\/29\\\/gobierno-ve-extremo-declarar-estado-de-excepcion-en-chapare\\\/#breadcrumb\"},\"inLanguage\":\"es\",\"potentialAction\":[{\"@type\":\"ReadAction\",\"target\":[\"https:\\\/\\\/www.eldiario.net\\\/portal\\\/2024\\\/10\\\/29\\\/gobierno-ve-extremo-declarar-estado-de-excepcion-en-chapare\\\/\"]}]},{\"@type\":\"ImageObject\",\"inLanguage\":\"es\",\"@id\":\"https:\\\/\\\/www.eldiario.net\\\/portal\\\/2024\\\/10\\\/29\\\/gobierno-ve-extremo-declarar-estado-de-excepcion-en-chapare\\\/#primaryimage\",\"url\":\"https:\\\/\\\/www.eldiario.net\\\/portal\\\/wp-content\\\/uploads\\\/2024\\\/10\\\/NOVILLO-FOTO.jpg\",\"contentUrl\":\"https:\\\/\\\/www.eldiario.net\\\/portal\\\/wp-content\\\/uploads\\\/2024\\\/10\\\/NOVILLO-FOTO.jpg\",\"width\":602,\"height\":399,\"caption\":\"Ministro de Defensa, Edmundo Novillo. Foto: ABI\"},{\"@type\":\"BreadcrumbList\",\"@id\":\"https:\\\/\\\/www.eldiario.net\\\/portal\\\/2024\\\/10\\\/29\\\/gobierno-ve-extremo-declarar-estado-de-excepcion-en-chapare\\\/#breadcrumb\",\"itemListElement\":[{\"@type\":\"ListItem\",\"position\":1,\"name\":\"Portada\",\"item\":\"https:\\\/\\\/www.eldiario.net\\\/portal\\\/\"},{\"@type\":\"ListItem\",\"position\":2,\"name\":\"Gobierno ve \u201cextremo\u201d declarar estado de excepci\u00f3n en Chapare\"}]},{\"@type\":\"WebSite\",\"@id\":\"https:\\\/\\\/www.eldiario.net\\\/portal\\\/#website\",\"url\":\"https:\\\/\\\/www.eldiario.net\\\/portal\\\/\",\"name\":\"El Diario - Decano de la prensa nacional\",\"description\":\"El Diario - Decano de la prensa nacional\",\"publisher\":{\"@id\":\"https:\\\/\\\/www.eldiario.net\\\/portal\\\/#organization\"},\"potentialAction\":[{\"@type\":\"SearchAction\",\"target\":{\"@type\":\"EntryPoint\",\"urlTemplate\":\"https:\\\/\\\/www.eldiario.net\\\/portal\\\/?s={search_term_string}\"},\"query-input\":{\"@type\":\"PropertyValueSpecification\",\"valueRequired\":true,\"valueName\":\"search_term_string\"}}],\"inLanguage\":\"es\"},{\"@type\":\"Organization\",\"@id\":\"https:\\\/\\\/www.eldiario.net\\\/portal\\\/#organization\",\"name\":\"El Diario - Decano de la prensa nacional\",\"url\":\"https:\\\/\\\/www.eldiario.net\\\/portal\\\/\",\"logo\":{\"@type\":\"ImageObject\",\"inLanguage\":\"es\",\"@id\":\"https:\\\/\\\/www.eldiario.net\\\/portal\\\/#\\\/schema\\\/logo\\\/image\\\/\",\"url\":\"https:\\\/\\\/www.eldiario.net\\\/portal\\\/wp-content\\\/uploads\\\/2023\\\/07\\\/logo_ED.jpg\",\"contentUrl\":\"https:\\\/\\\/www.eldiario.net\\\/portal\\\/wp-content\\\/uploads\\\/2023\\\/07\\\/logo_ED.jpg\",\"width\":272,\"height\":52,\"caption\":\"El Diario - Decano de la prensa nacional\"},\"image\":{\"@id\":\"https:\\\/\\\/www.eldiario.net\\\/portal\\\/#\\\/schema\\\/logo\\\/image\\\/\"},\"sameAs\":[\"https:\\\/\\\/www.facebook.com\\\/eldiario.bolivia\\\/\",\"https:\\\/\\\/x.com\\\/eldiario_net\"]},{\"@type\":\"Person\",\"@id\":\"https:\\\/\\\/www.eldiario.net\\\/portal\\\/#\\\/schema\\\/person\\\/f46445640444750d7d753ccd04ae01b7\",\"name\":\"Jeanette\",\"image\":{\"@type\":\"ImageObject\",\"inLanguage\":\"es\",\"@id\":\"https:\\\/\\\/secure.gravatar.com\\\/avatar\\\/3ea2118a5f7dad2b7138b1187a6b7ee55f160b9968b66013c3a3ef39dd7e5798?s=96&d=mm&r=g\",\"url\":\"https:\\\/\\\/secure.gravatar.com\\\/avatar\\\/3ea2118a5f7dad2b7138b1187a6b7ee55f160b9968b66013c3a3ef39dd7e5798?s=96&d=mm&r=g\",\"contentUrl\":\"https:\\\/\\\/secure.gravatar.com\\\/avatar\\\/3ea2118a5f7dad2b7138b1187a6b7ee55f160b9968b66013c3a3ef39dd7e5798?s=96&d=mm&r=g\",\"caption\":\"Jeanette\"},\"sameAs\":[\"https:\\\/\\\/www.eldiario.net\\\/portal\"],\"url\":\"https:\\\/\\\/www.eldiario.net\\\/portal\\\/author\\\/jeanette\\\/\"}]}<\/script>\n<!-- \/ Yoast SEO plugin. -->","yoast_head_json":{"title":"Gobierno ve \u201cextremo\u201d declarar estado de excepci\u00f3n en Chapare - El Diario - Bolivia","robots":{"index":"index","follow":"follow","max-snippet":"max-snippet:-1","max-image-preview":"max-image-preview:large","max-video-preview":"max-video-preview:-1"},"canonical":"https:\/\/www.eldiario.net\/portal\/2024\/10\/29\/gobierno-ve-extremo-declarar-estado-de-excepcion-en-chapare\/","og_locale":"es_ES","og_type":"article","og_title":"Gobierno ve \u201cextremo\u201d declarar estado de excepci\u00f3n en Chapare - El Diario - Bolivia","og_description":"Consultado sobre la posibilidad de declarar estado de excepci\u00f3n en la regi\u00f3n cochabambina donde ocurren bloqueos desde hace 16 d\u00edas, el ministro de Defensa, Edmundo Novillo, se\u00f1al\u00f3 que primero se deben cumplir procedimientos constitucionales y legales para efectuarse esta medida, a la que calific\u00f3 como un\u00a0\u201cextremo\u201d en el que se hace uso de la fuerza [&hellip;]","og_url":"https:\/\/www.eldiario.net\/portal\/2024\/10\/29\/gobierno-ve-extremo-declarar-estado-de-excepcion-en-chapare\/","og_site_name":"El Diario - Bolivia","article_publisher":"https:\/\/www.facebook.com\/eldiario.bolivia\/","article_published_time":"2024-10-29T09:53:47+00:00","og_image":[{"width":602,"height":399,"url":"https:\/\/www.eldiario.net\/portal\/wp-content\/uploads\/2024\/10\/NOVILLO-FOTO.jpg","type":"image\/jpeg"}],"author":"Jeanette","twitter_card":"summary_large_image","twitter_creator":"@eldiario_net","twitter_site":"@eldiario_net","twitter_misc":{"Escrito por":"Jeanette","Tiempo de lectura":"2 minutos"},"schema":{"@context":"https:\/\/schema.org","@graph":[{"@type":"Article","@id":"https:\/\/www.eldiario.net\/portal\/2024\/10\/29\/gobierno-ve-extremo-declarar-estado-de-excepcion-en-chapare\/#article","isPartOf":{"@id":"https:\/\/www.eldiario.net\/portal\/2024\/10\/29\/gobierno-ve-extremo-declarar-estado-de-excepcion-en-chapare\/"},"author":{"name":"Jeanette","@id":"https:\/\/www.eldiario.net\/portal\/#\/schema\/person\/f46445640444750d7d753ccd04ae01b7"},"headline":"Gobierno ve \u201cextremo\u201d declarar estado de excepci\u00f3n en Chapare","datePublished":"2024-10-29T09:53:47+00:00","mainEntityOfPage":{"@id":"https:\/\/www.eldiario.net\/portal\/2024\/10\/29\/gobierno-ve-extremo-declarar-estado-de-excepcion-en-chapare\/"},"wordCount":284,"publisher":{"@id":"https:\/\/www.eldiario.net\/portal\/#organization"},"image":{"@id":"https:\/\/www.eldiario.net\/portal\/2024\/10\/29\/gobierno-ve-extremo-declarar-estado-de-excepcion-en-chapare\/#primaryimage"},"thumbnailUrl":"https:\/\/www.eldiario.net\/portal\/wp-content\/uploads\/2024\/10\/NOVILLO-FOTO.jpg","articleSection":["Sociedad - Seguridad"],"inLanguage":"es"},{"@type":"WebPage","@id":"https:\/\/www.eldiario.net\/portal\/2024\/10\/29\/gobierno-ve-extremo-declarar-estado-de-excepcion-en-chapare\/","url":"https:\/\/www.eldiario.net\/portal\/2024\/10\/29\/gobierno-ve-extremo-declarar-estado-de-excepcion-en-chapare\/","name":"Gobierno ve \u201cextremo\u201d declarar estado de excepci\u00f3n en Chapare - El Diario - Bolivia","isPartOf":{"@id":"https:\/\/www.eldiario.net\/portal\/#website"},"primaryImageOfPage":{"@id":"https:\/\/www.eldiario.net\/portal\/2024\/10\/29\/gobierno-ve-extremo-declarar-estado-de-excepcion-en-chapare\/#primaryimage"},"image":{"@id":"https:\/\/www.eldiario.net\/portal\/2024\/10\/29\/gobierno-ve-extremo-declarar-estado-de-excepcion-en-chapare\/#primaryimage"},"thumbnailUrl":"https:\/\/www.eldiario.net\/portal\/wp-content\/uploads\/2024\/10\/NOVILLO-FOTO.jpg","datePublished":"2024-10-29T09:53:47+00:00","breadcrumb":{"@id":"https:\/\/www.eldiario.net\/portal\/2024\/10\/29\/gobierno-ve-extremo-declarar-estado-de-excepcion-en-chapare\/#breadcrumb"},"inLanguage":"es","potentialAction":[{"@type":"ReadAction","target":["https:\/\/www.eldiario.net\/portal\/2024\/10\/29\/gobierno-ve-extremo-declarar-estado-de-excepcion-en-chapare\/"]}]},{"@type":"ImageObject","inLanguage":"es","@id":"https:\/\/www.eldiario.net\/portal\/2024\/10\/29\/gobierno-ve-extremo-declarar-estado-de-excepcion-en-chapare\/#primaryimage","url":"https:\/\/www.eldiario.net\/portal\/wp-content\/uploads\/2024\/10\/NOVILLO-FOTO.jpg","contentUrl":"https:\/\/www.eldiario.net\/portal\/wp-content\/uploads\/2024\/10\/NOVILLO-FOTO.jpg","width":602,"height":399,"caption":"Ministro de Defensa, Edmundo Novillo. Foto: ABI"},{"@type":"BreadcrumbList","@id":"https:\/\/www.eldiario.net\/portal\/2024\/10\/29\/gobierno-ve-extremo-declarar-estado-de-excepcion-en-chapare\/#breadcrumb","itemListElement":[{"@type":"ListItem","position":1,"name":"Portada","item":"https:\/\/www.eldiario.net\/portal\/"},{"@type":"ListItem","position":2,"name":"Gobierno ve \u201cextremo\u201d declarar estado de excepci\u00f3n en Chapare"}]},{"@type":"WebSite","@id":"https:\/\/www.eldiario.net\/portal\/#website","url":"https:\/\/www.eldiario.net\/portal\/","name":"El Diario - Decano de la prensa nacional","description":"El Diario - Decano de la prensa nacional","publisher":{"@id":"https:\/\/www.eldiario.net\/portal\/#organization"},"potentialAction":[{"@type":"SearchAction","target":{"@type":"EntryPoint","urlTemplate":"https:\/\/www.eldiario.net\/portal\/?s={search_term_string}"},"query-input":{"@type":"PropertyValueSpecification","valueRequired":true,"valueName":"search_term_string"}}],"inLanguage":"es"},{"@type":"Organization","@id":"https:\/\/www.eldiario.net\/portal\/#organization","name":"El Diario - Decano de la prensa nacional","url":"https:\/\/www.eldiario.net\/portal\/","logo":{"@type":"ImageObject","inLanguage":"es","@id":"https:\/\/www.eldiario.net\/portal\/#\/schema\/logo\/image\/","url":"https:\/\/www.eldiario.net\/portal\/wp-content\/uploads\/2023\/07\/logo_ED.jpg","contentUrl":"https:\/\/www.eldiario.net\/portal\/wp-content\/uploads\/2023\/07\/logo_ED.jpg","width":272,"height":52,"caption":"El Diario - Decano de la prensa nacional"},"image":{"@id":"https:\/\/www.eldiario.net\/portal\/#\/schema\/logo\/image\/"},"sameAs":["https:\/\/www.facebook.com\/eldiario.bolivia\/","https:\/\/x.com\/eldiario_net"]},{"@type":"Person","@id":"https:\/\/www.eldiario.net\/portal\/#\/schema\/person\/f46445640444750d7d753ccd04ae01b7","name":"Jeanette","image":{"@type":"ImageObject","inLanguage":"es","@id":"https:\/\/secure.gravatar.com\/avatar\/3ea2118a5f7dad2b7138b1187a6b7ee55f160b9968b66013c3a3ef39dd7e5798?s=96&d=mm&r=g","url":"https:\/\/secure.gravatar.com\/avatar\/3ea2118a5f7dad2b7138b1187a6b7ee55f160b9968b66013c3a3ef39dd7e5798?s=96&d=mm&r=g","contentUrl":"https:\/\/secure.gravatar.com\/avatar\/3ea2118a5f7dad2b7138b1187a6b7ee55f160b9968b66013c3a3ef39dd7e5798?s=96&d=mm&r=g","caption":"Jeanette"},"sameAs":["https:\/\/www.eldiario.net\/portal"],"url":"https:\/\/www.eldiario.net\/portal\/author\/jeanette\/"}]}},"_links":{"self":[{"href":"https:\/\/www.eldiario.net\/portal\/wp-json\/wp\/v2\/posts\/257174","targetHints":{"allow":["GET"]}}],"collection":[{"href":"https:\/\/www.eldiario.net\/portal\/wp-json\/wp\/v2\/posts"}],"about":[{"href":"https:\/\/www.eldiario.net\/portal\/wp-json\/wp\/v2\/types\/post"}],"author":[{"embeddable":true,"href":"https:\/\/www.eldiario.net\/portal\/wp-json\/wp\/v2\/users\/1"}],"replies":[{"embeddable":true,"href":"https:\/\/www.eldiario.net\/portal\/wp-json\/wp\/v2\/comments?post=257174"}],"version-history":[{"count":1,"href":"https:\/\/www.eldiario.net\/portal\/wp-json\/wp\/v2\/posts\/257174\/revisions"}],"predecessor-version":[{"id":257176,"href":"https:\/\/www.eldiario.net\/portal\/wp-json\/wp\/v2\/posts\/257174\/revisions\/257176"}],"wp:featuredmedia":[{"embeddable":true,"href":"https:\/\/www.eldiario.net\/portal\/wp-json\/wp\/v2\/media\/257175"}],"wp:attachment":[{"href":"https:\/\/www.eldiario.net\/portal\/wp-json\/wp\/v2\/media?parent=257174"}],"wp:term":[{"taxonomy":"category","embeddable":true,"href":"https:\/\/www.eldiario.net\/portal\/wp-json\/wp\/v2\/categories?post=257174"},{"taxonomy":"post_tag","embeddable":true,"href":"https:\/\/www.eldiario.net\/portal\/wp-json\/wp\/v2\/tags?post=257174"}],"curies":[{"name":"wp","href":"https:\/\/api.w.org\/{rel}","templated":true}]}}