{"id":257171,"date":"2024-10-29T05:53:12","date_gmt":"2024-10-29T09:53:12","guid":{"rendered":"https:\/\/www.eldiario.net\/portal\/?p=257171"},"modified":"2024-10-29T05:53:12","modified_gmt":"2024-10-29T09:53:12","slug":"presentan-denuncia-contra-cupula-evista-por-simulacion-de-delitos","status":"publish","type":"post","link":"https:\/\/www.eldiario.net\/portal\/2024\/10\/29\/presentan-denuncia-contra-cupula-evista-por-simulacion-de-delitos\/","title":{"rendered":"Presentan denuncia contra c\u00fapula \u201cevista\u201d por simulaci\u00f3n de delitos"},"content":{"rendered":"<p>Las ciudadanas, Marvia Subirana y Melania Torrico, presentaron ayer una nueva denuncia ante el fiscal general del Estado, Roger Mariaca, contra Evo Morales y sus exministros Juan Ram\u00f3n de la Quintana y Carlos Romero por la comisi\u00f3n de \u201csimulacro de delito\u201d, tras el presunto atentando que habr\u00eda sufrido el expresidente la ma\u00f1ana del domingo.<\/p>\n<p>\u201cSolicitamos a su autoridad admitir la presente denuncia y disponer el inicio de investigaciones en contra de los ciudadanos Evo Morales Ayma, Juan Ram\u00f3n de la Quintana y Carlos Romero Bonifaz, por la presunta comisi\u00f3n del il\u00edcito \u2018simulaci\u00f3n del delito\u2019 previsto y sancionado como delito por el art\u00edculo 167 de la Ley del C\u00f3digo Penal, ulteriormente se ponga en conocimiento de la autoridad jurisdiccional dicho inicio de investigaciones\u201d, se\u00f1ala parte de la denuncia presentada.<\/p>\n<p>La denuncia se da luego de que Morales, Quintana y Romero denunciaran, por medio de la radio cocalera Kawsachun Coca, un supuesto intento de asesinato en contra del expresidente, mismo que habr\u00eda ocurrido en Lauca \u00d1, Cochabamba.<\/p>\n<p>\u201cEn dicho comunicado se afirma que personas no identificadas dispararon hac\u00eda veh\u00edculos en los que se trasladaba Morales y se menciona como posibles autores intelectuales del atentado a altas autoridades del Estado, incluyendo al presidente Luis Arce y al ministro de Gobierno, Eduardo del Castillo\u201d, se lee en la denuncia.<\/p>\n<p>Asimismo, menciona que el comunicado emitido por Morales y compa\u00f1\u00eda no tiene elementos probatorios que puedan demostrar la tentativa de asesinato.<\/p>\n<p>\u201cEl art\u00edculo 167 del C\u00f3digo Penal establece el delito de simulaci\u00f3n de delito en los siguientes t\u00e9rminos: el que a sabiendas o hiciere creer a una autoridad haberse cometido un delito de acci\u00f3n p\u00fablica inexistente, que diere lugar a instrucci\u00f3n de un proceso para verificarlo, ser\u00e1 sancionado con prestaci\u00f3n de trabajo por tres meses a un a\u00f1o\u201d, se\u00f1ala la parte de la fundamentaci\u00f3n de derecho. (Br\u00fajula Digital)<\/p>\n<p>&nbsp;<\/p>\n","protected":false},"excerpt":{"rendered":"<p>Las ciudadanas, Marvia Subirana y Melania Torrico, presentaron ayer una nueva denuncia ante el fiscal general del Estado, Roger Mariaca, contra Evo Morales y sus exministros Juan Ram\u00f3n de la Quintana y Carlos Romero por la comisi\u00f3n de \u201csimulacro de delito\u201d, tras el presunto atentando que habr\u00eda sufrido el expresidente la ma\u00f1ana del domingo. \u201cSolicitamos [&hellip;]<\/p>\n","protected":false},"author":1,"featured_media":257172,"comment_status":"closed","ping_status":"open","sticky":false,"template":"","format":"standard","meta":{"_acf_changed":false,"footnotes":""},"categories":[39],"tags":[],"class_list":["post-257171","post","type-post","status-publish","format-standard","has-post-thumbnail","category-sociedad"],"acf":{"antetitulo":""},"yoast_head":"<!-- This site is optimized with the Yoast SEO plugin v28.4 - https:\/\/yoast.com\/product\/yoast-seo-wordpress\/ -->\n<title>Presentan denuncia contra c\u00fapula \u201cevista\u201d por simulaci\u00f3n de delitos - El Diario - Bolivia<\/title>\n<meta name=\"robots\" content=\"index, follow, max-snippet:-1, max-image-preview:large, max-video-preview:-1\" \/>\n<link rel=\"canonical\" href=\"https:\/\/www.eldiario.net\/portal\/2024\/10\/29\/presentan-denuncia-contra-cupula-evista-por-simulacion-de-delitos\/\" \/>\n<meta property=\"og:locale\" content=\"es_ES\" \/>\n<meta property=\"og:type\" content=\"article\" \/>\n<meta property=\"og:title\" content=\"Presentan denuncia contra c\u00fapula \u201cevista\u201d por simulaci\u00f3n de delitos - El Diario - Bolivia\" \/>\n<meta property=\"og:description\" content=\"Las ciudadanas, Marvia Subirana y Melania Torrico, presentaron ayer una nueva denuncia ante el fiscal general del Estado, Roger Mariaca, contra Evo Morales y sus exministros Juan Ram\u00f3n de la Quintana y Carlos Romero por la comisi\u00f3n de \u201csimulacro de delito\u201d, tras el presunto atentando que habr\u00eda sufrido el expresidente la ma\u00f1ana del domingo. \u201cSolicitamos [&hellip;]\" \/>\n<meta property=\"og:url\" content=\"https:\/\/www.eldiario.net\/portal\/2024\/10\/29\/presentan-denuncia-contra-cupula-evista-por-simulacion-de-delitos\/\" \/>\n<meta property=\"og:site_name\" content=\"El Diario - Bolivia\" \/>\n<meta property=\"article:publisher\" content=\"https:\/\/www.facebook.com\/eldiario.bolivia\/\" \/>\n<meta property=\"article:published_time\" content=\"2024-10-29T09:53:12+00:00\" \/>\n<meta property=\"og:image\" content=\"https:\/\/www.eldiario.net\/portal\/wp-content\/uploads\/2024\/10\/SIM-FOTO.jpg\" \/>\n\t<meta property=\"og:image:width\" content=\"720\" \/>\n\t<meta property=\"og:image:height\" content=\"399\" \/>\n\t<meta property=\"og:image:type\" content=\"image\/jpeg\" \/>\n<meta name=\"author\" content=\"Jeanette\" \/>\n<meta name=\"twitter:card\" content=\"summary_large_image\" \/>\n<meta name=\"twitter:creator\" content=\"@eldiario_net\" \/>\n<meta name=\"twitter:site\" content=\"@eldiario_net\" \/>\n<meta name=\"twitter:label1\" content=\"Escrito por\" \/>\n\t<meta name=\"twitter:data1\" content=\"Jeanette\" \/>\n\t<meta name=\"twitter:label2\" content=\"Tiempo de lectura\" \/>\n\t<meta name=\"twitter:data2\" content=\"2 minutos\" \/>\n<script type=\"application\/ld+json\" class=\"yoast-schema-graph\">{\"@context\":\"https:\\\/\\\/schema.org\",\"@graph\":[{\"@type\":\"Article\",\"@id\":\"https:\\\/\\\/www.eldiario.net\\\/portal\\\/2024\\\/10\\\/29\\\/presentan-denuncia-contra-cupula-evista-por-simulacion-de-delitos\\\/#article\",\"isPartOf\":{\"@id\":\"https:\\\/\\\/www.eldiario.net\\\/portal\\\/2024\\\/10\\\/29\\\/presentan-denuncia-contra-cupula-evista-por-simulacion-de-delitos\\\/\"},\"author\":{\"name\":\"Jeanette\",\"@id\":\"https:\\\/\\\/www.eldiario.net\\\/portal\\\/#\\\/schema\\\/person\\\/f46445640444750d7d753ccd04ae01b7\"},\"headline\":\"Presentan denuncia contra c\u00fapula \u201cevista\u201d por simulaci\u00f3n de delitos\",\"datePublished\":\"2024-10-29T09:53:12+00:00\",\"mainEntityOfPage\":{\"@id\":\"https:\\\/\\\/www.eldiario.net\\\/portal\\\/2024\\\/10\\\/29\\\/presentan-denuncia-contra-cupula-evista-por-simulacion-de-delitos\\\/\"},\"wordCount\":339,\"publisher\":{\"@id\":\"https:\\\/\\\/www.eldiario.net\\\/portal\\\/#organization\"},\"image\":{\"@id\":\"https:\\\/\\\/www.eldiario.net\\\/portal\\\/2024\\\/10\\\/29\\\/presentan-denuncia-contra-cupula-evista-por-simulacion-de-delitos\\\/#primaryimage\"},\"thumbnailUrl\":\"https:\\\/\\\/www.eldiario.net\\\/portal\\\/wp-content\\\/uploads\\\/2024\\\/10\\\/SIM-FOTO.jpg\",\"articleSection\":[\"Sociedad - Seguridad\"],\"inLanguage\":\"es\"},{\"@type\":\"WebPage\",\"@id\":\"https:\\\/\\\/www.eldiario.net\\\/portal\\\/2024\\\/10\\\/29\\\/presentan-denuncia-contra-cupula-evista-por-simulacion-de-delitos\\\/\",\"url\":\"https:\\\/\\\/www.eldiario.net\\\/portal\\\/2024\\\/10\\\/29\\\/presentan-denuncia-contra-cupula-evista-por-simulacion-de-delitos\\\/\",\"name\":\"Presentan denuncia contra c\u00fapula \u201cevista\u201d por simulaci\u00f3n de delitos - El Diario - Bolivia\",\"isPartOf\":{\"@id\":\"https:\\\/\\\/www.eldiario.net\\\/portal\\\/#website\"},\"primaryImageOfPage\":{\"@id\":\"https:\\\/\\\/www.eldiario.net\\\/portal\\\/2024\\\/10\\\/29\\\/presentan-denuncia-contra-cupula-evista-por-simulacion-de-delitos\\\/#primaryimage\"},\"image\":{\"@id\":\"https:\\\/\\\/www.eldiario.net\\\/portal\\\/2024\\\/10\\\/29\\\/presentan-denuncia-contra-cupula-evista-por-simulacion-de-delitos\\\/#primaryimage\"},\"thumbnailUrl\":\"https:\\\/\\\/www.eldiario.net\\\/portal\\\/wp-content\\\/uploads\\\/2024\\\/10\\\/SIM-FOTO.jpg\",\"datePublished\":\"2024-10-29T09:53:12+00:00\",\"breadcrumb\":{\"@id\":\"https:\\\/\\\/www.eldiario.net\\\/portal\\\/2024\\\/10\\\/29\\\/presentan-denuncia-contra-cupula-evista-por-simulacion-de-delitos\\\/#breadcrumb\"},\"inLanguage\":\"es\",\"potentialAction\":[{\"@type\":\"ReadAction\",\"target\":[\"https:\\\/\\\/www.eldiario.net\\\/portal\\\/2024\\\/10\\\/29\\\/presentan-denuncia-contra-cupula-evista-por-simulacion-de-delitos\\\/\"]}]},{\"@type\":\"ImageObject\",\"inLanguage\":\"es\",\"@id\":\"https:\\\/\\\/www.eldiario.net\\\/portal\\\/2024\\\/10\\\/29\\\/presentan-denuncia-contra-cupula-evista-por-simulacion-de-delitos\\\/#primaryimage\",\"url\":\"https:\\\/\\\/www.eldiario.net\\\/portal\\\/wp-content\\\/uploads\\\/2024\\\/10\\\/SIM-FOTO.jpg\",\"contentUrl\":\"https:\\\/\\\/www.eldiario.net\\\/portal\\\/wp-content\\\/uploads\\\/2024\\\/10\\\/SIM-FOTO.jpg\",\"width\":720,\"height\":399,\"caption\":\"Presentaron denuncia contra Morales y dos exministros. Foto: ABI\"},{\"@type\":\"BreadcrumbList\",\"@id\":\"https:\\\/\\\/www.eldiario.net\\\/portal\\\/2024\\\/10\\\/29\\\/presentan-denuncia-contra-cupula-evista-por-simulacion-de-delitos\\\/#breadcrumb\",\"itemListElement\":[{\"@type\":\"ListItem\",\"position\":1,\"name\":\"Portada\",\"item\":\"https:\\\/\\\/www.eldiario.net\\\/portal\\\/\"},{\"@type\":\"ListItem\",\"position\":2,\"name\":\"Presentan denuncia contra c\u00fapula \u201cevista\u201d por simulaci\u00f3n de delitos\"}]},{\"@type\":\"WebSite\",\"@id\":\"https:\\\/\\\/www.eldiario.net\\\/portal\\\/#website\",\"url\":\"https:\\\/\\\/www.eldiario.net\\\/portal\\\/\",\"name\":\"El Diario - Decano de la prensa nacional\",\"description\":\"El Diario - Decano de la prensa nacional\",\"publisher\":{\"@id\":\"https:\\\/\\\/www.eldiario.net\\\/portal\\\/#organization\"},\"potentialAction\":[{\"@type\":\"SearchAction\",\"target\":{\"@type\":\"EntryPoint\",\"urlTemplate\":\"https:\\\/\\\/www.eldiario.net\\\/portal\\\/?s={search_term_string}\"},\"query-input\":{\"@type\":\"PropertyValueSpecification\",\"valueRequired\":true,\"valueName\":\"search_term_string\"}}],\"inLanguage\":\"es\"},{\"@type\":\"Organization\",\"@id\":\"https:\\\/\\\/www.eldiario.net\\\/portal\\\/#organization\",\"name\":\"El Diario - Decano de la prensa nacional\",\"url\":\"https:\\\/\\\/www.eldiario.net\\\/portal\\\/\",\"logo\":{\"@type\":\"ImageObject\",\"inLanguage\":\"es\",\"@id\":\"https:\\\/\\\/www.eldiario.net\\\/portal\\\/#\\\/schema\\\/logo\\\/image\\\/\",\"url\":\"https:\\\/\\\/www.eldiario.net\\\/portal\\\/wp-content\\\/uploads\\\/2023\\\/07\\\/logo_ED.jpg\",\"contentUrl\":\"https:\\\/\\\/www.eldiario.net\\\/portal\\\/wp-content\\\/uploads\\\/2023\\\/07\\\/logo_ED.jpg\",\"width\":272,\"height\":52,\"caption\":\"El Diario - Decano de la prensa nacional\"},\"image\":{\"@id\":\"https:\\\/\\\/www.eldiario.net\\\/portal\\\/#\\\/schema\\\/logo\\\/image\\\/\"},\"sameAs\":[\"https:\\\/\\\/www.facebook.com\\\/eldiario.bolivia\\\/\",\"https:\\\/\\\/x.com\\\/eldiario_net\"]},{\"@type\":\"Person\",\"@id\":\"https:\\\/\\\/www.eldiario.net\\\/portal\\\/#\\\/schema\\\/person\\\/f46445640444750d7d753ccd04ae01b7\",\"name\":\"Jeanette\",\"image\":{\"@type\":\"ImageObject\",\"inLanguage\":\"es\",\"@id\":\"https:\\\/\\\/secure.gravatar.com\\\/avatar\\\/3ea2118a5f7dad2b7138b1187a6b7ee55f160b9968b66013c3a3ef39dd7e5798?s=96&d=mm&r=g\",\"url\":\"https:\\\/\\\/secure.gravatar.com\\\/avatar\\\/3ea2118a5f7dad2b7138b1187a6b7ee55f160b9968b66013c3a3ef39dd7e5798?s=96&d=mm&r=g\",\"contentUrl\":\"https:\\\/\\\/secure.gravatar.com\\\/avatar\\\/3ea2118a5f7dad2b7138b1187a6b7ee55f160b9968b66013c3a3ef39dd7e5798?s=96&d=mm&r=g\",\"caption\":\"Jeanette\"},\"sameAs\":[\"https:\\\/\\\/www.eldiario.net\\\/portal\"],\"url\":\"https:\\\/\\\/www.eldiario.net\\\/portal\\\/author\\\/jeanette\\\/\"}]}<\/script>\n<!-- \/ Yoast SEO plugin. -->","yoast_head_json":{"title":"Presentan denuncia contra c\u00fapula \u201cevista\u201d por simulaci\u00f3n de delitos - El Diario - Bolivia","robots":{"index":"index","follow":"follow","max-snippet":"max-snippet:-1","max-image-preview":"max-image-preview:large","max-video-preview":"max-video-preview:-1"},"canonical":"https:\/\/www.eldiario.net\/portal\/2024\/10\/29\/presentan-denuncia-contra-cupula-evista-por-simulacion-de-delitos\/","og_locale":"es_ES","og_type":"article","og_title":"Presentan denuncia contra c\u00fapula \u201cevista\u201d por simulaci\u00f3n de delitos - El Diario - Bolivia","og_description":"Las ciudadanas, Marvia Subirana y Melania Torrico, presentaron ayer una nueva denuncia ante el fiscal general del Estado, Roger Mariaca, contra Evo Morales y sus exministros Juan Ram\u00f3n de la Quintana y Carlos Romero por la comisi\u00f3n de \u201csimulacro de delito\u201d, tras el presunto atentando que habr\u00eda sufrido el expresidente la ma\u00f1ana del domingo. \u201cSolicitamos [&hellip;]","og_url":"https:\/\/www.eldiario.net\/portal\/2024\/10\/29\/presentan-denuncia-contra-cupula-evista-por-simulacion-de-delitos\/","og_site_name":"El Diario - Bolivia","article_publisher":"https:\/\/www.facebook.com\/eldiario.bolivia\/","article_published_time":"2024-10-29T09:53:12+00:00","og_image":[{"width":720,"height":399,"url":"https:\/\/www.eldiario.net\/portal\/wp-content\/uploads\/2024\/10\/SIM-FOTO.jpg","type":"image\/jpeg"}],"author":"Jeanette","twitter_card":"summary_large_image","twitter_creator":"@eldiario_net","twitter_site":"@eldiario_net","twitter_misc":{"Escrito por":"Jeanette","Tiempo de lectura":"2 minutos"},"schema":{"@context":"https:\/\/schema.org","@graph":[{"@type":"Article","@id":"https:\/\/www.eldiario.net\/portal\/2024\/10\/29\/presentan-denuncia-contra-cupula-evista-por-simulacion-de-delitos\/#article","isPartOf":{"@id":"https:\/\/www.eldiario.net\/portal\/2024\/10\/29\/presentan-denuncia-contra-cupula-evista-por-simulacion-de-delitos\/"},"author":{"name":"Jeanette","@id":"https:\/\/www.eldiario.net\/portal\/#\/schema\/person\/f46445640444750d7d753ccd04ae01b7"},"headline":"Presentan denuncia contra c\u00fapula \u201cevista\u201d por simulaci\u00f3n de delitos","datePublished":"2024-10-29T09:53:12+00:00","mainEntityOfPage":{"@id":"https:\/\/www.eldiario.net\/portal\/2024\/10\/29\/presentan-denuncia-contra-cupula-evista-por-simulacion-de-delitos\/"},"wordCount":339,"publisher":{"@id":"https:\/\/www.eldiario.net\/portal\/#organization"},"image":{"@id":"https:\/\/www.eldiario.net\/portal\/2024\/10\/29\/presentan-denuncia-contra-cupula-evista-por-simulacion-de-delitos\/#primaryimage"},"thumbnailUrl":"https:\/\/www.eldiario.net\/portal\/wp-content\/uploads\/2024\/10\/SIM-FOTO.jpg","articleSection":["Sociedad - Seguridad"],"inLanguage":"es"},{"@type":"WebPage","@id":"https:\/\/www.eldiario.net\/portal\/2024\/10\/29\/presentan-denuncia-contra-cupula-evista-por-simulacion-de-delitos\/","url":"https:\/\/www.eldiario.net\/portal\/2024\/10\/29\/presentan-denuncia-contra-cupula-evista-por-simulacion-de-delitos\/","name":"Presentan denuncia contra c\u00fapula \u201cevista\u201d por simulaci\u00f3n de delitos - El Diario - Bolivia","isPartOf":{"@id":"https:\/\/www.eldiario.net\/portal\/#website"},"primaryImageOfPage":{"@id":"https:\/\/www.eldiario.net\/portal\/2024\/10\/29\/presentan-denuncia-contra-cupula-evista-por-simulacion-de-delitos\/#primaryimage"},"image":{"@id":"https:\/\/www.eldiario.net\/portal\/2024\/10\/29\/presentan-denuncia-contra-cupula-evista-por-simulacion-de-delitos\/#primaryimage"},"thumbnailUrl":"https:\/\/www.eldiario.net\/portal\/wp-content\/uploads\/2024\/10\/SIM-FOTO.jpg","datePublished":"2024-10-29T09:53:12+00:00","breadcrumb":{"@id":"https:\/\/www.eldiario.net\/portal\/2024\/10\/29\/presentan-denuncia-contra-cupula-evista-por-simulacion-de-delitos\/#breadcrumb"},"inLanguage":"es","potentialAction":[{"@type":"ReadAction","target":["https:\/\/www.eldiario.net\/portal\/2024\/10\/29\/presentan-denuncia-contra-cupula-evista-por-simulacion-de-delitos\/"]}]},{"@type":"ImageObject","inLanguage":"es","@id":"https:\/\/www.eldiario.net\/portal\/2024\/10\/29\/presentan-denuncia-contra-cupula-evista-por-simulacion-de-delitos\/#primaryimage","url":"https:\/\/www.eldiario.net\/portal\/wp-content\/uploads\/2024\/10\/SIM-FOTO.jpg","contentUrl":"https:\/\/www.eldiario.net\/portal\/wp-content\/uploads\/2024\/10\/SIM-FOTO.jpg","width":720,"height":399,"caption":"Presentaron denuncia contra Morales y dos exministros. Foto: ABI"},{"@type":"BreadcrumbList","@id":"https:\/\/www.eldiario.net\/portal\/2024\/10\/29\/presentan-denuncia-contra-cupula-evista-por-simulacion-de-delitos\/#breadcrumb","itemListElement":[{"@type":"ListItem","position":1,"name":"Portada","item":"https:\/\/www.eldiario.net\/portal\/"},{"@type":"ListItem","position":2,"name":"Presentan denuncia contra c\u00fapula \u201cevista\u201d por simulaci\u00f3n de delitos"}]},{"@type":"WebSite","@id":"https:\/\/www.eldiario.net\/portal\/#website","url":"https:\/\/www.eldiario.net\/portal\/","name":"El Diario - Decano de la prensa nacional","description":"El Diario - Decano de la prensa nacional","publisher":{"@id":"https:\/\/www.eldiario.net\/portal\/#organization"},"potentialAction":[{"@type":"SearchAction","target":{"@type":"EntryPoint","urlTemplate":"https:\/\/www.eldiario.net\/portal\/?s={search_term_string}"},"query-input":{"@type":"PropertyValueSpecification","valueRequired":true,"valueName":"search_term_string"}}],"inLanguage":"es"},{"@type":"Organization","@id":"https:\/\/www.eldiario.net\/portal\/#organization","name":"El Diario - Decano de la prensa nacional","url":"https:\/\/www.eldiario.net\/portal\/","logo":{"@type":"ImageObject","inLanguage":"es","@id":"https:\/\/www.eldiario.net\/portal\/#\/schema\/logo\/image\/","url":"https:\/\/www.eldiario.net\/portal\/wp-content\/uploads\/2023\/07\/logo_ED.jpg","contentUrl":"https:\/\/www.eldiario.net\/portal\/wp-content\/uploads\/2023\/07\/logo_ED.jpg","width":272,"height":52,"caption":"El Diario - Decano de la prensa nacional"},"image":{"@id":"https:\/\/www.eldiario.net\/portal\/#\/schema\/logo\/image\/"},"sameAs":["https:\/\/www.facebook.com\/eldiario.bolivia\/","https:\/\/x.com\/eldiario_net"]},{"@type":"Person","@id":"https:\/\/www.eldiario.net\/portal\/#\/schema\/person\/f46445640444750d7d753ccd04ae01b7","name":"Jeanette","image":{"@type":"ImageObject","inLanguage":"es","@id":"https:\/\/secure.gravatar.com\/avatar\/3ea2118a5f7dad2b7138b1187a6b7ee55f160b9968b66013c3a3ef39dd7e5798?s=96&d=mm&r=g","url":"https:\/\/secure.gravatar.com\/avatar\/3ea2118a5f7dad2b7138b1187a6b7ee55f160b9968b66013c3a3ef39dd7e5798?s=96&d=mm&r=g","contentUrl":"https:\/\/secure.gravatar.com\/avatar\/3ea2118a5f7dad2b7138b1187a6b7ee55f160b9968b66013c3a3ef39dd7e5798?s=96&d=mm&r=g","caption":"Jeanette"},"sameAs":["https:\/\/www.eldiario.net\/portal"],"url":"https:\/\/www.eldiario.net\/portal\/author\/jeanette\/"}]}},"_links":{"self":[{"href":"https:\/\/www.eldiario.net\/portal\/wp-json\/wp\/v2\/posts\/257171","targetHints":{"allow":["GET"]}}],"collection":[{"href":"https:\/\/www.eldiario.net\/portal\/wp-json\/wp\/v2\/posts"}],"about":[{"href":"https:\/\/www.eldiario.net\/portal\/wp-json\/wp\/v2\/types\/post"}],"author":[{"embeddable":true,"href":"https:\/\/www.eldiario.net\/portal\/wp-json\/wp\/v2\/users\/1"}],"replies":[{"embeddable":true,"href":"https:\/\/www.eldiario.net\/portal\/wp-json\/wp\/v2\/comments?post=257171"}],"version-history":[{"count":1,"href":"https:\/\/www.eldiario.net\/portal\/wp-json\/wp\/v2\/posts\/257171\/revisions"}],"predecessor-version":[{"id":257173,"href":"https:\/\/www.eldiario.net\/portal\/wp-json\/wp\/v2\/posts\/257171\/revisions\/257173"}],"wp:featuredmedia":[{"embeddable":true,"href":"https:\/\/www.eldiario.net\/portal\/wp-json\/wp\/v2\/media\/257172"}],"wp:attachment":[{"href":"https:\/\/www.eldiario.net\/portal\/wp-json\/wp\/v2\/media?parent=257171"}],"wp:term":[{"taxonomy":"category","embeddable":true,"href":"https:\/\/www.eldiario.net\/portal\/wp-json\/wp\/v2\/categories?post=257171"},{"taxonomy":"post_tag","embeddable":true,"href":"https:\/\/www.eldiario.net\/portal\/wp-json\/wp\/v2\/tags?post=257171"}],"curies":[{"name":"wp","href":"https:\/\/api.w.org\/{rel}","templated":true}]}}