{"id":257113,"date":"2024-10-28T10:11:01","date_gmt":"2024-10-28T14:11:01","guid":{"rendered":"https:\/\/www.eldiario.net\/portal\/?p=257113"},"modified":"2024-10-28T10:11:01","modified_gmt":"2024-10-28T14:11:01","slug":"persisten-largas-filas-por-gasolina-y-diesel-en-la-paz-y-el-alto-1010","status":"publish","type":"post","link":"https:\/\/www.eldiario.net\/portal\/2024\/10\/28\/persisten-largas-filas-por-gasolina-y-diesel-en-la-paz-y-el-alto-1010\/","title":{"rendered":"Persisten largas filas por gasolina y di\u00e9sel en La Paz y El Alto (10:10)"},"content":{"rendered":"<p>Este lunes se reportaron nuevamente largas filas de veh\u00edculos en estaciones de servicio de La Paz y El Alto, donde los conductores buscan abastecerse de gasolina y di\u00e9sel. Pese a que la Agencia Nacional de Hidrocarburos (ANH) inform\u00f3 sobre un incremento en la distribuci\u00f3n de carburantes entre el mi\u00e9rcoles y el s\u00e1bado, el suministro a\u00fan es insuficiente para cubrir la demanda.<\/p>\n<p>En El Alto, la situaci\u00f3n deriv\u00f3 en un bloqueo de la avenida del Polic\u00eda en protesta por la falta de combustible. Seg\u00fan los afectados, desde las 10:00 a.m. del domingo varias estaciones agotaron sus reservas, lo que ha generado incertidumbre y malestar ante la falta de informaci\u00f3n sobre el reabastecimiento de los surtidores.<\/p>\n","protected":false},"excerpt":{"rendered":"<p>Este lunes se reportaron nuevamente largas filas de veh\u00edculos en estaciones de servicio de La Paz y El Alto, donde los conductores buscan abastecerse de gasolina y di\u00e9sel. Pese a que la Agencia Nacional de Hidrocarburos (ANH) inform\u00f3 sobre un incremento en la distribuci\u00f3n de carburantes entre el mi\u00e9rcoles y el s\u00e1bado, el suministro a\u00fan [&hellip;]<\/p>\n","protected":false},"author":7,"featured_media":257114,"comment_status":"closed","ping_status":"open","sticky":false,"template":"","format":"standard","meta":{"_acf_changed":false,"footnotes":""},"categories":[51],"tags":[],"class_list":["post-257113","post","type-post","status-publish","format-standard","has-post-thumbnail","category-ultima-hora"],"acf":{"antetitulo":""},"yoast_head":"<!-- This site is optimized with the Yoast SEO plugin v28.3 - https:\/\/yoast.com\/product\/yoast-seo-wordpress\/ -->\n<title>Persisten largas filas por gasolina y di\u00e9sel en La Paz y El Alto (10:10) - El Diario - Bolivia<\/title>\n<meta name=\"robots\" content=\"index, follow, max-snippet:-1, max-image-preview:large, max-video-preview:-1\" \/>\n<link rel=\"canonical\" href=\"https:\/\/www.eldiario.net\/portal\/2024\/10\/28\/persisten-largas-filas-por-gasolina-y-diesel-en-la-paz-y-el-alto-1010\/\" \/>\n<meta property=\"og:locale\" content=\"es_ES\" \/>\n<meta property=\"og:type\" content=\"article\" \/>\n<meta property=\"og:title\" content=\"Persisten largas filas por gasolina y di\u00e9sel en La Paz y El Alto (10:10) - El Diario - Bolivia\" \/>\n<meta property=\"og:description\" content=\"Este lunes se reportaron nuevamente largas filas de veh\u00edculos en estaciones de servicio de La Paz y El Alto, donde los conductores buscan abastecerse de gasolina y di\u00e9sel. Pese a que la Agencia Nacional de Hidrocarburos (ANH) inform\u00f3 sobre un incremento en la distribuci\u00f3n de carburantes entre el mi\u00e9rcoles y el s\u00e1bado, el suministro a\u00fan [&hellip;]\" \/>\n<meta property=\"og:url\" content=\"https:\/\/www.eldiario.net\/portal\/2024\/10\/28\/persisten-largas-filas-por-gasolina-y-diesel-en-la-paz-y-el-alto-1010\/\" \/>\n<meta property=\"og:site_name\" content=\"El Diario - Bolivia\" \/>\n<meta property=\"article:publisher\" content=\"https:\/\/www.facebook.com\/eldiario.bolivia\/\" \/>\n<meta property=\"article:published_time\" content=\"2024-10-28T14:11:01+00:00\" \/>\n<meta property=\"og:image\" content=\"https:\/\/www.eldiario.net\/portal\/wp-content\/uploads\/2024\/10\/bloqueo-en-el-alto-e1730124516651.jpg\" \/>\n\t<meta property=\"og:image:width\" content=\"450\" \/>\n\t<meta property=\"og:image:height\" content=\"212\" \/>\n\t<meta property=\"og:image:type\" content=\"image\/jpeg\" \/>\n<meta name=\"author\" content=\"Viviana Monrroy\" \/>\n<meta name=\"twitter:card\" content=\"summary_large_image\" \/>\n<meta name=\"twitter:creator\" content=\"@eldiario_net\" \/>\n<meta name=\"twitter:site\" content=\"@eldiario_net\" \/>\n<meta name=\"twitter:label1\" content=\"Escrito por\" \/>\n\t<meta name=\"twitter:data1\" content=\"Viviana Monrroy\" \/>\n\t<meta name=\"twitter:label2\" content=\"Tiempo de lectura\" \/>\n\t<meta name=\"twitter:data2\" content=\"1 minuto\" \/>\n<script type=\"application\/ld+json\" class=\"yoast-schema-graph\">{\"@context\":\"https:\\\/\\\/schema.org\",\"@graph\":[{\"@type\":\"Article\",\"@id\":\"https:\\\/\\\/www.eldiario.net\\\/portal\\\/2024\\\/10\\\/28\\\/persisten-largas-filas-por-gasolina-y-diesel-en-la-paz-y-el-alto-1010\\\/#article\",\"isPartOf\":{\"@id\":\"https:\\\/\\\/www.eldiario.net\\\/portal\\\/2024\\\/10\\\/28\\\/persisten-largas-filas-por-gasolina-y-diesel-en-la-paz-y-el-alto-1010\\\/\"},\"author\":{\"name\":\"Viviana Monrroy\",\"@id\":\"https:\\\/\\\/www.eldiario.net\\\/portal\\\/#\\\/schema\\\/person\\\/ba370d92d160f4d3574381f6d9b78fab\"},\"headline\":\"Persisten largas filas por gasolina y di\u00e9sel en La Paz y El Alto (10:10)\",\"datePublished\":\"2024-10-28T14:11:01+00:00\",\"mainEntityOfPage\":{\"@id\":\"https:\\\/\\\/www.eldiario.net\\\/portal\\\/2024\\\/10\\\/28\\\/persisten-largas-filas-por-gasolina-y-diesel-en-la-paz-y-el-alto-1010\\\/\"},\"wordCount\":138,\"publisher\":{\"@id\":\"https:\\\/\\\/www.eldiario.net\\\/portal\\\/#organization\"},\"image\":{\"@id\":\"https:\\\/\\\/www.eldiario.net\\\/portal\\\/2024\\\/10\\\/28\\\/persisten-largas-filas-por-gasolina-y-diesel-en-la-paz-y-el-alto-1010\\\/#primaryimage\"},\"thumbnailUrl\":\"https:\\\/\\\/www.eldiario.net\\\/portal\\\/wp-content\\\/uploads\\\/2024\\\/10\\\/bloqueo-en-el-alto-e1730124516651.jpg\",\"articleSection\":[\"\u00daltima Hora\"],\"inLanguage\":\"es\"},{\"@type\":\"WebPage\",\"@id\":\"https:\\\/\\\/www.eldiario.net\\\/portal\\\/2024\\\/10\\\/28\\\/persisten-largas-filas-por-gasolina-y-diesel-en-la-paz-y-el-alto-1010\\\/\",\"url\":\"https:\\\/\\\/www.eldiario.net\\\/portal\\\/2024\\\/10\\\/28\\\/persisten-largas-filas-por-gasolina-y-diesel-en-la-paz-y-el-alto-1010\\\/\",\"name\":\"Persisten largas filas por gasolina y di\u00e9sel en La Paz y El Alto (10:10) - El Diario - Bolivia\",\"isPartOf\":{\"@id\":\"https:\\\/\\\/www.eldiario.net\\\/portal\\\/#website\"},\"primaryImageOfPage\":{\"@id\":\"https:\\\/\\\/www.eldiario.net\\\/portal\\\/2024\\\/10\\\/28\\\/persisten-largas-filas-por-gasolina-y-diesel-en-la-paz-y-el-alto-1010\\\/#primaryimage\"},\"image\":{\"@id\":\"https:\\\/\\\/www.eldiario.net\\\/portal\\\/2024\\\/10\\\/28\\\/persisten-largas-filas-por-gasolina-y-diesel-en-la-paz-y-el-alto-1010\\\/#primaryimage\"},\"thumbnailUrl\":\"https:\\\/\\\/www.eldiario.net\\\/portal\\\/wp-content\\\/uploads\\\/2024\\\/10\\\/bloqueo-en-el-alto-e1730124516651.jpg\",\"datePublished\":\"2024-10-28T14:11:01+00:00\",\"breadcrumb\":{\"@id\":\"https:\\\/\\\/www.eldiario.net\\\/portal\\\/2024\\\/10\\\/28\\\/persisten-largas-filas-por-gasolina-y-diesel-en-la-paz-y-el-alto-1010\\\/#breadcrumb\"},\"inLanguage\":\"es\",\"potentialAction\":[{\"@type\":\"ReadAction\",\"target\":[\"https:\\\/\\\/www.eldiario.net\\\/portal\\\/2024\\\/10\\\/28\\\/persisten-largas-filas-por-gasolina-y-diesel-en-la-paz-y-el-alto-1010\\\/\"]}]},{\"@type\":\"ImageObject\",\"inLanguage\":\"es\",\"@id\":\"https:\\\/\\\/www.eldiario.net\\\/portal\\\/2024\\\/10\\\/28\\\/persisten-largas-filas-por-gasolina-y-diesel-en-la-paz-y-el-alto-1010\\\/#primaryimage\",\"url\":\"https:\\\/\\\/www.eldiario.net\\\/portal\\\/wp-content\\\/uploads\\\/2024\\\/10\\\/bloqueo-en-el-alto-e1730124516651.jpg\",\"contentUrl\":\"https:\\\/\\\/www.eldiario.net\\\/portal\\\/wp-content\\\/uploads\\\/2024\\\/10\\\/bloqueo-en-el-alto-e1730124516651.jpg\",\"width\":450,\"height\":212,\"caption\":\"Foto: RRSS\"},{\"@type\":\"BreadcrumbList\",\"@id\":\"https:\\\/\\\/www.eldiario.net\\\/portal\\\/2024\\\/10\\\/28\\\/persisten-largas-filas-por-gasolina-y-diesel-en-la-paz-y-el-alto-1010\\\/#breadcrumb\",\"itemListElement\":[{\"@type\":\"ListItem\",\"position\":1,\"name\":\"Portada\",\"item\":\"https:\\\/\\\/www.eldiario.net\\\/portal\\\/\"},{\"@type\":\"ListItem\",\"position\":2,\"name\":\"Persisten largas filas por gasolina y di\u00e9sel en La Paz y El Alto (10:10)\"}]},{\"@type\":\"WebSite\",\"@id\":\"https:\\\/\\\/www.eldiario.net\\\/portal\\\/#website\",\"url\":\"https:\\\/\\\/www.eldiario.net\\\/portal\\\/\",\"name\":\"El Diario - Decano de la prensa nacional\",\"description\":\"El Diario - Decano de la prensa nacional\",\"publisher\":{\"@id\":\"https:\\\/\\\/www.eldiario.net\\\/portal\\\/#organization\"},\"potentialAction\":[{\"@type\":\"SearchAction\",\"target\":{\"@type\":\"EntryPoint\",\"urlTemplate\":\"https:\\\/\\\/www.eldiario.net\\\/portal\\\/?s={search_term_string}\"},\"query-input\":{\"@type\":\"PropertyValueSpecification\",\"valueRequired\":true,\"valueName\":\"search_term_string\"}}],\"inLanguage\":\"es\"},{\"@type\":\"Organization\",\"@id\":\"https:\\\/\\\/www.eldiario.net\\\/portal\\\/#organization\",\"name\":\"El Diario - Decano de la prensa nacional\",\"url\":\"https:\\\/\\\/www.eldiario.net\\\/portal\\\/\",\"logo\":{\"@type\":\"ImageObject\",\"inLanguage\":\"es\",\"@id\":\"https:\\\/\\\/www.eldiario.net\\\/portal\\\/#\\\/schema\\\/logo\\\/image\\\/\",\"url\":\"https:\\\/\\\/www.eldiario.net\\\/portal\\\/wp-content\\\/uploads\\\/2023\\\/07\\\/logo_ED.jpg\",\"contentUrl\":\"https:\\\/\\\/www.eldiario.net\\\/portal\\\/wp-content\\\/uploads\\\/2023\\\/07\\\/logo_ED.jpg\",\"width\":272,\"height\":52,\"caption\":\"El Diario - Decano de la prensa nacional\"},\"image\":{\"@id\":\"https:\\\/\\\/www.eldiario.net\\\/portal\\\/#\\\/schema\\\/logo\\\/image\\\/\"},\"sameAs\":[\"https:\\\/\\\/www.facebook.com\\\/eldiario.bolivia\\\/\",\"https:\\\/\\\/x.com\\\/eldiario_net\"]},{\"@type\":\"Person\",\"@id\":\"https:\\\/\\\/www.eldiario.net\\\/portal\\\/#\\\/schema\\\/person\\\/ba370d92d160f4d3574381f6d9b78fab\",\"name\":\"Viviana Monrroy\",\"image\":{\"@type\":\"ImageObject\",\"inLanguage\":\"es\",\"@id\":\"https:\\\/\\\/secure.gravatar.com\\\/avatar\\\/dfd1611ed5600959a0e5a9754503b6c05d1dcf190010998e0363aee2ad98afca?s=96&d=mm&r=g\",\"url\":\"https:\\\/\\\/secure.gravatar.com\\\/avatar\\\/dfd1611ed5600959a0e5a9754503b6c05d1dcf190010998e0363aee2ad98afca?s=96&d=mm&r=g\",\"contentUrl\":\"https:\\\/\\\/secure.gravatar.com\\\/avatar\\\/dfd1611ed5600959a0e5a9754503b6c05d1dcf190010998e0363aee2ad98afca?s=96&d=mm&r=g\",\"caption\":\"Viviana Monrroy\"},\"sameAs\":[\"http:\\\/\\\/www.eldiario.net\"],\"url\":\"https:\\\/\\\/www.eldiario.net\\\/portal\\\/author\\\/vivianamonrroy\\\/\"}]}<\/script>\n<!-- \/ Yoast SEO plugin. -->","yoast_head_json":{"title":"Persisten largas filas por gasolina y di\u00e9sel en La Paz y El Alto (10:10) - El Diario - Bolivia","robots":{"index":"index","follow":"follow","max-snippet":"max-snippet:-1","max-image-preview":"max-image-preview:large","max-video-preview":"max-video-preview:-1"},"canonical":"https:\/\/www.eldiario.net\/portal\/2024\/10\/28\/persisten-largas-filas-por-gasolina-y-diesel-en-la-paz-y-el-alto-1010\/","og_locale":"es_ES","og_type":"article","og_title":"Persisten largas filas por gasolina y di\u00e9sel en La Paz y El Alto (10:10) - El Diario - Bolivia","og_description":"Este lunes se reportaron nuevamente largas filas de veh\u00edculos en estaciones de servicio de La Paz y El Alto, donde los conductores buscan abastecerse de gasolina y di\u00e9sel. Pese a que la Agencia Nacional de Hidrocarburos (ANH) inform\u00f3 sobre un incremento en la distribuci\u00f3n de carburantes entre el mi\u00e9rcoles y el s\u00e1bado, el suministro a\u00fan [&hellip;]","og_url":"https:\/\/www.eldiario.net\/portal\/2024\/10\/28\/persisten-largas-filas-por-gasolina-y-diesel-en-la-paz-y-el-alto-1010\/","og_site_name":"El Diario - Bolivia","article_publisher":"https:\/\/www.facebook.com\/eldiario.bolivia\/","article_published_time":"2024-10-28T14:11:01+00:00","og_image":[{"width":450,"height":212,"url":"https:\/\/www.eldiario.net\/portal\/wp-content\/uploads\/2024\/10\/bloqueo-en-el-alto-e1730124516651.jpg","type":"image\/jpeg"}],"author":"Viviana Monrroy","twitter_card":"summary_large_image","twitter_creator":"@eldiario_net","twitter_site":"@eldiario_net","twitter_misc":{"Escrito por":"Viviana Monrroy","Tiempo de lectura":"1 minuto"},"schema":{"@context":"https:\/\/schema.org","@graph":[{"@type":"Article","@id":"https:\/\/www.eldiario.net\/portal\/2024\/10\/28\/persisten-largas-filas-por-gasolina-y-diesel-en-la-paz-y-el-alto-1010\/#article","isPartOf":{"@id":"https:\/\/www.eldiario.net\/portal\/2024\/10\/28\/persisten-largas-filas-por-gasolina-y-diesel-en-la-paz-y-el-alto-1010\/"},"author":{"name":"Viviana Monrroy","@id":"https:\/\/www.eldiario.net\/portal\/#\/schema\/person\/ba370d92d160f4d3574381f6d9b78fab"},"headline":"Persisten largas filas por gasolina y di\u00e9sel en La Paz y El Alto (10:10)","datePublished":"2024-10-28T14:11:01+00:00","mainEntityOfPage":{"@id":"https:\/\/www.eldiario.net\/portal\/2024\/10\/28\/persisten-largas-filas-por-gasolina-y-diesel-en-la-paz-y-el-alto-1010\/"},"wordCount":138,"publisher":{"@id":"https:\/\/www.eldiario.net\/portal\/#organization"},"image":{"@id":"https:\/\/www.eldiario.net\/portal\/2024\/10\/28\/persisten-largas-filas-por-gasolina-y-diesel-en-la-paz-y-el-alto-1010\/#primaryimage"},"thumbnailUrl":"https:\/\/www.eldiario.net\/portal\/wp-content\/uploads\/2024\/10\/bloqueo-en-el-alto-e1730124516651.jpg","articleSection":["\u00daltima Hora"],"inLanguage":"es"},{"@type":"WebPage","@id":"https:\/\/www.eldiario.net\/portal\/2024\/10\/28\/persisten-largas-filas-por-gasolina-y-diesel-en-la-paz-y-el-alto-1010\/","url":"https:\/\/www.eldiario.net\/portal\/2024\/10\/28\/persisten-largas-filas-por-gasolina-y-diesel-en-la-paz-y-el-alto-1010\/","name":"Persisten largas filas por gasolina y di\u00e9sel en La Paz y El Alto (10:10) - El Diario - Bolivia","isPartOf":{"@id":"https:\/\/www.eldiario.net\/portal\/#website"},"primaryImageOfPage":{"@id":"https:\/\/www.eldiario.net\/portal\/2024\/10\/28\/persisten-largas-filas-por-gasolina-y-diesel-en-la-paz-y-el-alto-1010\/#primaryimage"},"image":{"@id":"https:\/\/www.eldiario.net\/portal\/2024\/10\/28\/persisten-largas-filas-por-gasolina-y-diesel-en-la-paz-y-el-alto-1010\/#primaryimage"},"thumbnailUrl":"https:\/\/www.eldiario.net\/portal\/wp-content\/uploads\/2024\/10\/bloqueo-en-el-alto-e1730124516651.jpg","datePublished":"2024-10-28T14:11:01+00:00","breadcrumb":{"@id":"https:\/\/www.eldiario.net\/portal\/2024\/10\/28\/persisten-largas-filas-por-gasolina-y-diesel-en-la-paz-y-el-alto-1010\/#breadcrumb"},"inLanguage":"es","potentialAction":[{"@type":"ReadAction","target":["https:\/\/www.eldiario.net\/portal\/2024\/10\/28\/persisten-largas-filas-por-gasolina-y-diesel-en-la-paz-y-el-alto-1010\/"]}]},{"@type":"ImageObject","inLanguage":"es","@id":"https:\/\/www.eldiario.net\/portal\/2024\/10\/28\/persisten-largas-filas-por-gasolina-y-diesel-en-la-paz-y-el-alto-1010\/#primaryimage","url":"https:\/\/www.eldiario.net\/portal\/wp-content\/uploads\/2024\/10\/bloqueo-en-el-alto-e1730124516651.jpg","contentUrl":"https:\/\/www.eldiario.net\/portal\/wp-content\/uploads\/2024\/10\/bloqueo-en-el-alto-e1730124516651.jpg","width":450,"height":212,"caption":"Foto: RRSS"},{"@type":"BreadcrumbList","@id":"https:\/\/www.eldiario.net\/portal\/2024\/10\/28\/persisten-largas-filas-por-gasolina-y-diesel-en-la-paz-y-el-alto-1010\/#breadcrumb","itemListElement":[{"@type":"ListItem","position":1,"name":"Portada","item":"https:\/\/www.eldiario.net\/portal\/"},{"@type":"ListItem","position":2,"name":"Persisten largas filas por gasolina y di\u00e9sel en La Paz y El Alto (10:10)"}]},{"@type":"WebSite","@id":"https:\/\/www.eldiario.net\/portal\/#website","url":"https:\/\/www.eldiario.net\/portal\/","name":"El Diario - Decano de la prensa nacional","description":"El Diario - Decano de la prensa nacional","publisher":{"@id":"https:\/\/www.eldiario.net\/portal\/#organization"},"potentialAction":[{"@type":"SearchAction","target":{"@type":"EntryPoint","urlTemplate":"https:\/\/www.eldiario.net\/portal\/?s={search_term_string}"},"query-input":{"@type":"PropertyValueSpecification","valueRequired":true,"valueName":"search_term_string"}}],"inLanguage":"es"},{"@type":"Organization","@id":"https:\/\/www.eldiario.net\/portal\/#organization","name":"El Diario - Decano de la prensa nacional","url":"https:\/\/www.eldiario.net\/portal\/","logo":{"@type":"ImageObject","inLanguage":"es","@id":"https:\/\/www.eldiario.net\/portal\/#\/schema\/logo\/image\/","url":"https:\/\/www.eldiario.net\/portal\/wp-content\/uploads\/2023\/07\/logo_ED.jpg","contentUrl":"https:\/\/www.eldiario.net\/portal\/wp-content\/uploads\/2023\/07\/logo_ED.jpg","width":272,"height":52,"caption":"El Diario - Decano de la prensa nacional"},"image":{"@id":"https:\/\/www.eldiario.net\/portal\/#\/schema\/logo\/image\/"},"sameAs":["https:\/\/www.facebook.com\/eldiario.bolivia\/","https:\/\/x.com\/eldiario_net"]},{"@type":"Person","@id":"https:\/\/www.eldiario.net\/portal\/#\/schema\/person\/ba370d92d160f4d3574381f6d9b78fab","name":"Viviana Monrroy","image":{"@type":"ImageObject","inLanguage":"es","@id":"https:\/\/secure.gravatar.com\/avatar\/dfd1611ed5600959a0e5a9754503b6c05d1dcf190010998e0363aee2ad98afca?s=96&d=mm&r=g","url":"https:\/\/secure.gravatar.com\/avatar\/dfd1611ed5600959a0e5a9754503b6c05d1dcf190010998e0363aee2ad98afca?s=96&d=mm&r=g","contentUrl":"https:\/\/secure.gravatar.com\/avatar\/dfd1611ed5600959a0e5a9754503b6c05d1dcf190010998e0363aee2ad98afca?s=96&d=mm&r=g","caption":"Viviana Monrroy"},"sameAs":["http:\/\/www.eldiario.net"],"url":"https:\/\/www.eldiario.net\/portal\/author\/vivianamonrroy\/"}]}},"_links":{"self":[{"href":"https:\/\/www.eldiario.net\/portal\/wp-json\/wp\/v2\/posts\/257113","targetHints":{"allow":["GET"]}}],"collection":[{"href":"https:\/\/www.eldiario.net\/portal\/wp-json\/wp\/v2\/posts"}],"about":[{"href":"https:\/\/www.eldiario.net\/portal\/wp-json\/wp\/v2\/types\/post"}],"author":[{"embeddable":true,"href":"https:\/\/www.eldiario.net\/portal\/wp-json\/wp\/v2\/users\/7"}],"replies":[{"embeddable":true,"href":"https:\/\/www.eldiario.net\/portal\/wp-json\/wp\/v2\/comments?post=257113"}],"version-history":[{"count":2,"href":"https:\/\/www.eldiario.net\/portal\/wp-json\/wp\/v2\/posts\/257113\/revisions"}],"predecessor-version":[{"id":257116,"href":"https:\/\/www.eldiario.net\/portal\/wp-json\/wp\/v2\/posts\/257113\/revisions\/257116"}],"wp:featuredmedia":[{"embeddable":true,"href":"https:\/\/www.eldiario.net\/portal\/wp-json\/wp\/v2\/media\/257114"}],"wp:attachment":[{"href":"https:\/\/www.eldiario.net\/portal\/wp-json\/wp\/v2\/media?parent=257113"}],"wp:term":[{"taxonomy":"category","embeddable":true,"href":"https:\/\/www.eldiario.net\/portal\/wp-json\/wp\/v2\/categories?post=257113"},{"taxonomy":"post_tag","embeddable":true,"href":"https:\/\/www.eldiario.net\/portal\/wp-json\/wp\/v2\/tags?post=257113"}],"curies":[{"name":"wp","href":"https:\/\/api.w.org\/{rel}","templated":true}]}}