{"id":257003,"date":"2024-10-28T05:50:41","date_gmt":"2024-10-28T09:50:41","guid":{"rendered":"https:\/\/www.eldiario.net\/portal\/?p=257003"},"modified":"2024-10-28T05:50:41","modified_gmt":"2024-10-28T09:50:41","slug":"fraude-electoral-a-la-vista","status":"publish","type":"post","link":"https:\/\/www.eldiario.net\/portal\/2024\/10\/28\/fraude-electoral-a-la-vista\/","title":{"rendered":"Fraude electoral a la vista"},"content":{"rendered":"<p>Lo que antes eran meras sospechas, hoy son certezas, en 2020 sufrimos un fraude electoral grotesco. Todo el proceso llevado a cabo para esas elecciones fue muy cuestionable y se tradujo en el triunfo de Luis Arce, alguien que es la ant\u00edtesis del carisma. Los bolivianos nos \u201cfiamos\u201d de que el TSE har\u00eda bien su trabajo, dado que ya no estaba bajo el poder del MAS, pero al final vemos que fue todo lo contrario y que el proceso electoral ha sido bastante irregular.<br \/>\nPara comenzar, el TSE perdon\u00f3 al Movimiento al Socialismo sus m\u00faltiples delitos electorales y le permiti\u00f3 participar en las elecciones de 2020, a pesar de que lo correcto habr\u00eda sido \u201cquitarles\u201d su sigla. El objetivo de esto era evitar convulsiones, pero lo que se deb\u00eda hacer era castigar al MAS por sus delitos electorales, tal como lo dicta la ley. No puede haber condonaciones y favoritismos solo por \u201cposibles convulsiones\u201d. Esto es otra prueba m\u00e1s de que la ley y el orden no se aplican en nuestro pa\u00eds.<br \/>\nLo peor se vio el d\u00eda de las elecciones, primero \u201cquitaron\u201d el sistema de conteo r\u00e1pido, lo que caus\u00f3 que encuestadoras dudosas \u201clanzaran\u201d los resultados preliminares. Si no es el sistema oficial del TSE, no podemos dar por ver\u00eddicos estos resultados, mucho menos sacar conclusiones precipitadas, como lo hizo el servil Carlos Mesa y su gente. Como si fuera poco, el TSE se tom\u00f3 casi dos semanas para dar los resultados oficiales, lo que muestra su falta de compromiso. Esto debi\u00f3 realizarse lo m\u00e1s r\u00e1pido posible, para ofrecer transparencia y seguridad a los bolivianos, no tardar de manera excesiva, sin excusa alguna. Es un proceso pol\u00e9mico que tiene toda la pinta de haber sido un fraude. Es curioso que el proceso haya sido cuestionado en sus etapas previas por todos los l\u00edderes pol\u00edticos del momento, salvo por la gente del MAS, que siempre lo respald\u00f3.<br \/>\nLo m\u00e1s perturbador es que el padr\u00f3n electoral no se sane\u00f3. Aceptamos ir a elecciones con el mismo padr\u00f3n del fraude de 2019, poni\u00e9ndonos en una situaci\u00f3n de vulnerabilidad extrema. El TSE de la presente gesti\u00f3n afirma que se usar\u00e1 el mismo padr\u00f3n electoral, lo que debe ser una \u201calerta roja\u201d para todos los bolivianos; el peligro de fraude electoral est\u00e1 m\u00e1s latente que nunca.<br \/>\nEl TSE de esta gesti\u00f3n est\u00e1 actuando igual que el anterior y ya se ha visto m\u00faltiples irregularidades. Muchas organizaciones pol\u00edticas nuevas est\u00e1n siendo obstaculizadas y perjudicadas en la obtenci\u00f3n de sus \u201csiglas\u201d. Por si fuera poco, el MAS sigue siendo intocable y le siguen perdonando sus irregularidades electorales. El m\u00e1s reciente caso es la resoluci\u00f3n del TSE en contra del hist\u00f3rico partido Falange Socialista Boliviana para la \u201crecuperaci\u00f3n\u201d de su sigla y personer\u00eda jur\u00eddica. Falange sufri\u00f3 un asalto de su sigla electoral a finales del pasado siglo por un se\u00f1or llamado David A\u00f1ez Pedraza, quien pas\u00f3 a cambiar el nombre a dicho partido, llam\u00e1ndolo MAS-U, Movimiento al Socialismo Unzag\u00fcista. \u00c9ste se convertir\u00eda en el \u201cMovimiento al Socialismo\u201d, lo que hoy es el MAS. No por nada A\u00f1ez Pedraza es considerado el padre del masismo: un hombre servil al socialismo, quien traicion\u00f3 a su partido y cre\u00f3 una de las pestes m\u00e1s grandes del Siglo XXI, todo esto bajo la influencia del Partido Socialista 1.<br \/>\nFalange encontr\u00f3 evidencia de sobra para probar el asalto a su personer\u00eda jur\u00eddica, lo que en un pa\u00eds con ley se traducir\u00eda en la recuperaci\u00f3n de su sigla y el fin del MAS. Sin embargo, el TSE, con sus ma\u00f1as, no aplic\u00f3 lo que corresponde y, con fundamentos pobres, dict\u00f3 que Falange no puede recuperar lo que por ley es suyo, otro beneficio ilegal e inexplicable m\u00e1s para el masismo.<br \/>\nEl fraude est\u00e1 a la vista. No debemos permitirlo. Debemos organizarnos como lo hicieron en Venezuela. El TSE ha mostrado todo, menos transparencia y seriedad, por lo que nuestro deber es tenerlo \u201cbien vigilado\u201d y evitar que la soberan\u00eda de los bolivianos sea vulnerada.<\/p>\n","protected":false},"excerpt":{"rendered":"<p>Lo que antes eran meras sospechas, hoy son certezas, en 2020 sufrimos un fraude electoral grotesco. Todo el proceso llevado a cabo para esas elecciones fue muy cuestionable y se tradujo en el triunfo de Luis Arce, alguien que es la ant\u00edtesis del carisma. Los bolivianos nos \u201cfiamos\u201d de que el TSE har\u00eda bien su [&hellip;]<\/p>\n","protected":false},"author":1,"featured_media":161834,"comment_status":"closed","ping_status":"open","sticky":false,"template":"","format":"standard","meta":{"_acf_changed":false,"footnotes":""},"categories":[9],"tags":[],"class_list":["post-257003","post","type-post","status-publish","format-standard","has-post-thumbnail","category-opinion"],"acf":{"antetitulo":""},"yoast_head":"<!-- This site is optimized with the Yoast SEO plugin v28.4 - https:\/\/yoast.com\/product\/yoast-seo-wordpress\/ -->\n<title>Fraude electoral a la vista - El Diario - Bolivia<\/title>\n<meta name=\"robots\" content=\"index, follow, max-snippet:-1, max-image-preview:large, max-video-preview:-1\" \/>\n<link rel=\"canonical\" href=\"https:\/\/www.eldiario.net\/portal\/2024\/10\/28\/fraude-electoral-a-la-vista\/\" \/>\n<meta property=\"og:locale\" content=\"es_ES\" \/>\n<meta property=\"og:type\" content=\"article\" \/>\n<meta property=\"og:title\" content=\"Fraude electoral a la vista - El Diario - Bolivia\" \/>\n<meta property=\"og:description\" content=\"Lo que antes eran meras sospechas, hoy son certezas, en 2020 sufrimos un fraude electoral grotesco. Todo el proceso llevado a cabo para esas elecciones fue muy cuestionable y se tradujo en el triunfo de Luis Arce, alguien que es la ant\u00edtesis del carisma. Los bolivianos nos \u201cfiamos\u201d de que el TSE har\u00eda bien su [&hellip;]\" \/>\n<meta property=\"og:url\" content=\"https:\/\/www.eldiario.net\/portal\/2024\/10\/28\/fraude-electoral-a-la-vista\/\" \/>\n<meta property=\"og:site_name\" content=\"El Diario - Bolivia\" \/>\n<meta property=\"article:publisher\" content=\"https:\/\/www.facebook.com\/eldiario.bolivia\/\" \/>\n<meta property=\"article:published_time\" content=\"2024-10-28T09:50:41+00:00\" \/>\n<meta property=\"og:image\" content=\"https:\/\/www.eldiario.net\/portal\/wp-content\/uploads\/2023\/06\/Fabian-Freire.jpg\" \/>\n\t<meta property=\"og:image:width\" content=\"1200\" \/>\n\t<meta property=\"og:image:height\" content=\"628\" \/>\n\t<meta property=\"og:image:type\" content=\"image\/jpeg\" \/>\n<meta name=\"author\" content=\"Jeanette\" \/>\n<meta name=\"twitter:card\" content=\"summary_large_image\" \/>\n<meta name=\"twitter:creator\" content=\"@eldiario_net\" \/>\n<meta name=\"twitter:site\" content=\"@eldiario_net\" \/>\n<meta name=\"twitter:label1\" content=\"Escrito por\" \/>\n\t<meta name=\"twitter:data1\" content=\"Jeanette\" \/>\n\t<meta name=\"twitter:label2\" content=\"Tiempo de lectura\" \/>\n\t<meta name=\"twitter:data2\" content=\"4 minutos\" \/>\n<script type=\"application\/ld+json\" class=\"yoast-schema-graph\">{\"@context\":\"https:\\\/\\\/schema.org\",\"@graph\":[{\"@type\":\"Article\",\"@id\":\"https:\\\/\\\/www.eldiario.net\\\/portal\\\/2024\\\/10\\\/28\\\/fraude-electoral-a-la-vista\\\/#article\",\"isPartOf\":{\"@id\":\"https:\\\/\\\/www.eldiario.net\\\/portal\\\/2024\\\/10\\\/28\\\/fraude-electoral-a-la-vista\\\/\"},\"author\":{\"name\":\"Jeanette\",\"@id\":\"https:\\\/\\\/www.eldiario.net\\\/portal\\\/#\\\/schema\\\/person\\\/2c57cf2b7a7ae032e449e4c9b1019eac\"},\"headline\":\"Fraude electoral a la vista\",\"datePublished\":\"2024-10-28T09:50:41+00:00\",\"mainEntityOfPage\":{\"@id\":\"https:\\\/\\\/www.eldiario.net\\\/portal\\\/2024\\\/10\\\/28\\\/fraude-electoral-a-la-vista\\\/\"},\"wordCount\":711,\"publisher\":{\"@id\":\"https:\\\/\\\/www.eldiario.net\\\/portal\\\/#organization\"},\"image\":{\"@id\":\"https:\\\/\\\/www.eldiario.net\\\/portal\\\/2024\\\/10\\\/28\\\/fraude-electoral-a-la-vista\\\/#primaryimage\"},\"thumbnailUrl\":\"https:\\\/\\\/www.eldiario.net\\\/portal\\\/wp-content\\\/uploads\\\/2023\\\/06\\\/Fabian-Freire.jpg\",\"articleSection\":[\"Opini\u00f3n\"],\"inLanguage\":\"es\"},{\"@type\":\"WebPage\",\"@id\":\"https:\\\/\\\/www.eldiario.net\\\/portal\\\/2024\\\/10\\\/28\\\/fraude-electoral-a-la-vista\\\/\",\"url\":\"https:\\\/\\\/www.eldiario.net\\\/portal\\\/2024\\\/10\\\/28\\\/fraude-electoral-a-la-vista\\\/\",\"name\":\"Fraude electoral a la vista - El Diario - Bolivia\",\"isPartOf\":{\"@id\":\"https:\\\/\\\/www.eldiario.net\\\/portal\\\/#website\"},\"primaryImageOfPage\":{\"@id\":\"https:\\\/\\\/www.eldiario.net\\\/portal\\\/2024\\\/10\\\/28\\\/fraude-electoral-a-la-vista\\\/#primaryimage\"},\"image\":{\"@id\":\"https:\\\/\\\/www.eldiario.net\\\/portal\\\/2024\\\/10\\\/28\\\/fraude-electoral-a-la-vista\\\/#primaryimage\"},\"thumbnailUrl\":\"https:\\\/\\\/www.eldiario.net\\\/portal\\\/wp-content\\\/uploads\\\/2023\\\/06\\\/Fabian-Freire.jpg\",\"datePublished\":\"2024-10-28T09:50:41+00:00\",\"breadcrumb\":{\"@id\":\"https:\\\/\\\/www.eldiario.net\\\/portal\\\/2024\\\/10\\\/28\\\/fraude-electoral-a-la-vista\\\/#breadcrumb\"},\"inLanguage\":\"es\",\"potentialAction\":[{\"@type\":\"ReadAction\",\"target\":[\"https:\\\/\\\/www.eldiario.net\\\/portal\\\/2024\\\/10\\\/28\\\/fraude-electoral-a-la-vista\\\/\"]}]},{\"@type\":\"ImageObject\",\"inLanguage\":\"es\",\"@id\":\"https:\\\/\\\/www.eldiario.net\\\/portal\\\/2024\\\/10\\\/28\\\/fraude-electoral-a-la-vista\\\/#primaryimage\",\"url\":\"https:\\\/\\\/www.eldiario.net\\\/portal\\\/wp-content\\\/uploads\\\/2023\\\/06\\\/Fabian-Freire.jpg\",\"contentUrl\":\"https:\\\/\\\/www.eldiario.net\\\/portal\\\/wp-content\\\/uploads\\\/2023\\\/06\\\/Fabian-Freire.jpg\",\"width\":1200,\"height\":628,\"caption\":\"Fabian Freire\"},{\"@type\":\"BreadcrumbList\",\"@id\":\"https:\\\/\\\/www.eldiario.net\\\/portal\\\/2024\\\/10\\\/28\\\/fraude-electoral-a-la-vista\\\/#breadcrumb\",\"itemListElement\":[{\"@type\":\"ListItem\",\"position\":1,\"name\":\"Portada\",\"item\":\"https:\\\/\\\/www.eldiario.net\\\/portal\\\/\"},{\"@type\":\"ListItem\",\"position\":2,\"name\":\"Fraude electoral a la vista\"}]},{\"@type\":\"WebSite\",\"@id\":\"https:\\\/\\\/www.eldiario.net\\\/portal\\\/#website\",\"url\":\"https:\\\/\\\/www.eldiario.net\\\/portal\\\/\",\"name\":\"El Diario - Decano de la prensa nacional\",\"description\":\"El Diario - Decano de la prensa nacional\",\"publisher\":{\"@id\":\"https:\\\/\\\/www.eldiario.net\\\/portal\\\/#organization\"},\"potentialAction\":[{\"@type\":\"SearchAction\",\"target\":{\"@type\":\"EntryPoint\",\"urlTemplate\":\"https:\\\/\\\/www.eldiario.net\\\/portal\\\/?s={search_term_string}\"},\"query-input\":{\"@type\":\"PropertyValueSpecification\",\"valueRequired\":true,\"valueName\":\"search_term_string\"}}],\"inLanguage\":\"es\"},{\"@type\":\"Organization\",\"@id\":\"https:\\\/\\\/www.eldiario.net\\\/portal\\\/#organization\",\"name\":\"El Diario - Decano de la prensa nacional\",\"url\":\"https:\\\/\\\/www.eldiario.net\\\/portal\\\/\",\"logo\":{\"@type\":\"ImageObject\",\"inLanguage\":\"es\",\"@id\":\"https:\\\/\\\/www.eldiario.net\\\/portal\\\/#\\\/schema\\\/logo\\\/image\\\/\",\"url\":\"https:\\\/\\\/www.eldiario.net\\\/portal\\\/wp-content\\\/uploads\\\/2023\\\/07\\\/logo_ED.jpg\",\"contentUrl\":\"https:\\\/\\\/www.eldiario.net\\\/portal\\\/wp-content\\\/uploads\\\/2023\\\/07\\\/logo_ED.jpg\",\"width\":272,\"height\":52,\"caption\":\"El Diario - Decano de la prensa nacional\"},\"image\":{\"@id\":\"https:\\\/\\\/www.eldiario.net\\\/portal\\\/#\\\/schema\\\/logo\\\/image\\\/\"},\"sameAs\":[\"https:\\\/\\\/www.facebook.com\\\/eldiario.bolivia\\\/\",\"https:\\\/\\\/x.com\\\/eldiario_net\"]},{\"@type\":\"Person\",\"@id\":\"https:\\\/\\\/www.eldiario.net\\\/portal\\\/#\\\/schema\\\/person\\\/2c57cf2b7a7ae032e449e4c9b1019eac\",\"name\":\"Jeanette\",\"image\":{\"@type\":\"ImageObject\",\"inLanguage\":\"es\",\"@id\":\"https:\\\/\\\/secure.gravatar.com\\\/avatar\\\/3ea2118a5f7dad2b7138b1187a6b7ee55f160b9968b66013c3a3ef39dd7e5798?s=96&d=mm&r=g\",\"url\":\"https:\\\/\\\/secure.gravatar.com\\\/avatar\\\/3ea2118a5f7dad2b7138b1187a6b7ee55f160b9968b66013c3a3ef39dd7e5798?s=96&d=mm&r=g\",\"contentUrl\":\"https:\\\/\\\/secure.gravatar.com\\\/avatar\\\/3ea2118a5f7dad2b7138b1187a6b7ee55f160b9968b66013c3a3ef39dd7e5798?s=96&d=mm&r=g\",\"caption\":\"Jeanette\"},\"sameAs\":[\"https:\\\/\\\/www.eldiario.net\\\/portal\"],\"url\":\"https:\\\/\\\/www.eldiario.net\\\/portal\\\/author\\\/jeanette\\\/\"}]}<\/script>\n<!-- \/ Yoast SEO plugin. -->","yoast_head_json":{"title":"Fraude electoral a la vista - El Diario - Bolivia","robots":{"index":"index","follow":"follow","max-snippet":"max-snippet:-1","max-image-preview":"max-image-preview:large","max-video-preview":"max-video-preview:-1"},"canonical":"https:\/\/www.eldiario.net\/portal\/2024\/10\/28\/fraude-electoral-a-la-vista\/","og_locale":"es_ES","og_type":"article","og_title":"Fraude electoral a la vista - El Diario - Bolivia","og_description":"Lo que antes eran meras sospechas, hoy son certezas, en 2020 sufrimos un fraude electoral grotesco. Todo el proceso llevado a cabo para esas elecciones fue muy cuestionable y se tradujo en el triunfo de Luis Arce, alguien que es la ant\u00edtesis del carisma. Los bolivianos nos \u201cfiamos\u201d de que el TSE har\u00eda bien su [&hellip;]","og_url":"https:\/\/www.eldiario.net\/portal\/2024\/10\/28\/fraude-electoral-a-la-vista\/","og_site_name":"El Diario - Bolivia","article_publisher":"https:\/\/www.facebook.com\/eldiario.bolivia\/","article_published_time":"2024-10-28T09:50:41+00:00","og_image":[{"width":1200,"height":628,"url":"https:\/\/www.eldiario.net\/portal\/wp-content\/uploads\/2023\/06\/Fabian-Freire.jpg","type":"image\/jpeg"}],"author":"Jeanette","twitter_card":"summary_large_image","twitter_creator":"@eldiario_net","twitter_site":"@eldiario_net","twitter_misc":{"Escrito por":"Jeanette","Tiempo de lectura":"4 minutos"},"schema":{"@context":"https:\/\/schema.org","@graph":[{"@type":"Article","@id":"https:\/\/www.eldiario.net\/portal\/2024\/10\/28\/fraude-electoral-a-la-vista\/#article","isPartOf":{"@id":"https:\/\/www.eldiario.net\/portal\/2024\/10\/28\/fraude-electoral-a-la-vista\/"},"author":{"name":"Jeanette","@id":"https:\/\/www.eldiario.net\/portal\/#\/schema\/person\/2c57cf2b7a7ae032e449e4c9b1019eac"},"headline":"Fraude electoral a la vista","datePublished":"2024-10-28T09:50:41+00:00","mainEntityOfPage":{"@id":"https:\/\/www.eldiario.net\/portal\/2024\/10\/28\/fraude-electoral-a-la-vista\/"},"wordCount":711,"publisher":{"@id":"https:\/\/www.eldiario.net\/portal\/#organization"},"image":{"@id":"https:\/\/www.eldiario.net\/portal\/2024\/10\/28\/fraude-electoral-a-la-vista\/#primaryimage"},"thumbnailUrl":"https:\/\/www.eldiario.net\/portal\/wp-content\/uploads\/2023\/06\/Fabian-Freire.jpg","articleSection":["Opini\u00f3n"],"inLanguage":"es"},{"@type":"WebPage","@id":"https:\/\/www.eldiario.net\/portal\/2024\/10\/28\/fraude-electoral-a-la-vista\/","url":"https:\/\/www.eldiario.net\/portal\/2024\/10\/28\/fraude-electoral-a-la-vista\/","name":"Fraude electoral a la vista - El Diario - Bolivia","isPartOf":{"@id":"https:\/\/www.eldiario.net\/portal\/#website"},"primaryImageOfPage":{"@id":"https:\/\/www.eldiario.net\/portal\/2024\/10\/28\/fraude-electoral-a-la-vista\/#primaryimage"},"image":{"@id":"https:\/\/www.eldiario.net\/portal\/2024\/10\/28\/fraude-electoral-a-la-vista\/#primaryimage"},"thumbnailUrl":"https:\/\/www.eldiario.net\/portal\/wp-content\/uploads\/2023\/06\/Fabian-Freire.jpg","datePublished":"2024-10-28T09:50:41+00:00","breadcrumb":{"@id":"https:\/\/www.eldiario.net\/portal\/2024\/10\/28\/fraude-electoral-a-la-vista\/#breadcrumb"},"inLanguage":"es","potentialAction":[{"@type":"ReadAction","target":["https:\/\/www.eldiario.net\/portal\/2024\/10\/28\/fraude-electoral-a-la-vista\/"]}]},{"@type":"ImageObject","inLanguage":"es","@id":"https:\/\/www.eldiario.net\/portal\/2024\/10\/28\/fraude-electoral-a-la-vista\/#primaryimage","url":"https:\/\/www.eldiario.net\/portal\/wp-content\/uploads\/2023\/06\/Fabian-Freire.jpg","contentUrl":"https:\/\/www.eldiario.net\/portal\/wp-content\/uploads\/2023\/06\/Fabian-Freire.jpg","width":1200,"height":628,"caption":"Fabian Freire"},{"@type":"BreadcrumbList","@id":"https:\/\/www.eldiario.net\/portal\/2024\/10\/28\/fraude-electoral-a-la-vista\/#breadcrumb","itemListElement":[{"@type":"ListItem","position":1,"name":"Portada","item":"https:\/\/www.eldiario.net\/portal\/"},{"@type":"ListItem","position":2,"name":"Fraude electoral a la vista"}]},{"@type":"WebSite","@id":"https:\/\/www.eldiario.net\/portal\/#website","url":"https:\/\/www.eldiario.net\/portal\/","name":"El Diario - Decano de la prensa nacional","description":"El Diario - Decano de la prensa nacional","publisher":{"@id":"https:\/\/www.eldiario.net\/portal\/#organization"},"potentialAction":[{"@type":"SearchAction","target":{"@type":"EntryPoint","urlTemplate":"https:\/\/www.eldiario.net\/portal\/?s={search_term_string}"},"query-input":{"@type":"PropertyValueSpecification","valueRequired":true,"valueName":"search_term_string"}}],"inLanguage":"es"},{"@type":"Organization","@id":"https:\/\/www.eldiario.net\/portal\/#organization","name":"El Diario - Decano de la prensa nacional","url":"https:\/\/www.eldiario.net\/portal\/","logo":{"@type":"ImageObject","inLanguage":"es","@id":"https:\/\/www.eldiario.net\/portal\/#\/schema\/logo\/image\/","url":"https:\/\/www.eldiario.net\/portal\/wp-content\/uploads\/2023\/07\/logo_ED.jpg","contentUrl":"https:\/\/www.eldiario.net\/portal\/wp-content\/uploads\/2023\/07\/logo_ED.jpg","width":272,"height":52,"caption":"El Diario - Decano de la prensa nacional"},"image":{"@id":"https:\/\/www.eldiario.net\/portal\/#\/schema\/logo\/image\/"},"sameAs":["https:\/\/www.facebook.com\/eldiario.bolivia\/","https:\/\/x.com\/eldiario_net"]},{"@type":"Person","@id":"https:\/\/www.eldiario.net\/portal\/#\/schema\/person\/2c57cf2b7a7ae032e449e4c9b1019eac","name":"Jeanette","image":{"@type":"ImageObject","inLanguage":"es","@id":"https:\/\/secure.gravatar.com\/avatar\/3ea2118a5f7dad2b7138b1187a6b7ee55f160b9968b66013c3a3ef39dd7e5798?s=96&d=mm&r=g","url":"https:\/\/secure.gravatar.com\/avatar\/3ea2118a5f7dad2b7138b1187a6b7ee55f160b9968b66013c3a3ef39dd7e5798?s=96&d=mm&r=g","contentUrl":"https:\/\/secure.gravatar.com\/avatar\/3ea2118a5f7dad2b7138b1187a6b7ee55f160b9968b66013c3a3ef39dd7e5798?s=96&d=mm&r=g","caption":"Jeanette"},"sameAs":["https:\/\/www.eldiario.net\/portal"],"url":"https:\/\/www.eldiario.net\/portal\/author\/jeanette\/"}]}},"_links":{"self":[{"href":"https:\/\/www.eldiario.net\/portal\/wp-json\/wp\/v2\/posts\/257003","targetHints":{"allow":["GET"]}}],"collection":[{"href":"https:\/\/www.eldiario.net\/portal\/wp-json\/wp\/v2\/posts"}],"about":[{"href":"https:\/\/www.eldiario.net\/portal\/wp-json\/wp\/v2\/types\/post"}],"author":[{"embeddable":true,"href":"https:\/\/www.eldiario.net\/portal\/wp-json\/wp\/v2\/users\/1"}],"replies":[{"embeddable":true,"href":"https:\/\/www.eldiario.net\/portal\/wp-json\/wp\/v2\/comments?post=257003"}],"version-history":[{"count":1,"href":"https:\/\/www.eldiario.net\/portal\/wp-json\/wp\/v2\/posts\/257003\/revisions"}],"predecessor-version":[{"id":257004,"href":"https:\/\/www.eldiario.net\/portal\/wp-json\/wp\/v2\/posts\/257003\/revisions\/257004"}],"wp:featuredmedia":[{"embeddable":true,"href":"https:\/\/www.eldiario.net\/portal\/wp-json\/wp\/v2\/media\/161834"}],"wp:attachment":[{"href":"https:\/\/www.eldiario.net\/portal\/wp-json\/wp\/v2\/media?parent=257003"}],"wp:term":[{"taxonomy":"category","embeddable":true,"href":"https:\/\/www.eldiario.net\/portal\/wp-json\/wp\/v2\/categories?post=257003"},{"taxonomy":"post_tag","embeddable":true,"href":"https:\/\/www.eldiario.net\/portal\/wp-json\/wp\/v2\/tags?post=257003"}],"curies":[{"name":"wp","href":"https:\/\/api.w.org\/{rel}","templated":true}]}}