{"id":256999,"date":"2024-10-28T05:49:40","date_gmt":"2024-10-28T09:49:40","guid":{"rendered":"https:\/\/www.eldiario.net\/portal\/?p=256999"},"modified":"2024-10-28T05:49:40","modified_gmt":"2024-10-28T09:49:40","slug":"una-marcada-indiferencia","status":"publish","type":"post","link":"https:\/\/www.eldiario.net\/portal\/2024\/10\/28\/una-marcada-indiferencia\/","title":{"rendered":"Una marcada indiferencia"},"content":{"rendered":"<p>Hay una marcada indiferencia con Bolivia, que est\u00e1 en riesgo de caer, por la crisis econ\u00f3mica, pol\u00edtica y social, al precipicio. Quienes medraron a t\u00edtulo de ella, en \u00e9pocas inclusive del \u201cmilagro boliviano\u201d, ahora se hacen de la \u201cvista gorda\u201d. Le \u201cechan le\u00f1a al fuego\u201d, buscando salir con las suyas. Tratan de vender humo, con fines particulares. La poblaci\u00f3n toma nota de tales desprop\u00f3sitos y, en las urnas, dar\u00e1 a conocer sus objeciones, el a\u00f1o venidero.<br \/>\nMientras se eleva el costo de vida, frustra los sue\u00f1os de un futuro mejor de la ciudadan\u00eda, inmersa en la perplejidad. Quienes dec\u00edan defender a los pobres, o representarlos, ahora asumen actitudes displicentes, permitiendo la escasez y carest\u00eda de art\u00edculos esenciales de la canasta familiar. Se suma a esa realidad, la p\u00e9rdida del valor adquisitivo del boliviano.<br \/>\nParece que no hubiera fuerza suficiente, en las autoridades, para poner coto al caos pol\u00edtico, que ha coartado la libre circulaci\u00f3n en las carreteras, con nefastos resultados, no solo para el Estado, sino para el sector privado. El objetivo ser\u00eda paralizar la econom\u00eda nacional, a fin de acortar el mandato constitucional del gobierno. Asimismo, el adelantamiento de las elecciones. Presumen de \u201csalvadores\u201d, de la Patria los que, obedeciendo instrucciones de cierto personaje, mantendr\u00edan el bloqueo de caminos hasta sus \u00faltimas consecuencias, pese a que todo ello va en desmedro del bien com\u00fan. Las carreteras, en algunos puntos del territorio nacional, donde est\u00e1n los radicales, est\u00e1n cubiertas con piedras, troncos, tierra y otros materiales. Con estas actitudes solo se destruye el legado de nuestros mayores. \u201cA\u00fan pedir\u00e9 otro premio a la Naci\u00f3n: el de no destruir la obra de mi creaci\u00f3n\u201d, reiter\u00f3 el gran mariscal de Ayacucho, Antonio Jos\u00e9 de Sucre.<br \/>\nAquellos grupos se han alejado de la convivencia civilizada. Prueba de ello es que sus medidas, repudiadas por la mayor\u00eda, reflejan el rostro de la barbarie, que provoca incertidumbre y confrontaci\u00f3n entre bolivianos. Contribuyen, en una coyuntura de crisis econ\u00f3mica, que provocaron los gobiernos de los \u00faltimos tiempos, a profundizar el hambre. Con grandes p\u00e9rdidas econ\u00f3micas para los privados, o entidades formales, que cumplen, sagradamente, con sus tributos y aranceles al Estado. Que generan, pese a la falta de d\u00f3lares y la insuficiencia del di\u00e9sel, empleo, digno y seguro, que tanta falta nos hace, para sobrellevar la adversidad econ\u00f3mica.<br \/>\nEl pa\u00eds est\u00e1 a punto de paralizarse, debido a problemas sectarios. Los bloqueos no reflejan reivindicaciones de la poblaci\u00f3n, sino intereses particulares. Una situaci\u00f3n que tiende a tocar fondo, por los resquemores que surgen d\u00eda tras d\u00eda. Surgen actitudes de presi\u00f3n, para medir fuerzas en las lides pol\u00edticas. A quienes asumen tales acciones, no les interesa el destino nacional, sino sus intereses. Obedecen consignas sectarias, ruines y oscuras.<br \/>\nEn suma: los pol\u00edticos deber\u00edan despojarse de sus intereses particulares y priorizar el objetivo nacional. No importa su tendencia ideol\u00f3gica.<\/p>\n","protected":false},"excerpt":{"rendered":"<p>Hay una marcada indiferencia con Bolivia, que est\u00e1 en riesgo de caer, por la crisis econ\u00f3mica, pol\u00edtica y social, al precipicio. Quienes medraron a t\u00edtulo de ella, en \u00e9pocas inclusive del \u201cmilagro boliviano\u201d, ahora se hacen de la \u201cvista gorda\u201d. Le \u201cechan le\u00f1a al fuego\u201d, buscando salir con las suyas. Tratan de vender humo, con [&hellip;]<\/p>\n","protected":false},"author":1,"featured_media":158618,"comment_status":"closed","ping_status":"open","sticky":false,"template":"","format":"standard","meta":{"_acf_changed":false,"footnotes":""},"categories":[9],"tags":[],"class_list":["post-256999","post","type-post","status-publish","format-standard","has-post-thumbnail","category-opinion"],"acf":{"antetitulo":""},"yoast_head":"<!-- This site is optimized with the Yoast SEO plugin v28.4 - https:\/\/yoast.com\/product\/yoast-seo-wordpress\/ -->\n<title>Una marcada indiferencia - El Diario - Bolivia<\/title>\n<meta name=\"robots\" content=\"index, follow, max-snippet:-1, max-image-preview:large, max-video-preview:-1\" \/>\n<link rel=\"canonical\" href=\"https:\/\/www.eldiario.net\/portal\/2024\/10\/28\/una-marcada-indiferencia\/\" \/>\n<meta property=\"og:locale\" content=\"es_ES\" \/>\n<meta property=\"og:type\" content=\"article\" \/>\n<meta property=\"og:title\" content=\"Una marcada indiferencia - El Diario - Bolivia\" \/>\n<meta property=\"og:description\" content=\"Hay una marcada indiferencia con Bolivia, que est\u00e1 en riesgo de caer, por la crisis econ\u00f3mica, pol\u00edtica y social, al precipicio. Quienes medraron a t\u00edtulo de ella, en \u00e9pocas inclusive del \u201cmilagro boliviano\u201d, ahora se hacen de la \u201cvista gorda\u201d. Le \u201cechan le\u00f1a al fuego\u201d, buscando salir con las suyas. Tratan de vender humo, con [&hellip;]\" \/>\n<meta property=\"og:url\" content=\"https:\/\/www.eldiario.net\/portal\/2024\/10\/28\/una-marcada-indiferencia\/\" \/>\n<meta property=\"og:site_name\" content=\"El Diario - Bolivia\" \/>\n<meta property=\"article:publisher\" content=\"https:\/\/www.facebook.com\/eldiario.bolivia\/\" \/>\n<meta property=\"article:published_time\" content=\"2024-10-28T09:49:40+00:00\" \/>\n<meta property=\"og:image\" content=\"https:\/\/www.eldiario.net\/portal\/wp-content\/uploads\/2023\/06\/Severo-Cruz-1.jpg\" \/>\n\t<meta property=\"og:image:width\" content=\"1200\" \/>\n\t<meta property=\"og:image:height\" content=\"628\" \/>\n\t<meta property=\"og:image:type\" content=\"image\/jpeg\" \/>\n<meta name=\"author\" content=\"Jeanette\" \/>\n<meta name=\"twitter:card\" content=\"summary_large_image\" \/>\n<meta name=\"twitter:creator\" content=\"@eldiario_net\" \/>\n<meta name=\"twitter:site\" content=\"@eldiario_net\" \/>\n<meta name=\"twitter:label1\" content=\"Escrito por\" \/>\n\t<meta name=\"twitter:data1\" content=\"Jeanette\" \/>\n\t<meta name=\"twitter:label2\" content=\"Tiempo de lectura\" \/>\n\t<meta name=\"twitter:data2\" content=\"3 minutos\" \/>\n<script type=\"application\/ld+json\" class=\"yoast-schema-graph\">{\"@context\":\"https:\\\/\\\/schema.org\",\"@graph\":[{\"@type\":\"Article\",\"@id\":\"https:\\\/\\\/www.eldiario.net\\\/portal\\\/2024\\\/10\\\/28\\\/una-marcada-indiferencia\\\/#article\",\"isPartOf\":{\"@id\":\"https:\\\/\\\/www.eldiario.net\\\/portal\\\/2024\\\/10\\\/28\\\/una-marcada-indiferencia\\\/\"},\"author\":{\"name\":\"Jeanette\",\"@id\":\"https:\\\/\\\/www.eldiario.net\\\/portal\\\/#\\\/schema\\\/person\\\/2c57cf2b7a7ae032e449e4c9b1019eac\"},\"headline\":\"Una marcada indiferencia\",\"datePublished\":\"2024-10-28T09:49:40+00:00\",\"mainEntityOfPage\":{\"@id\":\"https:\\\/\\\/www.eldiario.net\\\/portal\\\/2024\\\/10\\\/28\\\/una-marcada-indiferencia\\\/\"},\"wordCount\":515,\"publisher\":{\"@id\":\"https:\\\/\\\/www.eldiario.net\\\/portal\\\/#organization\"},\"image\":{\"@id\":\"https:\\\/\\\/www.eldiario.net\\\/portal\\\/2024\\\/10\\\/28\\\/una-marcada-indiferencia\\\/#primaryimage\"},\"thumbnailUrl\":\"https:\\\/\\\/www.eldiario.net\\\/portal\\\/wp-content\\\/uploads\\\/2023\\\/06\\\/Severo-Cruz-1.jpg\",\"articleSection\":[\"Opini\u00f3n\"],\"inLanguage\":\"es\"},{\"@type\":\"WebPage\",\"@id\":\"https:\\\/\\\/www.eldiario.net\\\/portal\\\/2024\\\/10\\\/28\\\/una-marcada-indiferencia\\\/\",\"url\":\"https:\\\/\\\/www.eldiario.net\\\/portal\\\/2024\\\/10\\\/28\\\/una-marcada-indiferencia\\\/\",\"name\":\"Una marcada indiferencia - El Diario - Bolivia\",\"isPartOf\":{\"@id\":\"https:\\\/\\\/www.eldiario.net\\\/portal\\\/#website\"},\"primaryImageOfPage\":{\"@id\":\"https:\\\/\\\/www.eldiario.net\\\/portal\\\/2024\\\/10\\\/28\\\/una-marcada-indiferencia\\\/#primaryimage\"},\"image\":{\"@id\":\"https:\\\/\\\/www.eldiario.net\\\/portal\\\/2024\\\/10\\\/28\\\/una-marcada-indiferencia\\\/#primaryimage\"},\"thumbnailUrl\":\"https:\\\/\\\/www.eldiario.net\\\/portal\\\/wp-content\\\/uploads\\\/2023\\\/06\\\/Severo-Cruz-1.jpg\",\"datePublished\":\"2024-10-28T09:49:40+00:00\",\"breadcrumb\":{\"@id\":\"https:\\\/\\\/www.eldiario.net\\\/portal\\\/2024\\\/10\\\/28\\\/una-marcada-indiferencia\\\/#breadcrumb\"},\"inLanguage\":\"es\",\"potentialAction\":[{\"@type\":\"ReadAction\",\"target\":[\"https:\\\/\\\/www.eldiario.net\\\/portal\\\/2024\\\/10\\\/28\\\/una-marcada-indiferencia\\\/\"]}]},{\"@type\":\"ImageObject\",\"inLanguage\":\"es\",\"@id\":\"https:\\\/\\\/www.eldiario.net\\\/portal\\\/2024\\\/10\\\/28\\\/una-marcada-indiferencia\\\/#primaryimage\",\"url\":\"https:\\\/\\\/www.eldiario.net\\\/portal\\\/wp-content\\\/uploads\\\/2023\\\/06\\\/Severo-Cruz-1.jpg\",\"contentUrl\":\"https:\\\/\\\/www.eldiario.net\\\/portal\\\/wp-content\\\/uploads\\\/2023\\\/06\\\/Severo-Cruz-1.jpg\",\"width\":1200,\"height\":628,\"caption\":\"Severo Cruz Selaez\"},{\"@type\":\"BreadcrumbList\",\"@id\":\"https:\\\/\\\/www.eldiario.net\\\/portal\\\/2024\\\/10\\\/28\\\/una-marcada-indiferencia\\\/#breadcrumb\",\"itemListElement\":[{\"@type\":\"ListItem\",\"position\":1,\"name\":\"Portada\",\"item\":\"https:\\\/\\\/www.eldiario.net\\\/portal\\\/\"},{\"@type\":\"ListItem\",\"position\":2,\"name\":\"Una marcada indiferencia\"}]},{\"@type\":\"WebSite\",\"@id\":\"https:\\\/\\\/www.eldiario.net\\\/portal\\\/#website\",\"url\":\"https:\\\/\\\/www.eldiario.net\\\/portal\\\/\",\"name\":\"El Diario - Decano de la prensa nacional\",\"description\":\"El Diario - Decano de la prensa nacional\",\"publisher\":{\"@id\":\"https:\\\/\\\/www.eldiario.net\\\/portal\\\/#organization\"},\"potentialAction\":[{\"@type\":\"SearchAction\",\"target\":{\"@type\":\"EntryPoint\",\"urlTemplate\":\"https:\\\/\\\/www.eldiario.net\\\/portal\\\/?s={search_term_string}\"},\"query-input\":{\"@type\":\"PropertyValueSpecification\",\"valueRequired\":true,\"valueName\":\"search_term_string\"}}],\"inLanguage\":\"es\"},{\"@type\":\"Organization\",\"@id\":\"https:\\\/\\\/www.eldiario.net\\\/portal\\\/#organization\",\"name\":\"El Diario - Decano de la prensa nacional\",\"url\":\"https:\\\/\\\/www.eldiario.net\\\/portal\\\/\",\"logo\":{\"@type\":\"ImageObject\",\"inLanguage\":\"es\",\"@id\":\"https:\\\/\\\/www.eldiario.net\\\/portal\\\/#\\\/schema\\\/logo\\\/image\\\/\",\"url\":\"https:\\\/\\\/www.eldiario.net\\\/portal\\\/wp-content\\\/uploads\\\/2023\\\/07\\\/logo_ED.jpg\",\"contentUrl\":\"https:\\\/\\\/www.eldiario.net\\\/portal\\\/wp-content\\\/uploads\\\/2023\\\/07\\\/logo_ED.jpg\",\"width\":272,\"height\":52,\"caption\":\"El Diario - Decano de la prensa nacional\"},\"image\":{\"@id\":\"https:\\\/\\\/www.eldiario.net\\\/portal\\\/#\\\/schema\\\/logo\\\/image\\\/\"},\"sameAs\":[\"https:\\\/\\\/www.facebook.com\\\/eldiario.bolivia\\\/\",\"https:\\\/\\\/x.com\\\/eldiario_net\"]},{\"@type\":\"Person\",\"@id\":\"https:\\\/\\\/www.eldiario.net\\\/portal\\\/#\\\/schema\\\/person\\\/2c57cf2b7a7ae032e449e4c9b1019eac\",\"name\":\"Jeanette\",\"image\":{\"@type\":\"ImageObject\",\"inLanguage\":\"es\",\"@id\":\"https:\\\/\\\/secure.gravatar.com\\\/avatar\\\/3ea2118a5f7dad2b7138b1187a6b7ee55f160b9968b66013c3a3ef39dd7e5798?s=96&d=mm&r=g\",\"url\":\"https:\\\/\\\/secure.gravatar.com\\\/avatar\\\/3ea2118a5f7dad2b7138b1187a6b7ee55f160b9968b66013c3a3ef39dd7e5798?s=96&d=mm&r=g\",\"contentUrl\":\"https:\\\/\\\/secure.gravatar.com\\\/avatar\\\/3ea2118a5f7dad2b7138b1187a6b7ee55f160b9968b66013c3a3ef39dd7e5798?s=96&d=mm&r=g\",\"caption\":\"Jeanette\"},\"sameAs\":[\"https:\\\/\\\/www.eldiario.net\\\/portal\"],\"url\":\"https:\\\/\\\/www.eldiario.net\\\/portal\\\/author\\\/jeanette\\\/\"}]}<\/script>\n<!-- \/ Yoast SEO plugin. -->","yoast_head_json":{"title":"Una marcada indiferencia - El Diario - Bolivia","robots":{"index":"index","follow":"follow","max-snippet":"max-snippet:-1","max-image-preview":"max-image-preview:large","max-video-preview":"max-video-preview:-1"},"canonical":"https:\/\/www.eldiario.net\/portal\/2024\/10\/28\/una-marcada-indiferencia\/","og_locale":"es_ES","og_type":"article","og_title":"Una marcada indiferencia - El Diario - Bolivia","og_description":"Hay una marcada indiferencia con Bolivia, que est\u00e1 en riesgo de caer, por la crisis econ\u00f3mica, pol\u00edtica y social, al precipicio. Quienes medraron a t\u00edtulo de ella, en \u00e9pocas inclusive del \u201cmilagro boliviano\u201d, ahora se hacen de la \u201cvista gorda\u201d. Le \u201cechan le\u00f1a al fuego\u201d, buscando salir con las suyas. Tratan de vender humo, con [&hellip;]","og_url":"https:\/\/www.eldiario.net\/portal\/2024\/10\/28\/una-marcada-indiferencia\/","og_site_name":"El Diario - Bolivia","article_publisher":"https:\/\/www.facebook.com\/eldiario.bolivia\/","article_published_time":"2024-10-28T09:49:40+00:00","og_image":[{"width":1200,"height":628,"url":"https:\/\/www.eldiario.net\/portal\/wp-content\/uploads\/2023\/06\/Severo-Cruz-1.jpg","type":"image\/jpeg"}],"author":"Jeanette","twitter_card":"summary_large_image","twitter_creator":"@eldiario_net","twitter_site":"@eldiario_net","twitter_misc":{"Escrito por":"Jeanette","Tiempo de lectura":"3 minutos"},"schema":{"@context":"https:\/\/schema.org","@graph":[{"@type":"Article","@id":"https:\/\/www.eldiario.net\/portal\/2024\/10\/28\/una-marcada-indiferencia\/#article","isPartOf":{"@id":"https:\/\/www.eldiario.net\/portal\/2024\/10\/28\/una-marcada-indiferencia\/"},"author":{"name":"Jeanette","@id":"https:\/\/www.eldiario.net\/portal\/#\/schema\/person\/2c57cf2b7a7ae032e449e4c9b1019eac"},"headline":"Una marcada indiferencia","datePublished":"2024-10-28T09:49:40+00:00","mainEntityOfPage":{"@id":"https:\/\/www.eldiario.net\/portal\/2024\/10\/28\/una-marcada-indiferencia\/"},"wordCount":515,"publisher":{"@id":"https:\/\/www.eldiario.net\/portal\/#organization"},"image":{"@id":"https:\/\/www.eldiario.net\/portal\/2024\/10\/28\/una-marcada-indiferencia\/#primaryimage"},"thumbnailUrl":"https:\/\/www.eldiario.net\/portal\/wp-content\/uploads\/2023\/06\/Severo-Cruz-1.jpg","articleSection":["Opini\u00f3n"],"inLanguage":"es"},{"@type":"WebPage","@id":"https:\/\/www.eldiario.net\/portal\/2024\/10\/28\/una-marcada-indiferencia\/","url":"https:\/\/www.eldiario.net\/portal\/2024\/10\/28\/una-marcada-indiferencia\/","name":"Una marcada indiferencia - El Diario - Bolivia","isPartOf":{"@id":"https:\/\/www.eldiario.net\/portal\/#website"},"primaryImageOfPage":{"@id":"https:\/\/www.eldiario.net\/portal\/2024\/10\/28\/una-marcada-indiferencia\/#primaryimage"},"image":{"@id":"https:\/\/www.eldiario.net\/portal\/2024\/10\/28\/una-marcada-indiferencia\/#primaryimage"},"thumbnailUrl":"https:\/\/www.eldiario.net\/portal\/wp-content\/uploads\/2023\/06\/Severo-Cruz-1.jpg","datePublished":"2024-10-28T09:49:40+00:00","breadcrumb":{"@id":"https:\/\/www.eldiario.net\/portal\/2024\/10\/28\/una-marcada-indiferencia\/#breadcrumb"},"inLanguage":"es","potentialAction":[{"@type":"ReadAction","target":["https:\/\/www.eldiario.net\/portal\/2024\/10\/28\/una-marcada-indiferencia\/"]}]},{"@type":"ImageObject","inLanguage":"es","@id":"https:\/\/www.eldiario.net\/portal\/2024\/10\/28\/una-marcada-indiferencia\/#primaryimage","url":"https:\/\/www.eldiario.net\/portal\/wp-content\/uploads\/2023\/06\/Severo-Cruz-1.jpg","contentUrl":"https:\/\/www.eldiario.net\/portal\/wp-content\/uploads\/2023\/06\/Severo-Cruz-1.jpg","width":1200,"height":628,"caption":"Severo Cruz Selaez"},{"@type":"BreadcrumbList","@id":"https:\/\/www.eldiario.net\/portal\/2024\/10\/28\/una-marcada-indiferencia\/#breadcrumb","itemListElement":[{"@type":"ListItem","position":1,"name":"Portada","item":"https:\/\/www.eldiario.net\/portal\/"},{"@type":"ListItem","position":2,"name":"Una marcada indiferencia"}]},{"@type":"WebSite","@id":"https:\/\/www.eldiario.net\/portal\/#website","url":"https:\/\/www.eldiario.net\/portal\/","name":"El Diario - Decano de la prensa nacional","description":"El Diario - Decano de la prensa nacional","publisher":{"@id":"https:\/\/www.eldiario.net\/portal\/#organization"},"potentialAction":[{"@type":"SearchAction","target":{"@type":"EntryPoint","urlTemplate":"https:\/\/www.eldiario.net\/portal\/?s={search_term_string}"},"query-input":{"@type":"PropertyValueSpecification","valueRequired":true,"valueName":"search_term_string"}}],"inLanguage":"es"},{"@type":"Organization","@id":"https:\/\/www.eldiario.net\/portal\/#organization","name":"El Diario - Decano de la prensa nacional","url":"https:\/\/www.eldiario.net\/portal\/","logo":{"@type":"ImageObject","inLanguage":"es","@id":"https:\/\/www.eldiario.net\/portal\/#\/schema\/logo\/image\/","url":"https:\/\/www.eldiario.net\/portal\/wp-content\/uploads\/2023\/07\/logo_ED.jpg","contentUrl":"https:\/\/www.eldiario.net\/portal\/wp-content\/uploads\/2023\/07\/logo_ED.jpg","width":272,"height":52,"caption":"El Diario - Decano de la prensa nacional"},"image":{"@id":"https:\/\/www.eldiario.net\/portal\/#\/schema\/logo\/image\/"},"sameAs":["https:\/\/www.facebook.com\/eldiario.bolivia\/","https:\/\/x.com\/eldiario_net"]},{"@type":"Person","@id":"https:\/\/www.eldiario.net\/portal\/#\/schema\/person\/2c57cf2b7a7ae032e449e4c9b1019eac","name":"Jeanette","image":{"@type":"ImageObject","inLanguage":"es","@id":"https:\/\/secure.gravatar.com\/avatar\/3ea2118a5f7dad2b7138b1187a6b7ee55f160b9968b66013c3a3ef39dd7e5798?s=96&d=mm&r=g","url":"https:\/\/secure.gravatar.com\/avatar\/3ea2118a5f7dad2b7138b1187a6b7ee55f160b9968b66013c3a3ef39dd7e5798?s=96&d=mm&r=g","contentUrl":"https:\/\/secure.gravatar.com\/avatar\/3ea2118a5f7dad2b7138b1187a6b7ee55f160b9968b66013c3a3ef39dd7e5798?s=96&d=mm&r=g","caption":"Jeanette"},"sameAs":["https:\/\/www.eldiario.net\/portal"],"url":"https:\/\/www.eldiario.net\/portal\/author\/jeanette\/"}]}},"_links":{"self":[{"href":"https:\/\/www.eldiario.net\/portal\/wp-json\/wp\/v2\/posts\/256999","targetHints":{"allow":["GET"]}}],"collection":[{"href":"https:\/\/www.eldiario.net\/portal\/wp-json\/wp\/v2\/posts"}],"about":[{"href":"https:\/\/www.eldiario.net\/portal\/wp-json\/wp\/v2\/types\/post"}],"author":[{"embeddable":true,"href":"https:\/\/www.eldiario.net\/portal\/wp-json\/wp\/v2\/users\/1"}],"replies":[{"embeddable":true,"href":"https:\/\/www.eldiario.net\/portal\/wp-json\/wp\/v2\/comments?post=256999"}],"version-history":[{"count":1,"href":"https:\/\/www.eldiario.net\/portal\/wp-json\/wp\/v2\/posts\/256999\/revisions"}],"predecessor-version":[{"id":257000,"href":"https:\/\/www.eldiario.net\/portal\/wp-json\/wp\/v2\/posts\/256999\/revisions\/257000"}],"wp:featuredmedia":[{"embeddable":true,"href":"https:\/\/www.eldiario.net\/portal\/wp-json\/wp\/v2\/media\/158618"}],"wp:attachment":[{"href":"https:\/\/www.eldiario.net\/portal\/wp-json\/wp\/v2\/media?parent=256999"}],"wp:term":[{"taxonomy":"category","embeddable":true,"href":"https:\/\/www.eldiario.net\/portal\/wp-json\/wp\/v2\/categories?post=256999"},{"taxonomy":"post_tag","embeddable":true,"href":"https:\/\/www.eldiario.net\/portal\/wp-json\/wp\/v2\/tags?post=256999"}],"curies":[{"name":"wp","href":"https:\/\/api.w.org\/{rel}","templated":true}]}}