{"id":256994,"date":"2024-10-28T05:47:34","date_gmt":"2024-10-28T09:47:34","guid":{"rendered":"https:\/\/www.eldiario.net\/portal\/?p=256994"},"modified":"2024-10-28T05:47:34","modified_gmt":"2024-10-28T09:47:34","slug":"la-dignidad-nacional-y-los-gobernantes","status":"publish","type":"post","link":"https:\/\/www.eldiario.net\/portal\/2024\/10\/28\/la-dignidad-nacional-y-los-gobernantes\/","title":{"rendered":"La dignidad nacional  y los gobernantes"},"content":{"rendered":"<p><em>El pa\u00eds ha resbalado a una situaci\u00f3n en el cual pol\u00edticos de alto vuelo han perdido la dignidad y causan el desprestigio del pa\u00eds. Dej\u00f3 de existir el principio de que la dignidad de las naciones, es la dignidad de sus gobernantes.<\/em><br \/>\n<em>Muchas naciones del mundo se esmeran por tener como gobernantes a ciudadanos que posean y practiquen valores y principios, pero, en particular, que sean depositarios de virtudes. En especial, que sean portadores de una dignidad a toda prueba, de tal forma que cuando cumplan funciones pol\u00edticas de Estado, hagan quedar bien a quienes los han elegido y aporten al engrandecimiento de cada pa\u00eds.<\/em><br \/>\n<em>La mayor\u00eda de los pa\u00edses goza de ese privilegio. Sin embargo, algunos gobernantes han perdido el juicio y est\u00e1n saturados de \u201cpragmatismo\u201d o inter\u00e9s solo en conseguir ganancias mediante la corrupci\u00f3n en la administraci\u00f3n p\u00fablica. Ese oportunismo les ha hecho perder a esas autoridades el sentido de patria. Es m\u00e1s, con esa actitud han perdido la moral y no les importan el pueblo y sus necesidades, con tal de llenar sus bolsillos con lo mal habido.<\/em><br \/>\n<em>En Bolivia, uno de esos altos gobernantes ahora act\u00faa de esa manera y carece de la menor sensibilidad, por ejemplo, al movilizar a sus partidarios a favor de lo que le pide el cuerpo, debido a su carencia de \u00e9tica, lo que, a la par, le ha hecho ver deformaciones pol\u00edticas y pensar que la derecha es izquierda y viceversa.<\/em><br \/>\n<em>La pr\u00e1ctica de esa pol\u00edtica sin principios ha conducido a nuestro pa\u00eds al abismo, por la p\u00e9rdida de escr\u00fapulos y falta de respeto a importantes normas humanas. Por tal conducta err\u00e1tica han desaparecido la l\u00f3gica, la moral, la \u00e9tica, el patriotismo. Es m\u00e1s, surgen acusaciones de corrupci\u00f3n, estupro y otros males, pero para salvarse, el acusado mueve a sus \u201cbases\u201d, que cometen atrocidades en los caminos. Al parecer, interesa m\u00e1s esquivar la justicia.<\/em><br \/>\n<em>Con esa cultura de oportunismo, las masas evistas, enga\u00f1adas, apoyan a sus financiadores participando en medidas de presi\u00f3n y, en esa forma, respaldan la corrupci\u00f3n y los delitos de un exgobernante que aparenta ser inocente. Con terquedad incomprensible, esos bloqueadores de caminos tratan de rehabilitar a su caudillo cocalero, para que vuelva al poder, a pesar de graves cuestionamientos que pesan sobre \u00e9l en la justicia.<\/em><br \/>\n<em>Lo peor es que el pa\u00eds sufre por el desprestigio que causan escandalosas acusaciones por delitos, como en el caso del mencionado caudillo masista, y en el exterior se piensa c\u00f3mo el pueblo boliviano lleva al gobierno a gente acusada de delitos. Pero, a pesar de todo, los acusados quieren volver al poder, sin tomar en cuenta lo que opinan millones de bolivianos que solo quieren vivir en paz.<\/em><br \/>\n<em>Por todo ello, en Bolivia se ha olvidado la importancia de mostrar dignidad. En especial se ha desechado que el prestigio de las naciones es el prestigio de sus gobernantes, los que, seg\u00fan hechos recientes, en realidad hab\u00edan sido delincuentes comunes, que son sentados en el banquillo de los acusados.<\/em><\/p>\n","protected":false},"excerpt":{"rendered":"<p>El pa\u00eds ha resbalado a una situaci\u00f3n en el cual pol\u00edticos de alto vuelo han perdido la dignidad y causan el desprestigio del pa\u00eds. Dej\u00f3 de existir el principio de que la dignidad de las naciones, es la dignidad de sus gobernantes. Muchas naciones del mundo se esmeran por tener como gobernantes a ciudadanos que [&hellip;]<\/p>\n","protected":false},"author":1,"featured_media":194776,"comment_status":"closed","ping_status":"open","sticky":false,"template":"","format":"standard","meta":{"_acf_changed":false,"footnotes":""},"categories":[4],"tags":[],"class_list":["post-256994","post","type-post","status-publish","format-standard","has-post-thumbnail","category-editorial"],"acf":{"antetitulo":""},"yoast_head":"<!-- This site is optimized with the Yoast SEO plugin v28.4 - https:\/\/yoast.com\/product\/yoast-seo-wordpress\/ -->\n<title>La dignidad nacional y los gobernantes - El Diario - Bolivia<\/title>\n<meta name=\"robots\" content=\"index, follow, max-snippet:-1, max-image-preview:large, max-video-preview:-1\" \/>\n<link rel=\"canonical\" href=\"https:\/\/www.eldiario.net\/portal\/2024\/10\/28\/la-dignidad-nacional-y-los-gobernantes\/\" \/>\n<meta property=\"og:locale\" content=\"es_ES\" \/>\n<meta property=\"og:type\" content=\"article\" \/>\n<meta property=\"og:title\" content=\"La dignidad nacional y los gobernantes - El Diario - Bolivia\" \/>\n<meta property=\"og:description\" content=\"El pa\u00eds ha resbalado a una situaci\u00f3n en el cual pol\u00edticos de alto vuelo han perdido la dignidad y causan el desprestigio del pa\u00eds. Dej\u00f3 de existir el principio de que la dignidad de las naciones, es la dignidad de sus gobernantes. Muchas naciones del mundo se esmeran por tener como gobernantes a ciudadanos que [&hellip;]\" \/>\n<meta property=\"og:url\" content=\"https:\/\/www.eldiario.net\/portal\/2024\/10\/28\/la-dignidad-nacional-y-los-gobernantes\/\" \/>\n<meta property=\"og:site_name\" content=\"El Diario - Bolivia\" \/>\n<meta property=\"article:publisher\" content=\"https:\/\/www.facebook.com\/eldiario.bolivia\/\" \/>\n<meta property=\"article:published_time\" content=\"2024-10-28T09:47:34+00:00\" \/>\n<meta property=\"og:image\" content=\"https:\/\/www.eldiario.net\/portal\/wp-content\/uploads\/2023\/12\/Editorial.jpg\" \/>\n\t<meta property=\"og:image:width\" content=\"800\" \/>\n\t<meta property=\"og:image:height\" content=\"500\" \/>\n\t<meta property=\"og:image:type\" content=\"image\/jpeg\" \/>\n<meta name=\"author\" content=\"Jeanette\" \/>\n<meta name=\"twitter:card\" content=\"summary_large_image\" \/>\n<meta name=\"twitter:creator\" content=\"@eldiario_net\" \/>\n<meta name=\"twitter:site\" content=\"@eldiario_net\" \/>\n<meta name=\"twitter:label1\" content=\"Escrito por\" \/>\n\t<meta name=\"twitter:data1\" content=\"Jeanette\" \/>\n\t<meta name=\"twitter:label2\" content=\"Tiempo de lectura\" \/>\n\t<meta name=\"twitter:data2\" content=\"3 minutos\" \/>\n<script type=\"application\/ld+json\" class=\"yoast-schema-graph\">{\"@context\":\"https:\\\/\\\/schema.org\",\"@graph\":[{\"@type\":\"Article\",\"@id\":\"https:\\\/\\\/www.eldiario.net\\\/portal\\\/2024\\\/10\\\/28\\\/la-dignidad-nacional-y-los-gobernantes\\\/#article\",\"isPartOf\":{\"@id\":\"https:\\\/\\\/www.eldiario.net\\\/portal\\\/2024\\\/10\\\/28\\\/la-dignidad-nacional-y-los-gobernantes\\\/\"},\"author\":{\"name\":\"Jeanette\",\"@id\":\"https:\\\/\\\/www.eldiario.net\\\/portal\\\/#\\\/schema\\\/person\\\/2c57cf2b7a7ae032e449e4c9b1019eac\"},\"headline\":\"La dignidad nacional y los gobernantes\",\"datePublished\":\"2024-10-28T09:47:34+00:00\",\"mainEntityOfPage\":{\"@id\":\"https:\\\/\\\/www.eldiario.net\\\/portal\\\/2024\\\/10\\\/28\\\/la-dignidad-nacional-y-los-gobernantes\\\/\"},\"wordCount\":538,\"publisher\":{\"@id\":\"https:\\\/\\\/www.eldiario.net\\\/portal\\\/#organization\"},\"image\":{\"@id\":\"https:\\\/\\\/www.eldiario.net\\\/portal\\\/2024\\\/10\\\/28\\\/la-dignidad-nacional-y-los-gobernantes\\\/#primaryimage\"},\"thumbnailUrl\":\"https:\\\/\\\/www.eldiario.net\\\/portal\\\/wp-content\\\/uploads\\\/2023\\\/12\\\/Editorial.jpg\",\"articleSection\":[\"Editorial\"],\"inLanguage\":\"es\"},{\"@type\":\"WebPage\",\"@id\":\"https:\\\/\\\/www.eldiario.net\\\/portal\\\/2024\\\/10\\\/28\\\/la-dignidad-nacional-y-los-gobernantes\\\/\",\"url\":\"https:\\\/\\\/www.eldiario.net\\\/portal\\\/2024\\\/10\\\/28\\\/la-dignidad-nacional-y-los-gobernantes\\\/\",\"name\":\"La dignidad nacional y los gobernantes - El Diario - Bolivia\",\"isPartOf\":{\"@id\":\"https:\\\/\\\/www.eldiario.net\\\/portal\\\/#website\"},\"primaryImageOfPage\":{\"@id\":\"https:\\\/\\\/www.eldiario.net\\\/portal\\\/2024\\\/10\\\/28\\\/la-dignidad-nacional-y-los-gobernantes\\\/#primaryimage\"},\"image\":{\"@id\":\"https:\\\/\\\/www.eldiario.net\\\/portal\\\/2024\\\/10\\\/28\\\/la-dignidad-nacional-y-los-gobernantes\\\/#primaryimage\"},\"thumbnailUrl\":\"https:\\\/\\\/www.eldiario.net\\\/portal\\\/wp-content\\\/uploads\\\/2023\\\/12\\\/Editorial.jpg\",\"datePublished\":\"2024-10-28T09:47:34+00:00\",\"breadcrumb\":{\"@id\":\"https:\\\/\\\/www.eldiario.net\\\/portal\\\/2024\\\/10\\\/28\\\/la-dignidad-nacional-y-los-gobernantes\\\/#breadcrumb\"},\"inLanguage\":\"es\",\"potentialAction\":[{\"@type\":\"ReadAction\",\"target\":[\"https:\\\/\\\/www.eldiario.net\\\/portal\\\/2024\\\/10\\\/28\\\/la-dignidad-nacional-y-los-gobernantes\\\/\"]}]},{\"@type\":\"ImageObject\",\"inLanguage\":\"es\",\"@id\":\"https:\\\/\\\/www.eldiario.net\\\/portal\\\/2024\\\/10\\\/28\\\/la-dignidad-nacional-y-los-gobernantes\\\/#primaryimage\",\"url\":\"https:\\\/\\\/www.eldiario.net\\\/portal\\\/wp-content\\\/uploads\\\/2023\\\/12\\\/Editorial.jpg\",\"contentUrl\":\"https:\\\/\\\/www.eldiario.net\\\/portal\\\/wp-content\\\/uploads\\\/2023\\\/12\\\/Editorial.jpg\",\"width\":800,\"height\":500},{\"@type\":\"BreadcrumbList\",\"@id\":\"https:\\\/\\\/www.eldiario.net\\\/portal\\\/2024\\\/10\\\/28\\\/la-dignidad-nacional-y-los-gobernantes\\\/#breadcrumb\",\"itemListElement\":[{\"@type\":\"ListItem\",\"position\":1,\"name\":\"Portada\",\"item\":\"https:\\\/\\\/www.eldiario.net\\\/portal\\\/\"},{\"@type\":\"ListItem\",\"position\":2,\"name\":\"La dignidad nacional y los gobernantes\"}]},{\"@type\":\"WebSite\",\"@id\":\"https:\\\/\\\/www.eldiario.net\\\/portal\\\/#website\",\"url\":\"https:\\\/\\\/www.eldiario.net\\\/portal\\\/\",\"name\":\"El Diario - Decano de la prensa nacional\",\"description\":\"El Diario - Decano de la prensa nacional\",\"publisher\":{\"@id\":\"https:\\\/\\\/www.eldiario.net\\\/portal\\\/#organization\"},\"potentialAction\":[{\"@type\":\"SearchAction\",\"target\":{\"@type\":\"EntryPoint\",\"urlTemplate\":\"https:\\\/\\\/www.eldiario.net\\\/portal\\\/?s={search_term_string}\"},\"query-input\":{\"@type\":\"PropertyValueSpecification\",\"valueRequired\":true,\"valueName\":\"search_term_string\"}}],\"inLanguage\":\"es\"},{\"@type\":\"Organization\",\"@id\":\"https:\\\/\\\/www.eldiario.net\\\/portal\\\/#organization\",\"name\":\"El Diario - Decano de la prensa nacional\",\"url\":\"https:\\\/\\\/www.eldiario.net\\\/portal\\\/\",\"logo\":{\"@type\":\"ImageObject\",\"inLanguage\":\"es\",\"@id\":\"https:\\\/\\\/www.eldiario.net\\\/portal\\\/#\\\/schema\\\/logo\\\/image\\\/\",\"url\":\"https:\\\/\\\/www.eldiario.net\\\/portal\\\/wp-content\\\/uploads\\\/2023\\\/07\\\/logo_ED.jpg\",\"contentUrl\":\"https:\\\/\\\/www.eldiario.net\\\/portal\\\/wp-content\\\/uploads\\\/2023\\\/07\\\/logo_ED.jpg\",\"width\":272,\"height\":52,\"caption\":\"El Diario - Decano de la prensa nacional\"},\"image\":{\"@id\":\"https:\\\/\\\/www.eldiario.net\\\/portal\\\/#\\\/schema\\\/logo\\\/image\\\/\"},\"sameAs\":[\"https:\\\/\\\/www.facebook.com\\\/eldiario.bolivia\\\/\",\"https:\\\/\\\/x.com\\\/eldiario_net\"]},{\"@type\":\"Person\",\"@id\":\"https:\\\/\\\/www.eldiario.net\\\/portal\\\/#\\\/schema\\\/person\\\/2c57cf2b7a7ae032e449e4c9b1019eac\",\"name\":\"Jeanette\",\"image\":{\"@type\":\"ImageObject\",\"inLanguage\":\"es\",\"@id\":\"https:\\\/\\\/secure.gravatar.com\\\/avatar\\\/3ea2118a5f7dad2b7138b1187a6b7ee55f160b9968b66013c3a3ef39dd7e5798?s=96&d=mm&r=g\",\"url\":\"https:\\\/\\\/secure.gravatar.com\\\/avatar\\\/3ea2118a5f7dad2b7138b1187a6b7ee55f160b9968b66013c3a3ef39dd7e5798?s=96&d=mm&r=g\",\"contentUrl\":\"https:\\\/\\\/secure.gravatar.com\\\/avatar\\\/3ea2118a5f7dad2b7138b1187a6b7ee55f160b9968b66013c3a3ef39dd7e5798?s=96&d=mm&r=g\",\"caption\":\"Jeanette\"},\"sameAs\":[\"https:\\\/\\\/www.eldiario.net\\\/portal\"],\"url\":\"https:\\\/\\\/www.eldiario.net\\\/portal\\\/author\\\/jeanette\\\/\"}]}<\/script>\n<!-- \/ Yoast SEO plugin. -->","yoast_head_json":{"title":"La dignidad nacional y los gobernantes - El Diario - Bolivia","robots":{"index":"index","follow":"follow","max-snippet":"max-snippet:-1","max-image-preview":"max-image-preview:large","max-video-preview":"max-video-preview:-1"},"canonical":"https:\/\/www.eldiario.net\/portal\/2024\/10\/28\/la-dignidad-nacional-y-los-gobernantes\/","og_locale":"es_ES","og_type":"article","og_title":"La dignidad nacional y los gobernantes - El Diario - Bolivia","og_description":"El pa\u00eds ha resbalado a una situaci\u00f3n en el cual pol\u00edticos de alto vuelo han perdido la dignidad y causan el desprestigio del pa\u00eds. Dej\u00f3 de existir el principio de que la dignidad de las naciones, es la dignidad de sus gobernantes. Muchas naciones del mundo se esmeran por tener como gobernantes a ciudadanos que [&hellip;]","og_url":"https:\/\/www.eldiario.net\/portal\/2024\/10\/28\/la-dignidad-nacional-y-los-gobernantes\/","og_site_name":"El Diario - Bolivia","article_publisher":"https:\/\/www.facebook.com\/eldiario.bolivia\/","article_published_time":"2024-10-28T09:47:34+00:00","og_image":[{"width":800,"height":500,"url":"https:\/\/www.eldiario.net\/portal\/wp-content\/uploads\/2023\/12\/Editorial.jpg","type":"image\/jpeg"}],"author":"Jeanette","twitter_card":"summary_large_image","twitter_creator":"@eldiario_net","twitter_site":"@eldiario_net","twitter_misc":{"Escrito por":"Jeanette","Tiempo de lectura":"3 minutos"},"schema":{"@context":"https:\/\/schema.org","@graph":[{"@type":"Article","@id":"https:\/\/www.eldiario.net\/portal\/2024\/10\/28\/la-dignidad-nacional-y-los-gobernantes\/#article","isPartOf":{"@id":"https:\/\/www.eldiario.net\/portal\/2024\/10\/28\/la-dignidad-nacional-y-los-gobernantes\/"},"author":{"name":"Jeanette","@id":"https:\/\/www.eldiario.net\/portal\/#\/schema\/person\/2c57cf2b7a7ae032e449e4c9b1019eac"},"headline":"La dignidad nacional y los gobernantes","datePublished":"2024-10-28T09:47:34+00:00","mainEntityOfPage":{"@id":"https:\/\/www.eldiario.net\/portal\/2024\/10\/28\/la-dignidad-nacional-y-los-gobernantes\/"},"wordCount":538,"publisher":{"@id":"https:\/\/www.eldiario.net\/portal\/#organization"},"image":{"@id":"https:\/\/www.eldiario.net\/portal\/2024\/10\/28\/la-dignidad-nacional-y-los-gobernantes\/#primaryimage"},"thumbnailUrl":"https:\/\/www.eldiario.net\/portal\/wp-content\/uploads\/2023\/12\/Editorial.jpg","articleSection":["Editorial"],"inLanguage":"es"},{"@type":"WebPage","@id":"https:\/\/www.eldiario.net\/portal\/2024\/10\/28\/la-dignidad-nacional-y-los-gobernantes\/","url":"https:\/\/www.eldiario.net\/portal\/2024\/10\/28\/la-dignidad-nacional-y-los-gobernantes\/","name":"La dignidad nacional y los gobernantes - El Diario - Bolivia","isPartOf":{"@id":"https:\/\/www.eldiario.net\/portal\/#website"},"primaryImageOfPage":{"@id":"https:\/\/www.eldiario.net\/portal\/2024\/10\/28\/la-dignidad-nacional-y-los-gobernantes\/#primaryimage"},"image":{"@id":"https:\/\/www.eldiario.net\/portal\/2024\/10\/28\/la-dignidad-nacional-y-los-gobernantes\/#primaryimage"},"thumbnailUrl":"https:\/\/www.eldiario.net\/portal\/wp-content\/uploads\/2023\/12\/Editorial.jpg","datePublished":"2024-10-28T09:47:34+00:00","breadcrumb":{"@id":"https:\/\/www.eldiario.net\/portal\/2024\/10\/28\/la-dignidad-nacional-y-los-gobernantes\/#breadcrumb"},"inLanguage":"es","potentialAction":[{"@type":"ReadAction","target":["https:\/\/www.eldiario.net\/portal\/2024\/10\/28\/la-dignidad-nacional-y-los-gobernantes\/"]}]},{"@type":"ImageObject","inLanguage":"es","@id":"https:\/\/www.eldiario.net\/portal\/2024\/10\/28\/la-dignidad-nacional-y-los-gobernantes\/#primaryimage","url":"https:\/\/www.eldiario.net\/portal\/wp-content\/uploads\/2023\/12\/Editorial.jpg","contentUrl":"https:\/\/www.eldiario.net\/portal\/wp-content\/uploads\/2023\/12\/Editorial.jpg","width":800,"height":500},{"@type":"BreadcrumbList","@id":"https:\/\/www.eldiario.net\/portal\/2024\/10\/28\/la-dignidad-nacional-y-los-gobernantes\/#breadcrumb","itemListElement":[{"@type":"ListItem","position":1,"name":"Portada","item":"https:\/\/www.eldiario.net\/portal\/"},{"@type":"ListItem","position":2,"name":"La dignidad nacional y los gobernantes"}]},{"@type":"WebSite","@id":"https:\/\/www.eldiario.net\/portal\/#website","url":"https:\/\/www.eldiario.net\/portal\/","name":"El Diario - Decano de la prensa nacional","description":"El Diario - Decano de la prensa nacional","publisher":{"@id":"https:\/\/www.eldiario.net\/portal\/#organization"},"potentialAction":[{"@type":"SearchAction","target":{"@type":"EntryPoint","urlTemplate":"https:\/\/www.eldiario.net\/portal\/?s={search_term_string}"},"query-input":{"@type":"PropertyValueSpecification","valueRequired":true,"valueName":"search_term_string"}}],"inLanguage":"es"},{"@type":"Organization","@id":"https:\/\/www.eldiario.net\/portal\/#organization","name":"El Diario - Decano de la prensa nacional","url":"https:\/\/www.eldiario.net\/portal\/","logo":{"@type":"ImageObject","inLanguage":"es","@id":"https:\/\/www.eldiario.net\/portal\/#\/schema\/logo\/image\/","url":"https:\/\/www.eldiario.net\/portal\/wp-content\/uploads\/2023\/07\/logo_ED.jpg","contentUrl":"https:\/\/www.eldiario.net\/portal\/wp-content\/uploads\/2023\/07\/logo_ED.jpg","width":272,"height":52,"caption":"El Diario - Decano de la prensa nacional"},"image":{"@id":"https:\/\/www.eldiario.net\/portal\/#\/schema\/logo\/image\/"},"sameAs":["https:\/\/www.facebook.com\/eldiario.bolivia\/","https:\/\/x.com\/eldiario_net"]},{"@type":"Person","@id":"https:\/\/www.eldiario.net\/portal\/#\/schema\/person\/2c57cf2b7a7ae032e449e4c9b1019eac","name":"Jeanette","image":{"@type":"ImageObject","inLanguage":"es","@id":"https:\/\/secure.gravatar.com\/avatar\/3ea2118a5f7dad2b7138b1187a6b7ee55f160b9968b66013c3a3ef39dd7e5798?s=96&d=mm&r=g","url":"https:\/\/secure.gravatar.com\/avatar\/3ea2118a5f7dad2b7138b1187a6b7ee55f160b9968b66013c3a3ef39dd7e5798?s=96&d=mm&r=g","contentUrl":"https:\/\/secure.gravatar.com\/avatar\/3ea2118a5f7dad2b7138b1187a6b7ee55f160b9968b66013c3a3ef39dd7e5798?s=96&d=mm&r=g","caption":"Jeanette"},"sameAs":["https:\/\/www.eldiario.net\/portal"],"url":"https:\/\/www.eldiario.net\/portal\/author\/jeanette\/"}]}},"_links":{"self":[{"href":"https:\/\/www.eldiario.net\/portal\/wp-json\/wp\/v2\/posts\/256994","targetHints":{"allow":["GET"]}}],"collection":[{"href":"https:\/\/www.eldiario.net\/portal\/wp-json\/wp\/v2\/posts"}],"about":[{"href":"https:\/\/www.eldiario.net\/portal\/wp-json\/wp\/v2\/types\/post"}],"author":[{"embeddable":true,"href":"https:\/\/www.eldiario.net\/portal\/wp-json\/wp\/v2\/users\/1"}],"replies":[{"embeddable":true,"href":"https:\/\/www.eldiario.net\/portal\/wp-json\/wp\/v2\/comments?post=256994"}],"version-history":[{"count":1,"href":"https:\/\/www.eldiario.net\/portal\/wp-json\/wp\/v2\/posts\/256994\/revisions"}],"predecessor-version":[{"id":256995,"href":"https:\/\/www.eldiario.net\/portal\/wp-json\/wp\/v2\/posts\/256994\/revisions\/256995"}],"wp:featuredmedia":[{"embeddable":true,"href":"https:\/\/www.eldiario.net\/portal\/wp-json\/wp\/v2\/media\/194776"}],"wp:attachment":[{"href":"https:\/\/www.eldiario.net\/portal\/wp-json\/wp\/v2\/media?parent=256994"}],"wp:term":[{"taxonomy":"category","embeddable":true,"href":"https:\/\/www.eldiario.net\/portal\/wp-json\/wp\/v2\/categories?post=256994"},{"taxonomy":"post_tag","embeddable":true,"href":"https:\/\/www.eldiario.net\/portal\/wp-json\/wp\/v2\/tags?post=256994"}],"curies":[{"name":"wp","href":"https:\/\/api.w.org\/{rel}","templated":true}]}}