{"id":256988,"date":"2024-10-28T05:46:17","date_gmt":"2024-10-28T09:46:17","guid":{"rendered":"https:\/\/www.eldiario.net\/portal\/?p=256988"},"modified":"2024-10-28T05:46:17","modified_gmt":"2024-10-28T09:46:17","slug":"entregan-unidad-educativa-oscar-rojas-en-distrito-5","status":"publish","type":"post","link":"https:\/\/www.eldiario.net\/portal\/2024\/10\/28\/entregan-unidad-educativa-oscar-rojas-en-distrito-5\/","title":{"rendered":"Entregan Unidad Educativa \u201c\u00d3scar Rojas\u201d en Distrito-5"},"content":{"rendered":"<p>La Unidad Educativa \u201c\u00d3scar Rojas Caballero\u201d, ubicada en el Distrito 5 al Sur de la ciudad de Cochabamba, fue entregada ayer en el marco del \u201cPlan Maestro de Educaci\u00f3n Fase 1\u201d, que consiste en el mejoramiento de 70 colegios dentro del municipio.<br \/>\nLa inversi\u00f3n en el mejoramiento del establecimiento educativo fue de Bs 2.890.957 y ahora se cuenta con infraestructura adecuada para desarrollar sus actividades escolares.<br \/>\nLa entrega consisti\u00f3 en la construcci\u00f3n de cinco aulas pedag\u00f3gicas, una bater\u00eda de ba\u00f1os para varones y mujeres y otra para personas con discapacidad, 1 sala de computaci\u00f3n y 1 sala multifuncional.<br \/>\nPadres de familia, maestros y estudiantes agradecieron la entrega y afirmaron que contar con una nueva unidad educativa es un sue\u00f1o hecho realidad.<br \/>\nLa primera autoridad del municipio, Manfred Reyes Villa, asever\u00f3 que uno de los pilares de su gesti\u00f3n es la educaci\u00f3n, pues son los ni\u00f1os, ni\u00f1as y adolescentes quienes tienen en sus manos el futuro y presente del pa\u00eds.<\/p>\n<p>CAMPOS DEPORTIVOS<br \/>\nNi\u00f1os, j\u00f3venes y en general, las familias de la OTB Tupuraya en el Distrito 12 fueron beneficiados con el mejoramiento de campos deportivos, parques y la construcci\u00f3n de una cancha multifuncional, obras que permitir\u00e1n la sana distracci\u00f3n y esparcimiento.<br \/>\nEl alcalde Manfred Reyes Villa resalt\u00f3 la importancia de construir obras que permiten el esparcimiento familiar, la pr\u00e1ctica deportiva y el relacionamiento vecinal en el D-12 y las zonas cercanas.<br \/>\nLa primera autoridad municipal afirm\u00f3 que la entrega de obras se realiza los 365 d\u00edas del a\u00f1o y no solo el mes aniversario de la \u201cLlajta\u201d. Sostuvo que trabaja en el desarrollo del municipio en todas las zonas de la ciudad.<br \/>\nLos vecinos agradecieron la entrega y se\u00f1alaron que tras d\u00e9cadas de abandono, es la actual gesti\u00f3n quien se preocup\u00f3 por brindar espacios de esparcimiento en la zona para que los ni\u00f1os y j\u00f3venes se dediquen a realizar actividades sanas. (Cochabamba, agencias)<\/p>\n","protected":false},"excerpt":{"rendered":"<p>La Unidad Educativa \u201c\u00d3scar Rojas Caballero\u201d, ubicada en el Distrito 5 al Sur de la ciudad de Cochabamba, fue entregada ayer en el marco del \u201cPlan Maestro de Educaci\u00f3n Fase 1\u201d, que consiste en el mejoramiento de 70 colegios dentro del municipio. La inversi\u00f3n en el mejoramiento del establecimiento educativo fue de Bs 2.890.957 y [&hellip;]<\/p>\n","protected":false},"author":1,"featured_media":256989,"comment_status":"closed","ping_status":"open","sticky":false,"template":"","format":"standard","meta":{"_acf_changed":false,"footnotes":""},"categories":[12],"tags":[],"class_list":["post-256988","post","type-post","status-publish","format-standard","has-post-thumbnail","category-nacional"],"acf":{"antetitulo":"Cochabamba"},"yoast_head":"<!-- This site is optimized with the Yoast SEO plugin v28.4 - https:\/\/yoast.com\/product\/yoast-seo-wordpress\/ -->\n<title>Entregan Unidad Educativa \u201c\u00d3scar Rojas\u201d en Distrito-5 - El Diario - Bolivia<\/title>\n<meta name=\"robots\" content=\"index, follow, max-snippet:-1, max-image-preview:large, max-video-preview:-1\" \/>\n<link rel=\"canonical\" href=\"https:\/\/www.eldiario.net\/portal\/2024\/10\/28\/entregan-unidad-educativa-oscar-rojas-en-distrito-5\/\" \/>\n<meta property=\"og:locale\" content=\"es_ES\" \/>\n<meta property=\"og:type\" content=\"article\" \/>\n<meta property=\"og:title\" content=\"Entregan Unidad Educativa \u201c\u00d3scar Rojas\u201d en Distrito-5 - El Diario - Bolivia\" \/>\n<meta property=\"og:description\" content=\"La Unidad Educativa \u201c\u00d3scar Rojas Caballero\u201d, ubicada en el Distrito 5 al Sur de la ciudad de Cochabamba, fue entregada ayer en el marco del \u201cPlan Maestro de Educaci\u00f3n Fase 1\u201d, que consiste en el mejoramiento de 70 colegios dentro del municipio. La inversi\u00f3n en el mejoramiento del establecimiento educativo fue de Bs 2.890.957 y [&hellip;]\" \/>\n<meta property=\"og:url\" content=\"https:\/\/www.eldiario.net\/portal\/2024\/10\/28\/entregan-unidad-educativa-oscar-rojas-en-distrito-5\/\" \/>\n<meta property=\"og:site_name\" content=\"El Diario - Bolivia\" \/>\n<meta property=\"article:publisher\" content=\"https:\/\/www.facebook.com\/eldiario.bolivia\/\" \/>\n<meta property=\"article:published_time\" content=\"2024-10-28T09:46:17+00:00\" \/>\n<meta property=\"og:image\" content=\"https:\/\/www.eldiario.net\/portal\/wp-content\/uploads\/2024\/10\/31-NAL.jpg\" \/>\n\t<meta property=\"og:image:width\" content=\"1280\" \/>\n\t<meta property=\"og:image:height\" content=\"852\" \/>\n\t<meta property=\"og:image:type\" content=\"image\/jpeg\" \/>\n<meta name=\"author\" content=\"Jeanette\" \/>\n<meta name=\"twitter:card\" content=\"summary_large_image\" \/>\n<meta name=\"twitter:creator\" content=\"@eldiario_net\" \/>\n<meta name=\"twitter:site\" content=\"@eldiario_net\" \/>\n<meta name=\"twitter:label1\" content=\"Escrito por\" \/>\n\t<meta name=\"twitter:data1\" content=\"Jeanette\" \/>\n\t<meta name=\"twitter:label2\" content=\"Tiempo de lectura\" \/>\n\t<meta name=\"twitter:data2\" content=\"2 minutos\" \/>\n<script type=\"application\/ld+json\" class=\"yoast-schema-graph\">{\"@context\":\"https:\\\/\\\/schema.org\",\"@graph\":[{\"@type\":\"Article\",\"@id\":\"https:\\\/\\\/www.eldiario.net\\\/portal\\\/2024\\\/10\\\/28\\\/entregan-unidad-educativa-oscar-rojas-en-distrito-5\\\/#article\",\"isPartOf\":{\"@id\":\"https:\\\/\\\/www.eldiario.net\\\/portal\\\/2024\\\/10\\\/28\\\/entregan-unidad-educativa-oscar-rojas-en-distrito-5\\\/\"},\"author\":{\"name\":\"Jeanette\",\"@id\":\"https:\\\/\\\/www.eldiario.net\\\/portal\\\/#\\\/schema\\\/person\\\/2c57cf2b7a7ae032e449e4c9b1019eac\"},\"headline\":\"Entregan Unidad Educativa \u201c\u00d3scar Rojas\u201d en Distrito-5\",\"datePublished\":\"2024-10-28T09:46:17+00:00\",\"mainEntityOfPage\":{\"@id\":\"https:\\\/\\\/www.eldiario.net\\\/portal\\\/2024\\\/10\\\/28\\\/entregan-unidad-educativa-oscar-rojas-en-distrito-5\\\/\"},\"wordCount\":337,\"publisher\":{\"@id\":\"https:\\\/\\\/www.eldiario.net\\\/portal\\\/#organization\"},\"image\":{\"@id\":\"https:\\\/\\\/www.eldiario.net\\\/portal\\\/2024\\\/10\\\/28\\\/entregan-unidad-educativa-oscar-rojas-en-distrito-5\\\/#primaryimage\"},\"thumbnailUrl\":\"https:\\\/\\\/www.eldiario.net\\\/portal\\\/wp-content\\\/uploads\\\/2024\\\/10\\\/31-NAL.jpg\",\"articleSection\":[\"Nacional\"],\"inLanguage\":\"es\"},{\"@type\":\"WebPage\",\"@id\":\"https:\\\/\\\/www.eldiario.net\\\/portal\\\/2024\\\/10\\\/28\\\/entregan-unidad-educativa-oscar-rojas-en-distrito-5\\\/\",\"url\":\"https:\\\/\\\/www.eldiario.net\\\/portal\\\/2024\\\/10\\\/28\\\/entregan-unidad-educativa-oscar-rojas-en-distrito-5\\\/\",\"name\":\"Entregan Unidad Educativa \u201c\u00d3scar Rojas\u201d en Distrito-5 - El Diario - Bolivia\",\"isPartOf\":{\"@id\":\"https:\\\/\\\/www.eldiario.net\\\/portal\\\/#website\"},\"primaryImageOfPage\":{\"@id\":\"https:\\\/\\\/www.eldiario.net\\\/portal\\\/2024\\\/10\\\/28\\\/entregan-unidad-educativa-oscar-rojas-en-distrito-5\\\/#primaryimage\"},\"image\":{\"@id\":\"https:\\\/\\\/www.eldiario.net\\\/portal\\\/2024\\\/10\\\/28\\\/entregan-unidad-educativa-oscar-rojas-en-distrito-5\\\/#primaryimage\"},\"thumbnailUrl\":\"https:\\\/\\\/www.eldiario.net\\\/portal\\\/wp-content\\\/uploads\\\/2024\\\/10\\\/31-NAL.jpg\",\"datePublished\":\"2024-10-28T09:46:17+00:00\",\"breadcrumb\":{\"@id\":\"https:\\\/\\\/www.eldiario.net\\\/portal\\\/2024\\\/10\\\/28\\\/entregan-unidad-educativa-oscar-rojas-en-distrito-5\\\/#breadcrumb\"},\"inLanguage\":\"es\",\"potentialAction\":[{\"@type\":\"ReadAction\",\"target\":[\"https:\\\/\\\/www.eldiario.net\\\/portal\\\/2024\\\/10\\\/28\\\/entregan-unidad-educativa-oscar-rojas-en-distrito-5\\\/\"]}]},{\"@type\":\"ImageObject\",\"inLanguage\":\"es\",\"@id\":\"https:\\\/\\\/www.eldiario.net\\\/portal\\\/2024\\\/10\\\/28\\\/entregan-unidad-educativa-oscar-rojas-en-distrito-5\\\/#primaryimage\",\"url\":\"https:\\\/\\\/www.eldiario.net\\\/portal\\\/wp-content\\\/uploads\\\/2024\\\/10\\\/31-NAL.jpg\",\"contentUrl\":\"https:\\\/\\\/www.eldiario.net\\\/portal\\\/wp-content\\\/uploads\\\/2024\\\/10\\\/31-NAL.jpg\",\"width\":1280,\"height\":852,\"caption\":\"COLEGIO \u00d3SCAR ROJAS CABALLERO.\"},{\"@type\":\"BreadcrumbList\",\"@id\":\"https:\\\/\\\/www.eldiario.net\\\/portal\\\/2024\\\/10\\\/28\\\/entregan-unidad-educativa-oscar-rojas-en-distrito-5\\\/#breadcrumb\",\"itemListElement\":[{\"@type\":\"ListItem\",\"position\":1,\"name\":\"Portada\",\"item\":\"https:\\\/\\\/www.eldiario.net\\\/portal\\\/\"},{\"@type\":\"ListItem\",\"position\":2,\"name\":\"Entregan Unidad Educativa \u201c\u00d3scar Rojas\u201d en Distrito-5\"}]},{\"@type\":\"WebSite\",\"@id\":\"https:\\\/\\\/www.eldiario.net\\\/portal\\\/#website\",\"url\":\"https:\\\/\\\/www.eldiario.net\\\/portal\\\/\",\"name\":\"El Diario - Decano de la prensa nacional\",\"description\":\"El Diario - Decano de la prensa nacional\",\"publisher\":{\"@id\":\"https:\\\/\\\/www.eldiario.net\\\/portal\\\/#organization\"},\"potentialAction\":[{\"@type\":\"SearchAction\",\"target\":{\"@type\":\"EntryPoint\",\"urlTemplate\":\"https:\\\/\\\/www.eldiario.net\\\/portal\\\/?s={search_term_string}\"},\"query-input\":{\"@type\":\"PropertyValueSpecification\",\"valueRequired\":true,\"valueName\":\"search_term_string\"}}],\"inLanguage\":\"es\"},{\"@type\":\"Organization\",\"@id\":\"https:\\\/\\\/www.eldiario.net\\\/portal\\\/#organization\",\"name\":\"El Diario - Decano de la prensa nacional\",\"url\":\"https:\\\/\\\/www.eldiario.net\\\/portal\\\/\",\"logo\":{\"@type\":\"ImageObject\",\"inLanguage\":\"es\",\"@id\":\"https:\\\/\\\/www.eldiario.net\\\/portal\\\/#\\\/schema\\\/logo\\\/image\\\/\",\"url\":\"https:\\\/\\\/www.eldiario.net\\\/portal\\\/wp-content\\\/uploads\\\/2023\\\/07\\\/logo_ED.jpg\",\"contentUrl\":\"https:\\\/\\\/www.eldiario.net\\\/portal\\\/wp-content\\\/uploads\\\/2023\\\/07\\\/logo_ED.jpg\",\"width\":272,\"height\":52,\"caption\":\"El Diario - Decano de la prensa nacional\"},\"image\":{\"@id\":\"https:\\\/\\\/www.eldiario.net\\\/portal\\\/#\\\/schema\\\/logo\\\/image\\\/\"},\"sameAs\":[\"https:\\\/\\\/www.facebook.com\\\/eldiario.bolivia\\\/\",\"https:\\\/\\\/x.com\\\/eldiario_net\"]},{\"@type\":\"Person\",\"@id\":\"https:\\\/\\\/www.eldiario.net\\\/portal\\\/#\\\/schema\\\/person\\\/2c57cf2b7a7ae032e449e4c9b1019eac\",\"name\":\"Jeanette\",\"image\":{\"@type\":\"ImageObject\",\"inLanguage\":\"es\",\"@id\":\"https:\\\/\\\/secure.gravatar.com\\\/avatar\\\/3ea2118a5f7dad2b7138b1187a6b7ee55f160b9968b66013c3a3ef39dd7e5798?s=96&d=mm&r=g\",\"url\":\"https:\\\/\\\/secure.gravatar.com\\\/avatar\\\/3ea2118a5f7dad2b7138b1187a6b7ee55f160b9968b66013c3a3ef39dd7e5798?s=96&d=mm&r=g\",\"contentUrl\":\"https:\\\/\\\/secure.gravatar.com\\\/avatar\\\/3ea2118a5f7dad2b7138b1187a6b7ee55f160b9968b66013c3a3ef39dd7e5798?s=96&d=mm&r=g\",\"caption\":\"Jeanette\"},\"sameAs\":[\"https:\\\/\\\/www.eldiario.net\\\/portal\"],\"url\":\"https:\\\/\\\/www.eldiario.net\\\/portal\\\/author\\\/jeanette\\\/\"}]}<\/script>\n<!-- \/ Yoast SEO plugin. -->","yoast_head_json":{"title":"Entregan Unidad Educativa \u201c\u00d3scar Rojas\u201d en Distrito-5 - El Diario - Bolivia","robots":{"index":"index","follow":"follow","max-snippet":"max-snippet:-1","max-image-preview":"max-image-preview:large","max-video-preview":"max-video-preview:-1"},"canonical":"https:\/\/www.eldiario.net\/portal\/2024\/10\/28\/entregan-unidad-educativa-oscar-rojas-en-distrito-5\/","og_locale":"es_ES","og_type":"article","og_title":"Entregan Unidad Educativa \u201c\u00d3scar Rojas\u201d en Distrito-5 - El Diario - Bolivia","og_description":"La Unidad Educativa \u201c\u00d3scar Rojas Caballero\u201d, ubicada en el Distrito 5 al Sur de la ciudad de Cochabamba, fue entregada ayer en el marco del \u201cPlan Maestro de Educaci\u00f3n Fase 1\u201d, que consiste en el mejoramiento de 70 colegios dentro del municipio. La inversi\u00f3n en el mejoramiento del establecimiento educativo fue de Bs 2.890.957 y [&hellip;]","og_url":"https:\/\/www.eldiario.net\/portal\/2024\/10\/28\/entregan-unidad-educativa-oscar-rojas-en-distrito-5\/","og_site_name":"El Diario - Bolivia","article_publisher":"https:\/\/www.facebook.com\/eldiario.bolivia\/","article_published_time":"2024-10-28T09:46:17+00:00","og_image":[{"width":1280,"height":852,"url":"https:\/\/www.eldiario.net\/portal\/wp-content\/uploads\/2024\/10\/31-NAL.jpg","type":"image\/jpeg"}],"author":"Jeanette","twitter_card":"summary_large_image","twitter_creator":"@eldiario_net","twitter_site":"@eldiario_net","twitter_misc":{"Escrito por":"Jeanette","Tiempo de lectura":"2 minutos"},"schema":{"@context":"https:\/\/schema.org","@graph":[{"@type":"Article","@id":"https:\/\/www.eldiario.net\/portal\/2024\/10\/28\/entregan-unidad-educativa-oscar-rojas-en-distrito-5\/#article","isPartOf":{"@id":"https:\/\/www.eldiario.net\/portal\/2024\/10\/28\/entregan-unidad-educativa-oscar-rojas-en-distrito-5\/"},"author":{"name":"Jeanette","@id":"https:\/\/www.eldiario.net\/portal\/#\/schema\/person\/2c57cf2b7a7ae032e449e4c9b1019eac"},"headline":"Entregan Unidad Educativa \u201c\u00d3scar Rojas\u201d en Distrito-5","datePublished":"2024-10-28T09:46:17+00:00","mainEntityOfPage":{"@id":"https:\/\/www.eldiario.net\/portal\/2024\/10\/28\/entregan-unidad-educativa-oscar-rojas-en-distrito-5\/"},"wordCount":337,"publisher":{"@id":"https:\/\/www.eldiario.net\/portal\/#organization"},"image":{"@id":"https:\/\/www.eldiario.net\/portal\/2024\/10\/28\/entregan-unidad-educativa-oscar-rojas-en-distrito-5\/#primaryimage"},"thumbnailUrl":"https:\/\/www.eldiario.net\/portal\/wp-content\/uploads\/2024\/10\/31-NAL.jpg","articleSection":["Nacional"],"inLanguage":"es"},{"@type":"WebPage","@id":"https:\/\/www.eldiario.net\/portal\/2024\/10\/28\/entregan-unidad-educativa-oscar-rojas-en-distrito-5\/","url":"https:\/\/www.eldiario.net\/portal\/2024\/10\/28\/entregan-unidad-educativa-oscar-rojas-en-distrito-5\/","name":"Entregan Unidad Educativa \u201c\u00d3scar Rojas\u201d en Distrito-5 - El Diario - Bolivia","isPartOf":{"@id":"https:\/\/www.eldiario.net\/portal\/#website"},"primaryImageOfPage":{"@id":"https:\/\/www.eldiario.net\/portal\/2024\/10\/28\/entregan-unidad-educativa-oscar-rojas-en-distrito-5\/#primaryimage"},"image":{"@id":"https:\/\/www.eldiario.net\/portal\/2024\/10\/28\/entregan-unidad-educativa-oscar-rojas-en-distrito-5\/#primaryimage"},"thumbnailUrl":"https:\/\/www.eldiario.net\/portal\/wp-content\/uploads\/2024\/10\/31-NAL.jpg","datePublished":"2024-10-28T09:46:17+00:00","breadcrumb":{"@id":"https:\/\/www.eldiario.net\/portal\/2024\/10\/28\/entregan-unidad-educativa-oscar-rojas-en-distrito-5\/#breadcrumb"},"inLanguage":"es","potentialAction":[{"@type":"ReadAction","target":["https:\/\/www.eldiario.net\/portal\/2024\/10\/28\/entregan-unidad-educativa-oscar-rojas-en-distrito-5\/"]}]},{"@type":"ImageObject","inLanguage":"es","@id":"https:\/\/www.eldiario.net\/portal\/2024\/10\/28\/entregan-unidad-educativa-oscar-rojas-en-distrito-5\/#primaryimage","url":"https:\/\/www.eldiario.net\/portal\/wp-content\/uploads\/2024\/10\/31-NAL.jpg","contentUrl":"https:\/\/www.eldiario.net\/portal\/wp-content\/uploads\/2024\/10\/31-NAL.jpg","width":1280,"height":852,"caption":"COLEGIO \u00d3SCAR ROJAS CABALLERO."},{"@type":"BreadcrumbList","@id":"https:\/\/www.eldiario.net\/portal\/2024\/10\/28\/entregan-unidad-educativa-oscar-rojas-en-distrito-5\/#breadcrumb","itemListElement":[{"@type":"ListItem","position":1,"name":"Portada","item":"https:\/\/www.eldiario.net\/portal\/"},{"@type":"ListItem","position":2,"name":"Entregan Unidad Educativa \u201c\u00d3scar Rojas\u201d en Distrito-5"}]},{"@type":"WebSite","@id":"https:\/\/www.eldiario.net\/portal\/#website","url":"https:\/\/www.eldiario.net\/portal\/","name":"El Diario - Decano de la prensa nacional","description":"El Diario - Decano de la prensa nacional","publisher":{"@id":"https:\/\/www.eldiario.net\/portal\/#organization"},"potentialAction":[{"@type":"SearchAction","target":{"@type":"EntryPoint","urlTemplate":"https:\/\/www.eldiario.net\/portal\/?s={search_term_string}"},"query-input":{"@type":"PropertyValueSpecification","valueRequired":true,"valueName":"search_term_string"}}],"inLanguage":"es"},{"@type":"Organization","@id":"https:\/\/www.eldiario.net\/portal\/#organization","name":"El Diario - Decano de la prensa nacional","url":"https:\/\/www.eldiario.net\/portal\/","logo":{"@type":"ImageObject","inLanguage":"es","@id":"https:\/\/www.eldiario.net\/portal\/#\/schema\/logo\/image\/","url":"https:\/\/www.eldiario.net\/portal\/wp-content\/uploads\/2023\/07\/logo_ED.jpg","contentUrl":"https:\/\/www.eldiario.net\/portal\/wp-content\/uploads\/2023\/07\/logo_ED.jpg","width":272,"height":52,"caption":"El Diario - Decano de la prensa nacional"},"image":{"@id":"https:\/\/www.eldiario.net\/portal\/#\/schema\/logo\/image\/"},"sameAs":["https:\/\/www.facebook.com\/eldiario.bolivia\/","https:\/\/x.com\/eldiario_net"]},{"@type":"Person","@id":"https:\/\/www.eldiario.net\/portal\/#\/schema\/person\/2c57cf2b7a7ae032e449e4c9b1019eac","name":"Jeanette","image":{"@type":"ImageObject","inLanguage":"es","@id":"https:\/\/secure.gravatar.com\/avatar\/3ea2118a5f7dad2b7138b1187a6b7ee55f160b9968b66013c3a3ef39dd7e5798?s=96&d=mm&r=g","url":"https:\/\/secure.gravatar.com\/avatar\/3ea2118a5f7dad2b7138b1187a6b7ee55f160b9968b66013c3a3ef39dd7e5798?s=96&d=mm&r=g","contentUrl":"https:\/\/secure.gravatar.com\/avatar\/3ea2118a5f7dad2b7138b1187a6b7ee55f160b9968b66013c3a3ef39dd7e5798?s=96&d=mm&r=g","caption":"Jeanette"},"sameAs":["https:\/\/www.eldiario.net\/portal"],"url":"https:\/\/www.eldiario.net\/portal\/author\/jeanette\/"}]}},"_links":{"self":[{"href":"https:\/\/www.eldiario.net\/portal\/wp-json\/wp\/v2\/posts\/256988","targetHints":{"allow":["GET"]}}],"collection":[{"href":"https:\/\/www.eldiario.net\/portal\/wp-json\/wp\/v2\/posts"}],"about":[{"href":"https:\/\/www.eldiario.net\/portal\/wp-json\/wp\/v2\/types\/post"}],"author":[{"embeddable":true,"href":"https:\/\/www.eldiario.net\/portal\/wp-json\/wp\/v2\/users\/1"}],"replies":[{"embeddable":true,"href":"https:\/\/www.eldiario.net\/portal\/wp-json\/wp\/v2\/comments?post=256988"}],"version-history":[{"count":1,"href":"https:\/\/www.eldiario.net\/portal\/wp-json\/wp\/v2\/posts\/256988\/revisions"}],"predecessor-version":[{"id":256990,"href":"https:\/\/www.eldiario.net\/portal\/wp-json\/wp\/v2\/posts\/256988\/revisions\/256990"}],"wp:featuredmedia":[{"embeddable":true,"href":"https:\/\/www.eldiario.net\/portal\/wp-json\/wp\/v2\/media\/256989"}],"wp:attachment":[{"href":"https:\/\/www.eldiario.net\/portal\/wp-json\/wp\/v2\/media?parent=256988"}],"wp:term":[{"taxonomy":"category","embeddable":true,"href":"https:\/\/www.eldiario.net\/portal\/wp-json\/wp\/v2\/categories?post=256988"},{"taxonomy":"post_tag","embeddable":true,"href":"https:\/\/www.eldiario.net\/portal\/wp-json\/wp\/v2\/tags?post=256988"}],"curies":[{"name":"wp","href":"https:\/\/api.w.org\/{rel}","templated":true}]}}