{"id":256976,"date":"2024-10-28T05:43:09","date_gmt":"2024-10-28T09:43:09","guid":{"rendered":"https:\/\/www.eldiario.net\/portal\/?p=256976"},"modified":"2024-10-28T05:43:09","modified_gmt":"2024-10-28T09:43:09","slug":"foro-analizara-crisis-economica-energetica-y-ambiental-del-pais","status":"publish","type":"post","link":"https:\/\/www.eldiario.net\/portal\/2024\/10\/28\/foro-analizara-crisis-economica-energetica-y-ambiental-del-pais\/","title":{"rendered":"Foro analizar\u00e1 crisis econ\u00f3mica, energ\u00e9tica y ambiental del pa\u00eds"},"content":{"rendered":"<p>La convergencia de la crisis econ\u00f3mica, energ\u00e9tica y ambiental ha puesto a Bolivia en una encrucijada que amenaza la estabilidad y el bienestar de la poblaci\u00f3n, generando un creciente descontento social y afectando a los sectores m\u00e1s vulnerables.<br \/>\nEn este escenario de crisis m\u00faltiple, la Fundaci\u00f3n Tierra organiza el foro \u201cTiempos inciertos: Crisis econ\u00f3mica, energ\u00e9tica y ambiental\u201d, para debatir sobre los desaf\u00edos que enfrenta el pa\u00eds.<br \/>\n\u201cEl objetivo del encuentro es generar un espacio de an\u00e1lisis profundo sobre las ra\u00edces y consecuencias de estas crisis interrelacionadas, y c\u00f3mo el pa\u00eds puede avanzar hacia la construcci\u00f3n de una matriz productiva sostenible, que priorice tanto el bienestar econ\u00f3mico como la preservaci\u00f3n ambiental y los derechos sociales\u201d, se\u00f1ala la invitaci\u00f3n.<br \/>\nDurante los \u00faltimos meses, los efectos de una econom\u00eda debilitada han golpeado a la poblaci\u00f3n boliviana, evidenci\u00e1ndose en una alta inflaci\u00f3n, desabastecimiento de combustible y un incremento sostenido en el costo de vida. Estos problemas, sin embargo, no son fen\u00f3menos aislados. Est\u00e1n profundamente interconectados con la crisis energ\u00e9tica, caracterizada por la escasez de combustibles y la falta de divisas, y la crisis ambiental, que se manifiesta a trav\u00e9s de la deforestaci\u00f3n, los incendios forestales y la destrucci\u00f3n de \u00e1reas protegidas.<br \/>\nEl evento se desarrollar\u00e1 los d\u00edas 29 y 30. El foro que se realiza en el marco de la Alianza por el medio ambiente y el territorio, iniciativa apoyada por la Plataforma Medioambiental UE &#8211; Suecia, est\u00e1 dirigido a todo p\u00fablico, en especial a los sectores involucrados en la discusi\u00f3n de pol\u00edticas p\u00fablicas, econ\u00f3micas y la defensa de los recursos naturales.<\/p>\n<p>UN A\u00d1O DE INFLEXI\u00d3N<br \/>\nEl a\u00f1o 2024 est\u00e1 marcado como un punto de inflexi\u00f3n en la historia reciente del pa\u00eds. Bolivia, tras haber vivido un per\u00edodo de bonanza gracias a la renta del gas natural, ahora enfrenta un per\u00edodo de recesi\u00f3n econ\u00f3mica, cuya duraci\u00f3n es incierta. Las proyecciones indican que no se vislumbra una soluci\u00f3n a corto o mediano plazo, con un impacto directo en el poder adquisitivo de los bolivianos.<br \/>\nLa escasez de d\u00f3lares ha disparado la brecha cambiaria entre el tipo de cambio oficial y el del mercado paralelo, superando el 60%, mientras que la inflaci\u00f3n ronda entre el 30% y el 40% este a\u00f1o, afectando el costo de productos importados esenciales para la poblaci\u00f3n.<br \/>\nEl impacto de la crisis energ\u00e9tica tambi\u00e9n ha sido severo. Las largas filas en los surtidores de combustible son una imagen cotidiana, mientras las protestas sociales por el alza del costo de vida se multiplican en todo el pa\u00eds. Paralelamente, los conflictos ambientales siguen escalando en las tierras bajas, donde la deforestaci\u00f3n, los incendios y la sequ\u00eda han devastado grandes extensiones de bosque, poniendo en peligro los ecosistemas y las comunidades locales.<br \/>\nEl evento es una invitaci\u00f3n abierta a todos los sectores de la sociedad boliviana para participar en la construcci\u00f3n de propuestas que mitiguen los impactos negativos de esta crisis. Con estas acciones, la Fundaci\u00f3n Tierra reafirma su compromiso de fomentar el di\u00e1logo informado y participativo para enfrentar los retos del presente y contribuir a la creaci\u00f3n de un futuro m\u00e1s equitativo y sostenible para Bolivia.<\/p>\n","protected":false},"excerpt":{"rendered":"<p>La convergencia de la crisis econ\u00f3mica, energ\u00e9tica y ambiental ha puesto a Bolivia en una encrucijada que amenaza la estabilidad y el bienestar de la poblaci\u00f3n, generando un creciente descontento social y afectando a los sectores m\u00e1s vulnerables. En este escenario de crisis m\u00faltiple, la Fundaci\u00f3n Tierra organiza el foro \u201cTiempos inciertos: Crisis econ\u00f3mica, energ\u00e9tica [&hellip;]<\/p>\n","protected":false},"author":1,"featured_media":194726,"comment_status":"closed","ping_status":"open","sticky":false,"template":"","format":"standard","meta":{"_acf_changed":false,"footnotes":""},"categories":[12],"tags":[],"class_list":["post-256976","post","type-post","status-publish","format-standard","has-post-thumbnail","category-nacional"],"acf":{"antetitulo":""},"yoast_head":"<!-- This site is optimized with the Yoast SEO plugin v28.4 - https:\/\/yoast.com\/product\/yoast-seo-wordpress\/ -->\n<title>Foro analizar\u00e1 crisis econ\u00f3mica, energ\u00e9tica y ambiental del pa\u00eds - El Diario - Bolivia<\/title>\n<meta name=\"robots\" content=\"index, follow, max-snippet:-1, max-image-preview:large, max-video-preview:-1\" \/>\n<link rel=\"canonical\" href=\"https:\/\/www.eldiario.net\/portal\/2024\/10\/28\/foro-analizara-crisis-economica-energetica-y-ambiental-del-pais\/\" \/>\n<meta property=\"og:locale\" content=\"es_ES\" \/>\n<meta property=\"og:type\" content=\"article\" \/>\n<meta property=\"og:title\" content=\"Foro analizar\u00e1 crisis econ\u00f3mica, energ\u00e9tica y ambiental del pa\u00eds - El Diario - Bolivia\" \/>\n<meta property=\"og:description\" content=\"La convergencia de la crisis econ\u00f3mica, energ\u00e9tica y ambiental ha puesto a Bolivia en una encrucijada que amenaza la estabilidad y el bienestar de la poblaci\u00f3n, generando un creciente descontento social y afectando a los sectores m\u00e1s vulnerables. En este escenario de crisis m\u00faltiple, la Fundaci\u00f3n Tierra organiza el foro \u201cTiempos inciertos: Crisis econ\u00f3mica, energ\u00e9tica [&hellip;]\" \/>\n<meta property=\"og:url\" content=\"https:\/\/www.eldiario.net\/portal\/2024\/10\/28\/foro-analizara-crisis-economica-energetica-y-ambiental-del-pais\/\" \/>\n<meta property=\"og:site_name\" content=\"El Diario - Bolivia\" \/>\n<meta property=\"article:publisher\" content=\"https:\/\/www.facebook.com\/eldiario.bolivia\/\" \/>\n<meta property=\"article:published_time\" content=\"2024-10-28T09:43:09+00:00\" \/>\n<meta property=\"og:image\" content=\"https:\/\/www.eldiario.net\/portal\/wp-content\/uploads\/2023\/12\/Nacional.jpg\" \/>\n\t<meta property=\"og:image:width\" content=\"800\" \/>\n\t<meta property=\"og:image:height\" content=\"500\" \/>\n\t<meta property=\"og:image:type\" content=\"image\/jpeg\" \/>\n<meta name=\"author\" content=\"Jeanette\" \/>\n<meta name=\"twitter:card\" content=\"summary_large_image\" \/>\n<meta name=\"twitter:creator\" content=\"@eldiario_net\" \/>\n<meta name=\"twitter:site\" content=\"@eldiario_net\" \/>\n<meta name=\"twitter:label1\" content=\"Escrito por\" \/>\n\t<meta name=\"twitter:data1\" content=\"Jeanette\" \/>\n\t<meta name=\"twitter:label2\" content=\"Tiempo de lectura\" \/>\n\t<meta name=\"twitter:data2\" content=\"3 minutos\" \/>\n<script type=\"application\/ld+json\" class=\"yoast-schema-graph\">{\"@context\":\"https:\\\/\\\/schema.org\",\"@graph\":[{\"@type\":\"Article\",\"@id\":\"https:\\\/\\\/www.eldiario.net\\\/portal\\\/2024\\\/10\\\/28\\\/foro-analizara-crisis-economica-energetica-y-ambiental-del-pais\\\/#article\",\"isPartOf\":{\"@id\":\"https:\\\/\\\/www.eldiario.net\\\/portal\\\/2024\\\/10\\\/28\\\/foro-analizara-crisis-economica-energetica-y-ambiental-del-pais\\\/\"},\"author\":{\"name\":\"Jeanette\",\"@id\":\"https:\\\/\\\/www.eldiario.net\\\/portal\\\/#\\\/schema\\\/person\\\/2c57cf2b7a7ae032e449e4c9b1019eac\"},\"headline\":\"Foro analizar\u00e1 crisis econ\u00f3mica, energ\u00e9tica y ambiental del pa\u00eds\",\"datePublished\":\"2024-10-28T09:43:09+00:00\",\"mainEntityOfPage\":{\"@id\":\"https:\\\/\\\/www.eldiario.net\\\/portal\\\/2024\\\/10\\\/28\\\/foro-analizara-crisis-economica-energetica-y-ambiental-del-pais\\\/\"},\"wordCount\":579,\"publisher\":{\"@id\":\"https:\\\/\\\/www.eldiario.net\\\/portal\\\/#organization\"},\"image\":{\"@id\":\"https:\\\/\\\/www.eldiario.net\\\/portal\\\/2024\\\/10\\\/28\\\/foro-analizara-crisis-economica-energetica-y-ambiental-del-pais\\\/#primaryimage\"},\"thumbnailUrl\":\"https:\\\/\\\/www.eldiario.net\\\/portal\\\/wp-content\\\/uploads\\\/2023\\\/12\\\/Nacional.jpg\",\"articleSection\":[\"Nacional\"],\"inLanguage\":\"es\"},{\"@type\":\"WebPage\",\"@id\":\"https:\\\/\\\/www.eldiario.net\\\/portal\\\/2024\\\/10\\\/28\\\/foro-analizara-crisis-economica-energetica-y-ambiental-del-pais\\\/\",\"url\":\"https:\\\/\\\/www.eldiario.net\\\/portal\\\/2024\\\/10\\\/28\\\/foro-analizara-crisis-economica-energetica-y-ambiental-del-pais\\\/\",\"name\":\"Foro analizar\u00e1 crisis econ\u00f3mica, energ\u00e9tica y ambiental del pa\u00eds - El Diario - Bolivia\",\"isPartOf\":{\"@id\":\"https:\\\/\\\/www.eldiario.net\\\/portal\\\/#website\"},\"primaryImageOfPage\":{\"@id\":\"https:\\\/\\\/www.eldiario.net\\\/portal\\\/2024\\\/10\\\/28\\\/foro-analizara-crisis-economica-energetica-y-ambiental-del-pais\\\/#primaryimage\"},\"image\":{\"@id\":\"https:\\\/\\\/www.eldiario.net\\\/portal\\\/2024\\\/10\\\/28\\\/foro-analizara-crisis-economica-energetica-y-ambiental-del-pais\\\/#primaryimage\"},\"thumbnailUrl\":\"https:\\\/\\\/www.eldiario.net\\\/portal\\\/wp-content\\\/uploads\\\/2023\\\/12\\\/Nacional.jpg\",\"datePublished\":\"2024-10-28T09:43:09+00:00\",\"breadcrumb\":{\"@id\":\"https:\\\/\\\/www.eldiario.net\\\/portal\\\/2024\\\/10\\\/28\\\/foro-analizara-crisis-economica-energetica-y-ambiental-del-pais\\\/#breadcrumb\"},\"inLanguage\":\"es\",\"potentialAction\":[{\"@type\":\"ReadAction\",\"target\":[\"https:\\\/\\\/www.eldiario.net\\\/portal\\\/2024\\\/10\\\/28\\\/foro-analizara-crisis-economica-energetica-y-ambiental-del-pais\\\/\"]}]},{\"@type\":\"ImageObject\",\"inLanguage\":\"es\",\"@id\":\"https:\\\/\\\/www.eldiario.net\\\/portal\\\/2024\\\/10\\\/28\\\/foro-analizara-crisis-economica-energetica-y-ambiental-del-pais\\\/#primaryimage\",\"url\":\"https:\\\/\\\/www.eldiario.net\\\/portal\\\/wp-content\\\/uploads\\\/2023\\\/12\\\/Nacional.jpg\",\"contentUrl\":\"https:\\\/\\\/www.eldiario.net\\\/portal\\\/wp-content\\\/uploads\\\/2023\\\/12\\\/Nacional.jpg\",\"width\":800,\"height\":500},{\"@type\":\"BreadcrumbList\",\"@id\":\"https:\\\/\\\/www.eldiario.net\\\/portal\\\/2024\\\/10\\\/28\\\/foro-analizara-crisis-economica-energetica-y-ambiental-del-pais\\\/#breadcrumb\",\"itemListElement\":[{\"@type\":\"ListItem\",\"position\":1,\"name\":\"Portada\",\"item\":\"https:\\\/\\\/www.eldiario.net\\\/portal\\\/\"},{\"@type\":\"ListItem\",\"position\":2,\"name\":\"Foro analizar\u00e1 crisis econ\u00f3mica, energ\u00e9tica y ambiental del pa\u00eds\"}]},{\"@type\":\"WebSite\",\"@id\":\"https:\\\/\\\/www.eldiario.net\\\/portal\\\/#website\",\"url\":\"https:\\\/\\\/www.eldiario.net\\\/portal\\\/\",\"name\":\"El Diario - Decano de la prensa nacional\",\"description\":\"El Diario - Decano de la prensa nacional\",\"publisher\":{\"@id\":\"https:\\\/\\\/www.eldiario.net\\\/portal\\\/#organization\"},\"potentialAction\":[{\"@type\":\"SearchAction\",\"target\":{\"@type\":\"EntryPoint\",\"urlTemplate\":\"https:\\\/\\\/www.eldiario.net\\\/portal\\\/?s={search_term_string}\"},\"query-input\":{\"@type\":\"PropertyValueSpecification\",\"valueRequired\":true,\"valueName\":\"search_term_string\"}}],\"inLanguage\":\"es\"},{\"@type\":\"Organization\",\"@id\":\"https:\\\/\\\/www.eldiario.net\\\/portal\\\/#organization\",\"name\":\"El Diario - Decano de la prensa nacional\",\"url\":\"https:\\\/\\\/www.eldiario.net\\\/portal\\\/\",\"logo\":{\"@type\":\"ImageObject\",\"inLanguage\":\"es\",\"@id\":\"https:\\\/\\\/www.eldiario.net\\\/portal\\\/#\\\/schema\\\/logo\\\/image\\\/\",\"url\":\"https:\\\/\\\/www.eldiario.net\\\/portal\\\/wp-content\\\/uploads\\\/2023\\\/07\\\/logo_ED.jpg\",\"contentUrl\":\"https:\\\/\\\/www.eldiario.net\\\/portal\\\/wp-content\\\/uploads\\\/2023\\\/07\\\/logo_ED.jpg\",\"width\":272,\"height\":52,\"caption\":\"El Diario - Decano de la prensa nacional\"},\"image\":{\"@id\":\"https:\\\/\\\/www.eldiario.net\\\/portal\\\/#\\\/schema\\\/logo\\\/image\\\/\"},\"sameAs\":[\"https:\\\/\\\/www.facebook.com\\\/eldiario.bolivia\\\/\",\"https:\\\/\\\/x.com\\\/eldiario_net\"]},{\"@type\":\"Person\",\"@id\":\"https:\\\/\\\/www.eldiario.net\\\/portal\\\/#\\\/schema\\\/person\\\/2c57cf2b7a7ae032e449e4c9b1019eac\",\"name\":\"Jeanette\",\"image\":{\"@type\":\"ImageObject\",\"inLanguage\":\"es\",\"@id\":\"https:\\\/\\\/secure.gravatar.com\\\/avatar\\\/3ea2118a5f7dad2b7138b1187a6b7ee55f160b9968b66013c3a3ef39dd7e5798?s=96&d=mm&r=g\",\"url\":\"https:\\\/\\\/secure.gravatar.com\\\/avatar\\\/3ea2118a5f7dad2b7138b1187a6b7ee55f160b9968b66013c3a3ef39dd7e5798?s=96&d=mm&r=g\",\"contentUrl\":\"https:\\\/\\\/secure.gravatar.com\\\/avatar\\\/3ea2118a5f7dad2b7138b1187a6b7ee55f160b9968b66013c3a3ef39dd7e5798?s=96&d=mm&r=g\",\"caption\":\"Jeanette\"},\"sameAs\":[\"https:\\\/\\\/www.eldiario.net\\\/portal\"],\"url\":\"https:\\\/\\\/www.eldiario.net\\\/portal\\\/author\\\/jeanette\\\/\"}]}<\/script>\n<!-- \/ Yoast SEO plugin. -->","yoast_head_json":{"title":"Foro analizar\u00e1 crisis econ\u00f3mica, energ\u00e9tica y ambiental del pa\u00eds - El Diario - Bolivia","robots":{"index":"index","follow":"follow","max-snippet":"max-snippet:-1","max-image-preview":"max-image-preview:large","max-video-preview":"max-video-preview:-1"},"canonical":"https:\/\/www.eldiario.net\/portal\/2024\/10\/28\/foro-analizara-crisis-economica-energetica-y-ambiental-del-pais\/","og_locale":"es_ES","og_type":"article","og_title":"Foro analizar\u00e1 crisis econ\u00f3mica, energ\u00e9tica y ambiental del pa\u00eds - El Diario - Bolivia","og_description":"La convergencia de la crisis econ\u00f3mica, energ\u00e9tica y ambiental ha puesto a Bolivia en una encrucijada que amenaza la estabilidad y el bienestar de la poblaci\u00f3n, generando un creciente descontento social y afectando a los sectores m\u00e1s vulnerables. En este escenario de crisis m\u00faltiple, la Fundaci\u00f3n Tierra organiza el foro \u201cTiempos inciertos: Crisis econ\u00f3mica, energ\u00e9tica [&hellip;]","og_url":"https:\/\/www.eldiario.net\/portal\/2024\/10\/28\/foro-analizara-crisis-economica-energetica-y-ambiental-del-pais\/","og_site_name":"El Diario - Bolivia","article_publisher":"https:\/\/www.facebook.com\/eldiario.bolivia\/","article_published_time":"2024-10-28T09:43:09+00:00","og_image":[{"width":800,"height":500,"url":"https:\/\/www.eldiario.net\/portal\/wp-content\/uploads\/2023\/12\/Nacional.jpg","type":"image\/jpeg"}],"author":"Jeanette","twitter_card":"summary_large_image","twitter_creator":"@eldiario_net","twitter_site":"@eldiario_net","twitter_misc":{"Escrito por":"Jeanette","Tiempo de lectura":"3 minutos"},"schema":{"@context":"https:\/\/schema.org","@graph":[{"@type":"Article","@id":"https:\/\/www.eldiario.net\/portal\/2024\/10\/28\/foro-analizara-crisis-economica-energetica-y-ambiental-del-pais\/#article","isPartOf":{"@id":"https:\/\/www.eldiario.net\/portal\/2024\/10\/28\/foro-analizara-crisis-economica-energetica-y-ambiental-del-pais\/"},"author":{"name":"Jeanette","@id":"https:\/\/www.eldiario.net\/portal\/#\/schema\/person\/2c57cf2b7a7ae032e449e4c9b1019eac"},"headline":"Foro analizar\u00e1 crisis econ\u00f3mica, energ\u00e9tica y ambiental del pa\u00eds","datePublished":"2024-10-28T09:43:09+00:00","mainEntityOfPage":{"@id":"https:\/\/www.eldiario.net\/portal\/2024\/10\/28\/foro-analizara-crisis-economica-energetica-y-ambiental-del-pais\/"},"wordCount":579,"publisher":{"@id":"https:\/\/www.eldiario.net\/portal\/#organization"},"image":{"@id":"https:\/\/www.eldiario.net\/portal\/2024\/10\/28\/foro-analizara-crisis-economica-energetica-y-ambiental-del-pais\/#primaryimage"},"thumbnailUrl":"https:\/\/www.eldiario.net\/portal\/wp-content\/uploads\/2023\/12\/Nacional.jpg","articleSection":["Nacional"],"inLanguage":"es"},{"@type":"WebPage","@id":"https:\/\/www.eldiario.net\/portal\/2024\/10\/28\/foro-analizara-crisis-economica-energetica-y-ambiental-del-pais\/","url":"https:\/\/www.eldiario.net\/portal\/2024\/10\/28\/foro-analizara-crisis-economica-energetica-y-ambiental-del-pais\/","name":"Foro analizar\u00e1 crisis econ\u00f3mica, energ\u00e9tica y ambiental del pa\u00eds - El Diario - Bolivia","isPartOf":{"@id":"https:\/\/www.eldiario.net\/portal\/#website"},"primaryImageOfPage":{"@id":"https:\/\/www.eldiario.net\/portal\/2024\/10\/28\/foro-analizara-crisis-economica-energetica-y-ambiental-del-pais\/#primaryimage"},"image":{"@id":"https:\/\/www.eldiario.net\/portal\/2024\/10\/28\/foro-analizara-crisis-economica-energetica-y-ambiental-del-pais\/#primaryimage"},"thumbnailUrl":"https:\/\/www.eldiario.net\/portal\/wp-content\/uploads\/2023\/12\/Nacional.jpg","datePublished":"2024-10-28T09:43:09+00:00","breadcrumb":{"@id":"https:\/\/www.eldiario.net\/portal\/2024\/10\/28\/foro-analizara-crisis-economica-energetica-y-ambiental-del-pais\/#breadcrumb"},"inLanguage":"es","potentialAction":[{"@type":"ReadAction","target":["https:\/\/www.eldiario.net\/portal\/2024\/10\/28\/foro-analizara-crisis-economica-energetica-y-ambiental-del-pais\/"]}]},{"@type":"ImageObject","inLanguage":"es","@id":"https:\/\/www.eldiario.net\/portal\/2024\/10\/28\/foro-analizara-crisis-economica-energetica-y-ambiental-del-pais\/#primaryimage","url":"https:\/\/www.eldiario.net\/portal\/wp-content\/uploads\/2023\/12\/Nacional.jpg","contentUrl":"https:\/\/www.eldiario.net\/portal\/wp-content\/uploads\/2023\/12\/Nacional.jpg","width":800,"height":500},{"@type":"BreadcrumbList","@id":"https:\/\/www.eldiario.net\/portal\/2024\/10\/28\/foro-analizara-crisis-economica-energetica-y-ambiental-del-pais\/#breadcrumb","itemListElement":[{"@type":"ListItem","position":1,"name":"Portada","item":"https:\/\/www.eldiario.net\/portal\/"},{"@type":"ListItem","position":2,"name":"Foro analizar\u00e1 crisis econ\u00f3mica, energ\u00e9tica y ambiental del pa\u00eds"}]},{"@type":"WebSite","@id":"https:\/\/www.eldiario.net\/portal\/#website","url":"https:\/\/www.eldiario.net\/portal\/","name":"El Diario - Decano de la prensa nacional","description":"El Diario - Decano de la prensa nacional","publisher":{"@id":"https:\/\/www.eldiario.net\/portal\/#organization"},"potentialAction":[{"@type":"SearchAction","target":{"@type":"EntryPoint","urlTemplate":"https:\/\/www.eldiario.net\/portal\/?s={search_term_string}"},"query-input":{"@type":"PropertyValueSpecification","valueRequired":true,"valueName":"search_term_string"}}],"inLanguage":"es"},{"@type":"Organization","@id":"https:\/\/www.eldiario.net\/portal\/#organization","name":"El Diario - Decano de la prensa nacional","url":"https:\/\/www.eldiario.net\/portal\/","logo":{"@type":"ImageObject","inLanguage":"es","@id":"https:\/\/www.eldiario.net\/portal\/#\/schema\/logo\/image\/","url":"https:\/\/www.eldiario.net\/portal\/wp-content\/uploads\/2023\/07\/logo_ED.jpg","contentUrl":"https:\/\/www.eldiario.net\/portal\/wp-content\/uploads\/2023\/07\/logo_ED.jpg","width":272,"height":52,"caption":"El Diario - Decano de la prensa nacional"},"image":{"@id":"https:\/\/www.eldiario.net\/portal\/#\/schema\/logo\/image\/"},"sameAs":["https:\/\/www.facebook.com\/eldiario.bolivia\/","https:\/\/x.com\/eldiario_net"]},{"@type":"Person","@id":"https:\/\/www.eldiario.net\/portal\/#\/schema\/person\/2c57cf2b7a7ae032e449e4c9b1019eac","name":"Jeanette","image":{"@type":"ImageObject","inLanguage":"es","@id":"https:\/\/secure.gravatar.com\/avatar\/3ea2118a5f7dad2b7138b1187a6b7ee55f160b9968b66013c3a3ef39dd7e5798?s=96&d=mm&r=g","url":"https:\/\/secure.gravatar.com\/avatar\/3ea2118a5f7dad2b7138b1187a6b7ee55f160b9968b66013c3a3ef39dd7e5798?s=96&d=mm&r=g","contentUrl":"https:\/\/secure.gravatar.com\/avatar\/3ea2118a5f7dad2b7138b1187a6b7ee55f160b9968b66013c3a3ef39dd7e5798?s=96&d=mm&r=g","caption":"Jeanette"},"sameAs":["https:\/\/www.eldiario.net\/portal"],"url":"https:\/\/www.eldiario.net\/portal\/author\/jeanette\/"}]}},"_links":{"self":[{"href":"https:\/\/www.eldiario.net\/portal\/wp-json\/wp\/v2\/posts\/256976","targetHints":{"allow":["GET"]}}],"collection":[{"href":"https:\/\/www.eldiario.net\/portal\/wp-json\/wp\/v2\/posts"}],"about":[{"href":"https:\/\/www.eldiario.net\/portal\/wp-json\/wp\/v2\/types\/post"}],"author":[{"embeddable":true,"href":"https:\/\/www.eldiario.net\/portal\/wp-json\/wp\/v2\/users\/1"}],"replies":[{"embeddable":true,"href":"https:\/\/www.eldiario.net\/portal\/wp-json\/wp\/v2\/comments?post=256976"}],"version-history":[{"count":1,"href":"https:\/\/www.eldiario.net\/portal\/wp-json\/wp\/v2\/posts\/256976\/revisions"}],"predecessor-version":[{"id":256977,"href":"https:\/\/www.eldiario.net\/portal\/wp-json\/wp\/v2\/posts\/256976\/revisions\/256977"}],"wp:featuredmedia":[{"embeddable":true,"href":"https:\/\/www.eldiario.net\/portal\/wp-json\/wp\/v2\/media\/194726"}],"wp:attachment":[{"href":"https:\/\/www.eldiario.net\/portal\/wp-json\/wp\/v2\/media?parent=256976"}],"wp:term":[{"taxonomy":"category","embeddable":true,"href":"https:\/\/www.eldiario.net\/portal\/wp-json\/wp\/v2\/categories?post=256976"},{"taxonomy":"post_tag","embeddable":true,"href":"https:\/\/www.eldiario.net\/portal\/wp-json\/wp\/v2\/tags?post=256976"}],"curies":[{"name":"wp","href":"https:\/\/api.w.org\/{rel}","templated":true}]}}