{"id":256686,"date":"2024-10-27T06:44:04","date_gmt":"2024-10-27T10:44:04","guid":{"rendered":"https:\/\/www.eldiario.net\/portal\/?p=256686"},"modified":"2024-10-27T06:44:04","modified_gmt":"2024-10-27T10:44:04","slug":"73-millones-de-ciudadanos-habilitados-para-judiciales","status":"publish","type":"post","link":"https:\/\/www.eldiario.net\/portal\/2024\/10\/27\/73-millones-de-ciudadanos-habilitados-para-judiciales\/","title":{"rendered":"7,3 millones de ciudadanos  habilitados para judiciales"},"content":{"rendered":"<p class=\"v1MsoNormal\">Tras la entrega de la base de datos final del Padr\u00f3n Electoral Biom\u00e9trico, por parte del Servicio de Registro C\u00edvico (Serec\u00ed), se estableci\u00f3 que un total de 7.333.933 ciudadanos est\u00e1n habilitados para ejercer su derecho al voto el pr\u00f3ximo 1 de diciembre, en el marco de las elecciones para autoridades del \u00d3rgano Judicial y del Tribunal Constitucional Plurinacional (TCP).<\/p>\n<p class=\"v1MsoNormal\">Con la entrega de estos a la Direcci\u00f3n Nacional de Tecnolog\u00edas de la Informaci\u00f3n y Comunicaci\u00f3n, se dio cumplimiento a la actividad n\u00famero 23 del presente calendario electoral, oficializando que el Padr\u00f3n Electoral qued\u00f3 conformado por un total de 8.441.117 ciudadanos.<\/p>\n<p class=\"v1MsoNormal\">De la cifra final, 7.333.933 ciudadanos est\u00e1n habilitados para participar de las pr\u00f3ximas elecciones, en tanto que, 392.806 quedaron inhabilitados, 703.752 depurados y 10.626 no habilitados.<\/p>\n<p class=\"v1MsoNormal\">A nivel departamental, la relaci\u00f3n de ciudadanos habilitados es la siguiente: Chuquisaca, 377.152; La Paz, 1.978.121; Cochabamba, 1.410.308; Oruro, 354.897; Potos\u00ed, 468.598; Tarija, 386.275; Santa Cruz, 1.991.124; Beni, 289.879 y Pando 77.579.<\/p>\n<p class=\"v1MsoNormal\">La consolidaci\u00f3n definitiva del Padr\u00f3n Electoral se llev\u00f3 a cabo luego de que los ciudadanos inicialmente inhabilitados tuvieron la oportunidad de presentar los descargos pertinentes, conforme la normativa electoral, durante los d\u00edas 14 y 15 de octubre.<\/p>\n<p class=\"v1MsoNormal\">La cantidad de inhabilitados est\u00e1 fundamentalmente compuesta por ciudadanos que no emitieron su voto en los dos \u00faltimos procesos electorales, de manera continua, o no cumplieron con el deber de ser jurados electorales en las \u00faltimas elecciones.<\/p>\n<p class=\"v1MsoNormal\">Con el Padr\u00f3n Electoral consolidado se efectuar\u00e1 el sorteo de jurados electorales en todo el pa\u00eds este 1 de noviembre, actividad programada en el calendario electoral.<\/p>\n<p class=\"v1MsoNormal\">\n","protected":false},"excerpt":{"rendered":"<p>Tras la entrega de la base de datos final del Padr\u00f3n Electoral Biom\u00e9trico, por parte del Servicio de Registro C\u00edvico (Serec\u00ed), se estableci\u00f3 que un total de 7.333.933 ciudadanos est\u00e1n habilitados para ejercer su derecho al voto el pr\u00f3ximo 1 de diciembre, en el marco de las elecciones para autoridades del \u00d3rgano Judicial y del [&hellip;]<\/p>\n","protected":false},"author":1,"featured_media":256687,"comment_status":"closed","ping_status":"open","sticky":false,"template":"","format":"standard","meta":{"_acf_changed":false,"footnotes":""},"categories":[15],"tags":[],"class_list":["post-256686","post","type-post","status-publish","format-standard","has-post-thumbnail","category-portada"],"acf":{"antetitulo":"Padr\u00f3n Electoral Biom\u00e9trico"},"yoast_head":"<!-- This site is optimized with the Yoast SEO plugin v28.3 - https:\/\/yoast.com\/product\/yoast-seo-wordpress\/ -->\n<title>7,3 millones de ciudadanos habilitados para judiciales - El Diario - Bolivia<\/title>\n<meta name=\"robots\" content=\"index, follow, max-snippet:-1, max-image-preview:large, max-video-preview:-1\" \/>\n<link rel=\"canonical\" href=\"https:\/\/www.eldiario.net\/portal\/2024\/10\/27\/73-millones-de-ciudadanos-habilitados-para-judiciales\/\" \/>\n<meta property=\"og:locale\" content=\"es_ES\" \/>\n<meta property=\"og:type\" content=\"article\" \/>\n<meta property=\"og:title\" content=\"7,3 millones de ciudadanos habilitados para judiciales - El Diario - Bolivia\" \/>\n<meta property=\"og:description\" content=\"Tras la entrega de la base de datos final del Padr\u00f3n Electoral Biom\u00e9trico, por parte del Servicio de Registro C\u00edvico (Serec\u00ed), se estableci\u00f3 que un total de 7.333.933 ciudadanos est\u00e1n habilitados para ejercer su derecho al voto el pr\u00f3ximo 1 de diciembre, en el marco de las elecciones para autoridades del \u00d3rgano Judicial y del [&hellip;]\" \/>\n<meta property=\"og:url\" content=\"https:\/\/www.eldiario.net\/portal\/2024\/10\/27\/73-millones-de-ciudadanos-habilitados-para-judiciales\/\" \/>\n<meta property=\"og:site_name\" content=\"El Diario - Bolivia\" \/>\n<meta property=\"article:publisher\" content=\"https:\/\/www.facebook.com\/eldiario.bolivia\/\" \/>\n<meta property=\"article:published_time\" content=\"2024-10-27T10:44:04+00:00\" \/>\n<meta property=\"og:image\" content=\"https:\/\/www.eldiario.net\/portal\/wp-content\/uploads\/2024\/10\/P-2-10-cm-x-7-3.jpeg\" \/>\n\t<meta property=\"og:image:width\" content=\"760\" \/>\n\t<meta property=\"og:image:height\" content=\"472\" \/>\n\t<meta property=\"og:image:type\" content=\"image\/jpeg\" \/>\n<meta name=\"author\" content=\"Jeanette\" \/>\n<meta name=\"twitter:card\" content=\"summary_large_image\" \/>\n<meta name=\"twitter:creator\" content=\"@eldiario_net\" \/>\n<meta name=\"twitter:site\" content=\"@eldiario_net\" \/>\n<meta name=\"twitter:label1\" content=\"Escrito por\" \/>\n\t<meta name=\"twitter:data1\" content=\"Jeanette\" \/>\n\t<meta name=\"twitter:label2\" content=\"Tiempo de lectura\" \/>\n\t<meta name=\"twitter:data2\" content=\"2 minutos\" \/>\n<script type=\"application\/ld+json\" class=\"yoast-schema-graph\">{\"@context\":\"https:\\\/\\\/schema.org\",\"@graph\":[{\"@type\":\"Article\",\"@id\":\"https:\\\/\\\/www.eldiario.net\\\/portal\\\/2024\\\/10\\\/27\\\/73-millones-de-ciudadanos-habilitados-para-judiciales\\\/#article\",\"isPartOf\":{\"@id\":\"https:\\\/\\\/www.eldiario.net\\\/portal\\\/2024\\\/10\\\/27\\\/73-millones-de-ciudadanos-habilitados-para-judiciales\\\/\"},\"author\":{\"name\":\"Jeanette\",\"@id\":\"https:\\\/\\\/www.eldiario.net\\\/portal\\\/#\\\/schema\\\/person\\\/f46445640444750d7d753ccd04ae01b7\"},\"headline\":\"7,3 millones de ciudadanos habilitados para judiciales\",\"datePublished\":\"2024-10-27T10:44:04+00:00\",\"mainEntityOfPage\":{\"@id\":\"https:\\\/\\\/www.eldiario.net\\\/portal\\\/2024\\\/10\\\/27\\\/73-millones-de-ciudadanos-habilitados-para-judiciales\\\/\"},\"wordCount\":263,\"publisher\":{\"@id\":\"https:\\\/\\\/www.eldiario.net\\\/portal\\\/#organization\"},\"image\":{\"@id\":\"https:\\\/\\\/www.eldiario.net\\\/portal\\\/2024\\\/10\\\/27\\\/73-millones-de-ciudadanos-habilitados-para-judiciales\\\/#primaryimage\"},\"thumbnailUrl\":\"https:\\\/\\\/www.eldiario.net\\\/portal\\\/wp-content\\\/uploads\\\/2024\\\/10\\\/P-2-10-cm-x-7-3.jpeg\",\"articleSection\":[\"Portada\"],\"inLanguage\":\"es\"},{\"@type\":\"WebPage\",\"@id\":\"https:\\\/\\\/www.eldiario.net\\\/portal\\\/2024\\\/10\\\/27\\\/73-millones-de-ciudadanos-habilitados-para-judiciales\\\/\",\"url\":\"https:\\\/\\\/www.eldiario.net\\\/portal\\\/2024\\\/10\\\/27\\\/73-millones-de-ciudadanos-habilitados-para-judiciales\\\/\",\"name\":\"7,3 millones de ciudadanos habilitados para judiciales - El Diario - Bolivia\",\"isPartOf\":{\"@id\":\"https:\\\/\\\/www.eldiario.net\\\/portal\\\/#website\"},\"primaryImageOfPage\":{\"@id\":\"https:\\\/\\\/www.eldiario.net\\\/portal\\\/2024\\\/10\\\/27\\\/73-millones-de-ciudadanos-habilitados-para-judiciales\\\/#primaryimage\"},\"image\":{\"@id\":\"https:\\\/\\\/www.eldiario.net\\\/portal\\\/2024\\\/10\\\/27\\\/73-millones-de-ciudadanos-habilitados-para-judiciales\\\/#primaryimage\"},\"thumbnailUrl\":\"https:\\\/\\\/www.eldiario.net\\\/portal\\\/wp-content\\\/uploads\\\/2024\\\/10\\\/P-2-10-cm-x-7-3.jpeg\",\"datePublished\":\"2024-10-27T10:44:04+00:00\",\"breadcrumb\":{\"@id\":\"https:\\\/\\\/www.eldiario.net\\\/portal\\\/2024\\\/10\\\/27\\\/73-millones-de-ciudadanos-habilitados-para-judiciales\\\/#breadcrumb\"},\"inLanguage\":\"es\",\"potentialAction\":[{\"@type\":\"ReadAction\",\"target\":[\"https:\\\/\\\/www.eldiario.net\\\/portal\\\/2024\\\/10\\\/27\\\/73-millones-de-ciudadanos-habilitados-para-judiciales\\\/\"]}]},{\"@type\":\"ImageObject\",\"inLanguage\":\"es\",\"@id\":\"https:\\\/\\\/www.eldiario.net\\\/portal\\\/2024\\\/10\\\/27\\\/73-millones-de-ciudadanos-habilitados-para-judiciales\\\/#primaryimage\",\"url\":\"https:\\\/\\\/www.eldiario.net\\\/portal\\\/wp-content\\\/uploads\\\/2024\\\/10\\\/P-2-10-cm-x-7-3.jpeg\",\"contentUrl\":\"https:\\\/\\\/www.eldiario.net\\\/portal\\\/wp-content\\\/uploads\\\/2024\\\/10\\\/P-2-10-cm-x-7-3.jpeg\",\"width\":760,\"height\":472,\"caption\":\"Ciudadanos acudir\u00e1n a las urnas para elegir a autoridades judiciales.\"},{\"@type\":\"BreadcrumbList\",\"@id\":\"https:\\\/\\\/www.eldiario.net\\\/portal\\\/2024\\\/10\\\/27\\\/73-millones-de-ciudadanos-habilitados-para-judiciales\\\/#breadcrumb\",\"itemListElement\":[{\"@type\":\"ListItem\",\"position\":1,\"name\":\"Portada\",\"item\":\"https:\\\/\\\/www.eldiario.net\\\/portal\\\/\"},{\"@type\":\"ListItem\",\"position\":2,\"name\":\"7,3 millones de ciudadanos habilitados para judiciales\"}]},{\"@type\":\"WebSite\",\"@id\":\"https:\\\/\\\/www.eldiario.net\\\/portal\\\/#website\",\"url\":\"https:\\\/\\\/www.eldiario.net\\\/portal\\\/\",\"name\":\"El Diario - Decano de la prensa nacional\",\"description\":\"El Diario - Decano de la prensa nacional\",\"publisher\":{\"@id\":\"https:\\\/\\\/www.eldiario.net\\\/portal\\\/#organization\"},\"potentialAction\":[{\"@type\":\"SearchAction\",\"target\":{\"@type\":\"EntryPoint\",\"urlTemplate\":\"https:\\\/\\\/www.eldiario.net\\\/portal\\\/?s={search_term_string}\"},\"query-input\":{\"@type\":\"PropertyValueSpecification\",\"valueRequired\":true,\"valueName\":\"search_term_string\"}}],\"inLanguage\":\"es\"},{\"@type\":\"Organization\",\"@id\":\"https:\\\/\\\/www.eldiario.net\\\/portal\\\/#organization\",\"name\":\"El Diario - Decano de la prensa nacional\",\"url\":\"https:\\\/\\\/www.eldiario.net\\\/portal\\\/\",\"logo\":{\"@type\":\"ImageObject\",\"inLanguage\":\"es\",\"@id\":\"https:\\\/\\\/www.eldiario.net\\\/portal\\\/#\\\/schema\\\/logo\\\/image\\\/\",\"url\":\"https:\\\/\\\/www.eldiario.net\\\/portal\\\/wp-content\\\/uploads\\\/2023\\\/07\\\/logo_ED.jpg\",\"contentUrl\":\"https:\\\/\\\/www.eldiario.net\\\/portal\\\/wp-content\\\/uploads\\\/2023\\\/07\\\/logo_ED.jpg\",\"width\":272,\"height\":52,\"caption\":\"El Diario - Decano de la prensa nacional\"},\"image\":{\"@id\":\"https:\\\/\\\/www.eldiario.net\\\/portal\\\/#\\\/schema\\\/logo\\\/image\\\/\"},\"sameAs\":[\"https:\\\/\\\/www.facebook.com\\\/eldiario.bolivia\\\/\",\"https:\\\/\\\/x.com\\\/eldiario_net\"]},{\"@type\":\"Person\",\"@id\":\"https:\\\/\\\/www.eldiario.net\\\/portal\\\/#\\\/schema\\\/person\\\/f46445640444750d7d753ccd04ae01b7\",\"name\":\"Jeanette\",\"image\":{\"@type\":\"ImageObject\",\"inLanguage\":\"es\",\"@id\":\"https:\\\/\\\/secure.gravatar.com\\\/avatar\\\/3ea2118a5f7dad2b7138b1187a6b7ee55f160b9968b66013c3a3ef39dd7e5798?s=96&d=mm&r=g\",\"url\":\"https:\\\/\\\/secure.gravatar.com\\\/avatar\\\/3ea2118a5f7dad2b7138b1187a6b7ee55f160b9968b66013c3a3ef39dd7e5798?s=96&d=mm&r=g\",\"contentUrl\":\"https:\\\/\\\/secure.gravatar.com\\\/avatar\\\/3ea2118a5f7dad2b7138b1187a6b7ee55f160b9968b66013c3a3ef39dd7e5798?s=96&d=mm&r=g\",\"caption\":\"Jeanette\"},\"sameAs\":[\"https:\\\/\\\/www.eldiario.net\\\/portal\"],\"url\":\"https:\\\/\\\/www.eldiario.net\\\/portal\\\/author\\\/jeanette\\\/\"}]}<\/script>\n<!-- \/ Yoast SEO plugin. -->","yoast_head_json":{"title":"7,3 millones de ciudadanos habilitados para judiciales - El Diario - Bolivia","robots":{"index":"index","follow":"follow","max-snippet":"max-snippet:-1","max-image-preview":"max-image-preview:large","max-video-preview":"max-video-preview:-1"},"canonical":"https:\/\/www.eldiario.net\/portal\/2024\/10\/27\/73-millones-de-ciudadanos-habilitados-para-judiciales\/","og_locale":"es_ES","og_type":"article","og_title":"7,3 millones de ciudadanos habilitados para judiciales - El Diario - Bolivia","og_description":"Tras la entrega de la base de datos final del Padr\u00f3n Electoral Biom\u00e9trico, por parte del Servicio de Registro C\u00edvico (Serec\u00ed), se estableci\u00f3 que un total de 7.333.933 ciudadanos est\u00e1n habilitados para ejercer su derecho al voto el pr\u00f3ximo 1 de diciembre, en el marco de las elecciones para autoridades del \u00d3rgano Judicial y del [&hellip;]","og_url":"https:\/\/www.eldiario.net\/portal\/2024\/10\/27\/73-millones-de-ciudadanos-habilitados-para-judiciales\/","og_site_name":"El Diario - Bolivia","article_publisher":"https:\/\/www.facebook.com\/eldiario.bolivia\/","article_published_time":"2024-10-27T10:44:04+00:00","og_image":[{"width":760,"height":472,"url":"https:\/\/www.eldiario.net\/portal\/wp-content\/uploads\/2024\/10\/P-2-10-cm-x-7-3.jpeg","type":"image\/jpeg"}],"author":"Jeanette","twitter_card":"summary_large_image","twitter_creator":"@eldiario_net","twitter_site":"@eldiario_net","twitter_misc":{"Escrito por":"Jeanette","Tiempo de lectura":"2 minutos"},"schema":{"@context":"https:\/\/schema.org","@graph":[{"@type":"Article","@id":"https:\/\/www.eldiario.net\/portal\/2024\/10\/27\/73-millones-de-ciudadanos-habilitados-para-judiciales\/#article","isPartOf":{"@id":"https:\/\/www.eldiario.net\/portal\/2024\/10\/27\/73-millones-de-ciudadanos-habilitados-para-judiciales\/"},"author":{"name":"Jeanette","@id":"https:\/\/www.eldiario.net\/portal\/#\/schema\/person\/f46445640444750d7d753ccd04ae01b7"},"headline":"7,3 millones de ciudadanos habilitados para judiciales","datePublished":"2024-10-27T10:44:04+00:00","mainEntityOfPage":{"@id":"https:\/\/www.eldiario.net\/portal\/2024\/10\/27\/73-millones-de-ciudadanos-habilitados-para-judiciales\/"},"wordCount":263,"publisher":{"@id":"https:\/\/www.eldiario.net\/portal\/#organization"},"image":{"@id":"https:\/\/www.eldiario.net\/portal\/2024\/10\/27\/73-millones-de-ciudadanos-habilitados-para-judiciales\/#primaryimage"},"thumbnailUrl":"https:\/\/www.eldiario.net\/portal\/wp-content\/uploads\/2024\/10\/P-2-10-cm-x-7-3.jpeg","articleSection":["Portada"],"inLanguage":"es"},{"@type":"WebPage","@id":"https:\/\/www.eldiario.net\/portal\/2024\/10\/27\/73-millones-de-ciudadanos-habilitados-para-judiciales\/","url":"https:\/\/www.eldiario.net\/portal\/2024\/10\/27\/73-millones-de-ciudadanos-habilitados-para-judiciales\/","name":"7,3 millones de ciudadanos habilitados para judiciales - El Diario - Bolivia","isPartOf":{"@id":"https:\/\/www.eldiario.net\/portal\/#website"},"primaryImageOfPage":{"@id":"https:\/\/www.eldiario.net\/portal\/2024\/10\/27\/73-millones-de-ciudadanos-habilitados-para-judiciales\/#primaryimage"},"image":{"@id":"https:\/\/www.eldiario.net\/portal\/2024\/10\/27\/73-millones-de-ciudadanos-habilitados-para-judiciales\/#primaryimage"},"thumbnailUrl":"https:\/\/www.eldiario.net\/portal\/wp-content\/uploads\/2024\/10\/P-2-10-cm-x-7-3.jpeg","datePublished":"2024-10-27T10:44:04+00:00","breadcrumb":{"@id":"https:\/\/www.eldiario.net\/portal\/2024\/10\/27\/73-millones-de-ciudadanos-habilitados-para-judiciales\/#breadcrumb"},"inLanguage":"es","potentialAction":[{"@type":"ReadAction","target":["https:\/\/www.eldiario.net\/portal\/2024\/10\/27\/73-millones-de-ciudadanos-habilitados-para-judiciales\/"]}]},{"@type":"ImageObject","inLanguage":"es","@id":"https:\/\/www.eldiario.net\/portal\/2024\/10\/27\/73-millones-de-ciudadanos-habilitados-para-judiciales\/#primaryimage","url":"https:\/\/www.eldiario.net\/portal\/wp-content\/uploads\/2024\/10\/P-2-10-cm-x-7-3.jpeg","contentUrl":"https:\/\/www.eldiario.net\/portal\/wp-content\/uploads\/2024\/10\/P-2-10-cm-x-7-3.jpeg","width":760,"height":472,"caption":"Ciudadanos acudir\u00e1n a las urnas para elegir a autoridades judiciales."},{"@type":"BreadcrumbList","@id":"https:\/\/www.eldiario.net\/portal\/2024\/10\/27\/73-millones-de-ciudadanos-habilitados-para-judiciales\/#breadcrumb","itemListElement":[{"@type":"ListItem","position":1,"name":"Portada","item":"https:\/\/www.eldiario.net\/portal\/"},{"@type":"ListItem","position":2,"name":"7,3 millones de ciudadanos habilitados para judiciales"}]},{"@type":"WebSite","@id":"https:\/\/www.eldiario.net\/portal\/#website","url":"https:\/\/www.eldiario.net\/portal\/","name":"El Diario - Decano de la prensa nacional","description":"El Diario - Decano de la prensa nacional","publisher":{"@id":"https:\/\/www.eldiario.net\/portal\/#organization"},"potentialAction":[{"@type":"SearchAction","target":{"@type":"EntryPoint","urlTemplate":"https:\/\/www.eldiario.net\/portal\/?s={search_term_string}"},"query-input":{"@type":"PropertyValueSpecification","valueRequired":true,"valueName":"search_term_string"}}],"inLanguage":"es"},{"@type":"Organization","@id":"https:\/\/www.eldiario.net\/portal\/#organization","name":"El Diario - Decano de la prensa nacional","url":"https:\/\/www.eldiario.net\/portal\/","logo":{"@type":"ImageObject","inLanguage":"es","@id":"https:\/\/www.eldiario.net\/portal\/#\/schema\/logo\/image\/","url":"https:\/\/www.eldiario.net\/portal\/wp-content\/uploads\/2023\/07\/logo_ED.jpg","contentUrl":"https:\/\/www.eldiario.net\/portal\/wp-content\/uploads\/2023\/07\/logo_ED.jpg","width":272,"height":52,"caption":"El Diario - Decano de la prensa nacional"},"image":{"@id":"https:\/\/www.eldiario.net\/portal\/#\/schema\/logo\/image\/"},"sameAs":["https:\/\/www.facebook.com\/eldiario.bolivia\/","https:\/\/x.com\/eldiario_net"]},{"@type":"Person","@id":"https:\/\/www.eldiario.net\/portal\/#\/schema\/person\/f46445640444750d7d753ccd04ae01b7","name":"Jeanette","image":{"@type":"ImageObject","inLanguage":"es","@id":"https:\/\/secure.gravatar.com\/avatar\/3ea2118a5f7dad2b7138b1187a6b7ee55f160b9968b66013c3a3ef39dd7e5798?s=96&d=mm&r=g","url":"https:\/\/secure.gravatar.com\/avatar\/3ea2118a5f7dad2b7138b1187a6b7ee55f160b9968b66013c3a3ef39dd7e5798?s=96&d=mm&r=g","contentUrl":"https:\/\/secure.gravatar.com\/avatar\/3ea2118a5f7dad2b7138b1187a6b7ee55f160b9968b66013c3a3ef39dd7e5798?s=96&d=mm&r=g","caption":"Jeanette"},"sameAs":["https:\/\/www.eldiario.net\/portal"],"url":"https:\/\/www.eldiario.net\/portal\/author\/jeanette\/"}]}},"_links":{"self":[{"href":"https:\/\/www.eldiario.net\/portal\/wp-json\/wp\/v2\/posts\/256686","targetHints":{"allow":["GET"]}}],"collection":[{"href":"https:\/\/www.eldiario.net\/portal\/wp-json\/wp\/v2\/posts"}],"about":[{"href":"https:\/\/www.eldiario.net\/portal\/wp-json\/wp\/v2\/types\/post"}],"author":[{"embeddable":true,"href":"https:\/\/www.eldiario.net\/portal\/wp-json\/wp\/v2\/users\/1"}],"replies":[{"embeddable":true,"href":"https:\/\/www.eldiario.net\/portal\/wp-json\/wp\/v2\/comments?post=256686"}],"version-history":[{"count":1,"href":"https:\/\/www.eldiario.net\/portal\/wp-json\/wp\/v2\/posts\/256686\/revisions"}],"predecessor-version":[{"id":256688,"href":"https:\/\/www.eldiario.net\/portal\/wp-json\/wp\/v2\/posts\/256686\/revisions\/256688"}],"wp:featuredmedia":[{"embeddable":true,"href":"https:\/\/www.eldiario.net\/portal\/wp-json\/wp\/v2\/media\/256687"}],"wp:attachment":[{"href":"https:\/\/www.eldiario.net\/portal\/wp-json\/wp\/v2\/media?parent=256686"}],"wp:term":[{"taxonomy":"category","embeddable":true,"href":"https:\/\/www.eldiario.net\/portal\/wp-json\/wp\/v2\/categories?post=256686"},{"taxonomy":"post_tag","embeddable":true,"href":"https:\/\/www.eldiario.net\/portal\/wp-json\/wp\/v2\/tags?post=256686"}],"curies":[{"name":"wp","href":"https:\/\/api.w.org\/{rel}","templated":true}]}}