{"id":256683,"date":"2024-10-27T06:43:09","date_gmt":"2024-10-27T10:43:09","guid":{"rendered":"https:\/\/www.eldiario.net\/portal\/?p=256683"},"modified":"2024-10-27T06:43:09","modified_gmt":"2024-10-27T10:43:09","slug":"arce-cambia-alto-mando-militar-por-segunda-vez-en-cuatro-meses","status":"publish","type":"post","link":"https:\/\/www.eldiario.net\/portal\/2024\/10\/27\/arce-cambia-alto-mando-militar-por-segunda-vez-en-cuatro-meses\/","title":{"rendered":"Arce cambia Alto Mando Militar  por segunda vez en cuatro meses"},"content":{"rendered":"<p class=\"v1MsoNormal\">En medio de conflictos registrados en el Tr\u00f3pico de Cochabamba entre afines a Evo Morales y la Polic\u00eda, el presidente Luis Arce procedi\u00f3 anoche al cambio del Alto Mando Militar por segunda vez en cuatro meses.<\/p>\n<p class=\"v1MsoNormal\">Cinco jefes militares interinos fueron posesionados en la Casa Grande del Pueblo.\u00a0El nuevo comandante general interino de las Fuerzas Armadas es el general de divisi\u00f3n a\u00e9rea Gerardo Zabala \u00c1lvarez Rodr\u00edguez.<\/p>\n<p class=\"v1MsoNormal\">El mandatario hizo un llamado a la instituci\u00f3n castrense a defender la democracia, refiri\u00e9ndose a los bloqueos de caminos que realizan, desde hace 13 d\u00edas, grupos radicales del MAS. Adem\u00e1s, pidi\u00f3 garantizar la seguridad del Estado.<\/p>\n<p class=\"v1MsoNormal\">\u00abEsta situaci\u00f3n genera una grave conflictividad en el pa\u00eds, afectando a la gran mayor\u00eda de todos los habitantes de Bolivia. Lo m\u00e1s alarmante es que en estos bloqueos se han verificado gente portando armamento b\u00e9lico, que pone en graves riesgos la vida y la seguridad de las personas, lo que obliga constitucionalmente al Gobierno de las instituciones a garantizar la seguridad del Estado y el orden p\u00fablico\u00bb, manifest\u00f3<\/p>\n<p class=\"v1MsoNormal\">Asimismo, el presidente resalt\u00f3 el rol democr\u00e1tico de las Fuerzas Armadas y les record\u00f3 que \u00aben la coyuntura actual\u00bb la sociedad demanda de \u00abmanera imperativa\u00bb ejecutar acciones inmediatas para preservar la seguridad del Estado y de los ciudadanos y el restablecimiento del orden p\u00fablico.<\/p>\n<p class=\"v1MsoNormal\">Por otro lado, el flamante Comandante General de las Fuerzas Armadas interino agradeci\u00f3 a Arce por la confianza en el nuevo Alto Mando Militar y expres\u00f3 que el cargo que desempe\u00f1ar\u00e1 es un honor e implica una profunda responsabilidad.<\/p>\n<p class=\"v1MsoNormal\">\u00abNos comprometemos a desempe\u00f1arnos con lealtad, entrega, patriotismo y sacrificio. Hoy ante todos ustedes, ante la historia y ante el pueblo boliviano, reafirmamos nuestro compromiso de servir a nuestra Patria con honor y abnegaci\u00f3n\u00bb, manifest\u00f3.<\/p>\n<p class=\"v1MsoNormal\">\n<p class=\"v1MsoNormal\">NUEVAS AUTORIDADES<\/p>\n<p class=\"v1MsoNormal\">Comandante en jefe interino de las Fuerzas Armadas, general de Divisi\u00f3n A\u00e9rea Gerardo Zabala \u00c1lvarez.<\/p>\n<p class=\"v1MsoNormal\">Jefe del Estado Mayor interino del Comando en Jefe de las Fuerzas Armadas, general de Divisi\u00f3n Jos\u00e9 Wilson S\u00e1nchez Vel\u00e1squez.<\/p>\n<p class=\"v1MsoNormal\">Comandante general interino del Ej\u00e9rcito de Bolivia, general de Brigada Eduardo Rodrigo Aguilar Quiroga.<\/p>\n<p class=\"v1MsoNormal\">Comandante general interino de la Fuerza A\u00e9rea Boliviana, general de Brigada A\u00e9rea Juan Jes\u00fas Ballester Aguirre.<\/p>\n<p class=\"v1MsoNormal\">Comandante general interino de la Armada Boliviana, contraalmirante Oscar Jaime Vaca Molina.<\/p>\n<p class=\"v1MsoNormal\">\n","protected":false},"excerpt":{"rendered":"<p>En medio de conflictos registrados en el Tr\u00f3pico de Cochabamba entre afines a Evo Morales y la Polic\u00eda, el presidente Luis Arce procedi\u00f3 anoche al cambio del Alto Mando Militar por segunda vez en cuatro meses. Cinco jefes militares interinos fueron posesionados en la Casa Grande del Pueblo.\u00a0El nuevo comandante general interino de las Fuerzas [&hellip;]<\/p>\n","protected":false},"author":1,"featured_media":256684,"comment_status":"closed","ping_status":"open","sticky":false,"template":"","format":"standard","meta":{"_acf_changed":false,"footnotes":""},"categories":[15],"tags":[],"class_list":["post-256683","post","type-post","status-publish","format-standard","has-post-thumbnail","category-portada"],"acf":{"antetitulo":"En medio de conflictos en Cochabamba"},"yoast_head":"<!-- This site is optimized with the Yoast SEO plugin v28.3 - https:\/\/yoast.com\/product\/yoast-seo-wordpress\/ -->\n<title>Arce cambia Alto Mando Militar por segunda vez en cuatro meses - El Diario - Bolivia<\/title>\n<meta name=\"robots\" content=\"index, follow, max-snippet:-1, max-image-preview:large, max-video-preview:-1\" \/>\n<link rel=\"canonical\" href=\"https:\/\/www.eldiario.net\/portal\/2024\/10\/27\/arce-cambia-alto-mando-militar-por-segunda-vez-en-cuatro-meses\/\" \/>\n<meta property=\"og:locale\" content=\"es_ES\" \/>\n<meta property=\"og:type\" content=\"article\" \/>\n<meta property=\"og:title\" content=\"Arce cambia Alto Mando Militar por segunda vez en cuatro meses - El Diario - Bolivia\" \/>\n<meta property=\"og:description\" content=\"En medio de conflictos registrados en el Tr\u00f3pico de Cochabamba entre afines a Evo Morales y la Polic\u00eda, el presidente Luis Arce procedi\u00f3 anoche al cambio del Alto Mando Militar por segunda vez en cuatro meses. Cinco jefes militares interinos fueron posesionados en la Casa Grande del Pueblo.\u00a0El nuevo comandante general interino de las Fuerzas [&hellip;]\" \/>\n<meta property=\"og:url\" content=\"https:\/\/www.eldiario.net\/portal\/2024\/10\/27\/arce-cambia-alto-mando-militar-por-segunda-vez-en-cuatro-meses\/\" \/>\n<meta property=\"og:site_name\" content=\"El Diario - Bolivia\" \/>\n<meta property=\"article:publisher\" content=\"https:\/\/www.facebook.com\/eldiario.bolivia\/\" \/>\n<meta property=\"article:published_time\" content=\"2024-10-27T10:43:09+00:00\" \/>\n<meta property=\"og:image\" content=\"https:\/\/www.eldiario.net\/portal\/wp-content\/uploads\/2024\/10\/P-4-15-cm-x-10-3.jpg\" \/>\n\t<meta property=\"og:image:width\" content=\"1500\" \/>\n\t<meta property=\"og:image:height\" content=\"1000\" \/>\n\t<meta property=\"og:image:type\" content=\"image\/jpeg\" \/>\n<meta name=\"author\" content=\"Jeanette\" \/>\n<meta name=\"twitter:card\" content=\"summary_large_image\" \/>\n<meta name=\"twitter:creator\" content=\"@eldiario_net\" \/>\n<meta name=\"twitter:site\" content=\"@eldiario_net\" \/>\n<meta name=\"twitter:label1\" content=\"Escrito por\" \/>\n\t<meta name=\"twitter:data1\" content=\"Jeanette\" \/>\n\t<meta name=\"twitter:label2\" content=\"Tiempo de lectura\" \/>\n\t<meta name=\"twitter:data2\" content=\"2 minutos\" \/>\n<script type=\"application\/ld+json\" class=\"yoast-schema-graph\">{\"@context\":\"https:\\\/\\\/schema.org\",\"@graph\":[{\"@type\":\"Article\",\"@id\":\"https:\\\/\\\/www.eldiario.net\\\/portal\\\/2024\\\/10\\\/27\\\/arce-cambia-alto-mando-militar-por-segunda-vez-en-cuatro-meses\\\/#article\",\"isPartOf\":{\"@id\":\"https:\\\/\\\/www.eldiario.net\\\/portal\\\/2024\\\/10\\\/27\\\/arce-cambia-alto-mando-militar-por-segunda-vez-en-cuatro-meses\\\/\"},\"author\":{\"name\":\"Jeanette\",\"@id\":\"https:\\\/\\\/www.eldiario.net\\\/portal\\\/#\\\/schema\\\/person\\\/f46445640444750d7d753ccd04ae01b7\"},\"headline\":\"Arce cambia Alto Mando Militar por segunda vez en cuatro meses\",\"datePublished\":\"2024-10-27T10:43:09+00:00\",\"mainEntityOfPage\":{\"@id\":\"https:\\\/\\\/www.eldiario.net\\\/portal\\\/2024\\\/10\\\/27\\\/arce-cambia-alto-mando-militar-por-segunda-vez-en-cuatro-meses\\\/\"},\"wordCount\":407,\"publisher\":{\"@id\":\"https:\\\/\\\/www.eldiario.net\\\/portal\\\/#organization\"},\"image\":{\"@id\":\"https:\\\/\\\/www.eldiario.net\\\/portal\\\/2024\\\/10\\\/27\\\/arce-cambia-alto-mando-militar-por-segunda-vez-en-cuatro-meses\\\/#primaryimage\"},\"thumbnailUrl\":\"https:\\\/\\\/www.eldiario.net\\\/portal\\\/wp-content\\\/uploads\\\/2024\\\/10\\\/P-4-15-cm-x-10-3.jpg\",\"articleSection\":[\"Portada\"],\"inLanguage\":\"es\"},{\"@type\":\"WebPage\",\"@id\":\"https:\\\/\\\/www.eldiario.net\\\/portal\\\/2024\\\/10\\\/27\\\/arce-cambia-alto-mando-militar-por-segunda-vez-en-cuatro-meses\\\/\",\"url\":\"https:\\\/\\\/www.eldiario.net\\\/portal\\\/2024\\\/10\\\/27\\\/arce-cambia-alto-mando-militar-por-segunda-vez-en-cuatro-meses\\\/\",\"name\":\"Arce cambia Alto Mando Militar por segunda vez en cuatro meses - El Diario - Bolivia\",\"isPartOf\":{\"@id\":\"https:\\\/\\\/www.eldiario.net\\\/portal\\\/#website\"},\"primaryImageOfPage\":{\"@id\":\"https:\\\/\\\/www.eldiario.net\\\/portal\\\/2024\\\/10\\\/27\\\/arce-cambia-alto-mando-militar-por-segunda-vez-en-cuatro-meses\\\/#primaryimage\"},\"image\":{\"@id\":\"https:\\\/\\\/www.eldiario.net\\\/portal\\\/2024\\\/10\\\/27\\\/arce-cambia-alto-mando-militar-por-segunda-vez-en-cuatro-meses\\\/#primaryimage\"},\"thumbnailUrl\":\"https:\\\/\\\/www.eldiario.net\\\/portal\\\/wp-content\\\/uploads\\\/2024\\\/10\\\/P-4-15-cm-x-10-3.jpg\",\"datePublished\":\"2024-10-27T10:43:09+00:00\",\"breadcrumb\":{\"@id\":\"https:\\\/\\\/www.eldiario.net\\\/portal\\\/2024\\\/10\\\/27\\\/arce-cambia-alto-mando-militar-por-segunda-vez-en-cuatro-meses\\\/#breadcrumb\"},\"inLanguage\":\"es\",\"potentialAction\":[{\"@type\":\"ReadAction\",\"target\":[\"https:\\\/\\\/www.eldiario.net\\\/portal\\\/2024\\\/10\\\/27\\\/arce-cambia-alto-mando-militar-por-segunda-vez-en-cuatro-meses\\\/\"]}]},{\"@type\":\"ImageObject\",\"inLanguage\":\"es\",\"@id\":\"https:\\\/\\\/www.eldiario.net\\\/portal\\\/2024\\\/10\\\/27\\\/arce-cambia-alto-mando-militar-por-segunda-vez-en-cuatro-meses\\\/#primaryimage\",\"url\":\"https:\\\/\\\/www.eldiario.net\\\/portal\\\/wp-content\\\/uploads\\\/2024\\\/10\\\/P-4-15-cm-x-10-3.jpg\",\"contentUrl\":\"https:\\\/\\\/www.eldiario.net\\\/portal\\\/wp-content\\\/uploads\\\/2024\\\/10\\\/P-4-15-cm-x-10-3.jpg\",\"width\":1500,\"height\":1000,\"caption\":\"Miembros del Alto Mando Militar, prestan juramento ante el presidente Luis Arce. CR\u00c9DITO: APG\"},{\"@type\":\"BreadcrumbList\",\"@id\":\"https:\\\/\\\/www.eldiario.net\\\/portal\\\/2024\\\/10\\\/27\\\/arce-cambia-alto-mando-militar-por-segunda-vez-en-cuatro-meses\\\/#breadcrumb\",\"itemListElement\":[{\"@type\":\"ListItem\",\"position\":1,\"name\":\"Portada\",\"item\":\"https:\\\/\\\/www.eldiario.net\\\/portal\\\/\"},{\"@type\":\"ListItem\",\"position\":2,\"name\":\"Arce cambia Alto Mando Militar por segunda vez en cuatro meses\"}]},{\"@type\":\"WebSite\",\"@id\":\"https:\\\/\\\/www.eldiario.net\\\/portal\\\/#website\",\"url\":\"https:\\\/\\\/www.eldiario.net\\\/portal\\\/\",\"name\":\"El Diario - Decano de la prensa nacional\",\"description\":\"El Diario - Decano de la prensa nacional\",\"publisher\":{\"@id\":\"https:\\\/\\\/www.eldiario.net\\\/portal\\\/#organization\"},\"potentialAction\":[{\"@type\":\"SearchAction\",\"target\":{\"@type\":\"EntryPoint\",\"urlTemplate\":\"https:\\\/\\\/www.eldiario.net\\\/portal\\\/?s={search_term_string}\"},\"query-input\":{\"@type\":\"PropertyValueSpecification\",\"valueRequired\":true,\"valueName\":\"search_term_string\"}}],\"inLanguage\":\"es\"},{\"@type\":\"Organization\",\"@id\":\"https:\\\/\\\/www.eldiario.net\\\/portal\\\/#organization\",\"name\":\"El Diario - Decano de la prensa nacional\",\"url\":\"https:\\\/\\\/www.eldiario.net\\\/portal\\\/\",\"logo\":{\"@type\":\"ImageObject\",\"inLanguage\":\"es\",\"@id\":\"https:\\\/\\\/www.eldiario.net\\\/portal\\\/#\\\/schema\\\/logo\\\/image\\\/\",\"url\":\"https:\\\/\\\/www.eldiario.net\\\/portal\\\/wp-content\\\/uploads\\\/2023\\\/07\\\/logo_ED.jpg\",\"contentUrl\":\"https:\\\/\\\/www.eldiario.net\\\/portal\\\/wp-content\\\/uploads\\\/2023\\\/07\\\/logo_ED.jpg\",\"width\":272,\"height\":52,\"caption\":\"El Diario - Decano de la prensa nacional\"},\"image\":{\"@id\":\"https:\\\/\\\/www.eldiario.net\\\/portal\\\/#\\\/schema\\\/logo\\\/image\\\/\"},\"sameAs\":[\"https:\\\/\\\/www.facebook.com\\\/eldiario.bolivia\\\/\",\"https:\\\/\\\/x.com\\\/eldiario_net\"]},{\"@type\":\"Person\",\"@id\":\"https:\\\/\\\/www.eldiario.net\\\/portal\\\/#\\\/schema\\\/person\\\/f46445640444750d7d753ccd04ae01b7\",\"name\":\"Jeanette\",\"image\":{\"@type\":\"ImageObject\",\"inLanguage\":\"es\",\"@id\":\"https:\\\/\\\/secure.gravatar.com\\\/avatar\\\/3ea2118a5f7dad2b7138b1187a6b7ee55f160b9968b66013c3a3ef39dd7e5798?s=96&d=mm&r=g\",\"url\":\"https:\\\/\\\/secure.gravatar.com\\\/avatar\\\/3ea2118a5f7dad2b7138b1187a6b7ee55f160b9968b66013c3a3ef39dd7e5798?s=96&d=mm&r=g\",\"contentUrl\":\"https:\\\/\\\/secure.gravatar.com\\\/avatar\\\/3ea2118a5f7dad2b7138b1187a6b7ee55f160b9968b66013c3a3ef39dd7e5798?s=96&d=mm&r=g\",\"caption\":\"Jeanette\"},\"sameAs\":[\"https:\\\/\\\/www.eldiario.net\\\/portal\"],\"url\":\"https:\\\/\\\/www.eldiario.net\\\/portal\\\/author\\\/jeanette\\\/\"}]}<\/script>\n<!-- \/ Yoast SEO plugin. -->","yoast_head_json":{"title":"Arce cambia Alto Mando Militar por segunda vez en cuatro meses - El Diario - Bolivia","robots":{"index":"index","follow":"follow","max-snippet":"max-snippet:-1","max-image-preview":"max-image-preview:large","max-video-preview":"max-video-preview:-1"},"canonical":"https:\/\/www.eldiario.net\/portal\/2024\/10\/27\/arce-cambia-alto-mando-militar-por-segunda-vez-en-cuatro-meses\/","og_locale":"es_ES","og_type":"article","og_title":"Arce cambia Alto Mando Militar por segunda vez en cuatro meses - El Diario - Bolivia","og_description":"En medio de conflictos registrados en el Tr\u00f3pico de Cochabamba entre afines a Evo Morales y la Polic\u00eda, el presidente Luis Arce procedi\u00f3 anoche al cambio del Alto Mando Militar por segunda vez en cuatro meses. Cinco jefes militares interinos fueron posesionados en la Casa Grande del Pueblo.\u00a0El nuevo comandante general interino de las Fuerzas [&hellip;]","og_url":"https:\/\/www.eldiario.net\/portal\/2024\/10\/27\/arce-cambia-alto-mando-militar-por-segunda-vez-en-cuatro-meses\/","og_site_name":"El Diario - Bolivia","article_publisher":"https:\/\/www.facebook.com\/eldiario.bolivia\/","article_published_time":"2024-10-27T10:43:09+00:00","og_image":[{"width":1500,"height":1000,"url":"https:\/\/www.eldiario.net\/portal\/wp-content\/uploads\/2024\/10\/P-4-15-cm-x-10-3.jpg","type":"image\/jpeg"}],"author":"Jeanette","twitter_card":"summary_large_image","twitter_creator":"@eldiario_net","twitter_site":"@eldiario_net","twitter_misc":{"Escrito por":"Jeanette","Tiempo de lectura":"2 minutos"},"schema":{"@context":"https:\/\/schema.org","@graph":[{"@type":"Article","@id":"https:\/\/www.eldiario.net\/portal\/2024\/10\/27\/arce-cambia-alto-mando-militar-por-segunda-vez-en-cuatro-meses\/#article","isPartOf":{"@id":"https:\/\/www.eldiario.net\/portal\/2024\/10\/27\/arce-cambia-alto-mando-militar-por-segunda-vez-en-cuatro-meses\/"},"author":{"name":"Jeanette","@id":"https:\/\/www.eldiario.net\/portal\/#\/schema\/person\/f46445640444750d7d753ccd04ae01b7"},"headline":"Arce cambia Alto Mando Militar por segunda vez en cuatro meses","datePublished":"2024-10-27T10:43:09+00:00","mainEntityOfPage":{"@id":"https:\/\/www.eldiario.net\/portal\/2024\/10\/27\/arce-cambia-alto-mando-militar-por-segunda-vez-en-cuatro-meses\/"},"wordCount":407,"publisher":{"@id":"https:\/\/www.eldiario.net\/portal\/#organization"},"image":{"@id":"https:\/\/www.eldiario.net\/portal\/2024\/10\/27\/arce-cambia-alto-mando-militar-por-segunda-vez-en-cuatro-meses\/#primaryimage"},"thumbnailUrl":"https:\/\/www.eldiario.net\/portal\/wp-content\/uploads\/2024\/10\/P-4-15-cm-x-10-3.jpg","articleSection":["Portada"],"inLanguage":"es"},{"@type":"WebPage","@id":"https:\/\/www.eldiario.net\/portal\/2024\/10\/27\/arce-cambia-alto-mando-militar-por-segunda-vez-en-cuatro-meses\/","url":"https:\/\/www.eldiario.net\/portal\/2024\/10\/27\/arce-cambia-alto-mando-militar-por-segunda-vez-en-cuatro-meses\/","name":"Arce cambia Alto Mando Militar por segunda vez en cuatro meses - El Diario - Bolivia","isPartOf":{"@id":"https:\/\/www.eldiario.net\/portal\/#website"},"primaryImageOfPage":{"@id":"https:\/\/www.eldiario.net\/portal\/2024\/10\/27\/arce-cambia-alto-mando-militar-por-segunda-vez-en-cuatro-meses\/#primaryimage"},"image":{"@id":"https:\/\/www.eldiario.net\/portal\/2024\/10\/27\/arce-cambia-alto-mando-militar-por-segunda-vez-en-cuatro-meses\/#primaryimage"},"thumbnailUrl":"https:\/\/www.eldiario.net\/portal\/wp-content\/uploads\/2024\/10\/P-4-15-cm-x-10-3.jpg","datePublished":"2024-10-27T10:43:09+00:00","breadcrumb":{"@id":"https:\/\/www.eldiario.net\/portal\/2024\/10\/27\/arce-cambia-alto-mando-militar-por-segunda-vez-en-cuatro-meses\/#breadcrumb"},"inLanguage":"es","potentialAction":[{"@type":"ReadAction","target":["https:\/\/www.eldiario.net\/portal\/2024\/10\/27\/arce-cambia-alto-mando-militar-por-segunda-vez-en-cuatro-meses\/"]}]},{"@type":"ImageObject","inLanguage":"es","@id":"https:\/\/www.eldiario.net\/portal\/2024\/10\/27\/arce-cambia-alto-mando-militar-por-segunda-vez-en-cuatro-meses\/#primaryimage","url":"https:\/\/www.eldiario.net\/portal\/wp-content\/uploads\/2024\/10\/P-4-15-cm-x-10-3.jpg","contentUrl":"https:\/\/www.eldiario.net\/portal\/wp-content\/uploads\/2024\/10\/P-4-15-cm-x-10-3.jpg","width":1500,"height":1000,"caption":"Miembros del Alto Mando Militar, prestan juramento ante el presidente Luis Arce. CR\u00c9DITO: APG"},{"@type":"BreadcrumbList","@id":"https:\/\/www.eldiario.net\/portal\/2024\/10\/27\/arce-cambia-alto-mando-militar-por-segunda-vez-en-cuatro-meses\/#breadcrumb","itemListElement":[{"@type":"ListItem","position":1,"name":"Portada","item":"https:\/\/www.eldiario.net\/portal\/"},{"@type":"ListItem","position":2,"name":"Arce cambia Alto Mando Militar por segunda vez en cuatro meses"}]},{"@type":"WebSite","@id":"https:\/\/www.eldiario.net\/portal\/#website","url":"https:\/\/www.eldiario.net\/portal\/","name":"El Diario - Decano de la prensa nacional","description":"El Diario - Decano de la prensa nacional","publisher":{"@id":"https:\/\/www.eldiario.net\/portal\/#organization"},"potentialAction":[{"@type":"SearchAction","target":{"@type":"EntryPoint","urlTemplate":"https:\/\/www.eldiario.net\/portal\/?s={search_term_string}"},"query-input":{"@type":"PropertyValueSpecification","valueRequired":true,"valueName":"search_term_string"}}],"inLanguage":"es"},{"@type":"Organization","@id":"https:\/\/www.eldiario.net\/portal\/#organization","name":"El Diario - Decano de la prensa nacional","url":"https:\/\/www.eldiario.net\/portal\/","logo":{"@type":"ImageObject","inLanguage":"es","@id":"https:\/\/www.eldiario.net\/portal\/#\/schema\/logo\/image\/","url":"https:\/\/www.eldiario.net\/portal\/wp-content\/uploads\/2023\/07\/logo_ED.jpg","contentUrl":"https:\/\/www.eldiario.net\/portal\/wp-content\/uploads\/2023\/07\/logo_ED.jpg","width":272,"height":52,"caption":"El Diario - Decano de la prensa nacional"},"image":{"@id":"https:\/\/www.eldiario.net\/portal\/#\/schema\/logo\/image\/"},"sameAs":["https:\/\/www.facebook.com\/eldiario.bolivia\/","https:\/\/x.com\/eldiario_net"]},{"@type":"Person","@id":"https:\/\/www.eldiario.net\/portal\/#\/schema\/person\/f46445640444750d7d753ccd04ae01b7","name":"Jeanette","image":{"@type":"ImageObject","inLanguage":"es","@id":"https:\/\/secure.gravatar.com\/avatar\/3ea2118a5f7dad2b7138b1187a6b7ee55f160b9968b66013c3a3ef39dd7e5798?s=96&d=mm&r=g","url":"https:\/\/secure.gravatar.com\/avatar\/3ea2118a5f7dad2b7138b1187a6b7ee55f160b9968b66013c3a3ef39dd7e5798?s=96&d=mm&r=g","contentUrl":"https:\/\/secure.gravatar.com\/avatar\/3ea2118a5f7dad2b7138b1187a6b7ee55f160b9968b66013c3a3ef39dd7e5798?s=96&d=mm&r=g","caption":"Jeanette"},"sameAs":["https:\/\/www.eldiario.net\/portal"],"url":"https:\/\/www.eldiario.net\/portal\/author\/jeanette\/"}]}},"_links":{"self":[{"href":"https:\/\/www.eldiario.net\/portal\/wp-json\/wp\/v2\/posts\/256683","targetHints":{"allow":["GET"]}}],"collection":[{"href":"https:\/\/www.eldiario.net\/portal\/wp-json\/wp\/v2\/posts"}],"about":[{"href":"https:\/\/www.eldiario.net\/portal\/wp-json\/wp\/v2\/types\/post"}],"author":[{"embeddable":true,"href":"https:\/\/www.eldiario.net\/portal\/wp-json\/wp\/v2\/users\/1"}],"replies":[{"embeddable":true,"href":"https:\/\/www.eldiario.net\/portal\/wp-json\/wp\/v2\/comments?post=256683"}],"version-history":[{"count":1,"href":"https:\/\/www.eldiario.net\/portal\/wp-json\/wp\/v2\/posts\/256683\/revisions"}],"predecessor-version":[{"id":256685,"href":"https:\/\/www.eldiario.net\/portal\/wp-json\/wp\/v2\/posts\/256683\/revisions\/256685"}],"wp:featuredmedia":[{"embeddable":true,"href":"https:\/\/www.eldiario.net\/portal\/wp-json\/wp\/v2\/media\/256684"}],"wp:attachment":[{"href":"https:\/\/www.eldiario.net\/portal\/wp-json\/wp\/v2\/media?parent=256683"}],"wp:term":[{"taxonomy":"category","embeddable":true,"href":"https:\/\/www.eldiario.net\/portal\/wp-json\/wp\/v2\/categories?post=256683"},{"taxonomy":"post_tag","embeddable":true,"href":"https:\/\/www.eldiario.net\/portal\/wp-json\/wp\/v2\/tags?post=256683"}],"curies":[{"name":"wp","href":"https:\/\/api.w.org\/{rel}","templated":true}]}}