{"id":256665,"date":"2024-10-26T07:10:41","date_gmt":"2024-10-26T11:10:41","guid":{"rendered":"https:\/\/www.eldiario.net\/portal\/?p=256665"},"modified":"2024-10-26T07:10:41","modified_gmt":"2024-10-26T11:10:41","slug":"sinfonica-chuquiago-presenta-especial-de-halloween-dedicado-a-tim-burton","status":"publish","type":"post","link":"https:\/\/www.eldiario.net\/portal\/2024\/10\/26\/sinfonica-chuquiago-presenta-especial-de-halloween-dedicado-a-tim-burton\/","title":{"rendered":"Sinf\u00f3nica Chuquiago presenta especial   de Halloween dedicado a Tim Burton"},"content":{"rendered":"<p>La Sinf\u00f3nica Chuquiago, bajo la direcci\u00f3n del maestro Christian Asturizaga, invita al p\u00fablico pace\u00f1o a vivir una inolvidable noche de m\u00fasica y magia cinematogr\u00e1fica en el evento denominado \u00abSinf\u00f3nica Chuquiago de Pel\u00edcula &#8211; Especial de Halloween &#8211; El Mundo de Tim Burton\u00bb.<\/p>\n<p>El espect\u00e1culo ser\u00e1 presentado este s\u00e1bado 26 de octubre, a las 19:30 horas, en el Campo Ferial Chuquiago Marka de Seg\u00fcencoma, donde los asistentes podr\u00e1n sumergirse en el universo oscuro y encantador del cine de Tim Burton y varios personajes caracterizados cobrar\u00e1n vida en el escenario, gracias a la Jedi Academy Bolivia, mientras son proyectadas las ic\u00f3nicas im\u00e1genes de sus pel\u00edculas.<\/p>\n<p>\u201cEste especial de Halloween promete ser un espect\u00e1culo \u00fanico en Bolivia, con la interpretaci\u00f3n de bandas sonoras ic\u00f3nicas de pel\u00edculas como \u00abEl extra\u00f1o mundo de Jack\u00bb, \u00abBeetlejuice\u00bb, \u00abEl joven manos de tijeras\u00bb y muchas m\u00e1s. La orquesta transportar\u00e1 al p\u00fablico a los mundos exc\u00e9ntricos y fant\u00e1sticos creados por Burton, bajo el sello inconfundible de su colaborador musical, Danny Elfman\u201d, menciona la nota de prensa de la \u00abSinf\u00f3nica Chuquiago de Pel\u00edcula &#8211; Especial de Halloween\u00bb.<\/p>\n<p>El evento es ideal para todas las edades y los fan\u00e1ticos del cine y la m\u00fasica sinf\u00f3nica. Adem\u00e1s de la incre\u00edble m\u00fasica, el concierto contar\u00e1 con una atm\u00f3sfera aterradoramente divertida, que incluir\u00e1 efectos visuales, disfraces y sorpresas para los asistentes que deseen participar en la celebraci\u00f3n de Halloween.<\/p>\n<p><strong>TIM BURTON <\/strong><\/p>\n<p>Director, productor, escritor y artista visual estadounidense, Tim Burton es c\u00e9lebre por su estilo g\u00f3tico y su habilidad para combinar lo macabro con lo fant\u00e1stico. Naci\u00f3 en 1958 en Burbank, California, y desde joven mostr\u00f3 un inter\u00e9s particular por el cine y la animaci\u00f3n. Su trabajo destaca por crear mundos \u00fanicos, poblados de personajes exc\u00e9ntricos y tem\u00e1ticas que exploran lo sobrenatural, lo oscuro y lo surrealista.<\/p>\n<p>Entre sus pel\u00edculas m\u00e1s ic\u00f3nicas se encuentran <em>Beetlejuice<\/em> (1988), <em>El joven manos de tijera<\/em> (1990), <em>El extra\u00f1o mundo de Jack<\/em> (1993) y <em>El cad\u00e1ver de la novia<\/em> (2005). Su colaboraci\u00f3n con el compositor Danny Elfman ha dado lugar a bandas sonoras que son inseparables de sus pel\u00edculas. El estilo visual de Burton, a menudo marcado por colores oscuros, figuras distorsionadas y escenarios fant\u00e1sticos, lo ha convertido en una figura emblem\u00e1tica del cine contempor\u00e1neo, con una base de seguidores fieles en todo el mundo.<\/p>\n<p><strong>CHRISTIAN ASTURIZAGA <\/strong><\/p>\n<p>Es el actual director titular de la Orquesta Sinf\u00f3nica Chuquiago Marka y Concertino de la Orquesta Sinf\u00f3nica Nacional de Bolivia. Christian Asturizaga es una figura destacada en el \u00e1mbito musical boliviano e internacional. Su carrera comenz\u00f3 a temprana edad, representando a Bolivia en proyectos orquestales en Estados Unidos, Suiza, China, Francia y varios pa\u00edses de Sudam\u00e9rica. A lo largo de su carrera ha realizado giras exitosas por Asia, Europa y Am\u00e9rica, colaborando con artistas internacionales como Zo\u00e9 y Diego Torres, as\u00ed como con destacados m\u00fasicos bolivianos.<\/p>\n<p>Durante m\u00e1s de 20 a\u00f1os, ha dirigido CAMUS \u201cC\u00e1mara Musical\u201d, desarrollando proyectos art\u00edsticos, incluyendo giras en Estados Unidos y M\u00e9xico. Su experiencia en direcci\u00f3n de teatro musical incluye producciones de renombre como \u201cLos Miserables\u201d y \u201cNotre Dame de Par\u00eds\u201d.<\/p>\n<p>Adem\u00e1s de su trayectoria art\u00edstica, ha sido docente en instituciones prestigiosas, como el Conservatorio Nacional de M\u00fasica de Bolivia y la Universidad Mayor de San Andr\u00e9s, recibiendo reconocimientos por su labor pedag\u00f3gica. Su formaci\u00f3n abarca estudios en m\u00fasica, econom\u00eda e investigaci\u00f3n, lo que le ha permitido ser un referente en la cultura boliviana, recibiendo m\u00faltiples distinciones por su contribuci\u00f3n al arte y la cultura del pa\u00eds.<\/p>\n<p><strong>ORQUESTA SINF\u00d3NICA CHUQUIAGO MARKA<\/strong><\/p>\n<p>Dirigida por el maestro Christian Asturizaga, la Orquesta Sinf\u00f3nica Chuquiago Marka se estableci\u00f3 en octubre de 2017 y se destaca como un elenco representativo de La Paz. Su propuesta abarca una gama de repertorios, desde obras cl\u00e1sicas y tradicionales hasta proyectos que adaptan m\u00fasica popular, folcl\u00f3rica, de pel\u00edculas y musicales. En sus inicios colabor\u00f3 con el pianista solista mexicano Emilio Lluis, la soprano Diana Azero, el guitarrista H\u00e9ctor Osaky y la puesta en escena de Disney Sinf\u00f3nico con la direcci\u00f3n art\u00edstica de Randolph R\u00edos.<\/p>\n<p>En 2019 particip\u00f3 en el concierto <em>Broadway Sinf\u00f3nico<\/em>, los conciertos y talleres <em>Sumacantu<\/em> con la presencia del director Daniel Montes y un concierto ben\u00e9fico para los buses PumaKatari con el <em>R\u00e9quiem<\/em> de Mozart, en colaboraci\u00f3n con el coro Polif\u00f3nico de La Paz. Adem\u00e1s, realiz\u00f3 el concierto <em>Navidad Sinf\u00f3nica Boliviana<\/em> en diciembre.<\/p>\n<p>En 2021 fue parte del concierto <em>Vitrinas Pace\u00f1as<\/em> y particip\u00f3 en varios eventos protocolares, como <em>Navidad en Movimiento<\/em>. En 2022, present\u00f3 proyectos exitosos como el concierto <em>Star Wars Sinf\u00f3nico<\/em>, Carmina Burana, <em>Disney<\/em> y Ghibli Sinf\u00f3nico y colabor\u00f3 con el grupo espa\u00f1ol <em>Mocedades<\/em>.<\/p>\n<p>En 2023 trabaj\u00f3 con el <em>Ballet Perdidas en Miyasaki<\/em>, llev\u00f3 a escena el regreso de <em>Star Wars Sinf\u00f3nico<\/em>, colabor\u00f3 con Mentes Ociosas y fue parte de los conciertos Sinf\u00f3nica de Pel\u00edculas, de Brahms, <em>Circo Stereo <\/em>con Volarte, <em>El Fantasma de la \u00d3pera<\/em> con Broadway Bolivia y particip\u00f3 en el aniversario dedicado a M\u00e9xico en el Teatro Municipal con la Secretar\u00eda Municipal de Culturas y la Embajada de ese pa\u00eds en Bolivia, adem\u00e1s de acompa\u00f1ar a la renombrada violinista dominicana Aisha Syed, interpretando obras de Tchaikovsky, y al artista argentino Carlos Cabral, con el que toc\u00f3 la <em>Misa Criolla<\/em>.<\/p>\n<p>Este a\u00f1o present\u00f3 Sinf\u00f3nica Chuquiago de Pel\u00edcula: \u201cEl Se\u00f1or de los Anillos Sinf\u00f3nico\u201d y STAR WARS &#8211; Gira nacional 2024; tambi\u00e9n el concierto \u00abDisney en Escena\u00bb y la \u201c9na Sinfon\u00eda de Beethoven\u201d.<\/p>\n<p>La Orquesta Sinf\u00f3nica Chuquiago se consolida como un referente esencial en la vida cultural de La Paz, brindando a la audiencia experiencias musicales de alta calidad. Las entradas est\u00e1n disponibles en https:\/\/tkl.arte.bo\/index.php?cPath=1086<\/p>\n<p>M\u00e1s informaci\u00f3n: 68090491 (WhatsApp)<\/p>\n<p>Redes sociales:<\/p>\n<p>https:\/\/www.facebook.com\/SinfonicaChuquiago<\/p>\n<p>http:\/\/sinfonicachuquiago.camus.arte.bo\/<\/p>\n<p>https:\/\/www.instagram.com\/sinfonica_chuquiago?igsh=a3RhbGp2aDIwNjht<\/p>\n<blockquote class=\"tiktok-embed\" cite=\"https:\/\/www.tiktok.com\/@sinfonicachuquiagom\" data-unique-id=\"sinfonicachuquiagom\" data-embed-from=\"oembed\" data-embed-type=\"creator\" style=\"max-width:780px; min-width:288px;\">\n<section> <a target=\"_blank\" href=\"https:\/\/www.tiktok.com\/@sinfonicachuquiagom?refer=creator_embed\">@sinfonicachuquiagom<\/a> <\/section>\n<\/blockquote>\n<p> <script async src=\"https:\/\/www.tiktok.com\/embed.js\"><\/script><\/p>\n\r\n                <style type=\"text\/css\">\r\n                    \r\n                    #tdi_1  .td-doubleSlider-2 .td-item1 {\r\n                        background: url(https:\/\/www.eldiario.net\/portal\/wp-content\/uploads\/2024\/10\/1-PRINCIPAL-8-80x60.jpg) 0 0 no-repeat;\r\n                    }\r\n                    #tdi_1  .td-doubleSlider-2 .td-item2 {\r\n                        background: url(https:\/\/www.eldiario.net\/portal\/wp-content\/uploads\/2024\/10\/2-10-80x60.jpg) 0 0 no-repeat;\r\n                    }\r\n                    #tdi_1  .td-doubleSlider-2 .td-item3 {\r\n                        background: url(https:\/\/www.eldiario.net\/portal\/wp-content\/uploads\/2024\/10\/3-11-80x60.jpg) 0 0 no-repeat;\r\n                    }\r\n                    #tdi_1  .td-doubleSlider-2 .td-item4 {\r\n                        background: url(https:\/\/www.eldiario.net\/portal\/wp-content\/uploads\/2024\/10\/4-12-80x60.jpg) 0 0 no-repeat;\r\n                    }\r\n                    #tdi_1  .td-doubleSlider-2 .td-item5 {\r\n                        background: url(https:\/\/www.eldiario.net\/portal\/wp-content\/uploads\/2024\/10\/5-9-80x60.jpg) 0 0 no-repeat;\r\n                    }\r\n                    #tdi_1  .td-doubleSlider-2 .td-item6 {\r\n                        background: url(https:\/\/www.eldiario.net\/portal\/wp-content\/uploads\/2024\/10\/6-8-80x60.jpg) 0 0 no-repeat;\r\n                    }\r\n                    #tdi_1  .td-doubleSlider-2 .td-item7 {\r\n                        background: url(https:\/\/www.eldiario.net\/portal\/wp-content\/uploads\/2024\/10\/7-8-80x60.jpg) 0 0 no-repeat;\r\n                    }\r\n                    #tdi_1  .td-doubleSlider-2 .td-item8 {\r\n                        background: url(https:\/\/www.eldiario.net\/portal\/wp-content\/uploads\/2024\/10\/8-8-80x60.jpg) 0 0 no-repeat;\r\n                    }\r\n                    #tdi_1  .td-doubleSlider-2 .td-item9 {\r\n                        background: url(https:\/\/www.eldiario.net\/portal\/wp-content\/uploads\/2024\/10\/9-5-80x60.jpg) 0 0 no-repeat;\r\n                    }\r\n                <\/style>\r\n\r\n                <div id=\"tdi_1\" class=\"td-gallery td-slide-on-2-columns\">\r\n                    <div class=\"post_td_gallery\">\r\n                        <div class=\"td-gallery-slide-top\">\r\n                           <div class=\"td-gallery-title\"><\/div>\r\n\r\n                            <div class=\"td-gallery-controls-wrapper\">\r\n                                <div class=\"td-gallery-slide-count\"><span class=\"td-gallery-slide-item-focus\">1<\/span> de 9<\/div>\r\n                                <div class=\"td-gallery-slide-prev-next-but\">\r\n                                    <i class = \"td-icon-left doubleSliderPrevButton\"><\/i>\r\n                                    <i class = \"td-icon-right doubleSliderNextButton\"><\/i>\r\n                                <\/div>\r\n                            <\/div>\r\n                        <\/div>\r\n\r\n                        <div class = \"td-doubleSlider-1 \">\r\n                            <div class = \"td-slider\">\r\n                                \r\n                    <div class = \"td-slide-item td-item1\">\r\n                        <figure class=\"td-slide-galery-figure td-slide-popup-gallery\">\r\n                            <a class=\"slide-gallery-image-link\" href=\"https:\/\/www.eldiario.net\/portal\/wp-content\/uploads\/2024\/10\/1-PRINCIPAL-8.jpg\" title=\"1-PRINCIPAL\"  data-caption=\"\"  data-description=\"\">\r\n                                <img decoding=\"async\" src=\"https:\/\/www.eldiario.net\/portal\/wp-content\/uploads\/2024\/10\/1-PRINCIPAL-8-698x420.jpg\" srcset=\"https:\/\/www.eldiario.net\/portal\/wp-content\/uploads\/2024\/10\/1-PRINCIPAL-8-698x420.jpg 698w, https:\/\/www.eldiario.net\/portal\/wp-content\/uploads\/2024\/10\/1-PRINCIPAL-8-300x181.jpg 300w, https:\/\/www.eldiario.net\/portal\/wp-content\/uploads\/2024\/10\/1-PRINCIPAL-8-1024x616.jpg 1024w, https:\/\/www.eldiario.net\/portal\/wp-content\/uploads\/2024\/10\/1-PRINCIPAL-8-768x462.jpg 768w, https:\/\/www.eldiario.net\/portal\/wp-content\/uploads\/2024\/10\/1-PRINCIPAL-8-696x419.jpg 696w, https:\/\/www.eldiario.net\/portal\/wp-content\/uploads\/2024\/10\/1-PRINCIPAL-8-1068x643.jpg 1068w, https:\/\/www.eldiario.net\/portal\/wp-content\/uploads\/2024\/10\/1-PRINCIPAL-8.jpg 1200w\" sizes=\"(max-width: 698px) 100vw, 698px\" alt=\"\">\r\n                            <\/a>\r\n                            \r\n                        <\/figure>\r\n                    <\/div>\r\n                    <div class = \"td-slide-item td-item2\">\r\n                        <figure class=\"td-slide-galery-figure td-slide-popup-gallery\">\r\n                            <a class=\"slide-gallery-image-link\" href=\"https:\/\/www.eldiario.net\/portal\/wp-content\/uploads\/2024\/10\/2-10.jpg\" title=\"2\"  data-caption=\"\"  data-description=\"\">\r\n                                <img decoding=\"async\" src=\"https:\/\/www.eldiario.net\/portal\/wp-content\/uploads\/2024\/10\/2-10-444x420.jpg\" srcset=\"https:\/\/www.eldiario.net\/portal\/wp-content\/uploads\/2024\/10\/2-10-444x420.jpg 444w, https:\/\/www.eldiario.net\/portal\/wp-content\/uploads\/2024\/10\/2-10-300x284.jpg 300w, https:\/\/www.eldiario.net\/portal\/wp-content\/uploads\/2024\/10\/2-10-1024x968.jpg 1024w, https:\/\/www.eldiario.net\/portal\/wp-content\/uploads\/2024\/10\/2-10-768x726.jpg 768w, https:\/\/www.eldiario.net\/portal\/wp-content\/uploads\/2024\/10\/2-10-696x658.jpg 696w, https:\/\/www.eldiario.net\/portal\/wp-content\/uploads\/2024\/10\/2-10.jpg 1064w\" sizes=\"(max-width: 444px) 100vw, 444px\" alt=\"\">\r\n                            <\/a>\r\n                            \r\n                        <\/figure>\r\n                    <\/div>\r\n                    <div class = \"td-slide-item td-item3\">\r\n                        <figure class=\"td-slide-galery-figure td-slide-popup-gallery\">\r\n                            <a class=\"slide-gallery-image-link\" href=\"https:\/\/www.eldiario.net\/portal\/wp-content\/uploads\/2024\/10\/3-11.jpg\" title=\"3\"  data-caption=\"\"  data-description=\"\">\r\n                                <img decoding=\"async\" src=\"https:\/\/www.eldiario.net\/portal\/wp-content\/uploads\/2024\/10\/3-11-630x420.jpg\" srcset=\"https:\/\/www.eldiario.net\/portal\/wp-content\/uploads\/2024\/10\/3-11-630x420.jpg 630w, https:\/\/www.eldiario.net\/portal\/wp-content\/uploads\/2024\/10\/3-11-300x200.jpg 300w, https:\/\/www.eldiario.net\/portal\/wp-content\/uploads\/2024\/10\/3-11-1024x683.jpg 1024w, https:\/\/www.eldiario.net\/portal\/wp-content\/uploads\/2024\/10\/3-11-768x512.jpg 768w, https:\/\/www.eldiario.net\/portal\/wp-content\/uploads\/2024\/10\/3-11-696x464.jpg 696w, https:\/\/www.eldiario.net\/portal\/wp-content\/uploads\/2024\/10\/3-11-1068x712.jpg 1068w, https:\/\/www.eldiario.net\/portal\/wp-content\/uploads\/2024\/10\/3-11.jpg 1200w\" sizes=\"(max-width: 630px) 100vw, 630px\" alt=\"\">\r\n                            <\/a>\r\n                            \r\n                        <\/figure>\r\n                    <\/div>\r\n                    <div class = \"td-slide-item td-item4\">\r\n                        <figure class=\"td-slide-galery-figure td-slide-popup-gallery\">\r\n                            <a class=\"slide-gallery-image-link\" href=\"https:\/\/www.eldiario.net\/portal\/wp-content\/uploads\/2024\/10\/4-12.jpg\" title=\"4\"  data-caption=\"\"  data-description=\"\">\r\n                                <img decoding=\"async\" src=\"https:\/\/www.eldiario.net\/portal\/wp-content\/uploads\/2024\/10\/4-12-630x420.jpg\" srcset=\"https:\/\/www.eldiario.net\/portal\/wp-content\/uploads\/2024\/10\/4-12-630x420.jpg 630w, https:\/\/www.eldiario.net\/portal\/wp-content\/uploads\/2024\/10\/4-12-300x200.jpg 300w, https:\/\/www.eldiario.net\/portal\/wp-content\/uploads\/2024\/10\/4-12-1024x683.jpg 1024w, https:\/\/www.eldiario.net\/portal\/wp-content\/uploads\/2024\/10\/4-12-768x512.jpg 768w, https:\/\/www.eldiario.net\/portal\/wp-content\/uploads\/2024\/10\/4-12-696x464.jpg 696w, https:\/\/www.eldiario.net\/portal\/wp-content\/uploads\/2024\/10\/4-12-1068x712.jpg 1068w, https:\/\/www.eldiario.net\/portal\/wp-content\/uploads\/2024\/10\/4-12.jpg 1200w\" sizes=\"(max-width: 630px) 100vw, 630px\" alt=\"\">\r\n                            <\/a>\r\n                            \r\n                        <\/figure>\r\n                    <\/div>\r\n                    <div class = \"td-slide-item td-item5\">\r\n                        <figure class=\"td-slide-galery-figure td-slide-popup-gallery\">\r\n                            <a class=\"slide-gallery-image-link\" href=\"https:\/\/www.eldiario.net\/portal\/wp-content\/uploads\/2024\/10\/5-9.jpg\" title=\"5\"  data-caption=\"\"  data-description=\"\">\r\n                                <img decoding=\"async\" src=\"https:\/\/www.eldiario.net\/portal\/wp-content\/uploads\/2024\/10\/5-9-630x420.jpg\" srcset=\"https:\/\/www.eldiario.net\/portal\/wp-content\/uploads\/2024\/10\/5-9-630x420.jpg 630w, https:\/\/www.eldiario.net\/portal\/wp-content\/uploads\/2024\/10\/5-9-300x200.jpg 300w, https:\/\/www.eldiario.net\/portal\/wp-content\/uploads\/2024\/10\/5-9-1024x683.jpg 1024w, https:\/\/www.eldiario.net\/portal\/wp-content\/uploads\/2024\/10\/5-9-768x512.jpg 768w, https:\/\/www.eldiario.net\/portal\/wp-content\/uploads\/2024\/10\/5-9-696x464.jpg 696w, https:\/\/www.eldiario.net\/portal\/wp-content\/uploads\/2024\/10\/5-9-1068x712.jpg 1068w, https:\/\/www.eldiario.net\/portal\/wp-content\/uploads\/2024\/10\/5-9.jpg 1200w\" sizes=\"(max-width: 630px) 100vw, 630px\" alt=\"\">\r\n                            <\/a>\r\n                            \r\n                        <\/figure>\r\n                    <\/div>\r\n                    <div class = \"td-slide-item td-item6\">\r\n                        <figure class=\"td-slide-galery-figure td-slide-popup-gallery\">\r\n                            <a class=\"slide-gallery-image-link\" href=\"https:\/\/www.eldiario.net\/portal\/wp-content\/uploads\/2024\/10\/6-8.jpg\" title=\"6\"  data-caption=\"\"  data-description=\"\">\r\n                                <img decoding=\"async\" src=\"https:\/\/www.eldiario.net\/portal\/wp-content\/uploads\/2024\/10\/6-8-630x420.jpg\" srcset=\"https:\/\/www.eldiario.net\/portal\/wp-content\/uploads\/2024\/10\/6-8-630x420.jpg 630w, https:\/\/www.eldiario.net\/portal\/wp-content\/uploads\/2024\/10\/6-8-300x200.jpg 300w, https:\/\/www.eldiario.net\/portal\/wp-content\/uploads\/2024\/10\/6-8-1024x683.jpg 1024w, https:\/\/www.eldiario.net\/portal\/wp-content\/uploads\/2024\/10\/6-8-768x512.jpg 768w, https:\/\/www.eldiario.net\/portal\/wp-content\/uploads\/2024\/10\/6-8-696x464.jpg 696w, https:\/\/www.eldiario.net\/portal\/wp-content\/uploads\/2024\/10\/6-8-1068x712.jpg 1068w, https:\/\/www.eldiario.net\/portal\/wp-content\/uploads\/2024\/10\/6-8.jpg 1200w\" sizes=\"(max-width: 630px) 100vw, 630px\" alt=\"\">\r\n                            <\/a>\r\n                            \r\n                        <\/figure>\r\n                    <\/div>\r\n                    <div class = \"td-slide-item td-item7\">\r\n                        <figure class=\"td-slide-galery-figure td-slide-popup-gallery\">\r\n                            <a class=\"slide-gallery-image-link\" href=\"https:\/\/www.eldiario.net\/portal\/wp-content\/uploads\/2024\/10\/7-8.jpg\" title=\"7\"  data-caption=\"\"  data-description=\"\">\r\n                                <img decoding=\"async\" src=\"https:\/\/www.eldiario.net\/portal\/wp-content\/uploads\/2024\/10\/7-8-630x420.jpg\" srcset=\"https:\/\/www.eldiario.net\/portal\/wp-content\/uploads\/2024\/10\/7-8-630x420.jpg 630w, https:\/\/www.eldiario.net\/portal\/wp-content\/uploads\/2024\/10\/7-8-300x200.jpg 300w, https:\/\/www.eldiario.net\/portal\/wp-content\/uploads\/2024\/10\/7-8-1024x683.jpg 1024w, https:\/\/www.eldiario.net\/portal\/wp-content\/uploads\/2024\/10\/7-8-768x512.jpg 768w, https:\/\/www.eldiario.net\/portal\/wp-content\/uploads\/2024\/10\/7-8-696x464.jpg 696w, https:\/\/www.eldiario.net\/portal\/wp-content\/uploads\/2024\/10\/7-8-1068x712.jpg 1068w, https:\/\/www.eldiario.net\/portal\/wp-content\/uploads\/2024\/10\/7-8.jpg 1200w\" sizes=\"(max-width: 630px) 100vw, 630px\" alt=\"\">\r\n                            <\/a>\r\n                            \r\n                        <\/figure>\r\n                    <\/div>\r\n                    <div class = \"td-slide-item td-item8\">\r\n                        <figure class=\"td-slide-galery-figure td-slide-popup-gallery\">\r\n                            <a class=\"slide-gallery-image-link\" href=\"https:\/\/www.eldiario.net\/portal\/wp-content\/uploads\/2024\/10\/8-8.jpg\" title=\"8\"  data-caption=\"\"  data-description=\"\">\r\n                                <img decoding=\"async\" src=\"https:\/\/www.eldiario.net\/portal\/wp-content\/uploads\/2024\/10\/8-8-630x420.jpg\" srcset=\"https:\/\/www.eldiario.net\/portal\/wp-content\/uploads\/2024\/10\/8-8-630x420.jpg 630w, https:\/\/www.eldiario.net\/portal\/wp-content\/uploads\/2024\/10\/8-8-300x200.jpg 300w, https:\/\/www.eldiario.net\/portal\/wp-content\/uploads\/2024\/10\/8-8-1024x683.jpg 1024w, https:\/\/www.eldiario.net\/portal\/wp-content\/uploads\/2024\/10\/8-8-768x512.jpg 768w, https:\/\/www.eldiario.net\/portal\/wp-content\/uploads\/2024\/10\/8-8-696x464.jpg 696w, https:\/\/www.eldiario.net\/portal\/wp-content\/uploads\/2024\/10\/8-8-1068x712.jpg 1068w, https:\/\/www.eldiario.net\/portal\/wp-content\/uploads\/2024\/10\/8-8.jpg 1200w\" sizes=\"(max-width: 630px) 100vw, 630px\" alt=\"\">\r\n                            <\/a>\r\n                            \r\n                        <\/figure>\r\n                    <\/div>\r\n                    <div class = \"td-slide-item td-item9\">\r\n                        <figure class=\"td-slide-galery-figure td-slide-popup-gallery\">\r\n                            <a class=\"slide-gallery-image-link\" href=\"https:\/\/www.eldiario.net\/portal\/wp-content\/uploads\/2024\/10\/9-5.jpg\" title=\"9\"  data-caption=\"\"  data-description=\"\">\r\n                                <img decoding=\"async\" src=\"https:\/\/www.eldiario.net\/portal\/wp-content\/uploads\/2024\/10\/9-5-629x420.jpg\" srcset=\"https:\/\/www.eldiario.net\/portal\/wp-content\/uploads\/2024\/10\/9-5-629x420.jpg 629w, https:\/\/www.eldiario.net\/portal\/wp-content\/uploads\/2024\/10\/9-5-300x200.jpg 300w, https:\/\/www.eldiario.net\/portal\/wp-content\/uploads\/2024\/10\/9-5-1024x684.jpg 1024w, https:\/\/www.eldiario.net\/portal\/wp-content\/uploads\/2024\/10\/9-5-768x513.jpg 768w, https:\/\/www.eldiario.net\/portal\/wp-content\/uploads\/2024\/10\/9-5-696x465.jpg 696w, https:\/\/www.eldiario.net\/portal\/wp-content\/uploads\/2024\/10\/9-5-1068x713.jpg 1068w, https:\/\/www.eldiario.net\/portal\/wp-content\/uploads\/2024\/10\/9-5.jpg 1200w\" sizes=\"(max-width: 629px) 100vw, 629px\" alt=\"\">\r\n                            <\/a>\r\n                            \r\n                        <\/figure>\r\n                    <\/div>\r\n                            <\/div>\r\n                        <\/div>\r\n\r\n                        <div class = \"td-doubleSlider-2\">\r\n                            <div class = \"td-slider\">\r\n                                \r\n                    <div class = \"td-button td-item1\">\r\n                        <div class = \"td-border\"><\/div>\r\n                    <\/div>\r\n                    <div class = \"td-button td-item2\">\r\n                        <div class = \"td-border\"><\/div>\r\n                    <\/div>\r\n                    <div class = \"td-button td-item3\">\r\n                        <div class = \"td-border\"><\/div>\r\n                    <\/div>\r\n                    <div class = \"td-button td-item4\">\r\n                        <div class = \"td-border\"><\/div>\r\n                    <\/div>\r\n                    <div class = \"td-button td-item5\">\r\n                        <div class = \"td-border\"><\/div>\r\n                    <\/div>\r\n                    <div class = \"td-button td-item6\">\r\n                        <div class = \"td-border\"><\/div>\r\n                    <\/div>\r\n                    <div class = \"td-button td-item7\">\r\n                        <div class = \"td-border\"><\/div>\r\n                    <\/div>\r\n                    <div class = \"td-button td-item8\">\r\n                        <div class = \"td-border\"><\/div>\r\n                    <\/div>\r\n                    <div class = \"td-button td-item9\">\r\n                        <div class = \"td-border\"><\/div>\r\n                    <\/div>\r\n                            <\/div>\r\n                        <\/div>\r\n\r\n                    <\/div>\r\n\r\n                <\/div>\r\n                \n","protected":false},"excerpt":{"rendered":"<p>La Sinf\u00f3nica Chuquiago, bajo la direcci\u00f3n del maestro Christian Asturizaga, invita al p\u00fablico pace\u00f1o a vivir una inolvidable noche de m\u00fasica y magia cinematogr\u00e1fica en el evento denominado \u00abSinf\u00f3nica Chuquiago de Pel\u00edcula &#8211; Especial de Halloween &#8211; El Mundo de Tim Burton\u00bb. El espect\u00e1culo ser\u00e1 presentado este s\u00e1bado 26 de octubre, a las 19:30 horas, [&hellip;]<\/p>\n","protected":false},"author":1,"featured_media":256666,"comment_status":"closed","ping_status":"open","sticky":false,"template":"","format":"standard","meta":{"_acf_changed":false,"footnotes":""},"categories":[41],"tags":[],"class_list":["post-256665","post","type-post","status-publish","format-standard","has-post-thumbnail","category-la-guia"],"acf":{"antetitulo":""},"yoast_head":"<!-- This site is optimized with the Yoast SEO plugin v28.3 - https:\/\/yoast.com\/product\/yoast-seo-wordpress\/ -->\n<title>Sinf\u00f3nica Chuquiago presenta especial  de Halloween dedicado a Tim Burton - El Diario - Bolivia<\/title>\n<meta name=\"robots\" content=\"index, follow, max-snippet:-1, max-image-preview:large, max-video-preview:-1\" \/>\n<link rel=\"canonical\" href=\"https:\/\/www.eldiario.net\/portal\/2024\/10\/26\/sinfonica-chuquiago-presenta-especial-de-halloween-dedicado-a-tim-burton\/\" \/>\n<meta property=\"og:locale\" content=\"es_ES\" \/>\n<meta property=\"og:type\" content=\"article\" \/>\n<meta property=\"og:title\" content=\"Sinf\u00f3nica Chuquiago presenta especial  de Halloween dedicado a Tim Burton - El Diario - Bolivia\" \/>\n<meta property=\"og:description\" content=\"La Sinf\u00f3nica Chuquiago, bajo la direcci\u00f3n del maestro Christian Asturizaga, invita al p\u00fablico pace\u00f1o a vivir una inolvidable noche de m\u00fasica y magia cinematogr\u00e1fica en el evento denominado \u00abSinf\u00f3nica Chuquiago de Pel\u00edcula &#8211; Especial de Halloween &#8211; El Mundo de Tim Burton\u00bb. El espect\u00e1culo ser\u00e1 presentado este s\u00e1bado 26 de octubre, a las 19:30 horas, [&hellip;]\" \/>\n<meta property=\"og:url\" content=\"https:\/\/www.eldiario.net\/portal\/2024\/10\/26\/sinfonica-chuquiago-presenta-especial-de-halloween-dedicado-a-tim-burton\/\" \/>\n<meta property=\"og:site_name\" content=\"El Diario - Bolivia\" \/>\n<meta property=\"article:publisher\" content=\"https:\/\/www.facebook.com\/eldiario.bolivia\/\" \/>\n<meta property=\"article:published_time\" content=\"2024-10-26T11:10:41+00:00\" \/>\n<meta property=\"og:image\" content=\"https:\/\/www.eldiario.net\/portal\/wp-content\/uploads\/2024\/10\/1-PRINCIPAL-8.jpg\" \/>\n\t<meta property=\"og:image:width\" content=\"1200\" \/>\n\t<meta property=\"og:image:height\" content=\"722\" \/>\n\t<meta property=\"og:image:type\" content=\"image\/jpeg\" \/>\n<meta name=\"author\" content=\"Jeanette\" \/>\n<meta name=\"twitter:card\" content=\"summary_large_image\" \/>\n<meta name=\"twitter:creator\" content=\"@eldiario_net\" \/>\n<meta name=\"twitter:site\" content=\"@eldiario_net\" \/>\n<meta name=\"twitter:label1\" content=\"Escrito por\" \/>\n\t<meta name=\"twitter:data1\" content=\"Jeanette\" \/>\n\t<meta name=\"twitter:label2\" content=\"Tiempo de lectura\" \/>\n\t<meta name=\"twitter:data2\" content=\"5 minutos\" \/>\n<script type=\"application\/ld+json\" class=\"yoast-schema-graph\">{\"@context\":\"https:\\\/\\\/schema.org\",\"@graph\":[{\"@type\":\"Article\",\"@id\":\"https:\\\/\\\/www.eldiario.net\\\/portal\\\/2024\\\/10\\\/26\\\/sinfonica-chuquiago-presenta-especial-de-halloween-dedicado-a-tim-burton\\\/#article\",\"isPartOf\":{\"@id\":\"https:\\\/\\\/www.eldiario.net\\\/portal\\\/2024\\\/10\\\/26\\\/sinfonica-chuquiago-presenta-especial-de-halloween-dedicado-a-tim-burton\\\/\"},\"author\":{\"name\":\"Jeanette\",\"@id\":\"https:\\\/\\\/www.eldiario.net\\\/portal\\\/#\\\/schema\\\/person\\\/f46445640444750d7d753ccd04ae01b7\"},\"headline\":\"Sinf\u00f3nica Chuquiago presenta especial de Halloween dedicado a Tim Burton\",\"datePublished\":\"2024-10-26T11:10:41+00:00\",\"mainEntityOfPage\":{\"@id\":\"https:\\\/\\\/www.eldiario.net\\\/portal\\\/2024\\\/10\\\/26\\\/sinfonica-chuquiago-presenta-especial-de-halloween-dedicado-a-tim-burton\\\/\"},\"wordCount\":1076,\"publisher\":{\"@id\":\"https:\\\/\\\/www.eldiario.net\\\/portal\\\/#organization\"},\"image\":{\"@id\":\"https:\\\/\\\/www.eldiario.net\\\/portal\\\/2024\\\/10\\\/26\\\/sinfonica-chuquiago-presenta-especial-de-halloween-dedicado-a-tim-burton\\\/#primaryimage\"},\"thumbnailUrl\":\"https:\\\/\\\/www.eldiario.net\\\/portal\\\/wp-content\\\/uploads\\\/2024\\\/10\\\/1-PRINCIPAL-8.jpg\",\"articleSection\":[\"La Gu\u00eda\"],\"inLanguage\":\"es\"},{\"@type\":\"WebPage\",\"@id\":\"https:\\\/\\\/www.eldiario.net\\\/portal\\\/2024\\\/10\\\/26\\\/sinfonica-chuquiago-presenta-especial-de-halloween-dedicado-a-tim-burton\\\/\",\"url\":\"https:\\\/\\\/www.eldiario.net\\\/portal\\\/2024\\\/10\\\/26\\\/sinfonica-chuquiago-presenta-especial-de-halloween-dedicado-a-tim-burton\\\/\",\"name\":\"Sinf\u00f3nica Chuquiago presenta especial de Halloween dedicado a Tim Burton - El Diario - Bolivia\",\"isPartOf\":{\"@id\":\"https:\\\/\\\/www.eldiario.net\\\/portal\\\/#website\"},\"primaryImageOfPage\":{\"@id\":\"https:\\\/\\\/www.eldiario.net\\\/portal\\\/2024\\\/10\\\/26\\\/sinfonica-chuquiago-presenta-especial-de-halloween-dedicado-a-tim-burton\\\/#primaryimage\"},\"image\":{\"@id\":\"https:\\\/\\\/www.eldiario.net\\\/portal\\\/2024\\\/10\\\/26\\\/sinfonica-chuquiago-presenta-especial-de-halloween-dedicado-a-tim-burton\\\/#primaryimage\"},\"thumbnailUrl\":\"https:\\\/\\\/www.eldiario.net\\\/portal\\\/wp-content\\\/uploads\\\/2024\\\/10\\\/1-PRINCIPAL-8.jpg\",\"datePublished\":\"2024-10-26T11:10:41+00:00\",\"breadcrumb\":{\"@id\":\"https:\\\/\\\/www.eldiario.net\\\/portal\\\/2024\\\/10\\\/26\\\/sinfonica-chuquiago-presenta-especial-de-halloween-dedicado-a-tim-burton\\\/#breadcrumb\"},\"inLanguage\":\"es\",\"potentialAction\":[{\"@type\":\"ReadAction\",\"target\":[\"https:\\\/\\\/www.eldiario.net\\\/portal\\\/2024\\\/10\\\/26\\\/sinfonica-chuquiago-presenta-especial-de-halloween-dedicado-a-tim-burton\\\/\"]}]},{\"@type\":\"ImageObject\",\"inLanguage\":\"es\",\"@id\":\"https:\\\/\\\/www.eldiario.net\\\/portal\\\/2024\\\/10\\\/26\\\/sinfonica-chuquiago-presenta-especial-de-halloween-dedicado-a-tim-burton\\\/#primaryimage\",\"url\":\"https:\\\/\\\/www.eldiario.net\\\/portal\\\/wp-content\\\/uploads\\\/2024\\\/10\\\/1-PRINCIPAL-8.jpg\",\"contentUrl\":\"https:\\\/\\\/www.eldiario.net\\\/portal\\\/wp-content\\\/uploads\\\/2024\\\/10\\\/1-PRINCIPAL-8.jpg\",\"width\":1200,\"height\":722},{\"@type\":\"BreadcrumbList\",\"@id\":\"https:\\\/\\\/www.eldiario.net\\\/portal\\\/2024\\\/10\\\/26\\\/sinfonica-chuquiago-presenta-especial-de-halloween-dedicado-a-tim-burton\\\/#breadcrumb\",\"itemListElement\":[{\"@type\":\"ListItem\",\"position\":1,\"name\":\"Portada\",\"item\":\"https:\\\/\\\/www.eldiario.net\\\/portal\\\/\"},{\"@type\":\"ListItem\",\"position\":2,\"name\":\"Sinf\u00f3nica Chuquiago presenta especial de Halloween dedicado a Tim Burton\"}]},{\"@type\":\"WebSite\",\"@id\":\"https:\\\/\\\/www.eldiario.net\\\/portal\\\/#website\",\"url\":\"https:\\\/\\\/www.eldiario.net\\\/portal\\\/\",\"name\":\"El Diario - Decano de la prensa nacional\",\"description\":\"El Diario - Decano de la prensa nacional\",\"publisher\":{\"@id\":\"https:\\\/\\\/www.eldiario.net\\\/portal\\\/#organization\"},\"potentialAction\":[{\"@type\":\"SearchAction\",\"target\":{\"@type\":\"EntryPoint\",\"urlTemplate\":\"https:\\\/\\\/www.eldiario.net\\\/portal\\\/?s={search_term_string}\"},\"query-input\":{\"@type\":\"PropertyValueSpecification\",\"valueRequired\":true,\"valueName\":\"search_term_string\"}}],\"inLanguage\":\"es\"},{\"@type\":\"Organization\",\"@id\":\"https:\\\/\\\/www.eldiario.net\\\/portal\\\/#organization\",\"name\":\"El Diario - Decano de la prensa nacional\",\"url\":\"https:\\\/\\\/www.eldiario.net\\\/portal\\\/\",\"logo\":{\"@type\":\"ImageObject\",\"inLanguage\":\"es\",\"@id\":\"https:\\\/\\\/www.eldiario.net\\\/portal\\\/#\\\/schema\\\/logo\\\/image\\\/\",\"url\":\"https:\\\/\\\/www.eldiario.net\\\/portal\\\/wp-content\\\/uploads\\\/2023\\\/07\\\/logo_ED.jpg\",\"contentUrl\":\"https:\\\/\\\/www.eldiario.net\\\/portal\\\/wp-content\\\/uploads\\\/2023\\\/07\\\/logo_ED.jpg\",\"width\":272,\"height\":52,\"caption\":\"El Diario - Decano de la prensa nacional\"},\"image\":{\"@id\":\"https:\\\/\\\/www.eldiario.net\\\/portal\\\/#\\\/schema\\\/logo\\\/image\\\/\"},\"sameAs\":[\"https:\\\/\\\/www.facebook.com\\\/eldiario.bolivia\\\/\",\"https:\\\/\\\/x.com\\\/eldiario_net\"]},{\"@type\":\"Person\",\"@id\":\"https:\\\/\\\/www.eldiario.net\\\/portal\\\/#\\\/schema\\\/person\\\/f46445640444750d7d753ccd04ae01b7\",\"name\":\"Jeanette\",\"image\":{\"@type\":\"ImageObject\",\"inLanguage\":\"es\",\"@id\":\"https:\\\/\\\/secure.gravatar.com\\\/avatar\\\/3ea2118a5f7dad2b7138b1187a6b7ee55f160b9968b66013c3a3ef39dd7e5798?s=96&d=mm&r=g\",\"url\":\"https:\\\/\\\/secure.gravatar.com\\\/avatar\\\/3ea2118a5f7dad2b7138b1187a6b7ee55f160b9968b66013c3a3ef39dd7e5798?s=96&d=mm&r=g\",\"contentUrl\":\"https:\\\/\\\/secure.gravatar.com\\\/avatar\\\/3ea2118a5f7dad2b7138b1187a6b7ee55f160b9968b66013c3a3ef39dd7e5798?s=96&d=mm&r=g\",\"caption\":\"Jeanette\"},\"sameAs\":[\"https:\\\/\\\/www.eldiario.net\\\/portal\"],\"url\":\"https:\\\/\\\/www.eldiario.net\\\/portal\\\/author\\\/jeanette\\\/\"}]}<\/script>\n<!-- \/ Yoast SEO plugin. -->","yoast_head_json":{"title":"Sinf\u00f3nica Chuquiago presenta especial  de Halloween dedicado a Tim Burton - El Diario - Bolivia","robots":{"index":"index","follow":"follow","max-snippet":"max-snippet:-1","max-image-preview":"max-image-preview:large","max-video-preview":"max-video-preview:-1"},"canonical":"https:\/\/www.eldiario.net\/portal\/2024\/10\/26\/sinfonica-chuquiago-presenta-especial-de-halloween-dedicado-a-tim-burton\/","og_locale":"es_ES","og_type":"article","og_title":"Sinf\u00f3nica Chuquiago presenta especial  de Halloween dedicado a Tim Burton - El Diario - Bolivia","og_description":"La Sinf\u00f3nica Chuquiago, bajo la direcci\u00f3n del maestro Christian Asturizaga, invita al p\u00fablico pace\u00f1o a vivir una inolvidable noche de m\u00fasica y magia cinematogr\u00e1fica en el evento denominado \u00abSinf\u00f3nica Chuquiago de Pel\u00edcula &#8211; Especial de Halloween &#8211; El Mundo de Tim Burton\u00bb. El espect\u00e1culo ser\u00e1 presentado este s\u00e1bado 26 de octubre, a las 19:30 horas, [&hellip;]","og_url":"https:\/\/www.eldiario.net\/portal\/2024\/10\/26\/sinfonica-chuquiago-presenta-especial-de-halloween-dedicado-a-tim-burton\/","og_site_name":"El Diario - Bolivia","article_publisher":"https:\/\/www.facebook.com\/eldiario.bolivia\/","article_published_time":"2024-10-26T11:10:41+00:00","og_image":[{"width":1200,"height":722,"url":"https:\/\/www.eldiario.net\/portal\/wp-content\/uploads\/2024\/10\/1-PRINCIPAL-8.jpg","type":"image\/jpeg"}],"author":"Jeanette","twitter_card":"summary_large_image","twitter_creator":"@eldiario_net","twitter_site":"@eldiario_net","twitter_misc":{"Escrito por":"Jeanette","Tiempo de lectura":"5 minutos"},"schema":{"@context":"https:\/\/schema.org","@graph":[{"@type":"Article","@id":"https:\/\/www.eldiario.net\/portal\/2024\/10\/26\/sinfonica-chuquiago-presenta-especial-de-halloween-dedicado-a-tim-burton\/#article","isPartOf":{"@id":"https:\/\/www.eldiario.net\/portal\/2024\/10\/26\/sinfonica-chuquiago-presenta-especial-de-halloween-dedicado-a-tim-burton\/"},"author":{"name":"Jeanette","@id":"https:\/\/www.eldiario.net\/portal\/#\/schema\/person\/f46445640444750d7d753ccd04ae01b7"},"headline":"Sinf\u00f3nica Chuquiago presenta especial de Halloween dedicado a Tim Burton","datePublished":"2024-10-26T11:10:41+00:00","mainEntityOfPage":{"@id":"https:\/\/www.eldiario.net\/portal\/2024\/10\/26\/sinfonica-chuquiago-presenta-especial-de-halloween-dedicado-a-tim-burton\/"},"wordCount":1076,"publisher":{"@id":"https:\/\/www.eldiario.net\/portal\/#organization"},"image":{"@id":"https:\/\/www.eldiario.net\/portal\/2024\/10\/26\/sinfonica-chuquiago-presenta-especial-de-halloween-dedicado-a-tim-burton\/#primaryimage"},"thumbnailUrl":"https:\/\/www.eldiario.net\/portal\/wp-content\/uploads\/2024\/10\/1-PRINCIPAL-8.jpg","articleSection":["La Gu\u00eda"],"inLanguage":"es"},{"@type":"WebPage","@id":"https:\/\/www.eldiario.net\/portal\/2024\/10\/26\/sinfonica-chuquiago-presenta-especial-de-halloween-dedicado-a-tim-burton\/","url":"https:\/\/www.eldiario.net\/portal\/2024\/10\/26\/sinfonica-chuquiago-presenta-especial-de-halloween-dedicado-a-tim-burton\/","name":"Sinf\u00f3nica Chuquiago presenta especial de Halloween dedicado a Tim Burton - El Diario - Bolivia","isPartOf":{"@id":"https:\/\/www.eldiario.net\/portal\/#website"},"primaryImageOfPage":{"@id":"https:\/\/www.eldiario.net\/portal\/2024\/10\/26\/sinfonica-chuquiago-presenta-especial-de-halloween-dedicado-a-tim-burton\/#primaryimage"},"image":{"@id":"https:\/\/www.eldiario.net\/portal\/2024\/10\/26\/sinfonica-chuquiago-presenta-especial-de-halloween-dedicado-a-tim-burton\/#primaryimage"},"thumbnailUrl":"https:\/\/www.eldiario.net\/portal\/wp-content\/uploads\/2024\/10\/1-PRINCIPAL-8.jpg","datePublished":"2024-10-26T11:10:41+00:00","breadcrumb":{"@id":"https:\/\/www.eldiario.net\/portal\/2024\/10\/26\/sinfonica-chuquiago-presenta-especial-de-halloween-dedicado-a-tim-burton\/#breadcrumb"},"inLanguage":"es","potentialAction":[{"@type":"ReadAction","target":["https:\/\/www.eldiario.net\/portal\/2024\/10\/26\/sinfonica-chuquiago-presenta-especial-de-halloween-dedicado-a-tim-burton\/"]}]},{"@type":"ImageObject","inLanguage":"es","@id":"https:\/\/www.eldiario.net\/portal\/2024\/10\/26\/sinfonica-chuquiago-presenta-especial-de-halloween-dedicado-a-tim-burton\/#primaryimage","url":"https:\/\/www.eldiario.net\/portal\/wp-content\/uploads\/2024\/10\/1-PRINCIPAL-8.jpg","contentUrl":"https:\/\/www.eldiario.net\/portal\/wp-content\/uploads\/2024\/10\/1-PRINCIPAL-8.jpg","width":1200,"height":722},{"@type":"BreadcrumbList","@id":"https:\/\/www.eldiario.net\/portal\/2024\/10\/26\/sinfonica-chuquiago-presenta-especial-de-halloween-dedicado-a-tim-burton\/#breadcrumb","itemListElement":[{"@type":"ListItem","position":1,"name":"Portada","item":"https:\/\/www.eldiario.net\/portal\/"},{"@type":"ListItem","position":2,"name":"Sinf\u00f3nica Chuquiago presenta especial de Halloween dedicado a Tim Burton"}]},{"@type":"WebSite","@id":"https:\/\/www.eldiario.net\/portal\/#website","url":"https:\/\/www.eldiario.net\/portal\/","name":"El Diario - Decano de la prensa nacional","description":"El Diario - Decano de la prensa nacional","publisher":{"@id":"https:\/\/www.eldiario.net\/portal\/#organization"},"potentialAction":[{"@type":"SearchAction","target":{"@type":"EntryPoint","urlTemplate":"https:\/\/www.eldiario.net\/portal\/?s={search_term_string}"},"query-input":{"@type":"PropertyValueSpecification","valueRequired":true,"valueName":"search_term_string"}}],"inLanguage":"es"},{"@type":"Organization","@id":"https:\/\/www.eldiario.net\/portal\/#organization","name":"El Diario - Decano de la prensa nacional","url":"https:\/\/www.eldiario.net\/portal\/","logo":{"@type":"ImageObject","inLanguage":"es","@id":"https:\/\/www.eldiario.net\/portal\/#\/schema\/logo\/image\/","url":"https:\/\/www.eldiario.net\/portal\/wp-content\/uploads\/2023\/07\/logo_ED.jpg","contentUrl":"https:\/\/www.eldiario.net\/portal\/wp-content\/uploads\/2023\/07\/logo_ED.jpg","width":272,"height":52,"caption":"El Diario - Decano de la prensa nacional"},"image":{"@id":"https:\/\/www.eldiario.net\/portal\/#\/schema\/logo\/image\/"},"sameAs":["https:\/\/www.facebook.com\/eldiario.bolivia\/","https:\/\/x.com\/eldiario_net"]},{"@type":"Person","@id":"https:\/\/www.eldiario.net\/portal\/#\/schema\/person\/f46445640444750d7d753ccd04ae01b7","name":"Jeanette","image":{"@type":"ImageObject","inLanguage":"es","@id":"https:\/\/secure.gravatar.com\/avatar\/3ea2118a5f7dad2b7138b1187a6b7ee55f160b9968b66013c3a3ef39dd7e5798?s=96&d=mm&r=g","url":"https:\/\/secure.gravatar.com\/avatar\/3ea2118a5f7dad2b7138b1187a6b7ee55f160b9968b66013c3a3ef39dd7e5798?s=96&d=mm&r=g","contentUrl":"https:\/\/secure.gravatar.com\/avatar\/3ea2118a5f7dad2b7138b1187a6b7ee55f160b9968b66013c3a3ef39dd7e5798?s=96&d=mm&r=g","caption":"Jeanette"},"sameAs":["https:\/\/www.eldiario.net\/portal"],"url":"https:\/\/www.eldiario.net\/portal\/author\/jeanette\/"}]}},"_links":{"self":[{"href":"https:\/\/www.eldiario.net\/portal\/wp-json\/wp\/v2\/posts\/256665","targetHints":{"allow":["GET"]}}],"collection":[{"href":"https:\/\/www.eldiario.net\/portal\/wp-json\/wp\/v2\/posts"}],"about":[{"href":"https:\/\/www.eldiario.net\/portal\/wp-json\/wp\/v2\/types\/post"}],"author":[{"embeddable":true,"href":"https:\/\/www.eldiario.net\/portal\/wp-json\/wp\/v2\/users\/1"}],"replies":[{"embeddable":true,"href":"https:\/\/www.eldiario.net\/portal\/wp-json\/wp\/v2\/comments?post=256665"}],"version-history":[{"count":1,"href":"https:\/\/www.eldiario.net\/portal\/wp-json\/wp\/v2\/posts\/256665\/revisions"}],"predecessor-version":[{"id":256675,"href":"https:\/\/www.eldiario.net\/portal\/wp-json\/wp\/v2\/posts\/256665\/revisions\/256675"}],"wp:featuredmedia":[{"embeddable":true,"href":"https:\/\/www.eldiario.net\/portal\/wp-json\/wp\/v2\/media\/256666"}],"wp:attachment":[{"href":"https:\/\/www.eldiario.net\/portal\/wp-json\/wp\/v2\/media?parent=256665"}],"wp:term":[{"taxonomy":"category","embeddable":true,"href":"https:\/\/www.eldiario.net\/portal\/wp-json\/wp\/v2\/categories?post=256665"},{"taxonomy":"post_tag","embeddable":true,"href":"https:\/\/www.eldiario.net\/portal\/wp-json\/wp\/v2\/tags?post=256665"}],"curies":[{"name":"wp","href":"https:\/\/api.w.org\/{rel}","templated":true}]}}