{"id":256650,"date":"2024-10-26T06:59:41","date_gmt":"2024-10-26T10:59:41","guid":{"rendered":"https:\/\/www.eldiario.net\/portal\/?p=256650"},"modified":"2024-10-26T06:59:41","modified_gmt":"2024-10-26T10:59:41","slug":"la-tricolor-flameara-en-el-dakar","status":"publish","type":"post","link":"https:\/\/www.eldiario.net\/portal\/2024\/10\/26\/la-tricolor-flameara-en-el-dakar\/","title":{"rendered":"La tricolor flamear\u00e1 en el Dakar"},"content":{"rendered":"<p>\u201cYES! Nos vamos por mi 7\u00b0 Dakar con mucha motivaci\u00f3n y ganas!! #vamos\u201d (sic), escribi\u00f3 Daniel Nosiglia a trav\u00e9s de sus Redes Sociales, para anunciar que Bolivia estar\u00e1 presente en el rally m\u00e1s importante y duro del mundo, en este 2025.<br \/>\nDaniel, uno los pr\u00edncipes de la \u00abDinast\u00eda Nosiglia\u00bb con apenas 30 a\u00f1os de edad ya particip\u00f3 en seis versiones del Rally Dakar y aunque en este 2024 estuvo ausente de la cita, dijo que su preparaci\u00f3n es \u00f3ptima para volver, y con m\u00e1s fuerza, para la versi\u00f3n del 2025.<br \/>\nLa competici\u00f3n se desarrollar\u00e1 del 3 al 17 de enero del pr\u00f3ximo a\u00f1o en el desierto \u00e1rabe y a decir del mismo piloto, \u00abse trata de un nuevo desaf\u00edo que tanto \u00e9l como su equipo lo est\u00e1n asumiendo con mucha responsabilidad y tiempo para la preparaci\u00f3n de la m\u00e1quina y de m\u00ed mismo\u00bb, dijo.<br \/>\n\u00abHasta noviembre m\u00e1ximo daremos a conocer con qu\u00e9 equipo nos presentaremos en el Rally Dakar 2025 y sabemos que tenemos las suficientes condiciones para competir\u00bb, remarc\u00f3 el valor boliviano en declaraciones para una red televisora local.<br \/>\nLa \u00faltima vez que Daniel estuvo presente en esta competencia fue en 2023 y seg\u00fan se inform\u00f3 a su tiempo, en este 2024, Bolivia no tuvo representaci\u00f3n en el Dakar debido a la falta de presupuesto necesario.<br \/>\nNosiglia durante todo este a\u00f1o tuvo la mente puesta en la prueba m\u00e1s peligrosa del mundo.<br \/>\nEl Rally del 2025 cubrir\u00e1 todo el territorio de Arabia Saudita, pero en esta nueva versi\u00f3n, tendr\u00e1 menos etapas de piedras y concluir\u00e1 en el sudoeste. La llegada ser\u00e1 en Shubaytah-Empty Quarter.<br \/>\nLa tricolor de Bolivia flamear\u00e1 en el inconmensurable desierto \u00e1rabe, una vez m\u00e1s, gracias al talento y excelencia de Daniel Nosiglia.<br \/>\n\u00abEstamos encarando con mucha responsabilidad este nuevo reto. Tenemos la experiencia necesaria para nuevamente hacer una inolvidable carrera\u00bb, concluy\u00f3.<\/p>\n<p><img loading=\"lazy\" decoding=\"async\" class=\"alignleft size-full wp-image-256652\" src=\"https:\/\/www.eldiario.net\/portal\/wp-content\/uploads\/2024\/10\/FOTO-1-A-1.jpg\" alt=\"\" width=\"960\" height=\"697\" srcset=\"https:\/\/www.eldiario.net\/portal\/wp-content\/uploads\/2024\/10\/FOTO-1-A-1.jpg 960w, https:\/\/www.eldiario.net\/portal\/wp-content\/uploads\/2024\/10\/FOTO-1-A-1-300x218.jpg 300w, https:\/\/www.eldiario.net\/portal\/wp-content\/uploads\/2024\/10\/FOTO-1-A-1-768x558.jpg 768w, https:\/\/www.eldiario.net\/portal\/wp-content\/uploads\/2024\/10\/FOTO-1-A-1-578x420.jpg 578w, https:\/\/www.eldiario.net\/portal\/wp-content\/uploads\/2024\/10\/FOTO-1-A-1-696x505.jpg 696w\" sizes=\"auto, (max-width: 960px) 100vw, 960px\" \/><\/p>\n<p><em><strong>GHILKA SANABRIA<\/strong><\/em><\/p>\n","protected":false},"excerpt":{"rendered":"<p>\u201cYES! Nos vamos por mi 7\u00b0 Dakar con mucha motivaci\u00f3n y ganas!! #vamos\u201d (sic), escribi\u00f3 Daniel Nosiglia a trav\u00e9s de sus Redes Sociales, para anunciar que Bolivia estar\u00e1 presente en el rally m\u00e1s importante y duro del mundo, en este 2025. Daniel, uno los pr\u00edncipes de la \u00abDinast\u00eda Nosiglia\u00bb con apenas 30 a\u00f1os de edad [&hellip;]<\/p>\n","protected":false},"author":1,"featured_media":256651,"comment_status":"closed","ping_status":"open","sticky":false,"template":"","format":"standard","meta":{"_acf_changed":false,"footnotes":""},"categories":[6],"tags":[],"class_list":["post-256650","post","type-post","status-publish","format-standard","has-post-thumbnail","category-deportes"],"acf":{"antetitulo":"DANIEL NOSIGLIA"},"yoast_head":"<!-- This site is optimized with the Yoast SEO plugin v28.3 - https:\/\/yoast.com\/product\/yoast-seo-wordpress\/ -->\n<title>La tricolor flamear\u00e1 en el Dakar - El Diario - Bolivia<\/title>\n<meta name=\"robots\" content=\"index, follow, max-snippet:-1, max-image-preview:large, max-video-preview:-1\" \/>\n<link rel=\"canonical\" href=\"https:\/\/www.eldiario.net\/portal\/2024\/10\/26\/la-tricolor-flameara-en-el-dakar\/\" \/>\n<meta property=\"og:locale\" content=\"es_ES\" \/>\n<meta property=\"og:type\" content=\"article\" \/>\n<meta property=\"og:title\" content=\"La tricolor flamear\u00e1 en el Dakar - El Diario - Bolivia\" \/>\n<meta property=\"og:description\" content=\"\u201cYES! Nos vamos por mi 7\u00b0 Dakar con mucha motivaci\u00f3n y ganas!! #vamos\u201d (sic), escribi\u00f3 Daniel Nosiglia a trav\u00e9s de sus Redes Sociales, para anunciar que Bolivia estar\u00e1 presente en el rally m\u00e1s importante y duro del mundo, en este 2025. Daniel, uno los pr\u00edncipes de la \u00abDinast\u00eda Nosiglia\u00bb con apenas 30 a\u00f1os de edad [&hellip;]\" \/>\n<meta property=\"og:url\" content=\"https:\/\/www.eldiario.net\/portal\/2024\/10\/26\/la-tricolor-flameara-en-el-dakar\/\" \/>\n<meta property=\"og:site_name\" content=\"El Diario - Bolivia\" \/>\n<meta property=\"article:publisher\" content=\"https:\/\/www.facebook.com\/eldiario.bolivia\/\" \/>\n<meta property=\"article:published_time\" content=\"2024-10-26T10:59:41+00:00\" \/>\n<meta property=\"og:image\" content=\"https:\/\/www.eldiario.net\/portal\/wp-content\/uploads\/2024\/10\/FOTO-1-B-1.jpg\" \/>\n\t<meta property=\"og:image:width\" content=\"526\" \/>\n\t<meta property=\"og:image:height\" content=\"526\" \/>\n\t<meta property=\"og:image:type\" content=\"image\/jpeg\" \/>\n<meta name=\"author\" content=\"Jeanette\" \/>\n<meta name=\"twitter:card\" content=\"summary_large_image\" \/>\n<meta name=\"twitter:creator\" content=\"@eldiario_net\" \/>\n<meta name=\"twitter:site\" content=\"@eldiario_net\" \/>\n<meta name=\"twitter:label1\" content=\"Escrito por\" \/>\n\t<meta name=\"twitter:data1\" content=\"Jeanette\" \/>\n\t<meta name=\"twitter:label2\" content=\"Tiempo de lectura\" \/>\n\t<meta name=\"twitter:data2\" content=\"2 minutos\" \/>\n<script type=\"application\/ld+json\" class=\"yoast-schema-graph\">{\"@context\":\"https:\\\/\\\/schema.org\",\"@graph\":[{\"@type\":\"Article\",\"@id\":\"https:\\\/\\\/www.eldiario.net\\\/portal\\\/2024\\\/10\\\/26\\\/la-tricolor-flameara-en-el-dakar\\\/#article\",\"isPartOf\":{\"@id\":\"https:\\\/\\\/www.eldiario.net\\\/portal\\\/2024\\\/10\\\/26\\\/la-tricolor-flameara-en-el-dakar\\\/\"},\"author\":{\"name\":\"Jeanette\",\"@id\":\"https:\\\/\\\/www.eldiario.net\\\/portal\\\/#\\\/schema\\\/person\\\/f46445640444750d7d753ccd04ae01b7\"},\"headline\":\"La tricolor flamear\u00e1 en el Dakar\",\"datePublished\":\"2024-10-26T10:59:41+00:00\",\"mainEntityOfPage\":{\"@id\":\"https:\\\/\\\/www.eldiario.net\\\/portal\\\/2024\\\/10\\\/26\\\/la-tricolor-flameara-en-el-dakar\\\/\"},\"wordCount\":325,\"publisher\":{\"@id\":\"https:\\\/\\\/www.eldiario.net\\\/portal\\\/#organization\"},\"image\":{\"@id\":\"https:\\\/\\\/www.eldiario.net\\\/portal\\\/2024\\\/10\\\/26\\\/la-tricolor-flameara-en-el-dakar\\\/#primaryimage\"},\"thumbnailUrl\":\"https:\\\/\\\/www.eldiario.net\\\/portal\\\/wp-content\\\/uploads\\\/2024\\\/10\\\/FOTO-1-B-1.jpg\",\"articleSection\":[\"Deportes\"],\"inLanguage\":\"es\"},{\"@type\":\"WebPage\",\"@id\":\"https:\\\/\\\/www.eldiario.net\\\/portal\\\/2024\\\/10\\\/26\\\/la-tricolor-flameara-en-el-dakar\\\/\",\"url\":\"https:\\\/\\\/www.eldiario.net\\\/portal\\\/2024\\\/10\\\/26\\\/la-tricolor-flameara-en-el-dakar\\\/\",\"name\":\"La tricolor flamear\u00e1 en el Dakar - El Diario - Bolivia\",\"isPartOf\":{\"@id\":\"https:\\\/\\\/www.eldiario.net\\\/portal\\\/#website\"},\"primaryImageOfPage\":{\"@id\":\"https:\\\/\\\/www.eldiario.net\\\/portal\\\/2024\\\/10\\\/26\\\/la-tricolor-flameara-en-el-dakar\\\/#primaryimage\"},\"image\":{\"@id\":\"https:\\\/\\\/www.eldiario.net\\\/portal\\\/2024\\\/10\\\/26\\\/la-tricolor-flameara-en-el-dakar\\\/#primaryimage\"},\"thumbnailUrl\":\"https:\\\/\\\/www.eldiario.net\\\/portal\\\/wp-content\\\/uploads\\\/2024\\\/10\\\/FOTO-1-B-1.jpg\",\"datePublished\":\"2024-10-26T10:59:41+00:00\",\"breadcrumb\":{\"@id\":\"https:\\\/\\\/www.eldiario.net\\\/portal\\\/2024\\\/10\\\/26\\\/la-tricolor-flameara-en-el-dakar\\\/#breadcrumb\"},\"inLanguage\":\"es\",\"potentialAction\":[{\"@type\":\"ReadAction\",\"target\":[\"https:\\\/\\\/www.eldiario.net\\\/portal\\\/2024\\\/10\\\/26\\\/la-tricolor-flameara-en-el-dakar\\\/\"]}]},{\"@type\":\"ImageObject\",\"inLanguage\":\"es\",\"@id\":\"https:\\\/\\\/www.eldiario.net\\\/portal\\\/2024\\\/10\\\/26\\\/la-tricolor-flameara-en-el-dakar\\\/#primaryimage\",\"url\":\"https:\\\/\\\/www.eldiario.net\\\/portal\\\/wp-content\\\/uploads\\\/2024\\\/10\\\/FOTO-1-B-1.jpg\",\"contentUrl\":\"https:\\\/\\\/www.eldiario.net\\\/portal\\\/wp-content\\\/uploads\\\/2024\\\/10\\\/FOTO-1-B-1.jpg\",\"width\":526,\"height\":526},{\"@type\":\"BreadcrumbList\",\"@id\":\"https:\\\/\\\/www.eldiario.net\\\/portal\\\/2024\\\/10\\\/26\\\/la-tricolor-flameara-en-el-dakar\\\/#breadcrumb\",\"itemListElement\":[{\"@type\":\"ListItem\",\"position\":1,\"name\":\"Portada\",\"item\":\"https:\\\/\\\/www.eldiario.net\\\/portal\\\/\"},{\"@type\":\"ListItem\",\"position\":2,\"name\":\"La tricolor flamear\u00e1 en el Dakar\"}]},{\"@type\":\"WebSite\",\"@id\":\"https:\\\/\\\/www.eldiario.net\\\/portal\\\/#website\",\"url\":\"https:\\\/\\\/www.eldiario.net\\\/portal\\\/\",\"name\":\"El Diario - Decano de la prensa nacional\",\"description\":\"El Diario - Decano de la prensa nacional\",\"publisher\":{\"@id\":\"https:\\\/\\\/www.eldiario.net\\\/portal\\\/#organization\"},\"potentialAction\":[{\"@type\":\"SearchAction\",\"target\":{\"@type\":\"EntryPoint\",\"urlTemplate\":\"https:\\\/\\\/www.eldiario.net\\\/portal\\\/?s={search_term_string}\"},\"query-input\":{\"@type\":\"PropertyValueSpecification\",\"valueRequired\":true,\"valueName\":\"search_term_string\"}}],\"inLanguage\":\"es\"},{\"@type\":\"Organization\",\"@id\":\"https:\\\/\\\/www.eldiario.net\\\/portal\\\/#organization\",\"name\":\"El Diario - Decano de la prensa nacional\",\"url\":\"https:\\\/\\\/www.eldiario.net\\\/portal\\\/\",\"logo\":{\"@type\":\"ImageObject\",\"inLanguage\":\"es\",\"@id\":\"https:\\\/\\\/www.eldiario.net\\\/portal\\\/#\\\/schema\\\/logo\\\/image\\\/\",\"url\":\"https:\\\/\\\/www.eldiario.net\\\/portal\\\/wp-content\\\/uploads\\\/2023\\\/07\\\/logo_ED.jpg\",\"contentUrl\":\"https:\\\/\\\/www.eldiario.net\\\/portal\\\/wp-content\\\/uploads\\\/2023\\\/07\\\/logo_ED.jpg\",\"width\":272,\"height\":52,\"caption\":\"El Diario - Decano de la prensa nacional\"},\"image\":{\"@id\":\"https:\\\/\\\/www.eldiario.net\\\/portal\\\/#\\\/schema\\\/logo\\\/image\\\/\"},\"sameAs\":[\"https:\\\/\\\/www.facebook.com\\\/eldiario.bolivia\\\/\",\"https:\\\/\\\/x.com\\\/eldiario_net\"]},{\"@type\":\"Person\",\"@id\":\"https:\\\/\\\/www.eldiario.net\\\/portal\\\/#\\\/schema\\\/person\\\/f46445640444750d7d753ccd04ae01b7\",\"name\":\"Jeanette\",\"image\":{\"@type\":\"ImageObject\",\"inLanguage\":\"es\",\"@id\":\"https:\\\/\\\/secure.gravatar.com\\\/avatar\\\/3ea2118a5f7dad2b7138b1187a6b7ee55f160b9968b66013c3a3ef39dd7e5798?s=96&d=mm&r=g\",\"url\":\"https:\\\/\\\/secure.gravatar.com\\\/avatar\\\/3ea2118a5f7dad2b7138b1187a6b7ee55f160b9968b66013c3a3ef39dd7e5798?s=96&d=mm&r=g\",\"contentUrl\":\"https:\\\/\\\/secure.gravatar.com\\\/avatar\\\/3ea2118a5f7dad2b7138b1187a6b7ee55f160b9968b66013c3a3ef39dd7e5798?s=96&d=mm&r=g\",\"caption\":\"Jeanette\"},\"sameAs\":[\"https:\\\/\\\/www.eldiario.net\\\/portal\"],\"url\":\"https:\\\/\\\/www.eldiario.net\\\/portal\\\/author\\\/jeanette\\\/\"}]}<\/script>\n<!-- \/ Yoast SEO plugin. -->","yoast_head_json":{"title":"La tricolor flamear\u00e1 en el Dakar - El Diario - Bolivia","robots":{"index":"index","follow":"follow","max-snippet":"max-snippet:-1","max-image-preview":"max-image-preview:large","max-video-preview":"max-video-preview:-1"},"canonical":"https:\/\/www.eldiario.net\/portal\/2024\/10\/26\/la-tricolor-flameara-en-el-dakar\/","og_locale":"es_ES","og_type":"article","og_title":"La tricolor flamear\u00e1 en el Dakar - El Diario - Bolivia","og_description":"\u201cYES! Nos vamos por mi 7\u00b0 Dakar con mucha motivaci\u00f3n y ganas!! #vamos\u201d (sic), escribi\u00f3 Daniel Nosiglia a trav\u00e9s de sus Redes Sociales, para anunciar que Bolivia estar\u00e1 presente en el rally m\u00e1s importante y duro del mundo, en este 2025. Daniel, uno los pr\u00edncipes de la \u00abDinast\u00eda Nosiglia\u00bb con apenas 30 a\u00f1os de edad [&hellip;]","og_url":"https:\/\/www.eldiario.net\/portal\/2024\/10\/26\/la-tricolor-flameara-en-el-dakar\/","og_site_name":"El Diario - Bolivia","article_publisher":"https:\/\/www.facebook.com\/eldiario.bolivia\/","article_published_time":"2024-10-26T10:59:41+00:00","og_image":[{"width":526,"height":526,"url":"https:\/\/www.eldiario.net\/portal\/wp-content\/uploads\/2024\/10\/FOTO-1-B-1.jpg","type":"image\/jpeg"}],"author":"Jeanette","twitter_card":"summary_large_image","twitter_creator":"@eldiario_net","twitter_site":"@eldiario_net","twitter_misc":{"Escrito por":"Jeanette","Tiempo de lectura":"2 minutos"},"schema":{"@context":"https:\/\/schema.org","@graph":[{"@type":"Article","@id":"https:\/\/www.eldiario.net\/portal\/2024\/10\/26\/la-tricolor-flameara-en-el-dakar\/#article","isPartOf":{"@id":"https:\/\/www.eldiario.net\/portal\/2024\/10\/26\/la-tricolor-flameara-en-el-dakar\/"},"author":{"name":"Jeanette","@id":"https:\/\/www.eldiario.net\/portal\/#\/schema\/person\/f46445640444750d7d753ccd04ae01b7"},"headline":"La tricolor flamear\u00e1 en el Dakar","datePublished":"2024-10-26T10:59:41+00:00","mainEntityOfPage":{"@id":"https:\/\/www.eldiario.net\/portal\/2024\/10\/26\/la-tricolor-flameara-en-el-dakar\/"},"wordCount":325,"publisher":{"@id":"https:\/\/www.eldiario.net\/portal\/#organization"},"image":{"@id":"https:\/\/www.eldiario.net\/portal\/2024\/10\/26\/la-tricolor-flameara-en-el-dakar\/#primaryimage"},"thumbnailUrl":"https:\/\/www.eldiario.net\/portal\/wp-content\/uploads\/2024\/10\/FOTO-1-B-1.jpg","articleSection":["Deportes"],"inLanguage":"es"},{"@type":"WebPage","@id":"https:\/\/www.eldiario.net\/portal\/2024\/10\/26\/la-tricolor-flameara-en-el-dakar\/","url":"https:\/\/www.eldiario.net\/portal\/2024\/10\/26\/la-tricolor-flameara-en-el-dakar\/","name":"La tricolor flamear\u00e1 en el Dakar - El Diario - Bolivia","isPartOf":{"@id":"https:\/\/www.eldiario.net\/portal\/#website"},"primaryImageOfPage":{"@id":"https:\/\/www.eldiario.net\/portal\/2024\/10\/26\/la-tricolor-flameara-en-el-dakar\/#primaryimage"},"image":{"@id":"https:\/\/www.eldiario.net\/portal\/2024\/10\/26\/la-tricolor-flameara-en-el-dakar\/#primaryimage"},"thumbnailUrl":"https:\/\/www.eldiario.net\/portal\/wp-content\/uploads\/2024\/10\/FOTO-1-B-1.jpg","datePublished":"2024-10-26T10:59:41+00:00","breadcrumb":{"@id":"https:\/\/www.eldiario.net\/portal\/2024\/10\/26\/la-tricolor-flameara-en-el-dakar\/#breadcrumb"},"inLanguage":"es","potentialAction":[{"@type":"ReadAction","target":["https:\/\/www.eldiario.net\/portal\/2024\/10\/26\/la-tricolor-flameara-en-el-dakar\/"]}]},{"@type":"ImageObject","inLanguage":"es","@id":"https:\/\/www.eldiario.net\/portal\/2024\/10\/26\/la-tricolor-flameara-en-el-dakar\/#primaryimage","url":"https:\/\/www.eldiario.net\/portal\/wp-content\/uploads\/2024\/10\/FOTO-1-B-1.jpg","contentUrl":"https:\/\/www.eldiario.net\/portal\/wp-content\/uploads\/2024\/10\/FOTO-1-B-1.jpg","width":526,"height":526},{"@type":"BreadcrumbList","@id":"https:\/\/www.eldiario.net\/portal\/2024\/10\/26\/la-tricolor-flameara-en-el-dakar\/#breadcrumb","itemListElement":[{"@type":"ListItem","position":1,"name":"Portada","item":"https:\/\/www.eldiario.net\/portal\/"},{"@type":"ListItem","position":2,"name":"La tricolor flamear\u00e1 en el Dakar"}]},{"@type":"WebSite","@id":"https:\/\/www.eldiario.net\/portal\/#website","url":"https:\/\/www.eldiario.net\/portal\/","name":"El Diario - Decano de la prensa nacional","description":"El Diario - Decano de la prensa nacional","publisher":{"@id":"https:\/\/www.eldiario.net\/portal\/#organization"},"potentialAction":[{"@type":"SearchAction","target":{"@type":"EntryPoint","urlTemplate":"https:\/\/www.eldiario.net\/portal\/?s={search_term_string}"},"query-input":{"@type":"PropertyValueSpecification","valueRequired":true,"valueName":"search_term_string"}}],"inLanguage":"es"},{"@type":"Organization","@id":"https:\/\/www.eldiario.net\/portal\/#organization","name":"El Diario - Decano de la prensa nacional","url":"https:\/\/www.eldiario.net\/portal\/","logo":{"@type":"ImageObject","inLanguage":"es","@id":"https:\/\/www.eldiario.net\/portal\/#\/schema\/logo\/image\/","url":"https:\/\/www.eldiario.net\/portal\/wp-content\/uploads\/2023\/07\/logo_ED.jpg","contentUrl":"https:\/\/www.eldiario.net\/portal\/wp-content\/uploads\/2023\/07\/logo_ED.jpg","width":272,"height":52,"caption":"El Diario - Decano de la prensa nacional"},"image":{"@id":"https:\/\/www.eldiario.net\/portal\/#\/schema\/logo\/image\/"},"sameAs":["https:\/\/www.facebook.com\/eldiario.bolivia\/","https:\/\/x.com\/eldiario_net"]},{"@type":"Person","@id":"https:\/\/www.eldiario.net\/portal\/#\/schema\/person\/f46445640444750d7d753ccd04ae01b7","name":"Jeanette","image":{"@type":"ImageObject","inLanguage":"es","@id":"https:\/\/secure.gravatar.com\/avatar\/3ea2118a5f7dad2b7138b1187a6b7ee55f160b9968b66013c3a3ef39dd7e5798?s=96&d=mm&r=g","url":"https:\/\/secure.gravatar.com\/avatar\/3ea2118a5f7dad2b7138b1187a6b7ee55f160b9968b66013c3a3ef39dd7e5798?s=96&d=mm&r=g","contentUrl":"https:\/\/secure.gravatar.com\/avatar\/3ea2118a5f7dad2b7138b1187a6b7ee55f160b9968b66013c3a3ef39dd7e5798?s=96&d=mm&r=g","caption":"Jeanette"},"sameAs":["https:\/\/www.eldiario.net\/portal"],"url":"https:\/\/www.eldiario.net\/portal\/author\/jeanette\/"}]}},"_links":{"self":[{"href":"https:\/\/www.eldiario.net\/portal\/wp-json\/wp\/v2\/posts\/256650","targetHints":{"allow":["GET"]}}],"collection":[{"href":"https:\/\/www.eldiario.net\/portal\/wp-json\/wp\/v2\/posts"}],"about":[{"href":"https:\/\/www.eldiario.net\/portal\/wp-json\/wp\/v2\/types\/post"}],"author":[{"embeddable":true,"href":"https:\/\/www.eldiario.net\/portal\/wp-json\/wp\/v2\/users\/1"}],"replies":[{"embeddable":true,"href":"https:\/\/www.eldiario.net\/portal\/wp-json\/wp\/v2\/comments?post=256650"}],"version-history":[{"count":2,"href":"https:\/\/www.eldiario.net\/portal\/wp-json\/wp\/v2\/posts\/256650\/revisions"}],"predecessor-version":[{"id":256654,"href":"https:\/\/www.eldiario.net\/portal\/wp-json\/wp\/v2\/posts\/256650\/revisions\/256654"}],"wp:featuredmedia":[{"embeddable":true,"href":"https:\/\/www.eldiario.net\/portal\/wp-json\/wp\/v2\/media\/256651"}],"wp:attachment":[{"href":"https:\/\/www.eldiario.net\/portal\/wp-json\/wp\/v2\/media?parent=256650"}],"wp:term":[{"taxonomy":"category","embeddable":true,"href":"https:\/\/www.eldiario.net\/portal\/wp-json\/wp\/v2\/categories?post=256650"},{"taxonomy":"post_tag","embeddable":true,"href":"https:\/\/www.eldiario.net\/portal\/wp-json\/wp\/v2\/tags?post=256650"}],"curies":[{"name":"wp","href":"https:\/\/api.w.org\/{rel}","templated":true}]}}