{"id":256647,"date":"2024-10-26T06:58:33","date_gmt":"2024-10-26T10:58:33","guid":{"rendered":"https:\/\/www.eldiario.net\/portal\/?p=256647"},"modified":"2024-10-26T06:58:33","modified_gmt":"2024-10-26T10:58:33","slug":"toby-price-y-sam-sunderland-dan-el-salto","status":"publish","type":"post","link":"https:\/\/www.eldiario.net\/portal\/2024\/10\/26\/toby-price-y-sam-sunderland-dan-el-salto\/","title":{"rendered":"Toby Price y Sam Sunderland dan el salto"},"content":{"rendered":"<p>El Dakar 2025 tendr\u00e1 entre sus participantes a dos pilotos ilustres como Toby Price y Sam Sunderland, ganadores de dos ediciones (2016\/2019 y 2017\/2022, respectivamente) en la categor\u00eda de motos.<br \/>\nSin embargo&#8230; no ser\u00e1 sobre dos ruedas (ambos anunciaron a principios de 2024 que dejaban las motos), sino formando equipo y a bordo de uno de los coches m\u00e1s competitivos de la categor\u00eda reina. Porque el australiano y el brit\u00e1nico ser\u00e1n pareja en uno de los Toyota Hilux T1 + del equipo Overdrive.<br \/>\n\u00abEmocionado de anunciar que mi copiloto Sam Sunderland y yo estaremos en la salida del Dakar 2025, junto con Overdrive Racing en un coche de la categor\u00eda T1+. \u201cEs un sue\u00f1o cumplido que llega despu\u00e9s de mucho trabajo para conseguirlo. Es incre\u00edble que al final lo hayamos logrado\u00bb, dec\u00eda Price en un mensaje en Redes Sociales.<br \/>\nAs\u00ed lo ha anunciado el australiano, que cumple un sue\u00f1o que no ocultaba ni desde el a\u00f1o de su primera victoria dakariana, cuando ya manifestaba que su futuro estar\u00eda en las cuatro ruedas. De hecho, lleva ya varios a\u00f1os haciendo sus &#8216;pinitos&#8217; compitiendo en su pa\u00eds natal y en Estados Unidos con diferentes tipos de veh\u00edculos, especialmente los supertrucks, pero tambi\u00e9n los de rallies.<br \/>\nCUATRO TOUAREG EN UN MISMO COCHE<br \/>\nSunderland ser\u00e1 su copiloto, y aunque tendr\u00e1 la desventaja de la inexperiencia sobre cuatro ruedas, ser\u00e1 menos h\u00e1ndicap ya que los pilotos de motos deben guiar la m\u00e1quina y a la vez navegar, de ah\u00ed que muchos de ellos tengan menos problemas para dar el salto al asiento de la derecha de un coche, como ser\u00e1 ahora el caso del brit\u00e1nico.<br \/>\nToyota Overdrive, adem\u00e1s, consigue reclutar a una pareja medi\u00e1tica con la que llenar el hueco que dej\u00f3 el belga Guillaume de Mevius, uno de los pilotos j\u00f3venes m\u00e1s prometedores (de hecho, fue podio en el pasado Rally Dakar 2024), que encabezar\u00e1 el equipo Mini. (MARCA)<\/p>\n","protected":false},"excerpt":{"rendered":"<p>El Dakar 2025 tendr\u00e1 entre sus participantes a dos pilotos ilustres como Toby Price y Sam Sunderland, ganadores de dos ediciones (2016\/2019 y 2017\/2022, respectivamente) en la categor\u00eda de motos. Sin embargo&#8230; no ser\u00e1 sobre dos ruedas (ambos anunciaron a principios de 2024 que dejaban las motos), sino formando equipo y a bordo de uno [&hellip;]<\/p>\n","protected":false},"author":1,"featured_media":256648,"comment_status":"closed","ping_status":"open","sticky":false,"template":"","format":"standard","meta":{"_acf_changed":false,"footnotes":""},"categories":[6],"tags":[],"class_list":["post-256647","post","type-post","status-publish","format-standard","has-post-thumbnail","category-deportes"],"acf":{"antetitulo":""},"yoast_head":"<!-- This site is optimized with the Yoast SEO plugin v28.4 - https:\/\/yoast.com\/product\/yoast-seo-wordpress\/ -->\n<title>Toby Price y Sam Sunderland dan el salto - El Diario - Bolivia<\/title>\n<meta name=\"robots\" content=\"index, follow, max-snippet:-1, max-image-preview:large, max-video-preview:-1\" \/>\n<link rel=\"canonical\" href=\"https:\/\/www.eldiario.net\/portal\/2024\/10\/26\/toby-price-y-sam-sunderland-dan-el-salto\/\" \/>\n<meta property=\"og:locale\" content=\"es_ES\" \/>\n<meta property=\"og:type\" content=\"article\" \/>\n<meta property=\"og:title\" content=\"Toby Price y Sam Sunderland dan el salto - El Diario - Bolivia\" \/>\n<meta property=\"og:description\" content=\"El Dakar 2025 tendr\u00e1 entre sus participantes a dos pilotos ilustres como Toby Price y Sam Sunderland, ganadores de dos ediciones (2016\/2019 y 2017\/2022, respectivamente) en la categor\u00eda de motos. Sin embargo&#8230; no ser\u00e1 sobre dos ruedas (ambos anunciaron a principios de 2024 que dejaban las motos), sino formando equipo y a bordo de uno [&hellip;]\" \/>\n<meta property=\"og:url\" content=\"https:\/\/www.eldiario.net\/portal\/2024\/10\/26\/toby-price-y-sam-sunderland-dan-el-salto\/\" \/>\n<meta property=\"og:site_name\" content=\"El Diario - Bolivia\" \/>\n<meta property=\"article:publisher\" content=\"https:\/\/www.facebook.com\/eldiario.bolivia\/\" \/>\n<meta property=\"article:published_time\" content=\"2024-10-26T10:58:33+00:00\" \/>\n<meta property=\"og:image\" content=\"https:\/\/www.eldiario.net\/portal\/wp-content\/uploads\/2024\/10\/FOTO-3-1.jpg\" \/>\n\t<meta property=\"og:image:width\" content=\"696\" \/>\n\t<meta property=\"og:image:height\" content=\"402\" \/>\n\t<meta property=\"og:image:type\" content=\"image\/jpeg\" \/>\n<meta name=\"author\" content=\"Jeanette\" \/>\n<meta name=\"twitter:card\" content=\"summary_large_image\" \/>\n<meta name=\"twitter:creator\" content=\"@eldiario_net\" \/>\n<meta name=\"twitter:site\" content=\"@eldiario_net\" \/>\n<meta name=\"twitter:label1\" content=\"Escrito por\" \/>\n\t<meta name=\"twitter:data1\" content=\"Jeanette\" \/>\n\t<meta name=\"twitter:label2\" content=\"Tiempo de lectura\" \/>\n\t<meta name=\"twitter:data2\" content=\"2 minutos\" \/>\n<script type=\"application\/ld+json\" class=\"yoast-schema-graph\">{\"@context\":\"https:\\\/\\\/schema.org\",\"@graph\":[{\"@type\":\"Article\",\"@id\":\"https:\\\/\\\/www.eldiario.net\\\/portal\\\/2024\\\/10\\\/26\\\/toby-price-y-sam-sunderland-dan-el-salto\\\/#article\",\"isPartOf\":{\"@id\":\"https:\\\/\\\/www.eldiario.net\\\/portal\\\/2024\\\/10\\\/26\\\/toby-price-y-sam-sunderland-dan-el-salto\\\/\"},\"author\":{\"name\":\"Jeanette\",\"@id\":\"https:\\\/\\\/www.eldiario.net\\\/portal\\\/#\\\/schema\\\/person\\\/f46445640444750d7d753ccd04ae01b7\"},\"headline\":\"Toby Price y Sam Sunderland dan el salto\",\"datePublished\":\"2024-10-26T10:58:33+00:00\",\"mainEntityOfPage\":{\"@id\":\"https:\\\/\\\/www.eldiario.net\\\/portal\\\/2024\\\/10\\\/26\\\/toby-price-y-sam-sunderland-dan-el-salto\\\/\"},\"wordCount\":340,\"publisher\":{\"@id\":\"https:\\\/\\\/www.eldiario.net\\\/portal\\\/#organization\"},\"image\":{\"@id\":\"https:\\\/\\\/www.eldiario.net\\\/portal\\\/2024\\\/10\\\/26\\\/toby-price-y-sam-sunderland-dan-el-salto\\\/#primaryimage\"},\"thumbnailUrl\":\"https:\\\/\\\/www.eldiario.net\\\/portal\\\/wp-content\\\/uploads\\\/2024\\\/10\\\/FOTO-3-1.jpg\",\"articleSection\":[\"Deportes\"],\"inLanguage\":\"es\"},{\"@type\":\"WebPage\",\"@id\":\"https:\\\/\\\/www.eldiario.net\\\/portal\\\/2024\\\/10\\\/26\\\/toby-price-y-sam-sunderland-dan-el-salto\\\/\",\"url\":\"https:\\\/\\\/www.eldiario.net\\\/portal\\\/2024\\\/10\\\/26\\\/toby-price-y-sam-sunderland-dan-el-salto\\\/\",\"name\":\"Toby Price y Sam Sunderland dan el salto - El Diario - Bolivia\",\"isPartOf\":{\"@id\":\"https:\\\/\\\/www.eldiario.net\\\/portal\\\/#website\"},\"primaryImageOfPage\":{\"@id\":\"https:\\\/\\\/www.eldiario.net\\\/portal\\\/2024\\\/10\\\/26\\\/toby-price-y-sam-sunderland-dan-el-salto\\\/#primaryimage\"},\"image\":{\"@id\":\"https:\\\/\\\/www.eldiario.net\\\/portal\\\/2024\\\/10\\\/26\\\/toby-price-y-sam-sunderland-dan-el-salto\\\/#primaryimage\"},\"thumbnailUrl\":\"https:\\\/\\\/www.eldiario.net\\\/portal\\\/wp-content\\\/uploads\\\/2024\\\/10\\\/FOTO-3-1.jpg\",\"datePublished\":\"2024-10-26T10:58:33+00:00\",\"breadcrumb\":{\"@id\":\"https:\\\/\\\/www.eldiario.net\\\/portal\\\/2024\\\/10\\\/26\\\/toby-price-y-sam-sunderland-dan-el-salto\\\/#breadcrumb\"},\"inLanguage\":\"es\",\"potentialAction\":[{\"@type\":\"ReadAction\",\"target\":[\"https:\\\/\\\/www.eldiario.net\\\/portal\\\/2024\\\/10\\\/26\\\/toby-price-y-sam-sunderland-dan-el-salto\\\/\"]}]},{\"@type\":\"ImageObject\",\"inLanguage\":\"es\",\"@id\":\"https:\\\/\\\/www.eldiario.net\\\/portal\\\/2024\\\/10\\\/26\\\/toby-price-y-sam-sunderland-dan-el-salto\\\/#primaryimage\",\"url\":\"https:\\\/\\\/www.eldiario.net\\\/portal\\\/wp-content\\\/uploads\\\/2024\\\/10\\\/FOTO-3-1.jpg\",\"contentUrl\":\"https:\\\/\\\/www.eldiario.net\\\/portal\\\/wp-content\\\/uploads\\\/2024\\\/10\\\/FOTO-3-1.jpg\",\"width\":696,\"height\":402,\"caption\":\"Grandes figuras estar\u00e1n presentes en el Rally m\u00e1s importante del mundo.\"},{\"@type\":\"BreadcrumbList\",\"@id\":\"https:\\\/\\\/www.eldiario.net\\\/portal\\\/2024\\\/10\\\/26\\\/toby-price-y-sam-sunderland-dan-el-salto\\\/#breadcrumb\",\"itemListElement\":[{\"@type\":\"ListItem\",\"position\":1,\"name\":\"Portada\",\"item\":\"https:\\\/\\\/www.eldiario.net\\\/portal\\\/\"},{\"@type\":\"ListItem\",\"position\":2,\"name\":\"Toby Price y Sam Sunderland dan el salto\"}]},{\"@type\":\"WebSite\",\"@id\":\"https:\\\/\\\/www.eldiario.net\\\/portal\\\/#website\",\"url\":\"https:\\\/\\\/www.eldiario.net\\\/portal\\\/\",\"name\":\"El Diario - Decano de la prensa nacional\",\"description\":\"El Diario - Decano de la prensa nacional\",\"publisher\":{\"@id\":\"https:\\\/\\\/www.eldiario.net\\\/portal\\\/#organization\"},\"potentialAction\":[{\"@type\":\"SearchAction\",\"target\":{\"@type\":\"EntryPoint\",\"urlTemplate\":\"https:\\\/\\\/www.eldiario.net\\\/portal\\\/?s={search_term_string}\"},\"query-input\":{\"@type\":\"PropertyValueSpecification\",\"valueRequired\":true,\"valueName\":\"search_term_string\"}}],\"inLanguage\":\"es\"},{\"@type\":\"Organization\",\"@id\":\"https:\\\/\\\/www.eldiario.net\\\/portal\\\/#organization\",\"name\":\"El Diario - Decano de la prensa nacional\",\"url\":\"https:\\\/\\\/www.eldiario.net\\\/portal\\\/\",\"logo\":{\"@type\":\"ImageObject\",\"inLanguage\":\"es\",\"@id\":\"https:\\\/\\\/www.eldiario.net\\\/portal\\\/#\\\/schema\\\/logo\\\/image\\\/\",\"url\":\"https:\\\/\\\/www.eldiario.net\\\/portal\\\/wp-content\\\/uploads\\\/2023\\\/07\\\/logo_ED.jpg\",\"contentUrl\":\"https:\\\/\\\/www.eldiario.net\\\/portal\\\/wp-content\\\/uploads\\\/2023\\\/07\\\/logo_ED.jpg\",\"width\":272,\"height\":52,\"caption\":\"El Diario - Decano de la prensa nacional\"},\"image\":{\"@id\":\"https:\\\/\\\/www.eldiario.net\\\/portal\\\/#\\\/schema\\\/logo\\\/image\\\/\"},\"sameAs\":[\"https:\\\/\\\/www.facebook.com\\\/eldiario.bolivia\\\/\",\"https:\\\/\\\/x.com\\\/eldiario_net\"]},{\"@type\":\"Person\",\"@id\":\"https:\\\/\\\/www.eldiario.net\\\/portal\\\/#\\\/schema\\\/person\\\/f46445640444750d7d753ccd04ae01b7\",\"name\":\"Jeanette\",\"image\":{\"@type\":\"ImageObject\",\"inLanguage\":\"es\",\"@id\":\"https:\\\/\\\/secure.gravatar.com\\\/avatar\\\/3ea2118a5f7dad2b7138b1187a6b7ee55f160b9968b66013c3a3ef39dd7e5798?s=96&d=mm&r=g\",\"url\":\"https:\\\/\\\/secure.gravatar.com\\\/avatar\\\/3ea2118a5f7dad2b7138b1187a6b7ee55f160b9968b66013c3a3ef39dd7e5798?s=96&d=mm&r=g\",\"contentUrl\":\"https:\\\/\\\/secure.gravatar.com\\\/avatar\\\/3ea2118a5f7dad2b7138b1187a6b7ee55f160b9968b66013c3a3ef39dd7e5798?s=96&d=mm&r=g\",\"caption\":\"Jeanette\"},\"sameAs\":[\"https:\\\/\\\/www.eldiario.net\\\/portal\"],\"url\":\"https:\\\/\\\/www.eldiario.net\\\/portal\\\/author\\\/jeanette\\\/\"}]}<\/script>\n<!-- \/ Yoast SEO plugin. -->","yoast_head_json":{"title":"Toby Price y Sam Sunderland dan el salto - El Diario - Bolivia","robots":{"index":"index","follow":"follow","max-snippet":"max-snippet:-1","max-image-preview":"max-image-preview:large","max-video-preview":"max-video-preview:-1"},"canonical":"https:\/\/www.eldiario.net\/portal\/2024\/10\/26\/toby-price-y-sam-sunderland-dan-el-salto\/","og_locale":"es_ES","og_type":"article","og_title":"Toby Price y Sam Sunderland dan el salto - El Diario - Bolivia","og_description":"El Dakar 2025 tendr\u00e1 entre sus participantes a dos pilotos ilustres como Toby Price y Sam Sunderland, ganadores de dos ediciones (2016\/2019 y 2017\/2022, respectivamente) en la categor\u00eda de motos. Sin embargo&#8230; no ser\u00e1 sobre dos ruedas (ambos anunciaron a principios de 2024 que dejaban las motos), sino formando equipo y a bordo de uno [&hellip;]","og_url":"https:\/\/www.eldiario.net\/portal\/2024\/10\/26\/toby-price-y-sam-sunderland-dan-el-salto\/","og_site_name":"El Diario - Bolivia","article_publisher":"https:\/\/www.facebook.com\/eldiario.bolivia\/","article_published_time":"2024-10-26T10:58:33+00:00","og_image":[{"width":696,"height":402,"url":"https:\/\/www.eldiario.net\/portal\/wp-content\/uploads\/2024\/10\/FOTO-3-1.jpg","type":"image\/jpeg"}],"author":"Jeanette","twitter_card":"summary_large_image","twitter_creator":"@eldiario_net","twitter_site":"@eldiario_net","twitter_misc":{"Escrito por":"Jeanette","Tiempo de lectura":"2 minutos"},"schema":{"@context":"https:\/\/schema.org","@graph":[{"@type":"Article","@id":"https:\/\/www.eldiario.net\/portal\/2024\/10\/26\/toby-price-y-sam-sunderland-dan-el-salto\/#article","isPartOf":{"@id":"https:\/\/www.eldiario.net\/portal\/2024\/10\/26\/toby-price-y-sam-sunderland-dan-el-salto\/"},"author":{"name":"Jeanette","@id":"https:\/\/www.eldiario.net\/portal\/#\/schema\/person\/f46445640444750d7d753ccd04ae01b7"},"headline":"Toby Price y Sam Sunderland dan el salto","datePublished":"2024-10-26T10:58:33+00:00","mainEntityOfPage":{"@id":"https:\/\/www.eldiario.net\/portal\/2024\/10\/26\/toby-price-y-sam-sunderland-dan-el-salto\/"},"wordCount":340,"publisher":{"@id":"https:\/\/www.eldiario.net\/portal\/#organization"},"image":{"@id":"https:\/\/www.eldiario.net\/portal\/2024\/10\/26\/toby-price-y-sam-sunderland-dan-el-salto\/#primaryimage"},"thumbnailUrl":"https:\/\/www.eldiario.net\/portal\/wp-content\/uploads\/2024\/10\/FOTO-3-1.jpg","articleSection":["Deportes"],"inLanguage":"es"},{"@type":"WebPage","@id":"https:\/\/www.eldiario.net\/portal\/2024\/10\/26\/toby-price-y-sam-sunderland-dan-el-salto\/","url":"https:\/\/www.eldiario.net\/portal\/2024\/10\/26\/toby-price-y-sam-sunderland-dan-el-salto\/","name":"Toby Price y Sam Sunderland dan el salto - El Diario - Bolivia","isPartOf":{"@id":"https:\/\/www.eldiario.net\/portal\/#website"},"primaryImageOfPage":{"@id":"https:\/\/www.eldiario.net\/portal\/2024\/10\/26\/toby-price-y-sam-sunderland-dan-el-salto\/#primaryimage"},"image":{"@id":"https:\/\/www.eldiario.net\/portal\/2024\/10\/26\/toby-price-y-sam-sunderland-dan-el-salto\/#primaryimage"},"thumbnailUrl":"https:\/\/www.eldiario.net\/portal\/wp-content\/uploads\/2024\/10\/FOTO-3-1.jpg","datePublished":"2024-10-26T10:58:33+00:00","breadcrumb":{"@id":"https:\/\/www.eldiario.net\/portal\/2024\/10\/26\/toby-price-y-sam-sunderland-dan-el-salto\/#breadcrumb"},"inLanguage":"es","potentialAction":[{"@type":"ReadAction","target":["https:\/\/www.eldiario.net\/portal\/2024\/10\/26\/toby-price-y-sam-sunderland-dan-el-salto\/"]}]},{"@type":"ImageObject","inLanguage":"es","@id":"https:\/\/www.eldiario.net\/portal\/2024\/10\/26\/toby-price-y-sam-sunderland-dan-el-salto\/#primaryimage","url":"https:\/\/www.eldiario.net\/portal\/wp-content\/uploads\/2024\/10\/FOTO-3-1.jpg","contentUrl":"https:\/\/www.eldiario.net\/portal\/wp-content\/uploads\/2024\/10\/FOTO-3-1.jpg","width":696,"height":402,"caption":"Grandes figuras estar\u00e1n presentes en el Rally m\u00e1s importante del mundo."},{"@type":"BreadcrumbList","@id":"https:\/\/www.eldiario.net\/portal\/2024\/10\/26\/toby-price-y-sam-sunderland-dan-el-salto\/#breadcrumb","itemListElement":[{"@type":"ListItem","position":1,"name":"Portada","item":"https:\/\/www.eldiario.net\/portal\/"},{"@type":"ListItem","position":2,"name":"Toby Price y Sam Sunderland dan el salto"}]},{"@type":"WebSite","@id":"https:\/\/www.eldiario.net\/portal\/#website","url":"https:\/\/www.eldiario.net\/portal\/","name":"El Diario - Decano de la prensa nacional","description":"El Diario - Decano de la prensa nacional","publisher":{"@id":"https:\/\/www.eldiario.net\/portal\/#organization"},"potentialAction":[{"@type":"SearchAction","target":{"@type":"EntryPoint","urlTemplate":"https:\/\/www.eldiario.net\/portal\/?s={search_term_string}"},"query-input":{"@type":"PropertyValueSpecification","valueRequired":true,"valueName":"search_term_string"}}],"inLanguage":"es"},{"@type":"Organization","@id":"https:\/\/www.eldiario.net\/portal\/#organization","name":"El Diario - Decano de la prensa nacional","url":"https:\/\/www.eldiario.net\/portal\/","logo":{"@type":"ImageObject","inLanguage":"es","@id":"https:\/\/www.eldiario.net\/portal\/#\/schema\/logo\/image\/","url":"https:\/\/www.eldiario.net\/portal\/wp-content\/uploads\/2023\/07\/logo_ED.jpg","contentUrl":"https:\/\/www.eldiario.net\/portal\/wp-content\/uploads\/2023\/07\/logo_ED.jpg","width":272,"height":52,"caption":"El Diario - Decano de la prensa nacional"},"image":{"@id":"https:\/\/www.eldiario.net\/portal\/#\/schema\/logo\/image\/"},"sameAs":["https:\/\/www.facebook.com\/eldiario.bolivia\/","https:\/\/x.com\/eldiario_net"]},{"@type":"Person","@id":"https:\/\/www.eldiario.net\/portal\/#\/schema\/person\/f46445640444750d7d753ccd04ae01b7","name":"Jeanette","image":{"@type":"ImageObject","inLanguage":"es","@id":"https:\/\/secure.gravatar.com\/avatar\/3ea2118a5f7dad2b7138b1187a6b7ee55f160b9968b66013c3a3ef39dd7e5798?s=96&d=mm&r=g","url":"https:\/\/secure.gravatar.com\/avatar\/3ea2118a5f7dad2b7138b1187a6b7ee55f160b9968b66013c3a3ef39dd7e5798?s=96&d=mm&r=g","contentUrl":"https:\/\/secure.gravatar.com\/avatar\/3ea2118a5f7dad2b7138b1187a6b7ee55f160b9968b66013c3a3ef39dd7e5798?s=96&d=mm&r=g","caption":"Jeanette"},"sameAs":["https:\/\/www.eldiario.net\/portal"],"url":"https:\/\/www.eldiario.net\/portal\/author\/jeanette\/"}]}},"_links":{"self":[{"href":"https:\/\/www.eldiario.net\/portal\/wp-json\/wp\/v2\/posts\/256647","targetHints":{"allow":["GET"]}}],"collection":[{"href":"https:\/\/www.eldiario.net\/portal\/wp-json\/wp\/v2\/posts"}],"about":[{"href":"https:\/\/www.eldiario.net\/portal\/wp-json\/wp\/v2\/types\/post"}],"author":[{"embeddable":true,"href":"https:\/\/www.eldiario.net\/portal\/wp-json\/wp\/v2\/users\/1"}],"replies":[{"embeddable":true,"href":"https:\/\/www.eldiario.net\/portal\/wp-json\/wp\/v2\/comments?post=256647"}],"version-history":[{"count":1,"href":"https:\/\/www.eldiario.net\/portal\/wp-json\/wp\/v2\/posts\/256647\/revisions"}],"predecessor-version":[{"id":256649,"href":"https:\/\/www.eldiario.net\/portal\/wp-json\/wp\/v2\/posts\/256647\/revisions\/256649"}],"wp:featuredmedia":[{"embeddable":true,"href":"https:\/\/www.eldiario.net\/portal\/wp-json\/wp\/v2\/media\/256648"}],"wp:attachment":[{"href":"https:\/\/www.eldiario.net\/portal\/wp-json\/wp\/v2\/media?parent=256647"}],"wp:term":[{"taxonomy":"category","embeddable":true,"href":"https:\/\/www.eldiario.net\/portal\/wp-json\/wp\/v2\/categories?post=256647"},{"taxonomy":"post_tag","embeddable":true,"href":"https:\/\/www.eldiario.net\/portal\/wp-json\/wp\/v2\/tags?post=256647"}],"curies":[{"name":"wp","href":"https:\/\/api.w.org\/{rel}","templated":true}]}}