{"id":256561,"date":"2024-10-26T06:33:17","date_gmt":"2024-10-26T10:33:17","guid":{"rendered":"https:\/\/www.eldiario.net\/portal\/?p=256561"},"modified":"2024-10-26T06:33:17","modified_gmt":"2024-10-26T10:33:17","slug":"fallecen-8-personas-en-pleno-estado-de-emergencia-en-peru-2","status":"publish","type":"post","link":"https:\/\/www.eldiario.net\/portal\/2024\/10\/26\/fallecen-8-personas-en-pleno-estado-de-emergencia-en-peru-2\/","title":{"rendered":"Fallecen 8 personas en pleno estado de emergencia en Per\u00fa"},"content":{"rendered":"<p>En menos de 12 horas se reportaron ocho muertos en Ate y Villa Mar\u00eda del Triunfo (VMT). Aunque el titular del Ministerio del Interior, Juan Jos\u00e9 Santiv\u00e1\u00f1ez, se esfuerza en defender su permanencia, asegurando que hay resultados positivos, la capital fue escenario de una serie de asesinatos que enlutaron a distintos hogares.<br \/>\nEn las primeras horas del jueves 24 de octubre, una familia de tres personas fue asesinada en Huayc\u00e1n, en el distrito de Ate Vitarte, mientras que en Villa Mar\u00eda del Triunfo, un conductor fue asesinado y otro hombre result\u00f3 herido en un ataque a balazos. Estos incidentes se suman a otros actos violentos en la capital peruana, que se encuentra bajo un estado de emergencia decretado por el gobierno de Dina Boluarte desde el 27 de septiembre, debido al aumento de la delincuencia.<br \/>\nEl primer incidente ocurri\u00f3 en la madrugada del 24 de octubre en la zona Z del cerro La Libertad, en Huayc\u00e1n, donde una madre y sus dos hijos fueron asesinados por un grupo de desconocidos que irrumpieron en su vivienda y dispararon r\u00e1fagas de balas. Las v\u00edctimas fueron identificadas como Sulma Soraida Rodr\u00edguez Rivera y sus hijos: Iler \u00cdtalo Lliuyac Rodr\u00edguez y Anguela Luc\u00eda Lliuyac Rodr\u00edguez. Este ataque fue presenciado por otros menores de la familia, seg\u00fan informaron las autoridades.<br \/>\nHoras despu\u00e9s, en la avenida Santa Cecilia, cerca del camal de Yerbateros en Ate Vitarte, un hombre no identificado fue asesinado a balazos por sicarios. La Polic\u00eda Nacional del Per\u00fa sospecha que este crimen podr\u00eda estar relacionado con un ajuste de cuentas, ya que la v\u00edctima podr\u00eda haber pertenecido a un grupo criminal.<br \/>\nEn la tarde del mismo d\u00eda, en la zona de Ceres, un ataque en una cevicher\u00eda dej\u00f3 un muerto y un herido. Dos sicarios en motos lineales, evadiendo la prohibici\u00f3n de tr\u00e1nsito de dos personas en un veh\u00edculo de dos ruedas, interceptaron a sus v\u00edctimas y dispararon. El herido falleci\u00f3 camino al hospital.<br \/>\nEn Villa Mar\u00eda del Triunfo, en la Tablada de Lur\u00edn, un conductor identificado como Danilo Mostacero D\u00edas fue asesinado y su copiloto, Bernardo Polo Reyes, result\u00f3 herido cuando dos sujetos en una moto lineal dispararon contra el veh\u00edculo donde se encontraban.<br \/>\nPor la noche, un hombre fue asesinado de cinco disparos en la Av. Andr\u00e9s Avelino C\u00e1ceres en San Juan de Miraflores, tras resistirse a robo de su veh\u00edculo. El incidente tuvo lugar la noche del jueves en la avenida Andr\u00e9s Avelino C\u00e1ceres. Sus familiares lo llevaron herido al hospital Mar\u00eda Auxiliadora, donde se confirm\u00f3 su deceso.<br \/>\nEstos violentos eventos ocurren en un contexto de estado de emergencia en 14 distritos de Lima, incluyendo a Ate, debido al incremento del sicariato, extorsi\u00f3n y delincuencia. La medida, implementada por el gobierno de Dina Boluarte, busca combatir la inseguridad con patrullas policiales y del Ej\u00e9rcito del Per\u00fa. Sin embargo, la ciudadan\u00eda expres\u00f3 su preocupaci\u00f3n por la efectividad de estas acciones, ya que los incidentes violentos contin\u00faan.<br \/>\nPese a los alarmantes homicidios, el titular del Ministerio no se pronunci\u00f3 p\u00fablicamente. Lo \u00fanico que se conoci\u00f3 sobre \u00e9l, a partir de las redes oficiales de la cartera, es que lider\u00f3 el inicio del operativo Retorno Seguro de la Polic\u00eda Nacional del Per\u00fa (PNP) a fin de contrarrestar la delincuencia y garantizar la seguridad ciudadana en los horarios de tarde y noche.<\/p>\n<p>M\u00c1S DECESOS EN OTROS PA\u00cdSES<br \/>\nEl n\u00famero de muertes conocidas se da a un d\u00eda de que el ministro indicara, sin ahondar en el origen de sus cifras, que en otros pa\u00edses hay m\u00e1s muertes y asegurar que los resultados lo respaldan. \u201cComo usted lo refiri\u00f3, en Per\u00fa hay 20 muertos (en 20 d\u00edas del estado de emergencia). Como consecuencia de la criminalidad en Ecuador hay 80, en Chile hay m\u00e1s de 120\u2026 en otros pa\u00edses donde la criminalidad internacional y trasnacional tambi\u00e9n est\u00e1 operando, el porcentaje de criminalidad es mucho m\u00e1s grande de lo que hay aqu\u00ed en el Per\u00fa\u201d, mencion\u00f3.<br \/>\n\u201cEn lo que va del estado de emergencia tenemos m\u00e1s de 10 mil operativos con resultados, m\u00e1s de 400 bandas desarticuladas y m\u00e1s de 4 mil detenidos. Si creen que eso no es positivo, entonces no tienen las cifras correctas. Nosotros seguimos trabajando y seguimos dando, conjuntamente con la Polic\u00eda, lo mejor de nosotros y seguimos teniendo resultados positivos. La Polic\u00eda sale a trabajar todos los d\u00edas, captura todos los d\u00edas y pone a disposici\u00f3n del Ministerio P\u00fablico a todas las personas que est\u00e1n cometiendo actos delictivos todos los d\u00edas\u201d, acot\u00f3. (Infobae)<\/p>\n","protected":false},"excerpt":{"rendered":"<p>En menos de 12 horas se reportaron ocho muertos en Ate y Villa Mar\u00eda del Triunfo (VMT). Aunque el titular del Ministerio del Interior, Juan Jos\u00e9 Santiv\u00e1\u00f1ez, se esfuerza en defender su permanencia, asegurando que hay resultados positivos, la capital fue escenario de una serie de asesinatos que enlutaron a distintos hogares. En las primeras [&hellip;]<\/p>\n","protected":false},"author":1,"featured_media":256562,"comment_status":"closed","ping_status":"open","sticky":false,"template":"","format":"standard","meta":{"_acf_changed":false,"footnotes":""},"categories":[3],"tags":[],"class_list":["post-256561","post","type-post","status-publish","format-standard","has-post-thumbnail","category-internacional"],"acf":{"antetitulo":"En menos de 12 horas"},"yoast_head":"<!-- This site is optimized with the Yoast SEO plugin v28.3 - https:\/\/yoast.com\/product\/yoast-seo-wordpress\/ -->\n<title>Fallecen 8 personas en pleno estado de emergencia en Per\u00fa - El Diario - Bolivia<\/title>\n<meta name=\"robots\" content=\"index, follow, max-snippet:-1, max-image-preview:large, max-video-preview:-1\" \/>\n<link rel=\"canonical\" href=\"https:\/\/www.eldiario.net\/portal\/2024\/10\/26\/fallecen-8-personas-en-pleno-estado-de-emergencia-en-peru-2\/\" \/>\n<meta property=\"og:locale\" content=\"es_ES\" \/>\n<meta property=\"og:type\" content=\"article\" \/>\n<meta property=\"og:title\" content=\"Fallecen 8 personas en pleno estado de emergencia en Per\u00fa - El Diario - Bolivia\" \/>\n<meta property=\"og:description\" content=\"En menos de 12 horas se reportaron ocho muertos en Ate y Villa Mar\u00eda del Triunfo (VMT). Aunque el titular del Ministerio del Interior, Juan Jos\u00e9 Santiv\u00e1\u00f1ez, se esfuerza en defender su permanencia, asegurando que hay resultados positivos, la capital fue escenario de una serie de asesinatos que enlutaron a distintos hogares. En las primeras [&hellip;]\" \/>\n<meta property=\"og:url\" content=\"https:\/\/www.eldiario.net\/portal\/2024\/10\/26\/fallecen-8-personas-en-pleno-estado-de-emergencia-en-peru-2\/\" \/>\n<meta property=\"og:site_name\" content=\"El Diario - Bolivia\" \/>\n<meta property=\"article:publisher\" content=\"https:\/\/www.facebook.com\/eldiario.bolivia\/\" \/>\n<meta property=\"article:published_time\" content=\"2024-10-26T10:33:17+00:00\" \/>\n<meta property=\"og:image\" content=\"https:\/\/www.eldiario.net\/portal\/wp-content\/uploads\/2024\/10\/PERU-Infobae1.jpg\" \/>\n\t<meta property=\"og:image:width\" content=\"992\" \/>\n\t<meta property=\"og:image:height\" content=\"558\" \/>\n\t<meta property=\"og:image:type\" content=\"image\/jpeg\" \/>\n<meta name=\"author\" content=\"Jeanette\" \/>\n<meta name=\"twitter:card\" content=\"summary_large_image\" \/>\n<meta name=\"twitter:creator\" content=\"@eldiario_net\" \/>\n<meta name=\"twitter:site\" content=\"@eldiario_net\" \/>\n<meta name=\"twitter:label1\" content=\"Escrito por\" \/>\n\t<meta name=\"twitter:data1\" content=\"Jeanette\" \/>\n\t<meta name=\"twitter:label2\" content=\"Tiempo de lectura\" \/>\n\t<meta name=\"twitter:data2\" content=\"4 minutos\" \/>\n<script type=\"application\/ld+json\" class=\"yoast-schema-graph\">{\"@context\":\"https:\\\/\\\/schema.org\",\"@graph\":[{\"@type\":\"Article\",\"@id\":\"https:\\\/\\\/www.eldiario.net\\\/portal\\\/2024\\\/10\\\/26\\\/fallecen-8-personas-en-pleno-estado-de-emergencia-en-peru-2\\\/#article\",\"isPartOf\":{\"@id\":\"https:\\\/\\\/www.eldiario.net\\\/portal\\\/2024\\\/10\\\/26\\\/fallecen-8-personas-en-pleno-estado-de-emergencia-en-peru-2\\\/\"},\"author\":{\"name\":\"Jeanette\",\"@id\":\"https:\\\/\\\/www.eldiario.net\\\/portal\\\/#\\\/schema\\\/person\\\/f46445640444750d7d753ccd04ae01b7\"},\"headline\":\"Fallecen 8 personas en pleno estado de emergencia en Per\u00fa\",\"datePublished\":\"2024-10-26T10:33:17+00:00\",\"mainEntityOfPage\":{\"@id\":\"https:\\\/\\\/www.eldiario.net\\\/portal\\\/2024\\\/10\\\/26\\\/fallecen-8-personas-en-pleno-estado-de-emergencia-en-peru-2\\\/\"},\"wordCount\":801,\"publisher\":{\"@id\":\"https:\\\/\\\/www.eldiario.net\\\/portal\\\/#organization\"},\"image\":{\"@id\":\"https:\\\/\\\/www.eldiario.net\\\/portal\\\/2024\\\/10\\\/26\\\/fallecen-8-personas-en-pleno-estado-de-emergencia-en-peru-2\\\/#primaryimage\"},\"thumbnailUrl\":\"https:\\\/\\\/www.eldiario.net\\\/portal\\\/wp-content\\\/uploads\\\/2024\\\/10\\\/PERU-Infobae1.jpg\",\"articleSection\":[\"Internacional\"],\"inLanguage\":\"es\"},{\"@type\":\"WebPage\",\"@id\":\"https:\\\/\\\/www.eldiario.net\\\/portal\\\/2024\\\/10\\\/26\\\/fallecen-8-personas-en-pleno-estado-de-emergencia-en-peru-2\\\/\",\"url\":\"https:\\\/\\\/www.eldiario.net\\\/portal\\\/2024\\\/10\\\/26\\\/fallecen-8-personas-en-pleno-estado-de-emergencia-en-peru-2\\\/\",\"name\":\"Fallecen 8 personas en pleno estado de emergencia en Per\u00fa - El Diario - Bolivia\",\"isPartOf\":{\"@id\":\"https:\\\/\\\/www.eldiario.net\\\/portal\\\/#website\"},\"primaryImageOfPage\":{\"@id\":\"https:\\\/\\\/www.eldiario.net\\\/portal\\\/2024\\\/10\\\/26\\\/fallecen-8-personas-en-pleno-estado-de-emergencia-en-peru-2\\\/#primaryimage\"},\"image\":{\"@id\":\"https:\\\/\\\/www.eldiario.net\\\/portal\\\/2024\\\/10\\\/26\\\/fallecen-8-personas-en-pleno-estado-de-emergencia-en-peru-2\\\/#primaryimage\"},\"thumbnailUrl\":\"https:\\\/\\\/www.eldiario.net\\\/portal\\\/wp-content\\\/uploads\\\/2024\\\/10\\\/PERU-Infobae1.jpg\",\"datePublished\":\"2024-10-26T10:33:17+00:00\",\"breadcrumb\":{\"@id\":\"https:\\\/\\\/www.eldiario.net\\\/portal\\\/2024\\\/10\\\/26\\\/fallecen-8-personas-en-pleno-estado-de-emergencia-en-peru-2\\\/#breadcrumb\"},\"inLanguage\":\"es\",\"potentialAction\":[{\"@type\":\"ReadAction\",\"target\":[\"https:\\\/\\\/www.eldiario.net\\\/portal\\\/2024\\\/10\\\/26\\\/fallecen-8-personas-en-pleno-estado-de-emergencia-en-peru-2\\\/\"]}]},{\"@type\":\"ImageObject\",\"inLanguage\":\"es\",\"@id\":\"https:\\\/\\\/www.eldiario.net\\\/portal\\\/2024\\\/10\\\/26\\\/fallecen-8-personas-en-pleno-estado-de-emergencia-en-peru-2\\\/#primaryimage\",\"url\":\"https:\\\/\\\/www.eldiario.net\\\/portal\\\/wp-content\\\/uploads\\\/2024\\\/10\\\/PERU-Infobae1.jpg\",\"contentUrl\":\"https:\\\/\\\/www.eldiario.net\\\/portal\\\/wp-content\\\/uploads\\\/2024\\\/10\\\/PERU-Infobae1.jpg\",\"width\":992,\"height\":558,\"caption\":\"Datos del Sinadef revelan que casos de homicidios en Per\u00fa el 2024 ya superan a los del 2023.\"},{\"@type\":\"BreadcrumbList\",\"@id\":\"https:\\\/\\\/www.eldiario.net\\\/portal\\\/2024\\\/10\\\/26\\\/fallecen-8-personas-en-pleno-estado-de-emergencia-en-peru-2\\\/#breadcrumb\",\"itemListElement\":[{\"@type\":\"ListItem\",\"position\":1,\"name\":\"Portada\",\"item\":\"https:\\\/\\\/www.eldiario.net\\\/portal\\\/\"},{\"@type\":\"ListItem\",\"position\":2,\"name\":\"Fallecen 8 personas en pleno estado de emergencia en Per\u00fa\"}]},{\"@type\":\"WebSite\",\"@id\":\"https:\\\/\\\/www.eldiario.net\\\/portal\\\/#website\",\"url\":\"https:\\\/\\\/www.eldiario.net\\\/portal\\\/\",\"name\":\"El Diario - Decano de la prensa nacional\",\"description\":\"El Diario - Decano de la prensa nacional\",\"publisher\":{\"@id\":\"https:\\\/\\\/www.eldiario.net\\\/portal\\\/#organization\"},\"potentialAction\":[{\"@type\":\"SearchAction\",\"target\":{\"@type\":\"EntryPoint\",\"urlTemplate\":\"https:\\\/\\\/www.eldiario.net\\\/portal\\\/?s={search_term_string}\"},\"query-input\":{\"@type\":\"PropertyValueSpecification\",\"valueRequired\":true,\"valueName\":\"search_term_string\"}}],\"inLanguage\":\"es\"},{\"@type\":\"Organization\",\"@id\":\"https:\\\/\\\/www.eldiario.net\\\/portal\\\/#organization\",\"name\":\"El Diario - Decano de la prensa nacional\",\"url\":\"https:\\\/\\\/www.eldiario.net\\\/portal\\\/\",\"logo\":{\"@type\":\"ImageObject\",\"inLanguage\":\"es\",\"@id\":\"https:\\\/\\\/www.eldiario.net\\\/portal\\\/#\\\/schema\\\/logo\\\/image\\\/\",\"url\":\"https:\\\/\\\/www.eldiario.net\\\/portal\\\/wp-content\\\/uploads\\\/2023\\\/07\\\/logo_ED.jpg\",\"contentUrl\":\"https:\\\/\\\/www.eldiario.net\\\/portal\\\/wp-content\\\/uploads\\\/2023\\\/07\\\/logo_ED.jpg\",\"width\":272,\"height\":52,\"caption\":\"El Diario - Decano de la prensa nacional\"},\"image\":{\"@id\":\"https:\\\/\\\/www.eldiario.net\\\/portal\\\/#\\\/schema\\\/logo\\\/image\\\/\"},\"sameAs\":[\"https:\\\/\\\/www.facebook.com\\\/eldiario.bolivia\\\/\",\"https:\\\/\\\/x.com\\\/eldiario_net\"]},{\"@type\":\"Person\",\"@id\":\"https:\\\/\\\/www.eldiario.net\\\/portal\\\/#\\\/schema\\\/person\\\/f46445640444750d7d753ccd04ae01b7\",\"name\":\"Jeanette\",\"image\":{\"@type\":\"ImageObject\",\"inLanguage\":\"es\",\"@id\":\"https:\\\/\\\/secure.gravatar.com\\\/avatar\\\/3ea2118a5f7dad2b7138b1187a6b7ee55f160b9968b66013c3a3ef39dd7e5798?s=96&d=mm&r=g\",\"url\":\"https:\\\/\\\/secure.gravatar.com\\\/avatar\\\/3ea2118a5f7dad2b7138b1187a6b7ee55f160b9968b66013c3a3ef39dd7e5798?s=96&d=mm&r=g\",\"contentUrl\":\"https:\\\/\\\/secure.gravatar.com\\\/avatar\\\/3ea2118a5f7dad2b7138b1187a6b7ee55f160b9968b66013c3a3ef39dd7e5798?s=96&d=mm&r=g\",\"caption\":\"Jeanette\"},\"sameAs\":[\"https:\\\/\\\/www.eldiario.net\\\/portal\"],\"url\":\"https:\\\/\\\/www.eldiario.net\\\/portal\\\/author\\\/jeanette\\\/\"}]}<\/script>\n<!-- \/ Yoast SEO plugin. -->","yoast_head_json":{"title":"Fallecen 8 personas en pleno estado de emergencia en Per\u00fa - El Diario - Bolivia","robots":{"index":"index","follow":"follow","max-snippet":"max-snippet:-1","max-image-preview":"max-image-preview:large","max-video-preview":"max-video-preview:-1"},"canonical":"https:\/\/www.eldiario.net\/portal\/2024\/10\/26\/fallecen-8-personas-en-pleno-estado-de-emergencia-en-peru-2\/","og_locale":"es_ES","og_type":"article","og_title":"Fallecen 8 personas en pleno estado de emergencia en Per\u00fa - El Diario - Bolivia","og_description":"En menos de 12 horas se reportaron ocho muertos en Ate y Villa Mar\u00eda del Triunfo (VMT). Aunque el titular del Ministerio del Interior, Juan Jos\u00e9 Santiv\u00e1\u00f1ez, se esfuerza en defender su permanencia, asegurando que hay resultados positivos, la capital fue escenario de una serie de asesinatos que enlutaron a distintos hogares. En las primeras [&hellip;]","og_url":"https:\/\/www.eldiario.net\/portal\/2024\/10\/26\/fallecen-8-personas-en-pleno-estado-de-emergencia-en-peru-2\/","og_site_name":"El Diario - Bolivia","article_publisher":"https:\/\/www.facebook.com\/eldiario.bolivia\/","article_published_time":"2024-10-26T10:33:17+00:00","og_image":[{"width":992,"height":558,"url":"https:\/\/www.eldiario.net\/portal\/wp-content\/uploads\/2024\/10\/PERU-Infobae1.jpg","type":"image\/jpeg"}],"author":"Jeanette","twitter_card":"summary_large_image","twitter_creator":"@eldiario_net","twitter_site":"@eldiario_net","twitter_misc":{"Escrito por":"Jeanette","Tiempo de lectura":"4 minutos"},"schema":{"@context":"https:\/\/schema.org","@graph":[{"@type":"Article","@id":"https:\/\/www.eldiario.net\/portal\/2024\/10\/26\/fallecen-8-personas-en-pleno-estado-de-emergencia-en-peru-2\/#article","isPartOf":{"@id":"https:\/\/www.eldiario.net\/portal\/2024\/10\/26\/fallecen-8-personas-en-pleno-estado-de-emergencia-en-peru-2\/"},"author":{"name":"Jeanette","@id":"https:\/\/www.eldiario.net\/portal\/#\/schema\/person\/f46445640444750d7d753ccd04ae01b7"},"headline":"Fallecen 8 personas en pleno estado de emergencia en Per\u00fa","datePublished":"2024-10-26T10:33:17+00:00","mainEntityOfPage":{"@id":"https:\/\/www.eldiario.net\/portal\/2024\/10\/26\/fallecen-8-personas-en-pleno-estado-de-emergencia-en-peru-2\/"},"wordCount":801,"publisher":{"@id":"https:\/\/www.eldiario.net\/portal\/#organization"},"image":{"@id":"https:\/\/www.eldiario.net\/portal\/2024\/10\/26\/fallecen-8-personas-en-pleno-estado-de-emergencia-en-peru-2\/#primaryimage"},"thumbnailUrl":"https:\/\/www.eldiario.net\/portal\/wp-content\/uploads\/2024\/10\/PERU-Infobae1.jpg","articleSection":["Internacional"],"inLanguage":"es"},{"@type":"WebPage","@id":"https:\/\/www.eldiario.net\/portal\/2024\/10\/26\/fallecen-8-personas-en-pleno-estado-de-emergencia-en-peru-2\/","url":"https:\/\/www.eldiario.net\/portal\/2024\/10\/26\/fallecen-8-personas-en-pleno-estado-de-emergencia-en-peru-2\/","name":"Fallecen 8 personas en pleno estado de emergencia en Per\u00fa - El Diario - Bolivia","isPartOf":{"@id":"https:\/\/www.eldiario.net\/portal\/#website"},"primaryImageOfPage":{"@id":"https:\/\/www.eldiario.net\/portal\/2024\/10\/26\/fallecen-8-personas-en-pleno-estado-de-emergencia-en-peru-2\/#primaryimage"},"image":{"@id":"https:\/\/www.eldiario.net\/portal\/2024\/10\/26\/fallecen-8-personas-en-pleno-estado-de-emergencia-en-peru-2\/#primaryimage"},"thumbnailUrl":"https:\/\/www.eldiario.net\/portal\/wp-content\/uploads\/2024\/10\/PERU-Infobae1.jpg","datePublished":"2024-10-26T10:33:17+00:00","breadcrumb":{"@id":"https:\/\/www.eldiario.net\/portal\/2024\/10\/26\/fallecen-8-personas-en-pleno-estado-de-emergencia-en-peru-2\/#breadcrumb"},"inLanguage":"es","potentialAction":[{"@type":"ReadAction","target":["https:\/\/www.eldiario.net\/portal\/2024\/10\/26\/fallecen-8-personas-en-pleno-estado-de-emergencia-en-peru-2\/"]}]},{"@type":"ImageObject","inLanguage":"es","@id":"https:\/\/www.eldiario.net\/portal\/2024\/10\/26\/fallecen-8-personas-en-pleno-estado-de-emergencia-en-peru-2\/#primaryimage","url":"https:\/\/www.eldiario.net\/portal\/wp-content\/uploads\/2024\/10\/PERU-Infobae1.jpg","contentUrl":"https:\/\/www.eldiario.net\/portal\/wp-content\/uploads\/2024\/10\/PERU-Infobae1.jpg","width":992,"height":558,"caption":"Datos del Sinadef revelan que casos de homicidios en Per\u00fa el 2024 ya superan a los del 2023."},{"@type":"BreadcrumbList","@id":"https:\/\/www.eldiario.net\/portal\/2024\/10\/26\/fallecen-8-personas-en-pleno-estado-de-emergencia-en-peru-2\/#breadcrumb","itemListElement":[{"@type":"ListItem","position":1,"name":"Portada","item":"https:\/\/www.eldiario.net\/portal\/"},{"@type":"ListItem","position":2,"name":"Fallecen 8 personas en pleno estado de emergencia en Per\u00fa"}]},{"@type":"WebSite","@id":"https:\/\/www.eldiario.net\/portal\/#website","url":"https:\/\/www.eldiario.net\/portal\/","name":"El Diario - Decano de la prensa nacional","description":"El Diario - Decano de la prensa nacional","publisher":{"@id":"https:\/\/www.eldiario.net\/portal\/#organization"},"potentialAction":[{"@type":"SearchAction","target":{"@type":"EntryPoint","urlTemplate":"https:\/\/www.eldiario.net\/portal\/?s={search_term_string}"},"query-input":{"@type":"PropertyValueSpecification","valueRequired":true,"valueName":"search_term_string"}}],"inLanguage":"es"},{"@type":"Organization","@id":"https:\/\/www.eldiario.net\/portal\/#organization","name":"El Diario - Decano de la prensa nacional","url":"https:\/\/www.eldiario.net\/portal\/","logo":{"@type":"ImageObject","inLanguage":"es","@id":"https:\/\/www.eldiario.net\/portal\/#\/schema\/logo\/image\/","url":"https:\/\/www.eldiario.net\/portal\/wp-content\/uploads\/2023\/07\/logo_ED.jpg","contentUrl":"https:\/\/www.eldiario.net\/portal\/wp-content\/uploads\/2023\/07\/logo_ED.jpg","width":272,"height":52,"caption":"El Diario - Decano de la prensa nacional"},"image":{"@id":"https:\/\/www.eldiario.net\/portal\/#\/schema\/logo\/image\/"},"sameAs":["https:\/\/www.facebook.com\/eldiario.bolivia\/","https:\/\/x.com\/eldiario_net"]},{"@type":"Person","@id":"https:\/\/www.eldiario.net\/portal\/#\/schema\/person\/f46445640444750d7d753ccd04ae01b7","name":"Jeanette","image":{"@type":"ImageObject","inLanguage":"es","@id":"https:\/\/secure.gravatar.com\/avatar\/3ea2118a5f7dad2b7138b1187a6b7ee55f160b9968b66013c3a3ef39dd7e5798?s=96&d=mm&r=g","url":"https:\/\/secure.gravatar.com\/avatar\/3ea2118a5f7dad2b7138b1187a6b7ee55f160b9968b66013c3a3ef39dd7e5798?s=96&d=mm&r=g","contentUrl":"https:\/\/secure.gravatar.com\/avatar\/3ea2118a5f7dad2b7138b1187a6b7ee55f160b9968b66013c3a3ef39dd7e5798?s=96&d=mm&r=g","caption":"Jeanette"},"sameAs":["https:\/\/www.eldiario.net\/portal"],"url":"https:\/\/www.eldiario.net\/portal\/author\/jeanette\/"}]}},"_links":{"self":[{"href":"https:\/\/www.eldiario.net\/portal\/wp-json\/wp\/v2\/posts\/256561","targetHints":{"allow":["GET"]}}],"collection":[{"href":"https:\/\/www.eldiario.net\/portal\/wp-json\/wp\/v2\/posts"}],"about":[{"href":"https:\/\/www.eldiario.net\/portal\/wp-json\/wp\/v2\/types\/post"}],"author":[{"embeddable":true,"href":"https:\/\/www.eldiario.net\/portal\/wp-json\/wp\/v2\/users\/1"}],"replies":[{"embeddable":true,"href":"https:\/\/www.eldiario.net\/portal\/wp-json\/wp\/v2\/comments?post=256561"}],"version-history":[{"count":1,"href":"https:\/\/www.eldiario.net\/portal\/wp-json\/wp\/v2\/posts\/256561\/revisions"}],"predecessor-version":[{"id":256563,"href":"https:\/\/www.eldiario.net\/portal\/wp-json\/wp\/v2\/posts\/256561\/revisions\/256563"}],"wp:featuredmedia":[{"embeddable":true,"href":"https:\/\/www.eldiario.net\/portal\/wp-json\/wp\/v2\/media\/256562"}],"wp:attachment":[{"href":"https:\/\/www.eldiario.net\/portal\/wp-json\/wp\/v2\/media?parent=256561"}],"wp:term":[{"taxonomy":"category","embeddable":true,"href":"https:\/\/www.eldiario.net\/portal\/wp-json\/wp\/v2\/categories?post=256561"},{"taxonomy":"post_tag","embeddable":true,"href":"https:\/\/www.eldiario.net\/portal\/wp-json\/wp\/v2\/tags?post=256561"}],"curies":[{"name":"wp","href":"https:\/\/api.w.org\/{rel}","templated":true}]}}