{"id":256558,"date":"2024-10-26T06:32:39","date_gmt":"2024-10-26T10:32:39","guid":{"rendered":"https:\/\/www.eldiario.net\/portal\/?p=256558"},"modified":"2024-10-26T06:32:39","modified_gmt":"2024-10-26T10:32:39","slug":"venezuela-califica-de-agresion-decision-de-vetar-ingreso-a-brics","status":"publish","type":"post","link":"https:\/\/www.eldiario.net\/portal\/2024\/10\/26\/venezuela-califica-de-agresion-decision-de-vetar-ingreso-a-brics\/","title":{"rendered":"Venezuela califica de \u201cagresi\u00f3n\u201d  decisi\u00f3n de vetar ingreso a BRICS"},"content":{"rendered":"<p>El ministro de Exteriores de Venezuela, Yv\u00e1n Gil, consider\u00f3 que la decisi\u00f3n de Brasil de vetar su ingreso a los BRICS es una \u201cagresi\u00f3n inexplicable e inmoral\u201d, agregando que \u201cel pueblo venezolano siente indignaci\u00f3n y verg\u00fcenza\u201d por este posicionamiento que es continuista de \u201cla peor de las pol\u00edticas\u201d del expresidente brasile\u00f1o Jair Bolsonaro.<br \/>\n\u201cA trav\u00e9s de una acci\u00f3n que contradice la naturaleza y postulado de BRICS, a representaci\u00f3n de la Canciller\u00eda brasilena, liderada por Eduardo Paes Saboia, decidi\u00f3 mantener el veto que Bolsonaro aplic\u00f3 a Venezuela durante a\u00f1os, reproduciendo el odio, la exclusi\u00f3n e intolerancia promovidos desde los centros de poder occidentales para impedir, por ahora, el ingreso de la Patria de Bol\u00edvar a esta organizaci\u00f3n\u201d, sostiene un comunicado publicado en su canal de Telegram.<br \/>\nGil remarc\u00f3 que se trata de \u201cuna acci\u00f3n que constituye una agresi\u00f3n a Venezuela y un gesto hostil que se suma a la pol\u00edtica criminal de sanciones que fueron impuestas contra un pueblo valiente y revolucionario, como el pueblo venezolano\u201d.<br \/>\nEn este sentido, asegur\u00f3 que \u201cninguna artima\u00f1a o maniobra concebidas contra Venezuela detendr\u00e1n el curso de la historia\u201d. \u201cVenezuela engalana al Sur y el Este global, con su firmeza en la defensa de la autodeterminaci\u00f3n y la igualdad soberana de los Estados (&#8230;). Venezuela forma parte de este mundo libre y sin hegemonismos\u201d, agreg\u00f3.<br \/>\nLas relaciones entre Venezuela y Brasil no pasan por su mejor momento, despu\u00e9s de que el presidente Luiz In\u00e1cio Lula da Silva, si bien sin ser tan expl\u00edcitos como otros l\u00edderes de la regi\u00f3n, reproch\u00f3 a Maduro que no haya todav\u00eda presentado pruebas de su triunfo en las elecciones. (Europa Press)<\/p>\n","protected":false},"excerpt":{"rendered":"<p>El ministro de Exteriores de Venezuela, Yv\u00e1n Gil, consider\u00f3 que la decisi\u00f3n de Brasil de vetar su ingreso a los BRICS es una \u201cagresi\u00f3n inexplicable e inmoral\u201d, agregando que \u201cel pueblo venezolano siente indignaci\u00f3n y verg\u00fcenza\u201d por este posicionamiento que es continuista de \u201cla peor de las pol\u00edticas\u201d del expresidente brasile\u00f1o Jair Bolsonaro. \u201cA trav\u00e9s [&hellip;]<\/p>\n","protected":false},"author":1,"featured_media":256559,"comment_status":"closed","ping_status":"open","sticky":false,"template":"","format":"standard","meta":{"_acf_changed":false,"footnotes":""},"categories":[3],"tags":[],"class_list":["post-256558","post","type-post","status-publish","format-standard","has-post-thumbnail","category-internacional"],"acf":{"antetitulo":""},"yoast_head":"<!-- This site is optimized with the Yoast SEO plugin v28.3 - https:\/\/yoast.com\/product\/yoast-seo-wordpress\/ -->\n<title>Venezuela califica de \u201cagresi\u00f3n\u201d decisi\u00f3n de vetar ingreso a BRICS - El Diario - Bolivia<\/title>\n<meta name=\"robots\" content=\"index, follow, max-snippet:-1, max-image-preview:large, max-video-preview:-1\" \/>\n<link rel=\"canonical\" href=\"https:\/\/www.eldiario.net\/portal\/2024\/10\/26\/venezuela-califica-de-agresion-decision-de-vetar-ingreso-a-brics\/\" \/>\n<meta property=\"og:locale\" content=\"es_ES\" \/>\n<meta property=\"og:type\" content=\"article\" \/>\n<meta property=\"og:title\" content=\"Venezuela califica de \u201cagresi\u00f3n\u201d decisi\u00f3n de vetar ingreso a BRICS - El Diario - Bolivia\" \/>\n<meta property=\"og:description\" content=\"El ministro de Exteriores de Venezuela, Yv\u00e1n Gil, consider\u00f3 que la decisi\u00f3n de Brasil de vetar su ingreso a los BRICS es una \u201cagresi\u00f3n inexplicable e inmoral\u201d, agregando que \u201cel pueblo venezolano siente indignaci\u00f3n y verg\u00fcenza\u201d por este posicionamiento que es continuista de \u201cla peor de las pol\u00edticas\u201d del expresidente brasile\u00f1o Jair Bolsonaro. \u201cA trav\u00e9s [&hellip;]\" \/>\n<meta property=\"og:url\" content=\"https:\/\/www.eldiario.net\/portal\/2024\/10\/26\/venezuela-califica-de-agresion-decision-de-vetar-ingreso-a-brics\/\" \/>\n<meta property=\"og:site_name\" content=\"El Diario - Bolivia\" \/>\n<meta property=\"article:publisher\" content=\"https:\/\/www.facebook.com\/eldiario.bolivia\/\" \/>\n<meta property=\"article:published_time\" content=\"2024-10-26T10:32:39+00:00\" \/>\n<meta property=\"og:image\" content=\"https:\/\/www.eldiario.net\/portal\/wp-content\/uploads\/2024\/10\/VETAR-El-Periodico.jpg\" \/>\n\t<meta property=\"og:image:width\" content=\"1200\" \/>\n\t<meta property=\"og:image:height\" content=\"675\" \/>\n\t<meta property=\"og:image:type\" content=\"image\/jpeg\" \/>\n<meta name=\"author\" content=\"Jeanette\" \/>\n<meta name=\"twitter:card\" content=\"summary_large_image\" \/>\n<meta name=\"twitter:creator\" content=\"@eldiario_net\" \/>\n<meta name=\"twitter:site\" content=\"@eldiario_net\" \/>\n<meta name=\"twitter:label1\" content=\"Escrito por\" \/>\n\t<meta name=\"twitter:data1\" content=\"Jeanette\" \/>\n\t<meta name=\"twitter:label2\" content=\"Tiempo de lectura\" \/>\n\t<meta name=\"twitter:data2\" content=\"2 minutos\" \/>\n<script type=\"application\/ld+json\" class=\"yoast-schema-graph\">{\"@context\":\"https:\\\/\\\/schema.org\",\"@graph\":[{\"@type\":\"Article\",\"@id\":\"https:\\\/\\\/www.eldiario.net\\\/portal\\\/2024\\\/10\\\/26\\\/venezuela-califica-de-agresion-decision-de-vetar-ingreso-a-brics\\\/#article\",\"isPartOf\":{\"@id\":\"https:\\\/\\\/www.eldiario.net\\\/portal\\\/2024\\\/10\\\/26\\\/venezuela-califica-de-agresion-decision-de-vetar-ingreso-a-brics\\\/\"},\"author\":{\"name\":\"Jeanette\",\"@id\":\"https:\\\/\\\/www.eldiario.net\\\/portal\\\/#\\\/schema\\\/person\\\/f46445640444750d7d753ccd04ae01b7\"},\"headline\":\"Venezuela califica de \u201cagresi\u00f3n\u201d decisi\u00f3n de vetar ingreso a BRICS\",\"datePublished\":\"2024-10-26T10:32:39+00:00\",\"mainEntityOfPage\":{\"@id\":\"https:\\\/\\\/www.eldiario.net\\\/portal\\\/2024\\\/10\\\/26\\\/venezuela-califica-de-agresion-decision-de-vetar-ingreso-a-brics\\\/\"},\"wordCount\":308,\"publisher\":{\"@id\":\"https:\\\/\\\/www.eldiario.net\\\/portal\\\/#organization\"},\"image\":{\"@id\":\"https:\\\/\\\/www.eldiario.net\\\/portal\\\/2024\\\/10\\\/26\\\/venezuela-califica-de-agresion-decision-de-vetar-ingreso-a-brics\\\/#primaryimage\"},\"thumbnailUrl\":\"https:\\\/\\\/www.eldiario.net\\\/portal\\\/wp-content\\\/uploads\\\/2024\\\/10\\\/VETAR-El-Periodico.jpg\",\"articleSection\":[\"Internacional\"],\"inLanguage\":\"es\"},{\"@type\":\"WebPage\",\"@id\":\"https:\\\/\\\/www.eldiario.net\\\/portal\\\/2024\\\/10\\\/26\\\/venezuela-califica-de-agresion-decision-de-vetar-ingreso-a-brics\\\/\",\"url\":\"https:\\\/\\\/www.eldiario.net\\\/portal\\\/2024\\\/10\\\/26\\\/venezuela-califica-de-agresion-decision-de-vetar-ingreso-a-brics\\\/\",\"name\":\"Venezuela califica de \u201cagresi\u00f3n\u201d decisi\u00f3n de vetar ingreso a BRICS - El Diario - Bolivia\",\"isPartOf\":{\"@id\":\"https:\\\/\\\/www.eldiario.net\\\/portal\\\/#website\"},\"primaryImageOfPage\":{\"@id\":\"https:\\\/\\\/www.eldiario.net\\\/portal\\\/2024\\\/10\\\/26\\\/venezuela-califica-de-agresion-decision-de-vetar-ingreso-a-brics\\\/#primaryimage\"},\"image\":{\"@id\":\"https:\\\/\\\/www.eldiario.net\\\/portal\\\/2024\\\/10\\\/26\\\/venezuela-califica-de-agresion-decision-de-vetar-ingreso-a-brics\\\/#primaryimage\"},\"thumbnailUrl\":\"https:\\\/\\\/www.eldiario.net\\\/portal\\\/wp-content\\\/uploads\\\/2024\\\/10\\\/VETAR-El-Periodico.jpg\",\"datePublished\":\"2024-10-26T10:32:39+00:00\",\"breadcrumb\":{\"@id\":\"https:\\\/\\\/www.eldiario.net\\\/portal\\\/2024\\\/10\\\/26\\\/venezuela-califica-de-agresion-decision-de-vetar-ingreso-a-brics\\\/#breadcrumb\"},\"inLanguage\":\"es\",\"potentialAction\":[{\"@type\":\"ReadAction\",\"target\":[\"https:\\\/\\\/www.eldiario.net\\\/portal\\\/2024\\\/10\\\/26\\\/venezuela-califica-de-agresion-decision-de-vetar-ingreso-a-brics\\\/\"]}]},{\"@type\":\"ImageObject\",\"inLanguage\":\"es\",\"@id\":\"https:\\\/\\\/www.eldiario.net\\\/portal\\\/2024\\\/10\\\/26\\\/venezuela-califica-de-agresion-decision-de-vetar-ingreso-a-brics\\\/#primaryimage\",\"url\":\"https:\\\/\\\/www.eldiario.net\\\/portal\\\/wp-content\\\/uploads\\\/2024\\\/10\\\/VETAR-El-Periodico.jpg\",\"contentUrl\":\"https:\\\/\\\/www.eldiario.net\\\/portal\\\/wp-content\\\/uploads\\\/2024\\\/10\\\/VETAR-El-Periodico.jpg\",\"width\":1200,\"height\":675,\"caption\":\"El presidente de Venezuela, Nicol\u00e1s Maduro y su hom\u00f3logo Vladimir Putin en la cumbre de los Brics.\"},{\"@type\":\"BreadcrumbList\",\"@id\":\"https:\\\/\\\/www.eldiario.net\\\/portal\\\/2024\\\/10\\\/26\\\/venezuela-califica-de-agresion-decision-de-vetar-ingreso-a-brics\\\/#breadcrumb\",\"itemListElement\":[{\"@type\":\"ListItem\",\"position\":1,\"name\":\"Portada\",\"item\":\"https:\\\/\\\/www.eldiario.net\\\/portal\\\/\"},{\"@type\":\"ListItem\",\"position\":2,\"name\":\"Venezuela califica de \u201cagresi\u00f3n\u201d decisi\u00f3n de vetar ingreso a BRICS\"}]},{\"@type\":\"WebSite\",\"@id\":\"https:\\\/\\\/www.eldiario.net\\\/portal\\\/#website\",\"url\":\"https:\\\/\\\/www.eldiario.net\\\/portal\\\/\",\"name\":\"El Diario - Decano de la prensa nacional\",\"description\":\"El Diario - Decano de la prensa nacional\",\"publisher\":{\"@id\":\"https:\\\/\\\/www.eldiario.net\\\/portal\\\/#organization\"},\"potentialAction\":[{\"@type\":\"SearchAction\",\"target\":{\"@type\":\"EntryPoint\",\"urlTemplate\":\"https:\\\/\\\/www.eldiario.net\\\/portal\\\/?s={search_term_string}\"},\"query-input\":{\"@type\":\"PropertyValueSpecification\",\"valueRequired\":true,\"valueName\":\"search_term_string\"}}],\"inLanguage\":\"es\"},{\"@type\":\"Organization\",\"@id\":\"https:\\\/\\\/www.eldiario.net\\\/portal\\\/#organization\",\"name\":\"El Diario - Decano de la prensa nacional\",\"url\":\"https:\\\/\\\/www.eldiario.net\\\/portal\\\/\",\"logo\":{\"@type\":\"ImageObject\",\"inLanguage\":\"es\",\"@id\":\"https:\\\/\\\/www.eldiario.net\\\/portal\\\/#\\\/schema\\\/logo\\\/image\\\/\",\"url\":\"https:\\\/\\\/www.eldiario.net\\\/portal\\\/wp-content\\\/uploads\\\/2023\\\/07\\\/logo_ED.jpg\",\"contentUrl\":\"https:\\\/\\\/www.eldiario.net\\\/portal\\\/wp-content\\\/uploads\\\/2023\\\/07\\\/logo_ED.jpg\",\"width\":272,\"height\":52,\"caption\":\"El Diario - Decano de la prensa nacional\"},\"image\":{\"@id\":\"https:\\\/\\\/www.eldiario.net\\\/portal\\\/#\\\/schema\\\/logo\\\/image\\\/\"},\"sameAs\":[\"https:\\\/\\\/www.facebook.com\\\/eldiario.bolivia\\\/\",\"https:\\\/\\\/x.com\\\/eldiario_net\"]},{\"@type\":\"Person\",\"@id\":\"https:\\\/\\\/www.eldiario.net\\\/portal\\\/#\\\/schema\\\/person\\\/f46445640444750d7d753ccd04ae01b7\",\"name\":\"Jeanette\",\"image\":{\"@type\":\"ImageObject\",\"inLanguage\":\"es\",\"@id\":\"https:\\\/\\\/secure.gravatar.com\\\/avatar\\\/3ea2118a5f7dad2b7138b1187a6b7ee55f160b9968b66013c3a3ef39dd7e5798?s=96&d=mm&r=g\",\"url\":\"https:\\\/\\\/secure.gravatar.com\\\/avatar\\\/3ea2118a5f7dad2b7138b1187a6b7ee55f160b9968b66013c3a3ef39dd7e5798?s=96&d=mm&r=g\",\"contentUrl\":\"https:\\\/\\\/secure.gravatar.com\\\/avatar\\\/3ea2118a5f7dad2b7138b1187a6b7ee55f160b9968b66013c3a3ef39dd7e5798?s=96&d=mm&r=g\",\"caption\":\"Jeanette\"},\"sameAs\":[\"https:\\\/\\\/www.eldiario.net\\\/portal\"],\"url\":\"https:\\\/\\\/www.eldiario.net\\\/portal\\\/author\\\/jeanette\\\/\"}]}<\/script>\n<!-- \/ Yoast SEO plugin. -->","yoast_head_json":{"title":"Venezuela califica de \u201cagresi\u00f3n\u201d decisi\u00f3n de vetar ingreso a BRICS - El Diario - Bolivia","robots":{"index":"index","follow":"follow","max-snippet":"max-snippet:-1","max-image-preview":"max-image-preview:large","max-video-preview":"max-video-preview:-1"},"canonical":"https:\/\/www.eldiario.net\/portal\/2024\/10\/26\/venezuela-califica-de-agresion-decision-de-vetar-ingreso-a-brics\/","og_locale":"es_ES","og_type":"article","og_title":"Venezuela califica de \u201cagresi\u00f3n\u201d decisi\u00f3n de vetar ingreso a BRICS - El Diario - Bolivia","og_description":"El ministro de Exteriores de Venezuela, Yv\u00e1n Gil, consider\u00f3 que la decisi\u00f3n de Brasil de vetar su ingreso a los BRICS es una \u201cagresi\u00f3n inexplicable e inmoral\u201d, agregando que \u201cel pueblo venezolano siente indignaci\u00f3n y verg\u00fcenza\u201d por este posicionamiento que es continuista de \u201cla peor de las pol\u00edticas\u201d del expresidente brasile\u00f1o Jair Bolsonaro. \u201cA trav\u00e9s [&hellip;]","og_url":"https:\/\/www.eldiario.net\/portal\/2024\/10\/26\/venezuela-califica-de-agresion-decision-de-vetar-ingreso-a-brics\/","og_site_name":"El Diario - Bolivia","article_publisher":"https:\/\/www.facebook.com\/eldiario.bolivia\/","article_published_time":"2024-10-26T10:32:39+00:00","og_image":[{"width":1200,"height":675,"url":"https:\/\/www.eldiario.net\/portal\/wp-content\/uploads\/2024\/10\/VETAR-El-Periodico.jpg","type":"image\/jpeg"}],"author":"Jeanette","twitter_card":"summary_large_image","twitter_creator":"@eldiario_net","twitter_site":"@eldiario_net","twitter_misc":{"Escrito por":"Jeanette","Tiempo de lectura":"2 minutos"},"schema":{"@context":"https:\/\/schema.org","@graph":[{"@type":"Article","@id":"https:\/\/www.eldiario.net\/portal\/2024\/10\/26\/venezuela-califica-de-agresion-decision-de-vetar-ingreso-a-brics\/#article","isPartOf":{"@id":"https:\/\/www.eldiario.net\/portal\/2024\/10\/26\/venezuela-califica-de-agresion-decision-de-vetar-ingreso-a-brics\/"},"author":{"name":"Jeanette","@id":"https:\/\/www.eldiario.net\/portal\/#\/schema\/person\/f46445640444750d7d753ccd04ae01b7"},"headline":"Venezuela califica de \u201cagresi\u00f3n\u201d decisi\u00f3n de vetar ingreso a BRICS","datePublished":"2024-10-26T10:32:39+00:00","mainEntityOfPage":{"@id":"https:\/\/www.eldiario.net\/portal\/2024\/10\/26\/venezuela-califica-de-agresion-decision-de-vetar-ingreso-a-brics\/"},"wordCount":308,"publisher":{"@id":"https:\/\/www.eldiario.net\/portal\/#organization"},"image":{"@id":"https:\/\/www.eldiario.net\/portal\/2024\/10\/26\/venezuela-califica-de-agresion-decision-de-vetar-ingreso-a-brics\/#primaryimage"},"thumbnailUrl":"https:\/\/www.eldiario.net\/portal\/wp-content\/uploads\/2024\/10\/VETAR-El-Periodico.jpg","articleSection":["Internacional"],"inLanguage":"es"},{"@type":"WebPage","@id":"https:\/\/www.eldiario.net\/portal\/2024\/10\/26\/venezuela-califica-de-agresion-decision-de-vetar-ingreso-a-brics\/","url":"https:\/\/www.eldiario.net\/portal\/2024\/10\/26\/venezuela-califica-de-agresion-decision-de-vetar-ingreso-a-brics\/","name":"Venezuela califica de \u201cagresi\u00f3n\u201d decisi\u00f3n de vetar ingreso a BRICS - El Diario - Bolivia","isPartOf":{"@id":"https:\/\/www.eldiario.net\/portal\/#website"},"primaryImageOfPage":{"@id":"https:\/\/www.eldiario.net\/portal\/2024\/10\/26\/venezuela-califica-de-agresion-decision-de-vetar-ingreso-a-brics\/#primaryimage"},"image":{"@id":"https:\/\/www.eldiario.net\/portal\/2024\/10\/26\/venezuela-califica-de-agresion-decision-de-vetar-ingreso-a-brics\/#primaryimage"},"thumbnailUrl":"https:\/\/www.eldiario.net\/portal\/wp-content\/uploads\/2024\/10\/VETAR-El-Periodico.jpg","datePublished":"2024-10-26T10:32:39+00:00","breadcrumb":{"@id":"https:\/\/www.eldiario.net\/portal\/2024\/10\/26\/venezuela-califica-de-agresion-decision-de-vetar-ingreso-a-brics\/#breadcrumb"},"inLanguage":"es","potentialAction":[{"@type":"ReadAction","target":["https:\/\/www.eldiario.net\/portal\/2024\/10\/26\/venezuela-califica-de-agresion-decision-de-vetar-ingreso-a-brics\/"]}]},{"@type":"ImageObject","inLanguage":"es","@id":"https:\/\/www.eldiario.net\/portal\/2024\/10\/26\/venezuela-califica-de-agresion-decision-de-vetar-ingreso-a-brics\/#primaryimage","url":"https:\/\/www.eldiario.net\/portal\/wp-content\/uploads\/2024\/10\/VETAR-El-Periodico.jpg","contentUrl":"https:\/\/www.eldiario.net\/portal\/wp-content\/uploads\/2024\/10\/VETAR-El-Periodico.jpg","width":1200,"height":675,"caption":"El presidente de Venezuela, Nicol\u00e1s Maduro y su hom\u00f3logo Vladimir Putin en la cumbre de los Brics."},{"@type":"BreadcrumbList","@id":"https:\/\/www.eldiario.net\/portal\/2024\/10\/26\/venezuela-califica-de-agresion-decision-de-vetar-ingreso-a-brics\/#breadcrumb","itemListElement":[{"@type":"ListItem","position":1,"name":"Portada","item":"https:\/\/www.eldiario.net\/portal\/"},{"@type":"ListItem","position":2,"name":"Venezuela califica de \u201cagresi\u00f3n\u201d decisi\u00f3n de vetar ingreso a BRICS"}]},{"@type":"WebSite","@id":"https:\/\/www.eldiario.net\/portal\/#website","url":"https:\/\/www.eldiario.net\/portal\/","name":"El Diario - Decano de la prensa nacional","description":"El Diario - Decano de la prensa nacional","publisher":{"@id":"https:\/\/www.eldiario.net\/portal\/#organization"},"potentialAction":[{"@type":"SearchAction","target":{"@type":"EntryPoint","urlTemplate":"https:\/\/www.eldiario.net\/portal\/?s={search_term_string}"},"query-input":{"@type":"PropertyValueSpecification","valueRequired":true,"valueName":"search_term_string"}}],"inLanguage":"es"},{"@type":"Organization","@id":"https:\/\/www.eldiario.net\/portal\/#organization","name":"El Diario - Decano de la prensa nacional","url":"https:\/\/www.eldiario.net\/portal\/","logo":{"@type":"ImageObject","inLanguage":"es","@id":"https:\/\/www.eldiario.net\/portal\/#\/schema\/logo\/image\/","url":"https:\/\/www.eldiario.net\/portal\/wp-content\/uploads\/2023\/07\/logo_ED.jpg","contentUrl":"https:\/\/www.eldiario.net\/portal\/wp-content\/uploads\/2023\/07\/logo_ED.jpg","width":272,"height":52,"caption":"El Diario - Decano de la prensa nacional"},"image":{"@id":"https:\/\/www.eldiario.net\/portal\/#\/schema\/logo\/image\/"},"sameAs":["https:\/\/www.facebook.com\/eldiario.bolivia\/","https:\/\/x.com\/eldiario_net"]},{"@type":"Person","@id":"https:\/\/www.eldiario.net\/portal\/#\/schema\/person\/f46445640444750d7d753ccd04ae01b7","name":"Jeanette","image":{"@type":"ImageObject","inLanguage":"es","@id":"https:\/\/secure.gravatar.com\/avatar\/3ea2118a5f7dad2b7138b1187a6b7ee55f160b9968b66013c3a3ef39dd7e5798?s=96&d=mm&r=g","url":"https:\/\/secure.gravatar.com\/avatar\/3ea2118a5f7dad2b7138b1187a6b7ee55f160b9968b66013c3a3ef39dd7e5798?s=96&d=mm&r=g","contentUrl":"https:\/\/secure.gravatar.com\/avatar\/3ea2118a5f7dad2b7138b1187a6b7ee55f160b9968b66013c3a3ef39dd7e5798?s=96&d=mm&r=g","caption":"Jeanette"},"sameAs":["https:\/\/www.eldiario.net\/portal"],"url":"https:\/\/www.eldiario.net\/portal\/author\/jeanette\/"}]}},"_links":{"self":[{"href":"https:\/\/www.eldiario.net\/portal\/wp-json\/wp\/v2\/posts\/256558","targetHints":{"allow":["GET"]}}],"collection":[{"href":"https:\/\/www.eldiario.net\/portal\/wp-json\/wp\/v2\/posts"}],"about":[{"href":"https:\/\/www.eldiario.net\/portal\/wp-json\/wp\/v2\/types\/post"}],"author":[{"embeddable":true,"href":"https:\/\/www.eldiario.net\/portal\/wp-json\/wp\/v2\/users\/1"}],"replies":[{"embeddable":true,"href":"https:\/\/www.eldiario.net\/portal\/wp-json\/wp\/v2\/comments?post=256558"}],"version-history":[{"count":1,"href":"https:\/\/www.eldiario.net\/portal\/wp-json\/wp\/v2\/posts\/256558\/revisions"}],"predecessor-version":[{"id":256560,"href":"https:\/\/www.eldiario.net\/portal\/wp-json\/wp\/v2\/posts\/256558\/revisions\/256560"}],"wp:featuredmedia":[{"embeddable":true,"href":"https:\/\/www.eldiario.net\/portal\/wp-json\/wp\/v2\/media\/256559"}],"wp:attachment":[{"href":"https:\/\/www.eldiario.net\/portal\/wp-json\/wp\/v2\/media?parent=256558"}],"wp:term":[{"taxonomy":"category","embeddable":true,"href":"https:\/\/www.eldiario.net\/portal\/wp-json\/wp\/v2\/categories?post=256558"},{"taxonomy":"post_tag","embeddable":true,"href":"https:\/\/www.eldiario.net\/portal\/wp-json\/wp\/v2\/tags?post=256558"}],"curies":[{"name":"wp","href":"https:\/\/api.w.org\/{rel}","templated":true}]}}